{"id":6410,"date":"2023-10-14T15:01:40","date_gmt":"2023-10-14T18:01:40","guid":{"rendered":"https:\/\/portal.pi.gov.br\/pc\/?p=6410"},"modified":"2023-10-14T15:01:41","modified_gmt":"2023-10-14T18:01:41","slug":"policia-civil-prende-suspeito-de-homicidio-ocorrido-na-zona-sudeste-de-teresina","status":"publish","type":"post","link":"https:\/\/portal.pi.gov.br\/pc\/2023\/10\/14\/policia-civil-prende-suspeito-de-homicidio-ocorrido-na-zona-sudeste-de-teresina\/","title":{"rendered":"Pol\u00edcia Civil prende suspeito de homic\u00eddio ocorrido na zona sudeste de Teresina"},"content":{"rendered":"\n<p>A Pol\u00edcia Civil do Piau\u00ed junto \u00e0 Secretaria de Seguran\u00e7a P\u00fablica do Piau\u00ed (SSP-PI) deu cumprimento a um mandado de pris\u00e3o expedido em desfavor de um homem com as iniciais W. A. S. S. na noite de ontem, sexta-feira (13), no munic\u00edpio de Campo Maior.<\/p>\n\n\n\n<p>O suspeito responde pela pr\u00e1tica do crime de homic\u00eddio de Luan Gleidson Ribeiro Gomes, ocorrido no bairro Renascen\u00e7a I, zona sudeste de Teresina, no ano de 2012. A pris\u00e3o foi feita por meio da Delegacia Seccional de Campo Maior e da Diretoria de Intelig\u00eancia Estrat\u00e9gica da SSP-PI.<\/p>\n\n\n\n<p>Segundo o que foi apurado, W. A. S. S fazia parte de um grupo envolvido no tr\u00e1fico de drogas na zona sudeste da capital e por desaven\u00e7as com a v\u00edtima, cometeu o crime de homic\u00eddio, com o uso de uma pistola, em uma pra\u00e7a ap\u00f3s sa\u00edrem de uma festa.<\/p>\n\n\n\n<p>De acordo com o delegado-titular da Delegacia Seccional de Campo Maior, Carlos J\u00fanior, o suspeito estava foragido desde 2016 e passou a residir na cidade de Campo Maior, onde era empres\u00e1rio no ramo de alimenta\u00e7\u00e3o, e usava o nome de Gaspar para evitar ser reconhecido. <\/p>\n\n\n\n<p>A pris\u00e3o se deu no contexto da &#8220;Opera\u00e7\u00e3o Lembrados&#8221; que visa dar cumprimento a mandados de pris\u00e3o em aberto expedidos pelo Poder Judici\u00e1rio Piauiense, bem como aqueles expedidos em outras unidades da federa\u00e7\u00e3o cujos indiv\u00edduos estejam residindo no Piau\u00ed.<\/p>\n\n\n\n<p><em><strong>Assessoria de Comunica\u00e7\u00e3o da Pol\u00edcia Civil do Piau\u00ed<\/strong><\/em><\/p>\n","protected":false},"excerpt":{"rendered":"<p>A Pol\u00edcia Civil do Piau\u00ed junto \u00e0 Secretaria de Seguran\u00e7a P\u00fablica do Piau\u00ed (SSP-PI) deu cumprimento a um mandado de pris\u00e3o expedido em desfavor de um homem com as iniciais [&hellip;]<\/p>\n","protected":false},"author":1746,"featured_media":5748,"comment_status":"closed","ping_status":"closed","sticky":false,"template":"","format":"standard","meta":[],"categories":[1],"tags":[],"featured_image_urls":{"full":["https:\/\/portal.pi.gov.br\/pc\/wp-content\/uploads\/sites\/42\/2023\/09\/viatura-e1773141794935.jpg",1330,961,false],"thumbnail":["https:\/\/portal.pi.gov.br\/pc\/wp-content\/uploads\/sites\/42\/2023\/09\/viatura-e1773141794935-150x150.jpg",150,150,true],"medium":["https:\/\/portal.pi.gov.br\/pc\/wp-content\/uploads\/sites\/42\/2023\/09\/viatura-e1773141794935-300x217.jpg",300,217,true],"medium_large":["https:\/\/portal.pi.gov.br\/pc\/wp-content\/uploads\/sites\/42\/2023\/09\/viatura-e1773141794935-768x555.jpg",768,555,true],"large":["https:\/\/portal.pi.gov.br\/pc\/wp-content\/uploads\/sites\/42\/2023\/09\/viatura-e1773141794935-1024x740.jpg",887,641,true],"sgg-420":["https:\/\/portal.pi.gov.br\/pc\/wp-content\/uploads\/sites\/42\/2023\/09\/viatura-e1773141794935-420x303.jpg",420,303,true],"sgg-540":["https:\/\/portal.pi.gov.br\/pc\/wp-content\/uploads\/sites\/42\/2023\/09\/viatura-e1773141794935-540x390.jpg",540,390,true],"sgg-780":["https:\/\/portal.pi.gov.br\/pc\/wp-content\/uploads\/sites\/42\/2023\/09\/viatura-e1773141794935-780x564.jpg",780,564,true],"1536x1536":["https:\/\/portal.pi.gov.br\/pc\/wp-content\/uploads\/sites\/42\/2023\/09\/viatura-1536x1152.jpg",1536,1152,true],"2048x2048":["https:\/\/portal.pi.gov.br\/pc\/wp-content\/uploads\/sites\/42\/2023\/09\/viatura-e1773141794935.jpg",1330,961,false],"homepage-slider":["https:\/\/portal.pi.gov.br\/pc\/wp-content\/uploads\/sites\/42\/2023\/09\/viatura-e1773141794935-1270x500.jpg",1270,500,true],"homepage-slider-small":["https:\/\/portal.pi.gov.br\/pc\/wp-content\/uploads\/sites\/42\/2023\/09\/viatura-e1773141794935-947x500.jpg",947,500,true],"page-top":["https:\/\/portal.pi.gov.br\/pc\/wp-content\/uploads\/sites\/42\/2023\/09\/viatura-e1773141794935-947x684.jpg",947,684,true],"page-small":["https:\/\/portal.pi.gov.br\/pc\/wp-content\/uploads\/sites\/42\/2023\/09\/viatura-e1773141794935-624x451.jpg",624,451,true],"loop-main":["https:\/\/portal.pi.gov.br\/pc\/wp-content\/uploads\/sites\/42\/2023\/09\/viatura-e1773141794935-365x240.jpg",365,240,true],"thumb-gallery-widget":["https:\/\/portal.pi.gov.br\/pc\/wp-content\/uploads\/sites\/42\/2023\/09\/viatura-e1773141794935-84x56.jpg",84,56,true]},"post_excerpt_stackable":"<p>A Pol\u00edcia Civil do Piau\u00ed junto \u00e0 Secretaria de Seguran\u00e7a P\u00fablica do Piau\u00ed (SSP-PI) deu cumprimento a um mandado de pris\u00e3o expedido em desfavor de um homem com as iniciais W. A. S. S. na noite de ontem, sexta-feira (13), no munic\u00edpio de Campo Maior. O suspeito responde pela pr\u00e1tica do crime de homic\u00eddio de Luan Gleidson Ribeiro Gomes, ocorrido no bairro Renascen\u00e7a I, zona sudeste de Teresina, no ano de 2012. A pris\u00e3o foi feita por meio da Delegacia Seccional de Campo Maior e da Diretoria de Intelig\u00eancia Estrat\u00e9gica da SSP-PI. Segundo o que foi apurado, W. A. S.&hellip;<\/p>\n","category_list":"<a href=\"https:\/\/portal.pi.gov.br\/pc\/category\/noticias\/\" rel=\"category tag\">PC<\/a>","author_info":{"name":"J\u00e9ssica Lib\u00e2nio","url":"https:\/\/portal.pi.gov.br\/pc\/author\/jessicalibanio\/"},"comments_num":"0 coment\u00e1rio","featured_image_urls_v2":{"full":["https:\/\/portal.pi.gov.br\/pc\/wp-content\/uploads\/sites\/42\/2023\/09\/viatura-e1773141794935.jpg",1330,961,false],"thumbnail":["https:\/\/portal.pi.gov.br\/pc\/wp-content\/uploads\/sites\/42\/2023\/09\/viatura-e1773141794935-150x150.jpg",150,150,true],"medium":["https:\/\/portal.pi.gov.br\/pc\/wp-content\/uploads\/sites\/42\/2023\/09\/viatura-e1773141794935-300x217.jpg",300,217,true],"medium_large":["https:\/\/portal.pi.gov.br\/pc\/wp-content\/uploads\/sites\/42\/2023\/09\/viatura-e1773141794935-768x555.jpg",768,555,true],"large":["https:\/\/portal.pi.gov.br\/pc\/wp-content\/uploads\/sites\/42\/2023\/09\/viatura-e1773141794935-1024x740.jpg",887,641,true],"sgg-420":["https:\/\/portal.pi.gov.br\/pc\/wp-content\/uploads\/sites\/42\/2023\/09\/viatura-e1773141794935-420x303.jpg",420,303,true],"sgg-540":["https:\/\/portal.pi.gov.br\/pc\/wp-content\/uploads\/sites\/42\/2023\/09\/viatura-e1773141794935-540x390.jpg",540,390,true],"sgg-780":["https:\/\/portal.pi.gov.br\/pc\/wp-content\/uploads\/sites\/42\/2023\/09\/viatura-e1773141794935-780x564.jpg",780,564,true],"1536x1536":["https:\/\/portal.pi.gov.br\/pc\/wp-content\/uploads\/sites\/42\/2023\/09\/viatura-1536x1152.jpg",1536,1152,true],"2048x2048":["https:\/\/portal.pi.gov.br\/pc\/wp-content\/uploads\/sites\/42\/2023\/09\/viatura-e1773141794935.jpg",1330,961,false],"homepage-slider":["https:\/\/portal.pi.gov.br\/pc\/wp-content\/uploads\/sites\/42\/2023\/09\/viatura-e1773141794935-1270x500.jpg",1270,500,true],"homepage-slider-small":["https:\/\/portal.pi.gov.br\/pc\/wp-content\/uploads\/sites\/42\/2023\/09\/viatura-e1773141794935-947x500.jpg",947,500,true],"page-top":["https:\/\/portal.pi.gov.br\/pc\/wp-content\/uploads\/sites\/42\/2023\/09\/viatura-e1773141794935-947x684.jpg",947,684,true],"page-small":["https:\/\/portal.pi.gov.br\/pc\/wp-content\/uploads\/sites\/42\/2023\/09\/viatura-e1773141794935-624x451.jpg",624,451,true],"loop-main":["https:\/\/portal.pi.gov.br\/pc\/wp-content\/uploads\/sites\/42\/2023\/09\/viatura-e1773141794935-365x240.jpg",365,240,true],"thumb-gallery-widget":["https:\/\/portal.pi.gov.br\/pc\/wp-content\/uploads\/sites\/42\/2023\/09\/viatura-e1773141794935-84x56.jpg",84,56,true]},"post_excerpt_stackable_v2":"<p>A Pol\u00edcia Civil do Piau\u00ed junto \u00e0 Secretaria de Seguran\u00e7a P\u00fablica do Piau\u00ed (SSP-PI) deu cumprimento a um mandado de pris\u00e3o expedido em desfavor de um homem com as iniciais W. A. S. S. na noite de ontem, sexta-feira (13), no munic\u00edpio de Campo Maior. O suspeito responde pela pr\u00e1tica do crime de homic\u00eddio de Luan Gleidson Ribeiro Gomes, ocorrido no bairro Renascen\u00e7a I, zona sudeste de Teresina, no ano de 2012. A pris\u00e3o foi feita por meio da Delegacia Seccional de Campo Maior e da Diretoria de Intelig\u00eancia Estrat\u00e9gica da SSP-PI. Segundo o que foi apurado, W. A. S.&hellip;<\/p>\n","category_list_v2":"<a href=\"https:\/\/portal.pi.gov.br\/pc\/category\/noticias\/\" rel=\"category tag\">PC<\/a>","author_info_v2":{"name":"J\u00e9ssica Lib\u00e2nio","url":"https:\/\/portal.pi.gov.br\/pc\/author\/jessicalibanio\/"},"comments_num_v2":"0 coment\u00e1rio","jetpack_featured_media_url":"https:\/\/portal.pi.gov.br\/pc\/wp-content\/uploads\/sites\/42\/2023\/09\/viatura-e1773141794935.jpg","_links":{"self":[{"href":"https:\/\/portal.pi.gov.br\/pc\/wp-json\/wp\/v2\/posts\/6410"}],"collection":[{"href":"https:\/\/portal.pi.gov.br\/pc\/wp-json\/wp\/v2\/posts"}],"about":[{"href":"https:\/\/portal.pi.gov.br\/pc\/wp-json\/wp\/v2\/types\/post"}],"author":[{"embeddable":true,"href":"https:\/\/portal.pi.gov.br\/pc\/wp-json\/wp\/v2\/users\/1746"}],"replies":[{"embeddable":true,"href":"https:\/\/portal.pi.gov.br\/pc\/wp-json\/wp\/v2\/comments?post=6410"}],"version-history":[{"count":1,"href":"https:\/\/portal.pi.gov.br\/pc\/wp-json\/wp\/v2\/posts\/6410\/revisions"}],"predecessor-version":[{"id":6411,"href":"https:\/\/portal.pi.gov.br\/pc\/wp-json\/wp\/v2\/posts\/6410\/revisions\/6411"}],"wp:featuredmedia":[{"embeddable":true,"href":"https:\/\/portal.pi.gov.br\/pc\/wp-json\/wp\/v2\/media\/5748"}],"wp:attachment":[{"href":"https:\/\/portal.pi.gov.br\/pc\/wp-json\/wp\/v2\/media?parent=6410"}],"wp:term":[{"taxonomy":"category","embeddable":true,"href":"https:\/\/portal.pi.gov.br\/pc\/wp-json\/wp\/v2\/categories?post=6410"},{"taxonomy":"post_tag","embeddable":true,"href":"https:\/\/portal.pi.gov.br\/pc\/wp-json\/wp\/v2\/tags?post=6410"}],"curies":[{"name":"wp","href":"https:\/\/api.w.org\/{rel}","templated":true}]}}