{"id":8007,"date":"2024-01-19T15:43:27","date_gmt":"2024-01-19T18:43:27","guid":{"rendered":"https:\/\/portal.pi.gov.br\/pc\/?p=8007"},"modified":"2024-01-19T15:43:28","modified_gmt":"2024-01-19T18:43:28","slug":"policia-civil-realiza-prisao-de-homem-em-ponto-de-drogas-em-buriti-dos-lopes","status":"publish","type":"post","link":"https:\/\/portal.pi.gov.br\/pc\/2024\/01\/19\/policia-civil-realiza-prisao-de-homem-em-ponto-de-drogas-em-buriti-dos-lopes\/","title":{"rendered":"Pol\u00edcia Civil realiza pris\u00e3o de homem em ponto de drogas em Buriti dos Lopes"},"content":{"rendered":"\n<p>A Pol\u00edcia Civil do Piau\u00ed prendeu em flagrante, na manh\u00e3 desta sexta-feira (19), um homem com as iniciais F.E.S.S., de 21 anos, em uma &#8220;boca de fumo&#8221; na cidade de Buriti dos Lopes. O homem foi capturado em um local do tipo acampamento, no meio de um matagal.<\/p>\n\n\n\n<p>A a\u00e7\u00e3o foi realizada por meio da Delegacia de Buriti dos Lopes. Em posse de F.E.S.S. foram encontradas drogas, tr\u00eas balan\u00e7as de precis\u00e3o, dinheiro trocado, sacos pl\u00e1sticos para endola\u00e7\u00e3o e l\u00e2minas para corte usadas para o corte de drogas.<\/p>\n\n\n<div class=\"wp-block-image\">\n<figure class=\"aligncenter\"><img decoding=\"async\" loading=\"lazy\" width=\"720\" height=\"527\" src=\"https:\/\/portal.pi.gov.br\/pc\/wp-content\/uploads\/sites\/42\/2024\/01\/acao-buriti-dos-lopes-19.01.24.jpeg\" alt=\"\" class=\"wp-image-8008\" srcset=\"https:\/\/portal.pi.gov.br\/pc\/wp-content\/uploads\/sites\/42\/2024\/01\/acao-buriti-dos-lopes-19.01.24.jpeg 720w, https:\/\/portal.pi.gov.br\/pc\/wp-content\/uploads\/sites\/42\/2024\/01\/acao-buriti-dos-lopes-19.01.24-300x220.jpeg 300w, https:\/\/portal.pi.gov.br\/pc\/wp-content\/uploads\/sites\/42\/2024\/01\/acao-buriti-dos-lopes-19.01.24-420x307.jpeg 420w, https:\/\/portal.pi.gov.br\/pc\/wp-content\/uploads\/sites\/42\/2024\/01\/acao-buriti-dos-lopes-19.01.24-540x395.jpeg 540w, https:\/\/portal.pi.gov.br\/pc\/wp-content\/uploads\/sites\/42\/2024\/01\/acao-buriti-dos-lopes-19.01.24-624x457.jpeg 624w\" sizes=\"(max-width: 720px) 100vw, 720px\" \/><figcaption class=\"wp-element-caption\">Apreens\u00f5es realizadas<\/figcaption><\/figure><\/div>\n\n\n<p>Segundo o delegado-titular de Buriti dos Lopes, Herbster Santos, a pris\u00e3o foi poss\u00edvel ap\u00f3s dias de investiga\u00e7\u00e3o e planejamento de como chegar ao local sem que a pessoa respons\u00e1vel pela guarda das drogas pudesse se evadir do ponto de drogas levando os entorpecentes. &#8220;Agora o autuado ser\u00e1 apresentado ao Poder Judici\u00e1rio e ficar\u00e1 a disposi\u00e7\u00e3o da justi\u00e7a&#8221;, disse o delegado.<\/p>\n\n\n\n<p>A Delegacia de Buriti dos Lopes aproveita a oportunidade para solicitar den\u00fancias an\u00f4nimas aos cidad\u00e3os por meio deste <a rel=\"noreferrer noopener\" href=\"http:\/\/bit.ly\/denunciapcphb\" target=\"_blank\">link<\/a>, de den\u00fancias especificas para a Delegacia Seccional de Parna\u00edba que atua na Plan\u00edcie Litor\u00e2nea do estado. A sociedade piauiense pode ainda realizar den\u00fancias an\u00f4nimas acerca de quaisquer crimes no site oficial da Pol\u00edcia Civil.<\/p>\n\n\n\n<p><strong><em>Assessoria de Comunica\u00e7\u00e3o da Pol\u00edcia Civil do Piau\u00ed<\/em><\/strong><\/p>\n","protected":false},"excerpt":{"rendered":"<p>A Pol\u00edcia Civil do Piau\u00ed prendeu em flagrante, na manh\u00e3 desta sexta-feira (19), um homem com as iniciais F.E.S.S., de 21 anos, em uma &#8220;boca de fumo&#8221; na cidade de [&hellip;]<\/p>\n","protected":false},"author":1746,"featured_media":8008,"comment_status":"closed","ping_status":"closed","sticky":false,"template":"","format":"standard","meta":[],"categories":[1],"tags":[],"featured_image_urls":{"full":["https:\/\/portal.pi.gov.br\/pc\/wp-content\/uploads\/sites\/42\/2024\/01\/acao-buriti-dos-lopes-19.01.24.jpeg",720,527,false],"thumbnail":["https:\/\/portal.pi.gov.br\/pc\/wp-content\/uploads\/sites\/42\/2024\/01\/acao-buriti-dos-lopes-19.01.24-150x150.jpeg",150,150,true],"medium":["https:\/\/portal.pi.gov.br\/pc\/wp-content\/uploads\/sites\/42\/2024\/01\/acao-buriti-dos-lopes-19.01.24-300x220.jpeg",300,220,true],"medium_large":["https:\/\/portal.pi.gov.br\/pc\/wp-content\/uploads\/sites\/42\/2024\/01\/acao-buriti-dos-lopes-19.01.24.jpeg",720,527,false],"large":["https:\/\/portal.pi.gov.br\/pc\/wp-content\/uploads\/sites\/42\/2024\/01\/acao-buriti-dos-lopes-19.01.24.jpeg",720,527,false],"sgg-420":["https:\/\/portal.pi.gov.br\/pc\/wp-content\/uploads\/sites\/42\/2024\/01\/acao-buriti-dos-lopes-19.01.24-420x307.jpeg",420,307,true],"sgg-540":["https:\/\/portal.pi.gov.br\/pc\/wp-content\/uploads\/sites\/42\/2024\/01\/acao-buriti-dos-lopes-19.01.24-540x395.jpeg",540,395,true],"sgg-780":["https:\/\/portal.pi.gov.br\/pc\/wp-content\/uploads\/sites\/42\/2024\/01\/acao-buriti-dos-lopes-19.01.24.jpeg",720,527,false],"1536x1536":["https:\/\/portal.pi.gov.br\/pc\/wp-content\/uploads\/sites\/42\/2024\/01\/acao-buriti-dos-lopes-19.01.24.jpeg",720,527,false],"2048x2048":["https:\/\/portal.pi.gov.br\/pc\/wp-content\/uploads\/sites\/42\/2024\/01\/acao-buriti-dos-lopes-19.01.24.jpeg",720,527,false],"homepage-slider":["https:\/\/portal.pi.gov.br\/pc\/wp-content\/uploads\/sites\/42\/2024\/01\/acao-buriti-dos-lopes-19.01.24-720x500.jpeg",720,500,true],"homepage-slider-small":["https:\/\/portal.pi.gov.br\/pc\/wp-content\/uploads\/sites\/42\/2024\/01\/acao-buriti-dos-lopes-19.01.24-720x500.jpeg",720,500,true],"page-top":["https:\/\/portal.pi.gov.br\/pc\/wp-content\/uploads\/sites\/42\/2024\/01\/acao-buriti-dos-lopes-19.01.24.jpeg",720,527,false],"page-small":["https:\/\/portal.pi.gov.br\/pc\/wp-content\/uploads\/sites\/42\/2024\/01\/acao-buriti-dos-lopes-19.01.24-624x457.jpeg",624,457,true],"loop-main":["https:\/\/portal.pi.gov.br\/pc\/wp-content\/uploads\/sites\/42\/2024\/01\/acao-buriti-dos-lopes-19.01.24-365x240.jpeg",365,240,true],"thumb-gallery-widget":["https:\/\/portal.pi.gov.br\/pc\/wp-content\/uploads\/sites\/42\/2024\/01\/acao-buriti-dos-lopes-19.01.24-84x56.jpeg",84,56,true]},"post_excerpt_stackable":"<p>A Pol\u00edcia Civil do Piau\u00ed prendeu em flagrante, na manh\u00e3 desta sexta-feira (19), um homem com as iniciais F.E.S.S., de 21 anos, em uma &#8220;boca de fumo&#8221; na cidade de Buriti dos Lopes. O homem foi capturado em um local do tipo acampamento, no meio de um matagal. A a\u00e7\u00e3o foi realizada por meio da Delegacia de Buriti dos Lopes. Em posse de F.E.S.S. foram encontradas drogas, tr\u00eas balan\u00e7as de precis\u00e3o, dinheiro trocado, sacos pl\u00e1sticos para endola\u00e7\u00e3o e l\u00e2minas para corte usadas para o corte de drogas. Apreens\u00f5es realizadas Segundo o delegado-titular de Buriti dos Lopes, Herbster Santos, a pris\u00e3o&hellip;<\/p>\n","category_list":"<a href=\"https:\/\/portal.pi.gov.br\/pc\/category\/noticias\/\" rel=\"category tag\">PC<\/a>","author_info":{"name":"J\u00e9ssica Lib\u00e2nio","url":"https:\/\/portal.pi.gov.br\/pc\/author\/jessicalibanio\/"},"comments_num":"0 coment\u00e1rio","featured_image_urls_v2":{"full":["https:\/\/portal.pi.gov.br\/pc\/wp-content\/uploads\/sites\/42\/2024\/01\/acao-buriti-dos-lopes-19.01.24.jpeg",720,527,false],"thumbnail":["https:\/\/portal.pi.gov.br\/pc\/wp-content\/uploads\/sites\/42\/2024\/01\/acao-buriti-dos-lopes-19.01.24-150x150.jpeg",150,150,true],"medium":["https:\/\/portal.pi.gov.br\/pc\/wp-content\/uploads\/sites\/42\/2024\/01\/acao-buriti-dos-lopes-19.01.24-300x220.jpeg",300,220,true],"medium_large":["https:\/\/portal.pi.gov.br\/pc\/wp-content\/uploads\/sites\/42\/2024\/01\/acao-buriti-dos-lopes-19.01.24.jpeg",720,527,false],"large":["https:\/\/portal.pi.gov.br\/pc\/wp-content\/uploads\/sites\/42\/2024\/01\/acao-buriti-dos-lopes-19.01.24.jpeg",720,527,false],"sgg-420":["https:\/\/portal.pi.gov.br\/pc\/wp-content\/uploads\/sites\/42\/2024\/01\/acao-buriti-dos-lopes-19.01.24-420x307.jpeg",420,307,true],"sgg-540":["https:\/\/portal.pi.gov.br\/pc\/wp-content\/uploads\/sites\/42\/2024\/01\/acao-buriti-dos-lopes-19.01.24-540x395.jpeg",540,395,true],"sgg-780":["https:\/\/portal.pi.gov.br\/pc\/wp-content\/uploads\/sites\/42\/2024\/01\/acao-buriti-dos-lopes-19.01.24.jpeg",720,527,false],"1536x1536":["https:\/\/portal.pi.gov.br\/pc\/wp-content\/uploads\/sites\/42\/2024\/01\/acao-buriti-dos-lopes-19.01.24.jpeg",720,527,false],"2048x2048":["https:\/\/portal.pi.gov.br\/pc\/wp-content\/uploads\/sites\/42\/2024\/01\/acao-buriti-dos-lopes-19.01.24.jpeg",720,527,false],"homepage-slider":["https:\/\/portal.pi.gov.br\/pc\/wp-content\/uploads\/sites\/42\/2024\/01\/acao-buriti-dos-lopes-19.01.24-720x500.jpeg",720,500,true],"homepage-slider-small":["https:\/\/portal.pi.gov.br\/pc\/wp-content\/uploads\/sites\/42\/2024\/01\/acao-buriti-dos-lopes-19.01.24-720x500.jpeg",720,500,true],"page-top":["https:\/\/portal.pi.gov.br\/pc\/wp-content\/uploads\/sites\/42\/2024\/01\/acao-buriti-dos-lopes-19.01.24.jpeg",720,527,false],"page-small":["https:\/\/portal.pi.gov.br\/pc\/wp-content\/uploads\/sites\/42\/2024\/01\/acao-buriti-dos-lopes-19.01.24-624x457.jpeg",624,457,true],"loop-main":["https:\/\/portal.pi.gov.br\/pc\/wp-content\/uploads\/sites\/42\/2024\/01\/acao-buriti-dos-lopes-19.01.24-365x240.jpeg",365,240,true],"thumb-gallery-widget":["https:\/\/portal.pi.gov.br\/pc\/wp-content\/uploads\/sites\/42\/2024\/01\/acao-buriti-dos-lopes-19.01.24-84x56.jpeg",84,56,true]},"post_excerpt_stackable_v2":"<p>A Pol\u00edcia Civil do Piau\u00ed prendeu em flagrante, na manh\u00e3 desta sexta-feira (19), um homem com as iniciais F.E.S.S., de 21 anos, em uma &#8220;boca de fumo&#8221; na cidade de Buriti dos Lopes. O homem foi capturado em um local do tipo acampamento, no meio de um matagal. A a\u00e7\u00e3o foi realizada por meio da Delegacia de Buriti dos Lopes. Em posse de F.E.S.S. foram encontradas drogas, tr\u00eas balan\u00e7as de precis\u00e3o, dinheiro trocado, sacos pl\u00e1sticos para endola\u00e7\u00e3o e l\u00e2minas para corte usadas para o corte de drogas. Apreens\u00f5es realizadas Segundo o delegado-titular de Buriti dos Lopes, Herbster Santos, a pris\u00e3o&hellip;<\/p>\n","category_list_v2":"<a href=\"https:\/\/portal.pi.gov.br\/pc\/category\/noticias\/\" rel=\"category tag\">PC<\/a>","author_info_v2":{"name":"J\u00e9ssica Lib\u00e2nio","url":"https:\/\/portal.pi.gov.br\/pc\/author\/jessicalibanio\/"},"comments_num_v2":"0 coment\u00e1rio","jetpack_featured_media_url":"https:\/\/portal.pi.gov.br\/pc\/wp-content\/uploads\/sites\/42\/2024\/01\/acao-buriti-dos-lopes-19.01.24.jpeg","_links":{"self":[{"href":"https:\/\/portal.pi.gov.br\/pc\/wp-json\/wp\/v2\/posts\/8007"}],"collection":[{"href":"https:\/\/portal.pi.gov.br\/pc\/wp-json\/wp\/v2\/posts"}],"about":[{"href":"https:\/\/portal.pi.gov.br\/pc\/wp-json\/wp\/v2\/types\/post"}],"author":[{"embeddable":true,"href":"https:\/\/portal.pi.gov.br\/pc\/wp-json\/wp\/v2\/users\/1746"}],"replies":[{"embeddable":true,"href":"https:\/\/portal.pi.gov.br\/pc\/wp-json\/wp\/v2\/comments?post=8007"}],"version-history":[{"count":3,"href":"https:\/\/portal.pi.gov.br\/pc\/wp-json\/wp\/v2\/posts\/8007\/revisions"}],"predecessor-version":[{"id":8011,"href":"https:\/\/portal.pi.gov.br\/pc\/wp-json\/wp\/v2\/posts\/8007\/revisions\/8011"}],"wp:featuredmedia":[{"embeddable":true,"href":"https:\/\/portal.pi.gov.br\/pc\/wp-json\/wp\/v2\/media\/8008"}],"wp:attachment":[{"href":"https:\/\/portal.pi.gov.br\/pc\/wp-json\/wp\/v2\/media?parent=8007"}],"wp:term":[{"taxonomy":"category","embeddable":true,"href":"https:\/\/portal.pi.gov.br\/pc\/wp-json\/wp\/v2\/categories?post=8007"},{"taxonomy":"post_tag","embeddable":true,"href":"https:\/\/portal.pi.gov.br\/pc\/wp-json\/wp\/v2\/tags?post=8007"}],"curies":[{"name":"wp","href":"https:\/\/api.w.org\/{rel}","templated":true}]}}