{"id":8388,"date":"2024-02-07T12:26:14","date_gmt":"2024-02-07T15:26:14","guid":{"rendered":"https:\/\/portal.pi.gov.br\/pc\/?p=8388"},"modified":"2024-02-07T12:26:15","modified_gmt":"2024-02-07T15:26:15","slug":"policia-civil-participa-de-reuniao-e-visita-tecnica-a-casa-da-mulher-brasileira","status":"publish","type":"post","link":"https:\/\/portal.pi.gov.br\/pc\/2024\/02\/07\/policia-civil-participa-de-reuniao-e-visita-tecnica-a-casa-da-mulher-brasileira\/","title":{"rendered":"Pol\u00edcia Civil participa de reuni\u00e3o e visita t\u00e9cnica \u00e0 Casa da Mulher Brasileira"},"content":{"rendered":"\n<p>A Pol\u00edcia Civil do Piau\u00ed, representada pela Diretora de Prote\u00e7\u00e3o \u00e0 Mulher e aos Grupos Vulner\u00e1veis, delegada Bruna Verena, participou na \u00faltima ter\u00e7a-feira (06\/02), de visita t\u00e9cnica \u00e0s futuras instala\u00e7\u00f5es da Casa da Mulher Brasileira em Teresina e reuni\u00e3o para discutir medidas de combate a viol\u00eancia contra a mulher, conduzida pela Secret\u00e1ria Nacional de Enfretamento a Viol\u00eancia contra a Mulher, Denise Motta.<\/p>\n\n\n\n<figure class=\"wp-block-gallery has-nested-images columns-default is-cropped wp-block-gallery-1 is-layout-flex\">\n<figure class=\"wp-block-image size-large\"><img decoding=\"async\" loading=\"lazy\" width=\"1024\" height=\"683\" data-id=\"8389\"  src=\"https:\/\/portal.pi.gov.br\/pc\/wp-content\/uploads\/sites\/42\/2024\/02\/IMG_3450-2-1024x683.jpg\" alt=\"\" class=\"wp-image-8389\" srcset=\"https:\/\/portal.pi.gov.br\/pc\/wp-content\/uploads\/sites\/42\/2024\/02\/IMG_3450-2-1024x683.jpg 1024w, https:\/\/portal.pi.gov.br\/pc\/wp-content\/uploads\/sites\/42\/2024\/02\/IMG_3450-2-300x200.jpg 300w, https:\/\/portal.pi.gov.br\/pc\/wp-content\/uploads\/sites\/42\/2024\/02\/IMG_3450-2-768x512.jpg 768w, https:\/\/portal.pi.gov.br\/pc\/wp-content\/uploads\/sites\/42\/2024\/02\/IMG_3450-2-420x280.jpg 420w, https:\/\/portal.pi.gov.br\/pc\/wp-content\/uploads\/sites\/42\/2024\/02\/IMG_3450-2-540x360.jpg 540w, https:\/\/portal.pi.gov.br\/pc\/wp-content\/uploads\/sites\/42\/2024\/02\/IMG_3450-2-780x520.jpg 780w, https:\/\/portal.pi.gov.br\/pc\/wp-content\/uploads\/sites\/42\/2024\/02\/IMG_3450-2-1536x1024.jpg 1536w, https:\/\/portal.pi.gov.br\/pc\/wp-content\/uploads\/sites\/42\/2024\/02\/IMG_3450-2-947x631.jpg 947w, https:\/\/portal.pi.gov.br\/pc\/wp-content\/uploads\/sites\/42\/2024\/02\/IMG_3450-2-624x416.jpg 624w, https:\/\/portal.pi.gov.br\/pc\/wp-content\/uploads\/sites\/42\/2024\/02\/IMG_3450-2-84x56.jpg 84w, https:\/\/portal.pi.gov.br\/pc\/wp-content\/uploads\/sites\/42\/2024\/02\/IMG_3450-2.jpg 1620w\" sizes=\"(max-width: 1024px) 100vw, 1024px\" \/><\/figure>\n\n\n\n<figure class=\"wp-block-image size-large\"><img decoding=\"async\" loading=\"lazy\" width=\"1024\" height=\"683\" data-id=\"8390\"  src=\"https:\/\/portal.pi.gov.br\/pc\/wp-content\/uploads\/sites\/42\/2024\/02\/IMG_1175-2-1024x683.jpg\" alt=\"\" class=\"wp-image-8390\" srcset=\"https:\/\/portal.pi.gov.br\/pc\/wp-content\/uploads\/sites\/42\/2024\/02\/IMG_1175-2-1024x683.jpg 1024w, https:\/\/portal.pi.gov.br\/pc\/wp-content\/uploads\/sites\/42\/2024\/02\/IMG_1175-2-300x200.jpg 300w, https:\/\/portal.pi.gov.br\/pc\/wp-content\/uploads\/sites\/42\/2024\/02\/IMG_1175-2-768x512.jpg 768w, https:\/\/portal.pi.gov.br\/pc\/wp-content\/uploads\/sites\/42\/2024\/02\/IMG_1175-2-420x280.jpg 420w, https:\/\/portal.pi.gov.br\/pc\/wp-content\/uploads\/sites\/42\/2024\/02\/IMG_1175-2-540x360.jpg 540w, https:\/\/portal.pi.gov.br\/pc\/wp-content\/uploads\/sites\/42\/2024\/02\/IMG_1175-2-780x520.jpg 780w, https:\/\/portal.pi.gov.br\/pc\/wp-content\/uploads\/sites\/42\/2024\/02\/IMG_1175-2-1536x1024.jpg 1536w, https:\/\/portal.pi.gov.br\/pc\/wp-content\/uploads\/sites\/42\/2024\/02\/IMG_1175-2-2048x1365.jpg 2048w, https:\/\/portal.pi.gov.br\/pc\/wp-content\/uploads\/sites\/42\/2024\/02\/IMG_1175-2-947x631.jpg 947w, https:\/\/portal.pi.gov.br\/pc\/wp-content\/uploads\/sites\/42\/2024\/02\/IMG_1175-2-624x416.jpg 624w, https:\/\/portal.pi.gov.br\/pc\/wp-content\/uploads\/sites\/42\/2024\/02\/IMG_1175-2-84x56.jpg 84w\" sizes=\"(max-width: 1024px) 100vw, 1024px\" \/><\/figure>\n<\/figure>\n\n\n\n<p>O local reunir\u00e1 diversas institui\u00e7\u00f5es das esferas municipal, estadual e federal, que atuam nessa frente. A integra\u00e7\u00e3o visa garantir maior prote\u00e7\u00e3o e acolhimento \u00e0s mulheres, com ado\u00e7\u00e3o de medidas que tragam avan\u00e7o na pol\u00edtica de prote\u00e7\u00e3o.<\/p>\n\n\n\n<p>\u201cA casa \u00e9 composta de diversos servi\u00e7os como atendimento social, psicol\u00f3gico, de autonomia econ\u00f4mica e tem tamb\u00e9m a presen\u00e7a do Minist\u00e9rio P\u00fablico, Defensoria P\u00fablica, Delegacia Especializada no Atendimento a Mulher e outros\u201d, enfatizou a secret\u00e1ria.<\/p>\n\n\n\n<figure class=\"wp-block-gallery has-nested-images columns-default is-cropped wp-block-gallery-3 is-layout-flex\">\n<figure class=\"wp-block-image size-large\"><img decoding=\"async\" loading=\"lazy\" width=\"1024\" height=\"683\" data-id=\"8391\"  src=\"https:\/\/portal.pi.gov.br\/pc\/wp-content\/uploads\/sites\/42\/2024\/02\/IMG_3500-1-1024x683.jpg\" alt=\"\" class=\"wp-image-8391\" srcset=\"https:\/\/portal.pi.gov.br\/pc\/wp-content\/uploads\/sites\/42\/2024\/02\/IMG_3500-1-1024x683.jpg 1024w, https:\/\/portal.pi.gov.br\/pc\/wp-content\/uploads\/sites\/42\/2024\/02\/IMG_3500-1-300x200.jpg 300w, https:\/\/portal.pi.gov.br\/pc\/wp-content\/uploads\/sites\/42\/2024\/02\/IMG_3500-1-768x512.jpg 768w, https:\/\/portal.pi.gov.br\/pc\/wp-content\/uploads\/sites\/42\/2024\/02\/IMG_3500-1-420x280.jpg 420w, https:\/\/portal.pi.gov.br\/pc\/wp-content\/uploads\/sites\/42\/2024\/02\/IMG_3500-1-540x360.jpg 540w, https:\/\/portal.pi.gov.br\/pc\/wp-content\/uploads\/sites\/42\/2024\/02\/IMG_3500-1-780x520.jpg 780w, https:\/\/portal.pi.gov.br\/pc\/wp-content\/uploads\/sites\/42\/2024\/02\/IMG_3500-1-1536x1024.jpg 1536w, https:\/\/portal.pi.gov.br\/pc\/wp-content\/uploads\/sites\/42\/2024\/02\/IMG_3500-1-947x631.jpg 947w, https:\/\/portal.pi.gov.br\/pc\/wp-content\/uploads\/sites\/42\/2024\/02\/IMG_3500-1-624x416.jpg 624w, https:\/\/portal.pi.gov.br\/pc\/wp-content\/uploads\/sites\/42\/2024\/02\/IMG_3500-1-84x56.jpg 84w, https:\/\/portal.pi.gov.br\/pc\/wp-content\/uploads\/sites\/42\/2024\/02\/IMG_3500-1.jpg 1620w\" sizes=\"(max-width: 1024px) 100vw, 1024px\" \/><\/figure>\n\n\n\n<figure class=\"wp-block-image size-large\"><img decoding=\"async\" loading=\"lazy\" width=\"1024\" height=\"683\" data-id=\"8392\"  src=\"https:\/\/portal.pi.gov.br\/pc\/wp-content\/uploads\/sites\/42\/2024\/02\/IMG_3449-2-1024x683.jpg\" alt=\"\" class=\"wp-image-8392\" srcset=\"https:\/\/portal.pi.gov.br\/pc\/wp-content\/uploads\/sites\/42\/2024\/02\/IMG_3449-2-1024x683.jpg 1024w, https:\/\/portal.pi.gov.br\/pc\/wp-content\/uploads\/sites\/42\/2024\/02\/IMG_3449-2-300x200.jpg 300w, https:\/\/portal.pi.gov.br\/pc\/wp-content\/uploads\/sites\/42\/2024\/02\/IMG_3449-2-768x512.jpg 768w, https:\/\/portal.pi.gov.br\/pc\/wp-content\/uploads\/sites\/42\/2024\/02\/IMG_3449-2-420x280.jpg 420w, https:\/\/portal.pi.gov.br\/pc\/wp-content\/uploads\/sites\/42\/2024\/02\/IMG_3449-2-540x360.jpg 540w, https:\/\/portal.pi.gov.br\/pc\/wp-content\/uploads\/sites\/42\/2024\/02\/IMG_3449-2-780x520.jpg 780w, https:\/\/portal.pi.gov.br\/pc\/wp-content\/uploads\/sites\/42\/2024\/02\/IMG_3449-2-1536x1024.jpg 1536w, https:\/\/portal.pi.gov.br\/pc\/wp-content\/uploads\/sites\/42\/2024\/02\/IMG_3449-2-947x631.jpg 947w, https:\/\/portal.pi.gov.br\/pc\/wp-content\/uploads\/sites\/42\/2024\/02\/IMG_3449-2-624x416.jpg 624w, https:\/\/portal.pi.gov.br\/pc\/wp-content\/uploads\/sites\/42\/2024\/02\/IMG_3449-2-84x56.jpg 84w, https:\/\/portal.pi.gov.br\/pc\/wp-content\/uploads\/sites\/42\/2024\/02\/IMG_3449-2.jpg 1620w\" sizes=\"(max-width: 1024px) 100vw, 1024px\" \/><\/figure>\n<\/figure>\n\n\n\n<p>A Pol\u00edcia Civil vai atuar com preven\u00e7\u00e3o e repress\u00e3o de crimes tendo como v\u00edtimas o p\u00fablico feminino. \u201cA inten\u00e7\u00e3o \u00e9 que as mulheres cheguem aqui na casa e tenham ajuda de todos os profissionais inseridos nesse contexto de prote\u00e7\u00e3o quando ela n\u00e3o souber onde ir, quem procurar e o que fazer nos casos em que ela seja a v\u00edtima de qualquer viol\u00eancia\u201d, destacou a delegada Bruna Verena.<\/p>\n\n\n\n<figure class=\"wp-block-gallery has-nested-images columns-default is-cropped wp-block-gallery-5 is-layout-flex\">\n<figure class=\"wp-block-image size-large\"><img decoding=\"async\" loading=\"lazy\" width=\"1024\" height=\"683\" data-id=\"8393\"  src=\"https:\/\/portal.pi.gov.br\/pc\/wp-content\/uploads\/sites\/42\/2024\/02\/IMG_3622-2-1024x683.jpg\" alt=\"\" class=\"wp-image-8393\" srcset=\"https:\/\/portal.pi.gov.br\/pc\/wp-content\/uploads\/sites\/42\/2024\/02\/IMG_3622-2-1024x683.jpg 1024w, https:\/\/portal.pi.gov.br\/pc\/wp-content\/uploads\/sites\/42\/2024\/02\/IMG_3622-2-300x200.jpg 300w, https:\/\/portal.pi.gov.br\/pc\/wp-content\/uploads\/sites\/42\/2024\/02\/IMG_3622-2-768x512.jpg 768w, https:\/\/portal.pi.gov.br\/pc\/wp-content\/uploads\/sites\/42\/2024\/02\/IMG_3622-2-420x280.jpg 420w, https:\/\/portal.pi.gov.br\/pc\/wp-content\/uploads\/sites\/42\/2024\/02\/IMG_3622-2-540x360.jpg 540w, https:\/\/portal.pi.gov.br\/pc\/wp-content\/uploads\/sites\/42\/2024\/02\/IMG_3622-2-780x520.jpg 780w, https:\/\/portal.pi.gov.br\/pc\/wp-content\/uploads\/sites\/42\/2024\/02\/IMG_3622-2-1536x1024.jpg 1536w, https:\/\/portal.pi.gov.br\/pc\/wp-content\/uploads\/sites\/42\/2024\/02\/IMG_3622-2-947x631.jpg 947w, https:\/\/portal.pi.gov.br\/pc\/wp-content\/uploads\/sites\/42\/2024\/02\/IMG_3622-2-624x416.jpg 624w, https:\/\/portal.pi.gov.br\/pc\/wp-content\/uploads\/sites\/42\/2024\/02\/IMG_3622-2-84x56.jpg 84w, https:\/\/portal.pi.gov.br\/pc\/wp-content\/uploads\/sites\/42\/2024\/02\/IMG_3622-2.jpg 1620w\" sizes=\"(max-width: 1024px) 100vw, 1024px\" \/><\/figure>\n\n\n\n<figure class=\"wp-block-image size-large\"><img decoding=\"async\" loading=\"lazy\" width=\"1024\" height=\"683\" data-id=\"8394\"  src=\"https:\/\/portal.pi.gov.br\/pc\/wp-content\/uploads\/sites\/42\/2024\/02\/IMG_3527-2-1024x683.jpg\" alt=\"\" class=\"wp-image-8394\" srcset=\"https:\/\/portal.pi.gov.br\/pc\/wp-content\/uploads\/sites\/42\/2024\/02\/IMG_3527-2-1024x683.jpg 1024w, https:\/\/portal.pi.gov.br\/pc\/wp-content\/uploads\/sites\/42\/2024\/02\/IMG_3527-2-300x200.jpg 300w, https:\/\/portal.pi.gov.br\/pc\/wp-content\/uploads\/sites\/42\/2024\/02\/IMG_3527-2-768x512.jpg 768w, https:\/\/portal.pi.gov.br\/pc\/wp-content\/uploads\/sites\/42\/2024\/02\/IMG_3527-2-420x280.jpg 420w, https:\/\/portal.pi.gov.br\/pc\/wp-content\/uploads\/sites\/42\/2024\/02\/IMG_3527-2-540x360.jpg 540w, https:\/\/portal.pi.gov.br\/pc\/wp-content\/uploads\/sites\/42\/2024\/02\/IMG_3527-2-780x520.jpg 780w, https:\/\/portal.pi.gov.br\/pc\/wp-content\/uploads\/sites\/42\/2024\/02\/IMG_3527-2-1536x1024.jpg 1536w, https:\/\/portal.pi.gov.br\/pc\/wp-content\/uploads\/sites\/42\/2024\/02\/IMG_3527-2-947x631.jpg 947w, https:\/\/portal.pi.gov.br\/pc\/wp-content\/uploads\/sites\/42\/2024\/02\/IMG_3527-2-624x416.jpg 624w, https:\/\/portal.pi.gov.br\/pc\/wp-content\/uploads\/sites\/42\/2024\/02\/IMG_3527-2-84x56.jpg 84w, https:\/\/portal.pi.gov.br\/pc\/wp-content\/uploads\/sites\/42\/2024\/02\/IMG_3527-2.jpg 1620w\" sizes=\"(max-width: 1024px) 100vw, 1024px\" \/><\/figure>\n<\/figure>\n\n\n\n<p>A previs\u00e3o \u00e9 que os trabalhos na Casa da Mulher Brasileira sejam iniciados ap\u00f3s a inaugura\u00e7\u00e3o do espa\u00e7o, prevista para o m\u00eas de mar\u00e7o de 2024.<\/p>\n\n\n\n<p>Fotos: SEMPI<\/p>\n\n\n\n<p><strong><em>Assessoria de Comunica\u00e7\u00e3o da Pol\u00edcia Civil<\/em><\/strong><\/p>\n","protected":false},"excerpt":{"rendered":"<p>A Pol\u00edcia Civil do Piau\u00ed, representada pela Diretora de Prote\u00e7\u00e3o \u00e0 Mulher e aos Grupos Vulner\u00e1veis, delegada Bruna Verena, participou na \u00faltima ter\u00e7a-feira (06\/02), de visita t\u00e9cnica \u00e0s futuras instala\u00e7\u00f5es [&hellip;]<\/p>\n","protected":false},"author":59,"featured_media":8393,"comment_status":"closed","ping_status":"closed","sticky":false,"template":"","format":"standard","meta":[],"categories":[1],"tags":[],"featured_image_urls":{"full":["https:\/\/portal.pi.gov.br\/pc\/wp-content\/uploads\/sites\/42\/2024\/02\/IMG_3622-2.jpg",1620,1080,false],"thumbnail":["https:\/\/portal.pi.gov.br\/pc\/wp-content\/uploads\/sites\/42\/2024\/02\/IMG_3622-2-150x150.jpg",150,150,true],"medium":["https:\/\/portal.pi.gov.br\/pc\/wp-content\/uploads\/sites\/42\/2024\/02\/IMG_3622-2-300x200.jpg",300,200,true],"medium_large":["https:\/\/portal.pi.gov.br\/pc\/wp-content\/uploads\/sites\/42\/2024\/02\/IMG_3622-2-768x512.jpg",768,512,true],"large":["https:\/\/portal.pi.gov.br\/pc\/wp-content\/uploads\/sites\/42\/2024\/02\/IMG_3622-2-1024x683.jpg",887,592,true],"sgg-420":["https:\/\/portal.pi.gov.br\/pc\/wp-content\/uploads\/sites\/42\/2024\/02\/IMG_3622-2-420x280.jpg",420,280,true],"sgg-540":["https:\/\/portal.pi.gov.br\/pc\/wp-content\/uploads\/sites\/42\/2024\/02\/IMG_3622-2-540x360.jpg",540,360,true],"sgg-780":["https:\/\/portal.pi.gov.br\/pc\/wp-content\/uploads\/sites\/42\/2024\/02\/IMG_3622-2-780x520.jpg",780,520,true],"1536x1536":["https:\/\/portal.pi.gov.br\/pc\/wp-content\/uploads\/sites\/42\/2024\/02\/IMG_3622-2-1536x1024.jpg",1536,1024,true],"2048x2048":["https:\/\/portal.pi.gov.br\/pc\/wp-content\/uploads\/sites\/42\/2024\/02\/IMG_3622-2.jpg",1620,1080,false],"homepage-slider":["https:\/\/portal.pi.gov.br\/pc\/wp-content\/uploads\/sites\/42\/2024\/02\/IMG_3622-2-1270x500.jpg",1270,500,true],"homepage-slider-small":["https:\/\/portal.pi.gov.br\/pc\/wp-content\/uploads\/sites\/42\/2024\/02\/IMG_3622-2-947x500.jpg",947,500,true],"page-top":["https:\/\/portal.pi.gov.br\/pc\/wp-content\/uploads\/sites\/42\/2024\/02\/IMG_3622-2-947x631.jpg",947,631,true],"page-small":["https:\/\/portal.pi.gov.br\/pc\/wp-content\/uploads\/sites\/42\/2024\/02\/IMG_3622-2-624x416.jpg",624,416,true],"loop-main":["https:\/\/portal.pi.gov.br\/pc\/wp-content\/uploads\/sites\/42\/2024\/02\/IMG_3622-2-365x240.jpg",365,240,true],"thumb-gallery-widget":["https:\/\/portal.pi.gov.br\/pc\/wp-content\/uploads\/sites\/42\/2024\/02\/IMG_3622-2-84x56.jpg",84,56,true]},"post_excerpt_stackable":"<p>A Pol\u00edcia Civil do Piau\u00ed, representada pela Diretora de Prote\u00e7\u00e3o \u00e0 Mulher e aos Grupos Vulner\u00e1veis, delegada Bruna Verena, participou na \u00faltima ter\u00e7a-feira (06\/02), de visita t\u00e9cnica \u00e0s futuras instala\u00e7\u00f5es da Casa da Mulher Brasileira em Teresina e reuni\u00e3o para discutir medidas de combate a viol\u00eancia contra a mulher, conduzida pela Secret\u00e1ria Nacional de Enfretamento a Viol\u00eancia contra a Mulher, Denise Motta. O local reunir\u00e1 diversas institui\u00e7\u00f5es das esferas municipal, estadual e federal, que atuam nessa frente. A integra\u00e7\u00e3o visa garantir maior prote\u00e7\u00e3o e acolhimento \u00e0s mulheres, com ado\u00e7\u00e3o de medidas que tragam avan\u00e7o na pol\u00edtica de prote\u00e7\u00e3o. \u201cA casa&hellip;<\/p>\n","category_list":"<a href=\"https:\/\/portal.pi.gov.br\/pc\/category\/noticias\/\" rel=\"category tag\">PC<\/a>","author_info":{"name":"Aline Noleto Silva de Araujo","url":"https:\/\/portal.pi.gov.br\/pc\/author\/alinenoleto\/"},"comments_num":"0 coment\u00e1rio","featured_image_urls_v2":{"full":["https:\/\/portal.pi.gov.br\/pc\/wp-content\/uploads\/sites\/42\/2024\/02\/IMG_3622-2.jpg",1620,1080,false],"thumbnail":["https:\/\/portal.pi.gov.br\/pc\/wp-content\/uploads\/sites\/42\/2024\/02\/IMG_3622-2-150x150.jpg",150,150,true],"medium":["https:\/\/portal.pi.gov.br\/pc\/wp-content\/uploads\/sites\/42\/2024\/02\/IMG_3622-2-300x200.jpg",300,200,true],"medium_large":["https:\/\/portal.pi.gov.br\/pc\/wp-content\/uploads\/sites\/42\/2024\/02\/IMG_3622-2-768x512.jpg",768,512,true],"large":["https:\/\/portal.pi.gov.br\/pc\/wp-content\/uploads\/sites\/42\/2024\/02\/IMG_3622-2-1024x683.jpg",887,592,true],"sgg-420":["https:\/\/portal.pi.gov.br\/pc\/wp-content\/uploads\/sites\/42\/2024\/02\/IMG_3622-2-420x280.jpg",420,280,true],"sgg-540":["https:\/\/portal.pi.gov.br\/pc\/wp-content\/uploads\/sites\/42\/2024\/02\/IMG_3622-2-540x360.jpg",540,360,true],"sgg-780":["https:\/\/portal.pi.gov.br\/pc\/wp-content\/uploads\/sites\/42\/2024\/02\/IMG_3622-2-780x520.jpg",780,520,true],"1536x1536":["https:\/\/portal.pi.gov.br\/pc\/wp-content\/uploads\/sites\/42\/2024\/02\/IMG_3622-2-1536x1024.jpg",1536,1024,true],"2048x2048":["https:\/\/portal.pi.gov.br\/pc\/wp-content\/uploads\/sites\/42\/2024\/02\/IMG_3622-2.jpg",1620,1080,false],"homepage-slider":["https:\/\/portal.pi.gov.br\/pc\/wp-content\/uploads\/sites\/42\/2024\/02\/IMG_3622-2-1270x500.jpg",1270,500,true],"homepage-slider-small":["https:\/\/portal.pi.gov.br\/pc\/wp-content\/uploads\/sites\/42\/2024\/02\/IMG_3622-2-947x500.jpg",947,500,true],"page-top":["https:\/\/portal.pi.gov.br\/pc\/wp-content\/uploads\/sites\/42\/2024\/02\/IMG_3622-2-947x631.jpg",947,631,true],"page-small":["https:\/\/portal.pi.gov.br\/pc\/wp-content\/uploads\/sites\/42\/2024\/02\/IMG_3622-2-624x416.jpg",624,416,true],"loop-main":["https:\/\/portal.pi.gov.br\/pc\/wp-content\/uploads\/sites\/42\/2024\/02\/IMG_3622-2-365x240.jpg",365,240,true],"thumb-gallery-widget":["https:\/\/portal.pi.gov.br\/pc\/wp-content\/uploads\/sites\/42\/2024\/02\/IMG_3622-2-84x56.jpg",84,56,true]},"post_excerpt_stackable_v2":"<p>A Pol\u00edcia Civil do Piau\u00ed, representada pela Diretora de Prote\u00e7\u00e3o \u00e0 Mulher e aos Grupos Vulner\u00e1veis, delegada Bruna Verena, participou na \u00faltima ter\u00e7a-feira (06\/02), de visita t\u00e9cnica \u00e0s futuras instala\u00e7\u00f5es da Casa da Mulher Brasileira em Teresina e reuni\u00e3o para discutir medidas de combate a viol\u00eancia contra a mulher, conduzida pela Secret\u00e1ria Nacional de Enfretamento a Viol\u00eancia contra a Mulher, Denise Motta. O local reunir\u00e1 diversas institui\u00e7\u00f5es das esferas municipal, estadual e federal, que atuam nessa frente. A integra\u00e7\u00e3o visa garantir maior prote\u00e7\u00e3o e acolhimento \u00e0s mulheres, com ado\u00e7\u00e3o de medidas que tragam avan\u00e7o na pol\u00edtica de prote\u00e7\u00e3o. \u201cA casa&hellip;<\/p>\n","category_list_v2":"<a href=\"https:\/\/portal.pi.gov.br\/pc\/category\/noticias\/\" rel=\"category tag\">PC<\/a>","author_info_v2":{"name":"Aline Noleto Silva de Araujo","url":"https:\/\/portal.pi.gov.br\/pc\/author\/alinenoleto\/"},"comments_num_v2":"0 coment\u00e1rio","jetpack_featured_media_url":"https:\/\/portal.pi.gov.br\/pc\/wp-content\/uploads\/sites\/42\/2024\/02\/IMG_3622-2.jpg","_links":{"self":[{"href":"https:\/\/portal.pi.gov.br\/pc\/wp-json\/wp\/v2\/posts\/8388"}],"collection":[{"href":"https:\/\/portal.pi.gov.br\/pc\/wp-json\/wp\/v2\/posts"}],"about":[{"href":"https:\/\/portal.pi.gov.br\/pc\/wp-json\/wp\/v2\/types\/post"}],"author":[{"embeddable":true,"href":"https:\/\/portal.pi.gov.br\/pc\/wp-json\/wp\/v2\/users\/59"}],"replies":[{"embeddable":true,"href":"https:\/\/portal.pi.gov.br\/pc\/wp-json\/wp\/v2\/comments?post=8388"}],"version-history":[{"count":1,"href":"https:\/\/portal.pi.gov.br\/pc\/wp-json\/wp\/v2\/posts\/8388\/revisions"}],"predecessor-version":[{"id":8395,"href":"https:\/\/portal.pi.gov.br\/pc\/wp-json\/wp\/v2\/posts\/8388\/revisions\/8395"}],"wp:featuredmedia":[{"embeddable":true,"href":"https:\/\/portal.pi.gov.br\/pc\/wp-json\/wp\/v2\/media\/8393"}],"wp:attachment":[{"href":"https:\/\/portal.pi.gov.br\/pc\/wp-json\/wp\/v2\/media?parent=8388"}],"wp:term":[{"taxonomy":"category","embeddable":true,"href":"https:\/\/portal.pi.gov.br\/pc\/wp-json\/wp\/v2\/categories?post=8388"},{"taxonomy":"post_tag","embeddable":true,"href":"https:\/\/portal.pi.gov.br\/pc\/wp-json\/wp\/v2\/tags?post=8388"}],"curies":[{"name":"wp","href":"https:\/\/api.w.org\/{rel}","templated":true}]}}