{"id":4781,"date":"2026-04-28T13:10:24","date_gmt":"2026-04-28T16:10:24","guid":{"rendered":"https:\/\/portal.pi.gov.br\/piauiprev\/?p=4781"},"modified":"2026-04-28T13:10:25","modified_gmt":"2026-04-28T16:10:25","slug":"piauiprev-convoca-segurados-para-regularizacao-cadastral-de-pensao-alimenticia","status":"publish","type":"post","link":"https:\/\/portal.pi.gov.br\/piauiprev\/2026\/04\/28\/piauiprev-convoca-segurados-para-regularizacao-cadastral-de-pensao-alimenticia\/","title":{"rendered":"PIAU\u00cdPREV convoca segurados para regulariza\u00e7\u00e3o cadastral de pens\u00e3o aliment\u00edcia"},"content":{"rendered":"\n<p>A Funda\u00e7\u00e3o Piau\u00ed Previd\u00eancia (PIAU\u00cdPREV) est\u00e1 realizando um processo de regulariza\u00e7\u00e3o cadastral voltado a aposentados e pensionistas que possuem descontos ou recebimentos relacionados \u00e0 pens\u00e3o aliment\u00edcia. A medida \u00e9 considerada essencial para o ajuste das informa\u00e7\u00f5es no sistema previdenci\u00e1rio estadual e para garantir a correta execu\u00e7\u00e3o dos pagamentos.<\/p>\n\n\n\n<figure class=\"wp-block-image size-full\"><img decoding=\"async\" loading=\"lazy\" width=\"893\" height=\"680\" src=\"https:\/\/portal.pi.gov.br\/piauiprev\/wp-content\/uploads\/sites\/45\/2026\/04\/fachada-da-PIAUIPREV-.png\" alt=\"\" class=\"wp-image-4782\" srcset=\"https:\/\/portal.pi.gov.br\/piauiprev\/wp-content\/uploads\/sites\/45\/2026\/04\/fachada-da-PIAUIPREV-.png 893w, https:\/\/portal.pi.gov.br\/piauiprev\/wp-content\/uploads\/sites\/45\/2026\/04\/fachada-da-PIAUIPREV--300x228.png 300w, https:\/\/portal.pi.gov.br\/piauiprev\/wp-content\/uploads\/sites\/45\/2026\/04\/fachada-da-PIAUIPREV--768x585.png 768w, https:\/\/portal.pi.gov.br\/piauiprev\/wp-content\/uploads\/sites\/45\/2026\/04\/fachada-da-PIAUIPREV--420x320.png 420w, https:\/\/portal.pi.gov.br\/piauiprev\/wp-content\/uploads\/sites\/45\/2026\/04\/fachada-da-PIAUIPREV--540x411.png 540w, https:\/\/portal.pi.gov.br\/piauiprev\/wp-content\/uploads\/sites\/45\/2026\/04\/fachada-da-PIAUIPREV--780x594.png 780w, https:\/\/portal.pi.gov.br\/piauiprev\/wp-content\/uploads\/sites\/45\/2026\/04\/fachada-da-PIAUIPREV--624x475.png 624w\" sizes=\"(max-width: 893px) 100vw, 893px\" \/><\/figure>\n\n\n\n<p>De acordo com o superintendente de Previd\u00eancia da institui\u00e7\u00e3o, Marcos Steiner, a a\u00e7\u00e3o foi motivada pela identifica\u00e7\u00e3o de inconsist\u00eancias nos registros vinculados a esse tipo de pagamento.<\/p>\n\n\n\n<p>\u201cEstamos realizando esse recadastramento em raz\u00e3o de algumas inconsist\u00eancias que encontramos nas pens\u00f5es aliment\u00edcias, que n\u00e3o se confundem com as pens\u00f5es previdenci\u00e1rias. S\u00e3o aquelas pagas em raz\u00e3o de decis\u00e3o judicial\u201d, explicou o superintendente.<\/p>\n\n\n\n<p>A medida tem como objetivo assegurar maior precis\u00e3o nos repasses e refor\u00e7ar a seguran\u00e7a jur\u00eddica dos processos. A aus\u00eancia de regulariza\u00e7\u00e3o pode impactar diretamente o fluxo dos pagamentos.<\/p>\n\n\n\n<p>Para a regulariza\u00e7\u00e3o cadastral, \u00e9 necess\u00e1rio o envio da decis\u00e3o judicial que determinou o pagamento ou percentual da pens\u00e3o, al\u00e9m dos dados pessoais, como nome completo e CPF das partes envolvidas, e comprovante de endere\u00e7o atualizado.<\/p>\n\n\n\n<p>A PIAU\u00cdPREV destaca que a medida \u00e9 importante para a regulariza\u00e7\u00e3o das informa\u00e7\u00f5es, permitindo que o Estado atue com mais efici\u00eancia e transpar\u00eancia, garantindo que segurados e dependentes n\u00e3o enfrentem transtornos ou problemas futuros e que atendam ao chamado dentro do prazo estabelecido, a fim de evitar inconsist\u00eancias e garantir a continuidade regular dos pagamentos.<\/p>\n\n\n\n<p>A documenta\u00e7\u00e3o pode ser encaminhada de forma digital. Em caso de d\u00favidas, os segurados podem entrar em contato com a Ger\u00eancia de Folha de Pagamento e Benef\u00edcios (GEFOB) pelo e-mail gefob@piauiprev.pi.gov.br ou pelo telefone\/WhatsApp (86) 99498-6296.<\/p>\n","protected":false},"excerpt":{"rendered":"<p>A Funda\u00e7\u00e3o Piau\u00ed Previd\u00eancia (PIAU\u00cdPREV) est\u00e1 realizando um processo de regulariza\u00e7\u00e3o cadastral voltado a aposentados e pensionistas que possuem descontos ou recebimentos relacionados \u00e0 pens\u00e3o aliment\u00edcia. A medida \u00e9 considerada [&hellip;]<\/p>\n","protected":false},"author":1775,"featured_media":4782,"comment_status":"closed","ping_status":"closed","sticky":false,"template":"","format":"standard","meta":[],"categories":[30],"tags":[],"featured_image_urls":{"full":["https:\/\/portal.pi.gov.br\/piauiprev\/wp-content\/uploads\/sites\/45\/2026\/04\/fachada-da-PIAUIPREV-.png",893,680,false],"thumbnail":["https:\/\/portal.pi.gov.br\/piauiprev\/wp-content\/uploads\/sites\/45\/2026\/04\/fachada-da-PIAUIPREV--150x150.png",150,150,true],"medium":["https:\/\/portal.pi.gov.br\/piauiprev\/wp-content\/uploads\/sites\/45\/2026\/04\/fachada-da-PIAUIPREV--300x228.png",300,228,true],"medium_large":["https:\/\/portal.pi.gov.br\/piauiprev\/wp-content\/uploads\/sites\/45\/2026\/04\/fachada-da-PIAUIPREV--768x585.png",768,585,true],"large":["https:\/\/portal.pi.gov.br\/piauiprev\/wp-content\/uploads\/sites\/45\/2026\/04\/fachada-da-PIAUIPREV-.png",887,675,false],"sgg-420":["https:\/\/portal.pi.gov.br\/piauiprev\/wp-content\/uploads\/sites\/45\/2026\/04\/fachada-da-PIAUIPREV--420x320.png",420,320,true],"sgg-540":["https:\/\/portal.pi.gov.br\/piauiprev\/wp-content\/uploads\/sites\/45\/2026\/04\/fachada-da-PIAUIPREV--540x411.png",540,411,true],"sgg-780":["https:\/\/portal.pi.gov.br\/piauiprev\/wp-content\/uploads\/sites\/45\/2026\/04\/fachada-da-PIAUIPREV--780x594.png",780,594,true],"1536x1536":["https:\/\/portal.pi.gov.br\/piauiprev\/wp-content\/uploads\/sites\/45\/2026\/04\/fachada-da-PIAUIPREV-.png",893,680,false],"2048x2048":["https:\/\/portal.pi.gov.br\/piauiprev\/wp-content\/uploads\/sites\/45\/2026\/04\/fachada-da-PIAUIPREV-.png",893,680,false],"homepage-slider":["https:\/\/portal.pi.gov.br\/piauiprev\/wp-content\/uploads\/sites\/45\/2026\/04\/fachada-da-PIAUIPREV--893x500.png",893,500,true],"homepage-slider-small":["https:\/\/portal.pi.gov.br\/piauiprev\/wp-content\/uploads\/sites\/45\/2026\/04\/fachada-da-PIAUIPREV--893x500.png",893,500,true],"page-top":["https:\/\/portal.pi.gov.br\/piauiprev\/wp-content\/uploads\/sites\/45\/2026\/04\/fachada-da-PIAUIPREV-.png",893,680,false],"page-small":["https:\/\/portal.pi.gov.br\/piauiprev\/wp-content\/uploads\/sites\/45\/2026\/04\/fachada-da-PIAUIPREV--624x475.png",624,475,true],"loop-main":["https:\/\/portal.pi.gov.br\/piauiprev\/wp-content\/uploads\/sites\/45\/2026\/04\/fachada-da-PIAUIPREV--365x240.png",365,240,true],"thumb-gallery-widget":["https:\/\/portal.pi.gov.br\/piauiprev\/wp-content\/uploads\/sites\/45\/2026\/04\/fachada-da-PIAUIPREV--84x56.png",84,56,true]},"post_excerpt_stackable":"<p>A Funda\u00e7\u00e3o Piau\u00ed Previd\u00eancia (PIAU\u00cdPREV) est\u00e1 realizando um processo de regulariza\u00e7\u00e3o cadastral voltado a aposentados e pensionistas que possuem descontos ou recebimentos relacionados \u00e0 pens\u00e3o aliment\u00edcia. A medida \u00e9 considerada essencial para o ajuste das informa\u00e7\u00f5es no sistema previdenci\u00e1rio estadual e para garantir a correta execu\u00e7\u00e3o dos pagamentos. De acordo com o superintendente de Previd\u00eancia da institui\u00e7\u00e3o, Marcos Steiner, a a\u00e7\u00e3o foi motivada pela identifica\u00e7\u00e3o de inconsist\u00eancias nos registros vinculados a esse tipo de pagamento. \u201cEstamos realizando esse recadastramento em raz\u00e3o de algumas inconsist\u00eancias que encontramos nas pens\u00f5es aliment\u00edcias, que n\u00e3o se confundem com as pens\u00f5es previdenci\u00e1rias. S\u00e3o aquelas pagas&hellip;<\/p>\n","category_list":"<a href=\"https:\/\/portal.pi.gov.br\/piauiprev\/category\/noticias\/\" rel=\"category tag\">Not\u00edcias<\/a>","author_info":{"name":"brunacarvalho","url":"https:\/\/portal.pi.gov.br\/piauiprev\/author\/brunacarvalho\/"},"comments_num":"0 coment\u00e1rio","featured_image_urls_v2":{"full":["https:\/\/portal.pi.gov.br\/piauiprev\/wp-content\/uploads\/sites\/45\/2026\/04\/fachada-da-PIAUIPREV-.png",893,680,false],"thumbnail":["https:\/\/portal.pi.gov.br\/piauiprev\/wp-content\/uploads\/sites\/45\/2026\/04\/fachada-da-PIAUIPREV--150x150.png",150,150,true],"medium":["https:\/\/portal.pi.gov.br\/piauiprev\/wp-content\/uploads\/sites\/45\/2026\/04\/fachada-da-PIAUIPREV--300x228.png",300,228,true],"medium_large":["https:\/\/portal.pi.gov.br\/piauiprev\/wp-content\/uploads\/sites\/45\/2026\/04\/fachada-da-PIAUIPREV--768x585.png",768,585,true],"large":["https:\/\/portal.pi.gov.br\/piauiprev\/wp-content\/uploads\/sites\/45\/2026\/04\/fachada-da-PIAUIPREV-.png",887,675,false],"sgg-420":["https:\/\/portal.pi.gov.br\/piauiprev\/wp-content\/uploads\/sites\/45\/2026\/04\/fachada-da-PIAUIPREV--420x320.png",420,320,true],"sgg-540":["https:\/\/portal.pi.gov.br\/piauiprev\/wp-content\/uploads\/sites\/45\/2026\/04\/fachada-da-PIAUIPREV--540x411.png",540,411,true],"sgg-780":["https:\/\/portal.pi.gov.br\/piauiprev\/wp-content\/uploads\/sites\/45\/2026\/04\/fachada-da-PIAUIPREV--780x594.png",780,594,true],"1536x1536":["https:\/\/portal.pi.gov.br\/piauiprev\/wp-content\/uploads\/sites\/45\/2026\/04\/fachada-da-PIAUIPREV-.png",893,680,false],"2048x2048":["https:\/\/portal.pi.gov.br\/piauiprev\/wp-content\/uploads\/sites\/45\/2026\/04\/fachada-da-PIAUIPREV-.png",893,680,false],"homepage-slider":["https:\/\/portal.pi.gov.br\/piauiprev\/wp-content\/uploads\/sites\/45\/2026\/04\/fachada-da-PIAUIPREV--893x500.png",893,500,true],"homepage-slider-small":["https:\/\/portal.pi.gov.br\/piauiprev\/wp-content\/uploads\/sites\/45\/2026\/04\/fachada-da-PIAUIPREV--893x500.png",893,500,true],"page-top":["https:\/\/portal.pi.gov.br\/piauiprev\/wp-content\/uploads\/sites\/45\/2026\/04\/fachada-da-PIAUIPREV-.png",893,680,false],"page-small":["https:\/\/portal.pi.gov.br\/piauiprev\/wp-content\/uploads\/sites\/45\/2026\/04\/fachada-da-PIAUIPREV--624x475.png",624,475,true],"loop-main":["https:\/\/portal.pi.gov.br\/piauiprev\/wp-content\/uploads\/sites\/45\/2026\/04\/fachada-da-PIAUIPREV--365x240.png",365,240,true],"thumb-gallery-widget":["https:\/\/portal.pi.gov.br\/piauiprev\/wp-content\/uploads\/sites\/45\/2026\/04\/fachada-da-PIAUIPREV--84x56.png",84,56,true]},"post_excerpt_stackable_v2":"<p>A Funda\u00e7\u00e3o Piau\u00ed Previd\u00eancia (PIAU\u00cdPREV) est\u00e1 realizando um processo de regulariza\u00e7\u00e3o cadastral voltado a aposentados e pensionistas que possuem descontos ou recebimentos relacionados \u00e0 pens\u00e3o aliment\u00edcia. A medida \u00e9 considerada essencial para o ajuste das informa\u00e7\u00f5es no sistema previdenci\u00e1rio estadual e para garantir a correta execu\u00e7\u00e3o dos pagamentos. De acordo com o superintendente de Previd\u00eancia da institui\u00e7\u00e3o, Marcos Steiner, a a\u00e7\u00e3o foi motivada pela identifica\u00e7\u00e3o de inconsist\u00eancias nos registros vinculados a esse tipo de pagamento. \u201cEstamos realizando esse recadastramento em raz\u00e3o de algumas inconsist\u00eancias que encontramos nas pens\u00f5es aliment\u00edcias, que n\u00e3o se confundem com as pens\u00f5es previdenci\u00e1rias. S\u00e3o aquelas pagas&hellip;<\/p>\n","category_list_v2":"<a href=\"https:\/\/portal.pi.gov.br\/piauiprev\/category\/noticias\/\" rel=\"category tag\">Not\u00edcias<\/a>","author_info_v2":{"name":"brunacarvalho","url":"https:\/\/portal.pi.gov.br\/piauiprev\/author\/brunacarvalho\/"},"comments_num_v2":"0 coment\u00e1rio","jetpack_featured_media_url":"https:\/\/portal.pi.gov.br\/piauiprev\/wp-content\/uploads\/sites\/45\/2026\/04\/fachada-da-PIAUIPREV-.png","_links":{"self":[{"href":"https:\/\/portal.pi.gov.br\/piauiprev\/wp-json\/wp\/v2\/posts\/4781"}],"collection":[{"href":"https:\/\/portal.pi.gov.br\/piauiprev\/wp-json\/wp\/v2\/posts"}],"about":[{"href":"https:\/\/portal.pi.gov.br\/piauiprev\/wp-json\/wp\/v2\/types\/post"}],"author":[{"embeddable":true,"href":"https:\/\/portal.pi.gov.br\/piauiprev\/wp-json\/wp\/v2\/users\/1775"}],"replies":[{"embeddable":true,"href":"https:\/\/portal.pi.gov.br\/piauiprev\/wp-json\/wp\/v2\/comments?post=4781"}],"version-history":[{"count":1,"href":"https:\/\/portal.pi.gov.br\/piauiprev\/wp-json\/wp\/v2\/posts\/4781\/revisions"}],"predecessor-version":[{"id":4783,"href":"https:\/\/portal.pi.gov.br\/piauiprev\/wp-json\/wp\/v2\/posts\/4781\/revisions\/4783"}],"wp:featuredmedia":[{"embeddable":true,"href":"https:\/\/portal.pi.gov.br\/piauiprev\/wp-json\/wp\/v2\/media\/4782"}],"wp:attachment":[{"href":"https:\/\/portal.pi.gov.br\/piauiprev\/wp-json\/wp\/v2\/media?parent=4781"}],"wp:term":[{"taxonomy":"category","embeddable":true,"href":"https:\/\/portal.pi.gov.br\/piauiprev\/wp-json\/wp\/v2\/categories?post=4781"},{"taxonomy":"post_tag","embeddable":true,"href":"https:\/\/portal.pi.gov.br\/piauiprev\/wp-json\/wp\/v2\/tags?post=4781"}],"curies":[{"name":"wp","href":"https:\/\/api.w.org\/{rel}","templated":true}]}}