{"id":3149,"date":"2026-01-28T12:43:34","date_gmt":"2026-01-28T15:43:34","guid":{"rendered":"https:\/\/portal.pi.gov.br\/sada\/?p=3149"},"modified":"2026-01-28T12:43:35","modified_gmt":"2026-01-28T15:43:35","slug":"sistema-do-cadastro-nacional-da-agricultura-familiar-ficara-indisponivel-para-ativacoes-e-alteracoes-no-piaui-ate-1o-de-fevereiro","status":"publish","type":"post","link":"https:\/\/portal.pi.gov.br\/sada\/2026\/01\/28\/sistema-do-cadastro-nacional-da-agricultura-familiar-ficara-indisponivel-para-ativacoes-e-alteracoes-no-piaui-ate-1o-de-fevereiro\/","title":{"rendered":"Sistema do Cadastro Nacional da Agricultura Familiar ficar\u00e1 indispon\u00edvel para ativa\u00e7\u00f5es e altera\u00e7\u00f5es no Piau\u00ed at\u00e9 1\u00ba de fevereiro"},"content":{"rendered":"\n<p><em>A medida ocorre em raz\u00e3o de uma manuten\u00e7\u00e3o sist\u00eamica programada pela Dataprev.<\/em><\/p>\n\n\n\n<p>A Secretaria da Assist\u00eancia T\u00e9cnica e Defesa Agropecu\u00e1ria do Piau\u00ed (Sada) informa que o sistema do Cadastro Nacional da Agricultura Familiar (CAF) passar\u00e1 por um per\u00edodo de indisponibilidade tempor\u00e1ria para ativa\u00e7\u00e3o e altera\u00e7\u00e3o de cadastros de pessoa f\u00edsica, entre os dias 27 de janeiro e 1\u00ba de fevereiro. A medida ocorre em raz\u00e3o de uma manuten\u00e7\u00e3o sist\u00eamica programada pela empresa empresa p\u00fablica que fornece e desenvolve tecnologias para programas sociais estrat\u00e9gicos do Governo Federal, a Dataprev, respons\u00e1vel por parte das informa\u00e7\u00f5es utilizadas na valida\u00e7\u00e3o do cadastro.<\/p>\n\n\n\n<p>Durante o per\u00edodo de manuten\u00e7\u00e3o, n\u00e3o ser\u00e1 poss\u00edvel concluir a ativa\u00e7\u00e3o de novos cadastros ou realizar altera\u00e7\u00f5es em cadastros j\u00e1 existentes de pessoa f\u00edsica. No entanto, o sistema continuar\u00e1 dispon\u00edvel para consultas e para o preenchimento de novos cadastros, que poder\u00e3o ser salvos, mas sem valida\u00e7\u00e3o final at\u00e9 a normaliza\u00e7\u00e3o do servi\u00e7o.<\/p>\n\n\n\n<figure class=\"wp-block-image\" id=\"attachment_108915\"><img decoding=\"async\" src=\"https:\/\/www.pi.gov.br\/wp-content\/uploads\/2026\/01\/WhatsApp-Image-2025-04-07-at-13.29.28-2048x1532-1.jpeg\" alt=\"\" class=\"wp-image-108915\" \/><figcaption class=\"wp-element-caption\"><br>Foto: Ascom Sada<\/figcaption><\/figure>\n\n\n\n<p>\u201cSabemos da import\u00e2ncia do CAF para os agricultores e agricultoras familiares do nosso estado e, por isso, refor\u00e7amos que se trata de uma indisponibilidade tempor\u00e1ria, sem preju\u00edzo definitivo aos usu\u00e1rios\u201d, destaca o diretor de Opera\u00e7\u00f5es, Elabora\u00e7\u00e3o de Projetos e Capta\u00e7\u00e3o de Recursos da Sada, Libonato de Carvalho Rocha.<\/p>\n\n\n\n<p>A Sada destaca que a indisponibilidade n\u00e3o afeta os cadastros de Pessoa Jur\u00eddica, que poder\u00e3o continuar sendo emitidos e validados normalmente ao longo do per\u00edodo informado, sem qualquer preju\u00edzo aos usu\u00e1rios desse perfil.<\/p>\n\n\n\n<p>Diante disso, a Secretaria orienta que as ativa\u00e7\u00f5es e altera\u00e7\u00f5es de cadastros de pessoas f\u00edsicas n\u00e3o realizadas at\u00e9 o dia 26 de janeiro sejam programadas quando o sistema for restabelecido. Os cadastros preenchidos durante a manuten\u00e7\u00e3o poder\u00e3o ser ativados posteriormente de forma manual.<\/p>\n","protected":false},"excerpt":{"rendered":"<p>A medida ocorre em raz\u00e3o de uma manuten\u00e7\u00e3o sist\u00eamica programada pela Dataprev. A Secretaria da Assist\u00eancia T\u00e9cnica e Defesa Agropecu\u00e1ria do Piau\u00ed (Sada) informa que o sistema do Cadastro Nacional [&hellip;]<\/p>\n","protected":false},"author":1,"featured_media":3150,"comment_status":"closed","ping_status":"closed","sticky":true,"template":"","format":"standard","meta":[],"categories":[30],"tags":[357,337,35],"featured_image_urls":{"full":["https:\/\/portal.pi.gov.br\/sada\/wp-content\/uploads\/sites\/80\/2026\/01\/WhatsApp-Image-2025-04-07-at-13.29.28-2048x1532-1-1.jpeg",2048,1532,false],"thumbnail":["https:\/\/portal.pi.gov.br\/sada\/wp-content\/uploads\/sites\/80\/2026\/01\/WhatsApp-Image-2025-04-07-at-13.29.28-2048x1532-1-1-150x150.jpeg",150,150,true],"medium":["https:\/\/portal.pi.gov.br\/sada\/wp-content\/uploads\/sites\/80\/2026\/01\/WhatsApp-Image-2025-04-07-at-13.29.28-2048x1532-1-1-300x224.jpeg",300,224,true],"medium_large":["https:\/\/portal.pi.gov.br\/sada\/wp-content\/uploads\/sites\/80\/2026\/01\/WhatsApp-Image-2025-04-07-at-13.29.28-2048x1532-1-1-768x575.jpeg",768,575,true],"large":["https:\/\/portal.pi.gov.br\/sada\/wp-content\/uploads\/sites\/80\/2026\/01\/WhatsApp-Image-2025-04-07-at-13.29.28-2048x1532-1-1-1024x766.jpeg",887,664,true],"sgg-420":["https:\/\/portal.pi.gov.br\/sada\/wp-content\/uploads\/sites\/80\/2026\/01\/WhatsApp-Image-2025-04-07-at-13.29.28-2048x1532-1-1-420x314.jpeg",420,314,true],"sgg-540":["https:\/\/portal.pi.gov.br\/sada\/wp-content\/uploads\/sites\/80\/2026\/01\/WhatsApp-Image-2025-04-07-at-13.29.28-2048x1532-1-1-540x404.jpeg",540,404,true],"sgg-780":["https:\/\/portal.pi.gov.br\/sada\/wp-content\/uploads\/sites\/80\/2026\/01\/WhatsApp-Image-2025-04-07-at-13.29.28-2048x1532-1-1-780x583.jpeg",780,583,true],"1536x1536":["https:\/\/portal.pi.gov.br\/sada\/wp-content\/uploads\/sites\/80\/2026\/01\/WhatsApp-Image-2025-04-07-at-13.29.28-2048x1532-1-1-1536x1149.jpeg",1536,1149,true],"2048x2048":["https:\/\/portal.pi.gov.br\/sada\/wp-content\/uploads\/sites\/80\/2026\/01\/WhatsApp-Image-2025-04-07-at-13.29.28-2048x1532-1-1.jpeg",2048,1532,false],"homepage-slider":["https:\/\/portal.pi.gov.br\/sada\/wp-content\/uploads\/sites\/80\/2026\/01\/WhatsApp-Image-2025-04-07-at-13.29.28-2048x1532-1-1-1270x500.jpeg",1270,500,true],"homepage-slider-small":["https:\/\/portal.pi.gov.br\/sada\/wp-content\/uploads\/sites\/80\/2026\/01\/WhatsApp-Image-2025-04-07-at-13.29.28-2048x1532-1-1-947x500.jpeg",947,500,true],"page-top":["https:\/\/portal.pi.gov.br\/sada\/wp-content\/uploads\/sites\/80\/2026\/01\/WhatsApp-Image-2025-04-07-at-13.29.28-2048x1532-1-1-947x708.jpeg",947,708,true],"page-small":["https:\/\/portal.pi.gov.br\/sada\/wp-content\/uploads\/sites\/80\/2026\/01\/WhatsApp-Image-2025-04-07-at-13.29.28-2048x1532-1-1-624x467.jpeg",624,467,true],"loop-main":["https:\/\/portal.pi.gov.br\/sada\/wp-content\/uploads\/sites\/80\/2026\/01\/WhatsApp-Image-2025-04-07-at-13.29.28-2048x1532-1-1-365x240.jpeg",365,240,true],"thumb-gallery-widget":["https:\/\/portal.pi.gov.br\/sada\/wp-content\/uploads\/sites\/80\/2026\/01\/WhatsApp-Image-2025-04-07-at-13.29.28-2048x1532-1-1-84x56.jpeg",84,56,true]},"post_excerpt_stackable":"<p>A medida ocorre em raz\u00e3o de uma manuten\u00e7\u00e3o sist\u00eamica programada pela Dataprev. A Secretaria da Assist\u00eancia T\u00e9cnica e Defesa Agropecu\u00e1ria do Piau\u00ed (Sada) informa que o sistema do Cadastro Nacional da Agricultura Familiar (CAF) passar\u00e1 por um per\u00edodo de indisponibilidade tempor\u00e1ria para ativa\u00e7\u00e3o e altera\u00e7\u00e3o de cadastros de pessoa f\u00edsica, entre os dias 27 de janeiro e 1\u00ba de fevereiro. A medida ocorre em raz\u00e3o de uma manuten\u00e7\u00e3o sist\u00eamica programada pela empresa empresa p\u00fablica que fornece e desenvolve tecnologias para programas sociais estrat\u00e9gicos do Governo Federal, a Dataprev, respons\u00e1vel por parte das informa\u00e7\u00f5es utilizadas na valida\u00e7\u00e3o do cadastro. Durante o&hellip;<\/p>\n","category_list":"<a href=\"https:\/\/portal.pi.gov.br\/sada\/category\/noticias\/\" rel=\"category tag\">Not\u00edcias<\/a>","author_info":{"name":"admin","url":"https:\/\/portal.pi.gov.br\/sada\/author\/admin\/"},"comments_num":"0 coment\u00e1rio","featured_image_urls_v2":{"full":["https:\/\/portal.pi.gov.br\/sada\/wp-content\/uploads\/sites\/80\/2026\/01\/WhatsApp-Image-2025-04-07-at-13.29.28-2048x1532-1-1.jpeg",2048,1532,false],"thumbnail":["https:\/\/portal.pi.gov.br\/sada\/wp-content\/uploads\/sites\/80\/2026\/01\/WhatsApp-Image-2025-04-07-at-13.29.28-2048x1532-1-1-150x150.jpeg",150,150,true],"medium":["https:\/\/portal.pi.gov.br\/sada\/wp-content\/uploads\/sites\/80\/2026\/01\/WhatsApp-Image-2025-04-07-at-13.29.28-2048x1532-1-1-300x224.jpeg",300,224,true],"medium_large":["https:\/\/portal.pi.gov.br\/sada\/wp-content\/uploads\/sites\/80\/2026\/01\/WhatsApp-Image-2025-04-07-at-13.29.28-2048x1532-1-1-768x575.jpeg",768,575,true],"large":["https:\/\/portal.pi.gov.br\/sada\/wp-content\/uploads\/sites\/80\/2026\/01\/WhatsApp-Image-2025-04-07-at-13.29.28-2048x1532-1-1-1024x766.jpeg",887,664,true],"sgg-420":["https:\/\/portal.pi.gov.br\/sada\/wp-content\/uploads\/sites\/80\/2026\/01\/WhatsApp-Image-2025-04-07-at-13.29.28-2048x1532-1-1-420x314.jpeg",420,314,true],"sgg-540":["https:\/\/portal.pi.gov.br\/sada\/wp-content\/uploads\/sites\/80\/2026\/01\/WhatsApp-Image-2025-04-07-at-13.29.28-2048x1532-1-1-540x404.jpeg",540,404,true],"sgg-780":["https:\/\/portal.pi.gov.br\/sada\/wp-content\/uploads\/sites\/80\/2026\/01\/WhatsApp-Image-2025-04-07-at-13.29.28-2048x1532-1-1-780x583.jpeg",780,583,true],"1536x1536":["https:\/\/portal.pi.gov.br\/sada\/wp-content\/uploads\/sites\/80\/2026\/01\/WhatsApp-Image-2025-04-07-at-13.29.28-2048x1532-1-1-1536x1149.jpeg",1536,1149,true],"2048x2048":["https:\/\/portal.pi.gov.br\/sada\/wp-content\/uploads\/sites\/80\/2026\/01\/WhatsApp-Image-2025-04-07-at-13.29.28-2048x1532-1-1.jpeg",2048,1532,false],"homepage-slider":["https:\/\/portal.pi.gov.br\/sada\/wp-content\/uploads\/sites\/80\/2026\/01\/WhatsApp-Image-2025-04-07-at-13.29.28-2048x1532-1-1-1270x500.jpeg",1270,500,true],"homepage-slider-small":["https:\/\/portal.pi.gov.br\/sada\/wp-content\/uploads\/sites\/80\/2026\/01\/WhatsApp-Image-2025-04-07-at-13.29.28-2048x1532-1-1-947x500.jpeg",947,500,true],"page-top":["https:\/\/portal.pi.gov.br\/sada\/wp-content\/uploads\/sites\/80\/2026\/01\/WhatsApp-Image-2025-04-07-at-13.29.28-2048x1532-1-1-947x708.jpeg",947,708,true],"page-small":["https:\/\/portal.pi.gov.br\/sada\/wp-content\/uploads\/sites\/80\/2026\/01\/WhatsApp-Image-2025-04-07-at-13.29.28-2048x1532-1-1-624x467.jpeg",624,467,true],"loop-main":["https:\/\/portal.pi.gov.br\/sada\/wp-content\/uploads\/sites\/80\/2026\/01\/WhatsApp-Image-2025-04-07-at-13.29.28-2048x1532-1-1-365x240.jpeg",365,240,true],"thumb-gallery-widget":["https:\/\/portal.pi.gov.br\/sada\/wp-content\/uploads\/sites\/80\/2026\/01\/WhatsApp-Image-2025-04-07-at-13.29.28-2048x1532-1-1-84x56.jpeg",84,56,true]},"post_excerpt_stackable_v2":"<p>A medida ocorre em raz\u00e3o de uma manuten\u00e7\u00e3o sist\u00eamica programada pela Dataprev. A Secretaria da Assist\u00eancia T\u00e9cnica e Defesa Agropecu\u00e1ria do Piau\u00ed (Sada) informa que o sistema do Cadastro Nacional da Agricultura Familiar (CAF) passar\u00e1 por um per\u00edodo de indisponibilidade tempor\u00e1ria para ativa\u00e7\u00e3o e altera\u00e7\u00e3o de cadastros de pessoa f\u00edsica, entre os dias 27 de janeiro e 1\u00ba de fevereiro. A medida ocorre em raz\u00e3o de uma manuten\u00e7\u00e3o sist\u00eamica programada pela empresa empresa p\u00fablica que fornece e desenvolve tecnologias para programas sociais estrat\u00e9gicos do Governo Federal, a Dataprev, respons\u00e1vel por parte das informa\u00e7\u00f5es utilizadas na valida\u00e7\u00e3o do cadastro. Durante o&hellip;<\/p>\n","category_list_v2":"<a href=\"https:\/\/portal.pi.gov.br\/sada\/category\/noticias\/\" rel=\"category tag\">Not\u00edcias<\/a>","author_info_v2":{"name":"admin","url":"https:\/\/portal.pi.gov.br\/sada\/author\/admin\/"},"comments_num_v2":"0 coment\u00e1rio","jetpack_featured_media_url":"https:\/\/portal.pi.gov.br\/sada\/wp-content\/uploads\/sites\/80\/2026\/01\/WhatsApp-Image-2025-04-07-at-13.29.28-2048x1532-1-1.jpeg","_links":{"self":[{"href":"https:\/\/portal.pi.gov.br\/sada\/wp-json\/wp\/v2\/posts\/3149"}],"collection":[{"href":"https:\/\/portal.pi.gov.br\/sada\/wp-json\/wp\/v2\/posts"}],"about":[{"href":"https:\/\/portal.pi.gov.br\/sada\/wp-json\/wp\/v2\/types\/post"}],"author":[{"embeddable":true,"href":"https:\/\/portal.pi.gov.br\/sada\/wp-json\/wp\/v2\/users\/1"}],"replies":[{"embeddable":true,"href":"https:\/\/portal.pi.gov.br\/sada\/wp-json\/wp\/v2\/comments?post=3149"}],"version-history":[{"count":1,"href":"https:\/\/portal.pi.gov.br\/sada\/wp-json\/wp\/v2\/posts\/3149\/revisions"}],"predecessor-version":[{"id":3151,"href":"https:\/\/portal.pi.gov.br\/sada\/wp-json\/wp\/v2\/posts\/3149\/revisions\/3151"}],"wp:featuredmedia":[{"embeddable":true,"href":"https:\/\/portal.pi.gov.br\/sada\/wp-json\/wp\/v2\/media\/3150"}],"wp:attachment":[{"href":"https:\/\/portal.pi.gov.br\/sada\/wp-json\/wp\/v2\/media?parent=3149"}],"wp:term":[{"taxonomy":"category","embeddable":true,"href":"https:\/\/portal.pi.gov.br\/sada\/wp-json\/wp\/v2\/categories?post=3149"},{"taxonomy":"post_tag","embeddable":true,"href":"https:\/\/portal.pi.gov.br\/sada\/wp-json\/wp\/v2\/tags?post=3149"}],"curies":[{"name":"wp","href":"https:\/\/api.w.org\/{rel}","templated":true}]}}