{"id":5199,"date":"2026-03-03T12:54:00","date_gmt":"2026-03-03T15:54:00","guid":{"rendered":"https:\/\/portal.pi.gov.br\/saf\/?p=5199"},"modified":"2026-03-03T12:54:01","modified_gmt":"2026-03-03T15:54:01","slug":"projeto-pilares-abre-inscricoes-para-investir-r-300-mil-em-cooperativas-e-associacoes-da-agricultura-familiar","status":"publish","type":"post","link":"https:\/\/portal.pi.gov.br\/saf\/2026\/03\/03\/projeto-pilares-abre-inscricoes-para-investir-r-300-mil-em-cooperativas-e-associacoes-da-agricultura-familiar\/","title":{"rendered":"Projeto Pilares abre inscri\u00e7\u00f5es para investir R$ 300 mil em cooperativas e associa\u00e7\u00f5es da agricultura familiar"},"content":{"rendered":"\n<p>A Secretaria da Agricultura Familiar (SAF) lan\u00e7ou, nesta ter\u00e7a-feira (3), o edital para a sele\u00e7\u00e3o de 110 cooperativas e associa\u00e7\u00f5es da agricultura familiar para projetos de inclus\u00e3o produtiva por meio do projeto Piau\u00ed: Pilares de Crescimento e Inclus\u00e3o Social II (Pilares II). O objetivo \u00e9 investir at\u00e9 R$ 300 mil em cada proposta com foco na produ\u00e7\u00e3o sustent\u00e1vel, na agroindustrializa\u00e7\u00e3o e na amplia\u00e7\u00e3o do acesso a mercados.<\/p>\n\n\n\n<p>A secret\u00e1ria da Agricultura Familiar, Rejane Tavares, destaca que esta sele\u00e7\u00e3o tem o objetivo de incentivar o beneficiamento de produtos da agricultura familiar, garantindo assim aumento de renda e melhoria na produ\u00e7\u00e3o.<\/p>\n\n\n\n<p>\u201cA a\u00e7\u00e3o \u00e9 de inclus\u00e3o produtiva, beneficiamento da produ\u00e7\u00e3o, estrutura\u00e7\u00e3o e organiza\u00e7\u00e3o das cadeias produtivas, de modo que o agricultor possa vender melhor seus produtos, conseguir mais valor para essa produ\u00e7\u00e3o e introduzir processos de beneficiamento, como a produ\u00e7\u00e3o de caju\u00edna e de doces. Tamb\u00e9m ser\u00e1 poss\u00edvel trabalhar os hortifrutis com higieniza\u00e7\u00e3o e embalagens que permitam a entrada em novos mercados, certificar os produtos e garantir ao agricultor familiar uma renda melhor\u201d, explica.<\/p>\n\n\n\n<figure class=\"wp-block-image size-full\"><img decoding=\"async\" loading=\"lazy\" width=\"1280\" height=\"854\" src=\"https:\/\/portal.pi.gov.br\/saf\/wp-content\/uploads\/sites\/25\/2026\/03\/WhatsApp-Image-2026-03-03-at-12.36.25.jpeg\" alt=\"\" class=\"wp-image-5200\" srcset=\"https:\/\/portal.pi.gov.br\/saf\/wp-content\/uploads\/sites\/25\/2026\/03\/WhatsApp-Image-2026-03-03-at-12.36.25.jpeg 1280w, https:\/\/portal.pi.gov.br\/saf\/wp-content\/uploads\/sites\/25\/2026\/03\/WhatsApp-Image-2026-03-03-at-12.36.25-500x334.jpeg 500w, https:\/\/portal.pi.gov.br\/saf\/wp-content\/uploads\/sites\/25\/2026\/03\/WhatsApp-Image-2026-03-03-at-12.36.25-768x512.jpeg 768w, https:\/\/portal.pi.gov.br\/saf\/wp-content\/uploads\/sites\/25\/2026\/03\/WhatsApp-Image-2026-03-03-at-12.36.25-420x280.jpeg 420w, https:\/\/portal.pi.gov.br\/saf\/wp-content\/uploads\/sites\/25\/2026\/03\/WhatsApp-Image-2026-03-03-at-12.36.25-540x360.jpeg 540w, https:\/\/portal.pi.gov.br\/saf\/wp-content\/uploads\/sites\/25\/2026\/03\/WhatsApp-Image-2026-03-03-at-12.36.25-780x520.jpeg 780w, https:\/\/portal.pi.gov.br\/saf\/wp-content\/uploads\/sites\/25\/2026\/03\/WhatsApp-Image-2026-03-03-at-12.36.25-947x632.jpeg 947w, https:\/\/portal.pi.gov.br\/saf\/wp-content\/uploads\/sites\/25\/2026\/03\/WhatsApp-Image-2026-03-03-at-12.36.25-624x416.jpeg 624w, https:\/\/portal.pi.gov.br\/saf\/wp-content\/uploads\/sites\/25\/2026\/03\/WhatsApp-Image-2026-03-03-at-12.36.25-84x56.jpeg 84w\" sizes=\"(max-width: 1280px) 100vw, 1280px\" \/><figcaption class=\"wp-element-caption\">Secret\u00e1ria da SAF, Rejane Tavares (Foto: Geirlys Silva \/ SAF)<\/figcaption><\/figure>\n\n\n\n<p>O projeto ter\u00e1 atua\u00e7\u00e3o em seis territ\u00f3rios do Piau\u00ed: Plan\u00edcie Litor\u00e2nea, Cocais, Carnaubais, Entre Rios, Tabuleiros do Alto Parna\u00edba e Chapada das Mangabeiras. Ficam excetuados os territ\u00f3rios do semi\u00e1rido piauiense, j\u00e1 contemplados pelo projeto Piau\u00ed Sustent\u00e1vel e Inclusivo (PSI). O investimento total previsto \u00e9 de R$ 33 milh\u00f5es, viabilizados por meio de opera\u00e7\u00e3o de cr\u00e9dito junto ao Banco Mundial.<\/p>\n\n\n\n<p>O edital beneficiar\u00e1 cooperativas e associa\u00e7\u00f5es que tenham a partir de 25 membros. O projeto contar\u00e1 tamb\u00e9m com uma segunda chamada, na qual mais de 140 associa\u00e7\u00f5es poder\u00e3o ingressar, totalizando 250 associa\u00e7\u00f5es atendidas e alcan\u00e7ando cerca de 9 mil fam\u00edlias beneficiadas pelo Pilares II.<\/p>\n\n\n\n<figure class=\"wp-block-image size-full\"><img decoding=\"async\" loading=\"lazy\" width=\"1280\" height=\"854\" src=\"https:\/\/portal.pi.gov.br\/saf\/wp-content\/uploads\/sites\/25\/2026\/03\/WhatsApp-Image-2026-03-03-at-12.36.22.jpeg\" alt=\"\" class=\"wp-image-5201\" srcset=\"https:\/\/portal.pi.gov.br\/saf\/wp-content\/uploads\/sites\/25\/2026\/03\/WhatsApp-Image-2026-03-03-at-12.36.22.jpeg 1280w, https:\/\/portal.pi.gov.br\/saf\/wp-content\/uploads\/sites\/25\/2026\/03\/WhatsApp-Image-2026-03-03-at-12.36.22-500x334.jpeg 500w, https:\/\/portal.pi.gov.br\/saf\/wp-content\/uploads\/sites\/25\/2026\/03\/WhatsApp-Image-2026-03-03-at-12.36.22-768x512.jpeg 768w, https:\/\/portal.pi.gov.br\/saf\/wp-content\/uploads\/sites\/25\/2026\/03\/WhatsApp-Image-2026-03-03-at-12.36.22-420x280.jpeg 420w, https:\/\/portal.pi.gov.br\/saf\/wp-content\/uploads\/sites\/25\/2026\/03\/WhatsApp-Image-2026-03-03-at-12.36.22-540x360.jpeg 540w, https:\/\/portal.pi.gov.br\/saf\/wp-content\/uploads\/sites\/25\/2026\/03\/WhatsApp-Image-2026-03-03-at-12.36.22-780x520.jpeg 780w, https:\/\/portal.pi.gov.br\/saf\/wp-content\/uploads\/sites\/25\/2026\/03\/WhatsApp-Image-2026-03-03-at-12.36.22-947x632.jpeg 947w, https:\/\/portal.pi.gov.br\/saf\/wp-content\/uploads\/sites\/25\/2026\/03\/WhatsApp-Image-2026-03-03-at-12.36.22-624x416.jpeg 624w, https:\/\/portal.pi.gov.br\/saf\/wp-content\/uploads\/sites\/25\/2026\/03\/WhatsApp-Image-2026-03-03-at-12.36.22-84x56.jpeg 84w\" sizes=\"(max-width: 1280px) 100vw, 1280px\" \/><figcaption class=\"wp-element-caption\">Superintendente Evandro Cardoso, da SAF, durante apresenta\u00e7\u00e3o do edital do Pilares II (Foto: Geirlys Silva \/ SAF)<\/figcaption><\/figure>\n\n\n\n<p>Evandro Cardoso, superintendente de Projetos Territoriais do Norte e Sul da SAF, afirma que o edital vem para fortalecer as cadeias produtivas do estado. \u201cO Projeto Pilares II vem no sentido de fortalecer as cadeias produtivas da agricultura familiar, numa perspectiva de inclus\u00e3o socioecon\u00f4mica dessas popula\u00e7\u00f5es. H\u00e1 uma orienta\u00e7\u00e3o geral do governo para que trabalhemos na perspectiva de mudar o atual patamar da agricultura familiar. Queremos pegar a mat\u00e9ria-prima, agregar valor a ela e lev\u00e1-la ao mercado. Esse \u00e9 o principal foco que o Pilares vai percorrer\u201d, afirmou.<\/p>\n\n\n\n<p>Jos\u00e9 Laurindo Soares, agricultor familiar do Assentamento 17 de Abril, em Teresina, relata suas expectativas quanto \u00e0 participa\u00e7\u00e3o no projeto. \u201cO lan\u00e7amento do Projeto Pilares vem para fortalecer os agricultores familiares. No nosso caso, ser\u00e1 muito bom, porque estamos buscando uma casa de beneficiamento para o assentamento, para agregar valor a produtos como a caju\u00edna, que j\u00e1 produzimos, e ampliar a variedade para beneficiar ainda mais nossa produ\u00e7\u00e3o, como a mandioca e outros derivados da agricultura familiar. Ficamos muito felizes com esse projeto\u201d, afirma.<\/p>\n\n\n\n<figure class=\"wp-block-image size-full\"><img decoding=\"async\" loading=\"lazy\" width=\"1280\" height=\"854\" src=\"https:\/\/portal.pi.gov.br\/saf\/wp-content\/uploads\/sites\/25\/2026\/03\/WhatsApp-Image-2026-03-03-at-12.36.23.jpeg\" alt=\"\" class=\"wp-image-5202\" srcset=\"https:\/\/portal.pi.gov.br\/saf\/wp-content\/uploads\/sites\/25\/2026\/03\/WhatsApp-Image-2026-03-03-at-12.36.23.jpeg 1280w, https:\/\/portal.pi.gov.br\/saf\/wp-content\/uploads\/sites\/25\/2026\/03\/WhatsApp-Image-2026-03-03-at-12.36.23-500x334.jpeg 500w, https:\/\/portal.pi.gov.br\/saf\/wp-content\/uploads\/sites\/25\/2026\/03\/WhatsApp-Image-2026-03-03-at-12.36.23-768x512.jpeg 768w, https:\/\/portal.pi.gov.br\/saf\/wp-content\/uploads\/sites\/25\/2026\/03\/WhatsApp-Image-2026-03-03-at-12.36.23-420x280.jpeg 420w, https:\/\/portal.pi.gov.br\/saf\/wp-content\/uploads\/sites\/25\/2026\/03\/WhatsApp-Image-2026-03-03-at-12.36.23-540x360.jpeg 540w, https:\/\/portal.pi.gov.br\/saf\/wp-content\/uploads\/sites\/25\/2026\/03\/WhatsApp-Image-2026-03-03-at-12.36.23-780x520.jpeg 780w, https:\/\/portal.pi.gov.br\/saf\/wp-content\/uploads\/sites\/25\/2026\/03\/WhatsApp-Image-2026-03-03-at-12.36.23-947x632.jpeg 947w, https:\/\/portal.pi.gov.br\/saf\/wp-content\/uploads\/sites\/25\/2026\/03\/WhatsApp-Image-2026-03-03-at-12.36.23-624x416.jpeg 624w, https:\/\/portal.pi.gov.br\/saf\/wp-content\/uploads\/sites\/25\/2026\/03\/WhatsApp-Image-2026-03-03-at-12.36.23-84x56.jpeg 84w\" sizes=\"(max-width: 1280px) 100vw, 1280px\" \/><figcaption class=\"wp-element-caption\">Lan\u00e7amento do edital do projeto Pilares II (Foto: Geirlys Silva \/ SAF)<\/figcaption><\/figure>\n\n\n\n<p><strong>Como participar<\/strong><\/p>\n\n\n\n<p>Os interessados devem acessar a <a href=\"https:\/\/sigrp.pi.gov.br\/login\">p\u00e1gina do Sistema Integrado de Gest\u00e3o de Repasses (SIGRP)<\/a> para submeter a documenta\u00e7\u00e3o necess\u00e1ria. Para participar, as cooperativas e associa\u00e7\u00f5es devem ter Cadastro Nacional da Agricultura Familiar (CAF).<\/p>\n\n\n\n<p>Ter\u00e3o prioridade as organiza\u00e7\u00f5es que contemplem mulheres, jovens de at\u00e9 29 anos, povos origin\u00e1rios e comunidades tradicionais. As inscri\u00e7\u00f5es come\u00e7am nesta ter\u00e7a-feira (03) e seguem at\u00e9 o dia 7 de abril. No edital, os interessados podem ter acesso \u00e0s informa\u00e7\u00f5es detalhadas do projeto.<\/p>\n\n\n\n<p><a href=\"https:\/\/docs.google.com\/viewer?url=https%3A%2F%2Fportal.pi.gov.br%2Fsaf%2Fwp-admin%2Fadmin-ajax.php%3Fjuwpfisadmin%3Dfalse%26action%3Dwpfd%26task%3Dfile.download%26wpfd_category_id%3D90%26wpfd_file_id%3D5197%26token%3D6e13eca669fb0e5c85abefd95cecb544%26preview%3D1&amp;embedded=true\"><strong>Clique aqui para acessar o edital<\/strong><\/a><\/p>\n\n\n\n<p><\/p>\n\n\n\n<figure class=\"wp-block-image size-full\"><img decoding=\"async\" loading=\"lazy\" width=\"1280\" height=\"854\" src=\"https:\/\/portal.pi.gov.br\/saf\/wp-content\/uploads\/sites\/25\/2026\/03\/WhatsApp-Image-2026-03-03-at-12.36.28.jpeg\" alt=\"\" class=\"wp-image-5203\" srcset=\"https:\/\/portal.pi.gov.br\/saf\/wp-content\/uploads\/sites\/25\/2026\/03\/WhatsApp-Image-2026-03-03-at-12.36.28.jpeg 1280w, https:\/\/portal.pi.gov.br\/saf\/wp-content\/uploads\/sites\/25\/2026\/03\/WhatsApp-Image-2026-03-03-at-12.36.28-500x334.jpeg 500w, https:\/\/portal.pi.gov.br\/saf\/wp-content\/uploads\/sites\/25\/2026\/03\/WhatsApp-Image-2026-03-03-at-12.36.28-768x512.jpeg 768w, https:\/\/portal.pi.gov.br\/saf\/wp-content\/uploads\/sites\/25\/2026\/03\/WhatsApp-Image-2026-03-03-at-12.36.28-420x280.jpeg 420w, https:\/\/portal.pi.gov.br\/saf\/wp-content\/uploads\/sites\/25\/2026\/03\/WhatsApp-Image-2026-03-03-at-12.36.28-540x360.jpeg 540w, https:\/\/portal.pi.gov.br\/saf\/wp-content\/uploads\/sites\/25\/2026\/03\/WhatsApp-Image-2026-03-03-at-12.36.28-780x520.jpeg 780w, https:\/\/portal.pi.gov.br\/saf\/wp-content\/uploads\/sites\/25\/2026\/03\/WhatsApp-Image-2026-03-03-at-12.36.28-947x632.jpeg 947w, https:\/\/portal.pi.gov.br\/saf\/wp-content\/uploads\/sites\/25\/2026\/03\/WhatsApp-Image-2026-03-03-at-12.36.28-624x416.jpeg 624w, https:\/\/portal.pi.gov.br\/saf\/wp-content\/uploads\/sites\/25\/2026\/03\/WhatsApp-Image-2026-03-03-at-12.36.28-84x56.jpeg 84w\" sizes=\"(max-width: 1280px) 100vw, 1280px\" \/><figcaption class=\"wp-element-caption\">Foto: Geirlys Silva \/ SAF<\/figcaption><\/figure>\n","protected":false},"excerpt":{"rendered":"<p>A Secretaria da Agricultura Familiar (SAF) lan\u00e7ou, nesta ter\u00e7a-feira (3), o edital para a sele\u00e7\u00e3o de 110 cooperativas e associa\u00e7\u00f5es da agricultura familiar para projetos de inclus\u00e3o produtiva por meio [&hellip;]<\/p>\n","protected":false},"author":1,"featured_media":5202,"comment_status":"closed","ping_status":"closed","sticky":false,"template":"","format":"standard","meta":[],"categories":[31],"tags":[],"featured_image_urls":{"full":["https:\/\/portal.pi.gov.br\/saf\/wp-content\/uploads\/sites\/25\/2026\/03\/WhatsApp-Image-2026-03-03-at-12.36.23.jpeg",1280,854,false],"thumbnail":["https:\/\/portal.pi.gov.br\/saf\/wp-content\/uploads\/sites\/25\/2026\/03\/WhatsApp-Image-2026-03-03-at-12.36.23-150x150.jpeg",150,150,true],"medium":["https:\/\/portal.pi.gov.br\/saf\/wp-content\/uploads\/sites\/25\/2026\/03\/WhatsApp-Image-2026-03-03-at-12.36.23-500x334.jpeg",500,334,true],"medium_large":["https:\/\/portal.pi.gov.br\/saf\/wp-content\/uploads\/sites\/25\/2026\/03\/WhatsApp-Image-2026-03-03-at-12.36.23-768x512.jpeg",768,512,true],"large":["https:\/\/portal.pi.gov.br\/saf\/wp-content\/uploads\/sites\/25\/2026\/03\/WhatsApp-Image-2026-03-03-at-12.36.23.jpeg",887,592,false],"sgg-420":["https:\/\/portal.pi.gov.br\/saf\/wp-content\/uploads\/sites\/25\/2026\/03\/WhatsApp-Image-2026-03-03-at-12.36.23-420x280.jpeg",420,280,true],"sgg-540":["https:\/\/portal.pi.gov.br\/saf\/wp-content\/uploads\/sites\/25\/2026\/03\/WhatsApp-Image-2026-03-03-at-12.36.23-540x360.jpeg",540,360,true],"sgg-780":["https:\/\/portal.pi.gov.br\/saf\/wp-content\/uploads\/sites\/25\/2026\/03\/WhatsApp-Image-2026-03-03-at-12.36.23-780x520.jpeg",780,520,true],"1536x1536":["https:\/\/portal.pi.gov.br\/saf\/wp-content\/uploads\/sites\/25\/2026\/03\/WhatsApp-Image-2026-03-03-at-12.36.23.jpeg",1280,854,false],"2048x2048":["https:\/\/portal.pi.gov.br\/saf\/wp-content\/uploads\/sites\/25\/2026\/03\/WhatsApp-Image-2026-03-03-at-12.36.23.jpeg",1280,854,false],"homepage-slider":["https:\/\/portal.pi.gov.br\/saf\/wp-content\/uploads\/sites\/25\/2026\/03\/WhatsApp-Image-2026-03-03-at-12.36.23-1270x500.jpeg",1270,500,true],"homepage-slider-small":["https:\/\/portal.pi.gov.br\/saf\/wp-content\/uploads\/sites\/25\/2026\/03\/WhatsApp-Image-2026-03-03-at-12.36.23-947x500.jpeg",947,500,true],"page-top":["https:\/\/portal.pi.gov.br\/saf\/wp-content\/uploads\/sites\/25\/2026\/03\/WhatsApp-Image-2026-03-03-at-12.36.23-947x632.jpeg",947,632,true],"page-small":["https:\/\/portal.pi.gov.br\/saf\/wp-content\/uploads\/sites\/25\/2026\/03\/WhatsApp-Image-2026-03-03-at-12.36.23-624x416.jpeg",624,416,true],"loop-main":["https:\/\/portal.pi.gov.br\/saf\/wp-content\/uploads\/sites\/25\/2026\/03\/WhatsApp-Image-2026-03-03-at-12.36.23-365x240.jpeg",365,240,true],"thumb-gallery-widget":["https:\/\/portal.pi.gov.br\/saf\/wp-content\/uploads\/sites\/25\/2026\/03\/WhatsApp-Image-2026-03-03-at-12.36.23-84x56.jpeg",84,56,true]},"post_excerpt_stackable":"<p>A Secretaria da Agricultura Familiar (SAF) lan\u00e7ou, nesta ter\u00e7a-feira (3), o edital para a sele\u00e7\u00e3o de 110 cooperativas e associa\u00e7\u00f5es da agricultura familiar para projetos de inclus\u00e3o produtiva por meio do projeto Piau\u00ed: Pilares de Crescimento e Inclus\u00e3o Social II (Pilares II). O objetivo \u00e9 investir at\u00e9 R$ 300 mil em cada proposta com foco na produ\u00e7\u00e3o sustent\u00e1vel, na agroindustrializa\u00e7\u00e3o e na amplia\u00e7\u00e3o do acesso a mercados. A secret\u00e1ria da Agricultura Familiar, Rejane Tavares, destaca que esta sele\u00e7\u00e3o tem o objetivo de incentivar o beneficiamento de produtos da agricultura familiar, garantindo assim aumento de renda e melhoria na produ\u00e7\u00e3o. \u201cA&hellip;<\/p>\n","category_list":"<a href=\"https:\/\/portal.pi.gov.br\/saf\/category\/noticias\/\" rel=\"category tag\">Not\u00edcias<\/a>","author_info":{"name":"admin","url":"https:\/\/portal.pi.gov.br\/saf\/author\/admin\/"},"comments_num":"0 coment\u00e1rio","featured_image_urls_v2":{"full":["https:\/\/portal.pi.gov.br\/saf\/wp-content\/uploads\/sites\/25\/2026\/03\/WhatsApp-Image-2026-03-03-at-12.36.23.jpeg",1280,854,false],"thumbnail":["https:\/\/portal.pi.gov.br\/saf\/wp-content\/uploads\/sites\/25\/2026\/03\/WhatsApp-Image-2026-03-03-at-12.36.23-150x150.jpeg",150,150,true],"medium":["https:\/\/portal.pi.gov.br\/saf\/wp-content\/uploads\/sites\/25\/2026\/03\/WhatsApp-Image-2026-03-03-at-12.36.23-500x334.jpeg",500,334,true],"medium_large":["https:\/\/portal.pi.gov.br\/saf\/wp-content\/uploads\/sites\/25\/2026\/03\/WhatsApp-Image-2026-03-03-at-12.36.23-768x512.jpeg",768,512,true],"large":["https:\/\/portal.pi.gov.br\/saf\/wp-content\/uploads\/sites\/25\/2026\/03\/WhatsApp-Image-2026-03-03-at-12.36.23.jpeg",887,592,false],"sgg-420":["https:\/\/portal.pi.gov.br\/saf\/wp-content\/uploads\/sites\/25\/2026\/03\/WhatsApp-Image-2026-03-03-at-12.36.23-420x280.jpeg",420,280,true],"sgg-540":["https:\/\/portal.pi.gov.br\/saf\/wp-content\/uploads\/sites\/25\/2026\/03\/WhatsApp-Image-2026-03-03-at-12.36.23-540x360.jpeg",540,360,true],"sgg-780":["https:\/\/portal.pi.gov.br\/saf\/wp-content\/uploads\/sites\/25\/2026\/03\/WhatsApp-Image-2026-03-03-at-12.36.23-780x520.jpeg",780,520,true],"1536x1536":["https:\/\/portal.pi.gov.br\/saf\/wp-content\/uploads\/sites\/25\/2026\/03\/WhatsApp-Image-2026-03-03-at-12.36.23.jpeg",1280,854,false],"2048x2048":["https:\/\/portal.pi.gov.br\/saf\/wp-content\/uploads\/sites\/25\/2026\/03\/WhatsApp-Image-2026-03-03-at-12.36.23.jpeg",1280,854,false],"homepage-slider":["https:\/\/portal.pi.gov.br\/saf\/wp-content\/uploads\/sites\/25\/2026\/03\/WhatsApp-Image-2026-03-03-at-12.36.23-1270x500.jpeg",1270,500,true],"homepage-slider-small":["https:\/\/portal.pi.gov.br\/saf\/wp-content\/uploads\/sites\/25\/2026\/03\/WhatsApp-Image-2026-03-03-at-12.36.23-947x500.jpeg",947,500,true],"page-top":["https:\/\/portal.pi.gov.br\/saf\/wp-content\/uploads\/sites\/25\/2026\/03\/WhatsApp-Image-2026-03-03-at-12.36.23-947x632.jpeg",947,632,true],"page-small":["https:\/\/portal.pi.gov.br\/saf\/wp-content\/uploads\/sites\/25\/2026\/03\/WhatsApp-Image-2026-03-03-at-12.36.23-624x416.jpeg",624,416,true],"loop-main":["https:\/\/portal.pi.gov.br\/saf\/wp-content\/uploads\/sites\/25\/2026\/03\/WhatsApp-Image-2026-03-03-at-12.36.23-365x240.jpeg",365,240,true],"thumb-gallery-widget":["https:\/\/portal.pi.gov.br\/saf\/wp-content\/uploads\/sites\/25\/2026\/03\/WhatsApp-Image-2026-03-03-at-12.36.23-84x56.jpeg",84,56,true]},"post_excerpt_stackable_v2":"<p>A Secretaria da Agricultura Familiar (SAF) lan\u00e7ou, nesta ter\u00e7a-feira (3), o edital para a sele\u00e7\u00e3o de 110 cooperativas e associa\u00e7\u00f5es da agricultura familiar para projetos de inclus\u00e3o produtiva por meio do projeto Piau\u00ed: Pilares de Crescimento e Inclus\u00e3o Social II (Pilares II). O objetivo \u00e9 investir at\u00e9 R$ 300 mil em cada proposta com foco na produ\u00e7\u00e3o sustent\u00e1vel, na agroindustrializa\u00e7\u00e3o e na amplia\u00e7\u00e3o do acesso a mercados. A secret\u00e1ria da Agricultura Familiar, Rejane Tavares, destaca que esta sele\u00e7\u00e3o tem o objetivo de incentivar o beneficiamento de produtos da agricultura familiar, garantindo assim aumento de renda e melhoria na produ\u00e7\u00e3o. \u201cA&hellip;<\/p>\n","category_list_v2":"<a href=\"https:\/\/portal.pi.gov.br\/saf\/category\/noticias\/\" rel=\"category tag\">Not\u00edcias<\/a>","author_info_v2":{"name":"admin","url":"https:\/\/portal.pi.gov.br\/saf\/author\/admin\/"},"comments_num_v2":"0 coment\u00e1rio","jetpack_featured_media_url":"https:\/\/portal.pi.gov.br\/saf\/wp-content\/uploads\/sites\/25\/2026\/03\/WhatsApp-Image-2026-03-03-at-12.36.23.jpeg","_links":{"self":[{"href":"https:\/\/portal.pi.gov.br\/saf\/wp-json\/wp\/v2\/posts\/5199"}],"collection":[{"href":"https:\/\/portal.pi.gov.br\/saf\/wp-json\/wp\/v2\/posts"}],"about":[{"href":"https:\/\/portal.pi.gov.br\/saf\/wp-json\/wp\/v2\/types\/post"}],"author":[{"embeddable":true,"href":"https:\/\/portal.pi.gov.br\/saf\/wp-json\/wp\/v2\/users\/1"}],"replies":[{"embeddable":true,"href":"https:\/\/portal.pi.gov.br\/saf\/wp-json\/wp\/v2\/comments?post=5199"}],"version-history":[{"count":1,"href":"https:\/\/portal.pi.gov.br\/saf\/wp-json\/wp\/v2\/posts\/5199\/revisions"}],"predecessor-version":[{"id":5204,"href":"https:\/\/portal.pi.gov.br\/saf\/wp-json\/wp\/v2\/posts\/5199\/revisions\/5204"}],"wp:featuredmedia":[{"embeddable":true,"href":"https:\/\/portal.pi.gov.br\/saf\/wp-json\/wp\/v2\/media\/5202"}],"wp:attachment":[{"href":"https:\/\/portal.pi.gov.br\/saf\/wp-json\/wp\/v2\/media?parent=5199"}],"wp:term":[{"taxonomy":"category","embeddable":true,"href":"https:\/\/portal.pi.gov.br\/saf\/wp-json\/wp\/v2\/categories?post=5199"},{"taxonomy":"post_tag","embeddable":true,"href":"https:\/\/portal.pi.gov.br\/saf\/wp-json\/wp\/v2\/tags?post=5199"}],"curies":[{"name":"wp","href":"https:\/\/api.w.org\/{rel}","templated":true}]}}