{"id":5322,"date":"2026-04-04T08:00:00","date_gmt":"2026-04-04T11:00:00","guid":{"rendered":"https:\/\/portal.pi.gov.br\/saf\/?p=5322"},"modified":"2026-04-01T20:04:47","modified_gmt":"2026-04-01T23:04:47","slug":"prazo-para-inscricoes-de-entidades-no-projeto-pilares-ii-e-prorrogado","status":"publish","type":"post","link":"https:\/\/portal.pi.gov.br\/saf\/2026\/04\/04\/prazo-para-inscricoes-de-entidades-no-projeto-pilares-ii-e-prorrogado\/","title":{"rendered":"Prazo para inscri\u00e7\u00f5es de entidades no Projeto Pilares II \u00e9 prorrogado"},"content":{"rendered":"\n<p>O prazo para associa\u00e7\u00f5es e cooperativas da agricultura familiar se inscreverem no edital do Projeto Piau\u00ed: Pilares de Crescimento e Inclus\u00e3o Social II (Pilares II) foi prorrogado. Com a mudan\u00e7a, as entidades ter\u00e3o at\u00e9 o dia 15 de abril para submeter suas propostas.<\/p>\n\n\n\n<p>O Projeto Pilares II tem como finalidade fortalecer a agricultura familiar por meio de pr\u00e1ticas sustent\u00e1veis, incentivo \u00e0 organiza\u00e7\u00e3o produtiva e amplia\u00e7\u00e3o da assist\u00eancia t\u00e9cnica. A a\u00e7\u00e3o tamb\u00e9m prioriza a inclus\u00e3o de mulheres, jovens, povos origin\u00e1rios e comunidades tradicionais, promovendo gera\u00e7\u00e3o de renda e melhoria das condi\u00e7\u00f5es de vida no campo.<\/p>\n\n\n\n<p>O edital, que foi lan\u00e7ado no dia 03 de mar\u00e7o pela Secretaria da Agricultura Familiar (SAF), prev\u00ea investimento de at\u00e9 R$ 300 mil por proposta, com foco no fortalecimento da produ\u00e7\u00e3o sustent\u00e1vel, agroindustrializa\u00e7\u00e3o e amplia\u00e7\u00e3o do acesso a mercados para organiza\u00e7\u00f5es da agricultura familiar. Ao todo, o edital prev\u00ea investimento global de cerca de R$ 33 milh\u00f5es, com recursos oriundos de financiamento junto ao Banco Mundial. A expectativa \u00e9 selecionar 110 propostas de cooperativas e associa\u00e7\u00f5es, beneficiando milhares de fam\u00edlias em diferentes territ\u00f3rios do estado.<\/p>\n\n\n\n<figure class=\"wp-block-image\" id=\"attachment_119278\"><img decoding=\"async\" src=\"https:\/\/www.pi.gov.br\/wp-content\/uploads\/2026\/03\/doces-e-cajuina.JPG-1024x683.jpeg\" alt=\"\" class=\"wp-image-119278\" \/><figcaption class=\"wp-element-caption\">Um dos objetivos do projeto Pilares II \u00e9 investir no beneficiamento da produ\u00e7\u00e3o da agricultura familiar (Foto: Geirlys Silva \/ SAF)<\/figcaption><\/figure>\n\n\n\n<p>A prorroga\u00e7\u00e3o do prazo tem como objetivo ampliar a participa\u00e7\u00e3o das entidades interessadas, garantindo que mais organiza\u00e7\u00f5es possam estruturar e enviar suas propostas dentro dos crit\u00e9rios estabelecidos. A iniciativa integra um conjunto de a\u00e7\u00f5es do Governo do Estado voltadas \u00e0 inclus\u00e3o produtiva e ao desenvolvimento rural sustent\u00e1vel.<\/p>\n\n\n\n<p>O projeto tem atua\u00e7\u00e3o em seis territ\u00f3rios de desenvolvimento do Piau\u00ed: Plan\u00edcie Litor\u00e2nea, Cocais, Carnaubais, Entre Rios, Tabuleiros do Alto Parna\u00edba e Chapada das Mangabeiras.<\/p>\n\n\n\n<p><strong>Como se inscrever<\/strong><\/p>\n\n\n\n<p>As inscri\u00e7\u00f5es devem ser realizadas exclusivamente de forma online, por meio do Sistema Integrado de Gest\u00e3o de Recursos do Projeto (SIGRP). As organiza\u00e7\u00f5es interessadas precisam acessar a plataforma oficial do projeto, preencher o formul\u00e1rio eletr\u00f4nico e anexar toda a documenta\u00e7\u00e3o exigida no edital, incluindo dados institucionais, proposta t\u00e9cnica e plano de investimento.<\/p>\n\n\n\n<p>Podem participar cooperativas e associa\u00e7\u00f5es da agricultura familiar que atendam aos crit\u00e9rios estabelecidos, como n\u00famero m\u00ednimo de associados e regularidade cadastral, al\u00e9m de estarem inscritas no Cadastro Nacional da Agricultura Familiar (CAF).<\/p>\n\n\n\n<p><a href=\"https:\/\/docs.google.com\/viewer?url=https%3A%2F%2Fportal.pi.gov.br%2Fsaf%2Fwp-admin%2Fadmin-ajax.php%3Fjuwpfisadmin%3Dfalse%26action%3Dwpfd%26task%3Dfile.download%26wpfd_category_id%3D90%26wpfd_file_id%3D5197%26token%3D6e13eca669fb0e5c85abefd95cecb544%26preview%3D1&amp;embedded=true\"><strong>Clique aqui para acessar o edital<\/strong><\/a><br><a href=\"https:\/\/docs.google.com\/viewer?url=https%3A%2F%2Fportal.pi.gov.br%2Fsaf%2Fwp-admin%2Fadmin-ajax.php%3Fjuwpfisadmin%3Dfalse%26action%3Dwpfd%26task%3Dfile.download%26wpfd_category_id%3D90%26wpfd_file_id%3D5307%26token%3D3092c8c1a279797ead95fa4c24108058%26preview%3D1&amp;embedded=true\"><strong>Clique aqui para acessar o aviso de altera\u00e7\u00e3o no cronograma do edital<\/strong><\/a><\/p>\n","protected":false},"excerpt":{"rendered":"<p>O prazo para associa\u00e7\u00f5es e cooperativas da agricultura familiar se inscreverem no edital do Projeto Piau\u00ed: Pilares de Crescimento e Inclus\u00e3o Social II (Pilares II) foi prorrogado. Com a mudan\u00e7a, [&hellip;]<\/p>\n","protected":false},"author":1742,"featured_media":4979,"comment_status":"closed","ping_status":"closed","sticky":false,"template":"","format":"standard","meta":[],"categories":[31],"tags":[],"featured_image_urls":{"full":["https:\/\/portal.pi.gov.br\/saf\/wp-content\/uploads\/sites\/25\/2025\/12\/IMG_6217-scaled.jpg",2560,1707,false],"thumbnail":["https:\/\/portal.pi.gov.br\/saf\/wp-content\/uploads\/sites\/25\/2025\/12\/IMG_6217-150x150.jpg",150,150,true],"medium":["https:\/\/portal.pi.gov.br\/saf\/wp-content\/uploads\/sites\/25\/2025\/12\/IMG_6217-500x333.jpg",500,333,true],"medium_large":["https:\/\/portal.pi.gov.br\/saf\/wp-content\/uploads\/sites\/25\/2025\/12\/IMG_6217-768x512.jpg",768,512,true],"large":["https:\/\/portal.pi.gov.br\/saf\/wp-content\/uploads\/sites\/25\/2025\/12\/IMG_6217-4096x2730.jpg",887,591,true],"sgg-420":["https:\/\/portal.pi.gov.br\/saf\/wp-content\/uploads\/sites\/25\/2025\/12\/IMG_6217-420x280.jpg",420,280,true],"sgg-540":["https:\/\/portal.pi.gov.br\/saf\/wp-content\/uploads\/sites\/25\/2025\/12\/IMG_6217-540x360.jpg",540,360,true],"sgg-780":["https:\/\/portal.pi.gov.br\/saf\/wp-content\/uploads\/sites\/25\/2025\/12\/IMG_6217-780x520.jpg",780,520,true],"1536x1536":["https:\/\/portal.pi.gov.br\/saf\/wp-content\/uploads\/sites\/25\/2025\/12\/IMG_6217-1536x1024.jpg",1536,1024,true],"2048x2048":["https:\/\/portal.pi.gov.br\/saf\/wp-content\/uploads\/sites\/25\/2025\/12\/IMG_6217-2048x1365.jpg",2048,1365,true],"homepage-slider":["https:\/\/portal.pi.gov.br\/saf\/wp-content\/uploads\/sites\/25\/2025\/12\/IMG_6217-1270x500.jpg",1270,500,true],"homepage-slider-small":["https:\/\/portal.pi.gov.br\/saf\/wp-content\/uploads\/sites\/25\/2025\/12\/IMG_6217-947x500.jpg",947,500,true],"page-top":["https:\/\/portal.pi.gov.br\/saf\/wp-content\/uploads\/sites\/25\/2025\/12\/IMG_6217-947x631.jpg",947,631,true],"page-small":["https:\/\/portal.pi.gov.br\/saf\/wp-content\/uploads\/sites\/25\/2025\/12\/IMG_6217-624x416.jpg",624,416,true],"loop-main":["https:\/\/portal.pi.gov.br\/saf\/wp-content\/uploads\/sites\/25\/2025\/12\/IMG_6217-365x240.jpg",365,240,true],"thumb-gallery-widget":["https:\/\/portal.pi.gov.br\/saf\/wp-content\/uploads\/sites\/25\/2025\/12\/IMG_6217-84x56.jpg",84,56,true]},"post_excerpt_stackable":"<p>O prazo para associa\u00e7\u00f5es e cooperativas da agricultura familiar se inscreverem no edital do Projeto Piau\u00ed: Pilares de Crescimento e Inclus\u00e3o Social II (Pilares II) foi prorrogado. Com a mudan\u00e7a, as entidades ter\u00e3o at\u00e9 o dia 15 de abril para submeter suas propostas. O Projeto Pilares II tem como finalidade fortalecer a agricultura familiar por meio de pr\u00e1ticas sustent\u00e1veis, incentivo \u00e0 organiza\u00e7\u00e3o produtiva e amplia\u00e7\u00e3o da assist\u00eancia t\u00e9cnica. A a\u00e7\u00e3o tamb\u00e9m prioriza a inclus\u00e3o de mulheres, jovens, povos origin\u00e1rios e comunidades tradicionais, promovendo gera\u00e7\u00e3o de renda e melhoria das condi\u00e7\u00f5es de vida no campo. O edital, que foi lan\u00e7ado no&hellip;<\/p>\n","category_list":"<a href=\"https:\/\/portal.pi.gov.br\/saf\/category\/noticias\/\" rel=\"category tag\">Not\u00edcias<\/a>","author_info":{"name":"robertoaraujo","url":"https:\/\/portal.pi.gov.br\/saf\/author\/robertoaraujo\/"},"comments_num":"0 coment\u00e1rio","featured_image_urls_v2":{"full":["https:\/\/portal.pi.gov.br\/saf\/wp-content\/uploads\/sites\/25\/2025\/12\/IMG_6217-scaled.jpg",2560,1707,false],"thumbnail":["https:\/\/portal.pi.gov.br\/saf\/wp-content\/uploads\/sites\/25\/2025\/12\/IMG_6217-150x150.jpg",150,150,true],"medium":["https:\/\/portal.pi.gov.br\/saf\/wp-content\/uploads\/sites\/25\/2025\/12\/IMG_6217-500x333.jpg",500,333,true],"medium_large":["https:\/\/portal.pi.gov.br\/saf\/wp-content\/uploads\/sites\/25\/2025\/12\/IMG_6217-768x512.jpg",768,512,true],"large":["https:\/\/portal.pi.gov.br\/saf\/wp-content\/uploads\/sites\/25\/2025\/12\/IMG_6217-4096x2730.jpg",887,591,true],"sgg-420":["https:\/\/portal.pi.gov.br\/saf\/wp-content\/uploads\/sites\/25\/2025\/12\/IMG_6217-420x280.jpg",420,280,true],"sgg-540":["https:\/\/portal.pi.gov.br\/saf\/wp-content\/uploads\/sites\/25\/2025\/12\/IMG_6217-540x360.jpg",540,360,true],"sgg-780":["https:\/\/portal.pi.gov.br\/saf\/wp-content\/uploads\/sites\/25\/2025\/12\/IMG_6217-780x520.jpg",780,520,true],"1536x1536":["https:\/\/portal.pi.gov.br\/saf\/wp-content\/uploads\/sites\/25\/2025\/12\/IMG_6217-1536x1024.jpg",1536,1024,true],"2048x2048":["https:\/\/portal.pi.gov.br\/saf\/wp-content\/uploads\/sites\/25\/2025\/12\/IMG_6217-2048x1365.jpg",2048,1365,true],"homepage-slider":["https:\/\/portal.pi.gov.br\/saf\/wp-content\/uploads\/sites\/25\/2025\/12\/IMG_6217-1270x500.jpg",1270,500,true],"homepage-slider-small":["https:\/\/portal.pi.gov.br\/saf\/wp-content\/uploads\/sites\/25\/2025\/12\/IMG_6217-947x500.jpg",947,500,true],"page-top":["https:\/\/portal.pi.gov.br\/saf\/wp-content\/uploads\/sites\/25\/2025\/12\/IMG_6217-947x631.jpg",947,631,true],"page-small":["https:\/\/portal.pi.gov.br\/saf\/wp-content\/uploads\/sites\/25\/2025\/12\/IMG_6217-624x416.jpg",624,416,true],"loop-main":["https:\/\/portal.pi.gov.br\/saf\/wp-content\/uploads\/sites\/25\/2025\/12\/IMG_6217-365x240.jpg",365,240,true],"thumb-gallery-widget":["https:\/\/portal.pi.gov.br\/saf\/wp-content\/uploads\/sites\/25\/2025\/12\/IMG_6217-84x56.jpg",84,56,true]},"post_excerpt_stackable_v2":"<p>O prazo para associa\u00e7\u00f5es e cooperativas da agricultura familiar se inscreverem no edital do Projeto Piau\u00ed: Pilares de Crescimento e Inclus\u00e3o Social II (Pilares II) foi prorrogado. Com a mudan\u00e7a, as entidades ter\u00e3o at\u00e9 o dia 15 de abril para submeter suas propostas. O Projeto Pilares II tem como finalidade fortalecer a agricultura familiar por meio de pr\u00e1ticas sustent\u00e1veis, incentivo \u00e0 organiza\u00e7\u00e3o produtiva e amplia\u00e7\u00e3o da assist\u00eancia t\u00e9cnica. A a\u00e7\u00e3o tamb\u00e9m prioriza a inclus\u00e3o de mulheres, jovens, povos origin\u00e1rios e comunidades tradicionais, promovendo gera\u00e7\u00e3o de renda e melhoria das condi\u00e7\u00f5es de vida no campo. O edital, que foi lan\u00e7ado no&hellip;<\/p>\n","category_list_v2":"<a href=\"https:\/\/portal.pi.gov.br\/saf\/category\/noticias\/\" rel=\"category tag\">Not\u00edcias<\/a>","author_info_v2":{"name":"robertoaraujo","url":"https:\/\/portal.pi.gov.br\/saf\/author\/robertoaraujo\/"},"comments_num_v2":"0 coment\u00e1rio","jetpack_featured_media_url":"https:\/\/portal.pi.gov.br\/saf\/wp-content\/uploads\/sites\/25\/2025\/12\/IMG_6217-scaled.jpg","_links":{"self":[{"href":"https:\/\/portal.pi.gov.br\/saf\/wp-json\/wp\/v2\/posts\/5322"}],"collection":[{"href":"https:\/\/portal.pi.gov.br\/saf\/wp-json\/wp\/v2\/posts"}],"about":[{"href":"https:\/\/portal.pi.gov.br\/saf\/wp-json\/wp\/v2\/types\/post"}],"author":[{"embeddable":true,"href":"https:\/\/portal.pi.gov.br\/saf\/wp-json\/wp\/v2\/users\/1742"}],"replies":[{"embeddable":true,"href":"https:\/\/portal.pi.gov.br\/saf\/wp-json\/wp\/v2\/comments?post=5322"}],"version-history":[{"count":1,"href":"https:\/\/portal.pi.gov.br\/saf\/wp-json\/wp\/v2\/posts\/5322\/revisions"}],"predecessor-version":[{"id":5323,"href":"https:\/\/portal.pi.gov.br\/saf\/wp-json\/wp\/v2\/posts\/5322\/revisions\/5323"}],"wp:featuredmedia":[{"embeddable":true,"href":"https:\/\/portal.pi.gov.br\/saf\/wp-json\/wp\/v2\/media\/4979"}],"wp:attachment":[{"href":"https:\/\/portal.pi.gov.br\/saf\/wp-json\/wp\/v2\/media?parent=5322"}],"wp:term":[{"taxonomy":"category","embeddable":true,"href":"https:\/\/portal.pi.gov.br\/saf\/wp-json\/wp\/v2\/categories?post=5322"},{"taxonomy":"post_tag","embeddable":true,"href":"https:\/\/portal.pi.gov.br\/saf\/wp-json\/wp\/v2\/tags?post=5322"}],"curies":[{"name":"wp","href":"https:\/\/api.w.org\/{rel}","templated":true}]}}