{"id":5378,"date":"2026-04-23T09:17:37","date_gmt":"2026-04-23T12:17:37","guid":{"rendered":"https:\/\/portal.pi.gov.br\/saf\/?p=5378"},"modified":"2026-04-23T09:17:38","modified_gmt":"2026-04-23T12:17:38","slug":"saf-inicia-segunda-etapa-do-psi-com-supervisao-de-acoes-em-municipios-do-piaui","status":"publish","type":"post","link":"https:\/\/portal.pi.gov.br\/saf\/2026\/04\/23\/saf-inicia-segunda-etapa-do-psi-com-supervisao-de-acoes-em-municipios-do-piaui\/","title":{"rendered":"SAF inicia segunda etapa do PSI com supervis\u00e3o de a\u00e7\u00f5es em munic\u00edpios do Piau\u00ed"},"content":{"rendered":"\n<p>A agenda segue com nove dias de visitas a benefici\u00e1rios de a\u00e7\u00f5es da SAF, com  verifica\u00e7\u00e3o de atividades executadas nos diversos territ\u00f3rios do estado.<\/p>\n\n\n\n<p>A Secretaria da Agricultura Familiar (SAF) iniciou nesta quarta-feira (22) a segunda etapa da miss\u00e3o do programa Piau\u00ed Sustent\u00e1vel Inclusivo (PSI). A a\u00e7\u00e3o \u00e9 realizada em conjunto com a Secretaria de Planejamento (Seplan), Secretaria de Assist\u00eancia T\u00e9cnica e Defesa Agropecu\u00e1ria (Sada), Secretaria do Meio Ambiente e Recursos H\u00eddricos (Semarh), Instituto de Terras do Piau\u00ed (Interpi), Fundo Internacional de Desenvolvimento Agr\u00edcola (Fida) e o Banco Interamericano de Desenvolvimento (BID).<\/p>\n\n\n\n<figure class=\"wp-block-image size-large\"><img decoding=\"async\" loading=\"lazy\" width=\"4096\" height=\"2731\" src=\"https:\/\/portal.pi.gov.br\/saf\/wp-content\/uploads\/sites\/25\/2026\/04\/IMG_4044-4096x2731.jpg\" alt=\"\" class=\"wp-image-5380\" srcset=\"https:\/\/portal.pi.gov.br\/saf\/wp-content\/uploads\/sites\/25\/2026\/04\/IMG_4044-4096x2731.jpg 4096w, https:\/\/portal.pi.gov.br\/saf\/wp-content\/uploads\/sites\/25\/2026\/04\/IMG_4044-500x333.jpg 500w, https:\/\/portal.pi.gov.br\/saf\/wp-content\/uploads\/sites\/25\/2026\/04\/IMG_4044-768x512.jpg 768w, https:\/\/portal.pi.gov.br\/saf\/wp-content\/uploads\/sites\/25\/2026\/04\/IMG_4044-420x280.jpg 420w, https:\/\/portal.pi.gov.br\/saf\/wp-content\/uploads\/sites\/25\/2026\/04\/IMG_4044-540x360.jpg 540w, https:\/\/portal.pi.gov.br\/saf\/wp-content\/uploads\/sites\/25\/2026\/04\/IMG_4044-780x520.jpg 780w, https:\/\/portal.pi.gov.br\/saf\/wp-content\/uploads\/sites\/25\/2026\/04\/IMG_4044-1536x1024.jpg 1536w, https:\/\/portal.pi.gov.br\/saf\/wp-content\/uploads\/sites\/25\/2026\/04\/IMG_4044-2048x1365.jpg 2048w, https:\/\/portal.pi.gov.br\/saf\/wp-content\/uploads\/sites\/25\/2026\/04\/IMG_4044-947x631.jpg 947w, https:\/\/portal.pi.gov.br\/saf\/wp-content\/uploads\/sites\/25\/2026\/04\/IMG_4044-624x416.jpg 624w, https:\/\/portal.pi.gov.br\/saf\/wp-content\/uploads\/sites\/25\/2026\/04\/IMG_4044-84x56.jpg 84w\" sizes=\"(max-width: 4096px) 100vw, 4096px\" \/><\/figure>\n\n\n\n<p>A miss\u00e3o segue at\u00e9 o pr\u00f3ximo dia 30, com o objetivo de verificar as atividades executadas pela SAF, como passagens molhadas, cisternas, plano de adapta\u00e7\u00e3o produtiva (PAP) e assessoramento t\u00e9cnico sistem\u00e1tico (ATS) em comunidades quilombolas e fam\u00edlias de agricultores. De acordo com o superintendente de Projetos Territoriais da SAF, Jairo Chagas, nesta segunda etapa, tr\u00eas grupos compostos pela equipe do PSI se deslocaram para os munic\u00edpios de Oeiras, Amarante, S\u00e3o Francisco do Piau\u00ed, S\u00e3o Raimundo Nonato, Bet\u00e2nia, S\u00e3o Jo\u00e3o do Piau\u00ed, Valen\u00e7a e Paulistana.<\/p>\n\n\n\n<p>\u201cSer\u00e3o nove dias de miss\u00e3o, iniciando com visitas a benefici\u00e1rios do PAP, dos Planos de Neg\u00f3cios, regulariza\u00e7\u00e3o fundi\u00e1ria e de recupera\u00e7\u00e3o ambiental, al\u00e9m das comunidades que receberam obras de mobilidade rural, como as passagens molhadas\u201d, explicou.<\/p>\n\n\n\n<figure class=\"wp-block-image size-large\"><img decoding=\"async\" loading=\"lazy\" width=\"4096\" height=\"2730\" src=\"https:\/\/portal.pi.gov.br\/saf\/wp-content\/uploads\/sites\/25\/2026\/04\/IMG_1217-4096x2730.jpg\" alt=\"\" class=\"wp-image-5381\" srcset=\"https:\/\/portal.pi.gov.br\/saf\/wp-content\/uploads\/sites\/25\/2026\/04\/IMG_1217-4096x2730.jpg 4096w, https:\/\/portal.pi.gov.br\/saf\/wp-content\/uploads\/sites\/25\/2026\/04\/IMG_1217-500x333.jpg 500w, https:\/\/portal.pi.gov.br\/saf\/wp-content\/uploads\/sites\/25\/2026\/04\/IMG_1217-768x512.jpg 768w, https:\/\/portal.pi.gov.br\/saf\/wp-content\/uploads\/sites\/25\/2026\/04\/IMG_1217-420x280.jpg 420w, https:\/\/portal.pi.gov.br\/saf\/wp-content\/uploads\/sites\/25\/2026\/04\/IMG_1217-540x360.jpg 540w, https:\/\/portal.pi.gov.br\/saf\/wp-content\/uploads\/sites\/25\/2026\/04\/IMG_1217-780x520.jpg 780w, https:\/\/portal.pi.gov.br\/saf\/wp-content\/uploads\/sites\/25\/2026\/04\/IMG_1217-1536x1024.jpg 1536w, https:\/\/portal.pi.gov.br\/saf\/wp-content\/uploads\/sites\/25\/2026\/04\/IMG_1217-2048x1365.jpg 2048w, https:\/\/portal.pi.gov.br\/saf\/wp-content\/uploads\/sites\/25\/2026\/04\/IMG_1217-947x631.jpg 947w, https:\/\/portal.pi.gov.br\/saf\/wp-content\/uploads\/sites\/25\/2026\/04\/IMG_1217-624x416.jpg 624w, https:\/\/portal.pi.gov.br\/saf\/wp-content\/uploads\/sites\/25\/2026\/04\/IMG_1217-84x56.jpg 84w\" sizes=\"(max-width: 4096px) 100vw, 4096px\" \/><\/figure>\n\n\n\n<p>O superintendente afirmou que a revis\u00e3o integra uma s\u00e9rie de a\u00e7\u00f5es com foco no impulsionamento da comercializa\u00e7\u00e3o de produtos da agricultura familiar, que garante maior renda e autonomia do povo do campo.<\/p>\n\n\n\n<p>\u201cO nosso foco \u00e9 na comercializa\u00e7\u00e3o, para que as fam\u00edlias consigam acessar mercados n\u00e3o apenas institucionais, mas tamb\u00e9m tradicionais, para poderem gerar renda e terem autonomia no semi\u00e1rido\u201d, afirmou o superintendente sobre o objetivo do PAP.<\/p>\n\n\n\n<p>Segundo a agricultora, Zilda Monte, da Associa\u00e7\u00e3o Barriguda, em Oeiras, as a\u00e7\u00f5es da SAF t\u00eam gerado resultados positivos na produ\u00e7\u00e3o e conviv\u00eancia nas comunidades, com uma melhor troca de conhecimentos e solu\u00e7\u00f5es para os problemas da regi\u00e3o.<\/p>\n\n\n\n<p>\u201cAs a\u00e7\u00f5es t\u00eam sido de extrema import\u00e2ncia pois, com a presen\u00e7a dos t\u00e9cnicos, n\u00f3s agricultores aprendemos novas t\u00e9cnicas de plantio, manejo de solo, trabalhos que melhoram a qualidade da produ\u00e7\u00e3o e aumento da nossa produtividade. As visitas tamb\u00e9m facilitam a solucionar problemas no campo, fazendo com que a comunidade se sinta mais confiante, valorizada e acolhida\u201d,<\/p>\n\n\n\n<figure class=\"wp-block-image size-full\"><img decoding=\"async\" loading=\"lazy\" width=\"1280\" height=\"853\" src=\"https:\/\/portal.pi.gov.br\/saf\/wp-content\/uploads\/sites\/25\/2026\/04\/WhatsApp-Image-2026-04-22-at-12.20.12.jpeg\" alt=\"\" class=\"wp-image-5379\" srcset=\"https:\/\/portal.pi.gov.br\/saf\/wp-content\/uploads\/sites\/25\/2026\/04\/WhatsApp-Image-2026-04-22-at-12.20.12.jpeg 1280w, https:\/\/portal.pi.gov.br\/saf\/wp-content\/uploads\/sites\/25\/2026\/04\/WhatsApp-Image-2026-04-22-at-12.20.12-500x333.jpeg 500w, https:\/\/portal.pi.gov.br\/saf\/wp-content\/uploads\/sites\/25\/2026\/04\/WhatsApp-Image-2026-04-22-at-12.20.12-768x512.jpeg 768w, https:\/\/portal.pi.gov.br\/saf\/wp-content\/uploads\/sites\/25\/2026\/04\/WhatsApp-Image-2026-04-22-at-12.20.12-420x280.jpeg 420w, https:\/\/portal.pi.gov.br\/saf\/wp-content\/uploads\/sites\/25\/2026\/04\/WhatsApp-Image-2026-04-22-at-12.20.12-540x360.jpeg 540w, https:\/\/portal.pi.gov.br\/saf\/wp-content\/uploads\/sites\/25\/2026\/04\/WhatsApp-Image-2026-04-22-at-12.20.12-780x520.jpeg 780w, https:\/\/portal.pi.gov.br\/saf\/wp-content\/uploads\/sites\/25\/2026\/04\/WhatsApp-Image-2026-04-22-at-12.20.12-947x631.jpeg 947w, https:\/\/portal.pi.gov.br\/saf\/wp-content\/uploads\/sites\/25\/2026\/04\/WhatsApp-Image-2026-04-22-at-12.20.12-624x416.jpeg 624w, https:\/\/portal.pi.gov.br\/saf\/wp-content\/uploads\/sites\/25\/2026\/04\/WhatsApp-Image-2026-04-22-at-12.20.12-84x56.jpeg 84w\" sizes=\"(max-width: 1280px) 100vw, 1280px\" \/><\/figure>\n\n\n\n<p><strong>Projeto Piau\u00ed Sustent\u00e1vel e Inclusivo<\/strong><\/p>\n\n\n\n<p>O projeto Piau\u00ed Sustent\u00e1vel e Inclusivo (PSI) \u00e9 executado pelo Governo do Piau\u00ed por meio de opera\u00e7\u00e3o de cr\u00e9dito com o Banco Interamericano de Desenvolvimento (BID) e o Fundo Internacional de Desenvolvimento Agr\u00edcola (Fida). O objetivo \u00e9 garantir a melhoria de renda e da qualidade de vida da popula\u00e7\u00e3o rural, por meio da seguran\u00e7a alimentar e nutricional, do acesso regular \u00e0 \u00e1gua, do crescimento produtivo ambientalmente sustent\u00e1vel e resili\u00eancia \u00e0s mudan\u00e7as clim\u00e1ticas no semi\u00e1rido piauiense.<\/p>\n","protected":false},"excerpt":{"rendered":"<p>A Secretaria da Agricultura Familiar (SAF) iniciou nesta quarta-feira (22) a segunda etapa da miss\u00e3o do programa Piau\u00ed Sustent\u00e1vel Inclusivo (PSI). A a\u00e7\u00e3o \u00e9 realizada em conjunto com a Secretaria de Planejamento (Seplan), Secretaria de Assist\u00eancia T\u00e9cnica e Defesa Agropecu\u00e1ria (Sada), Secretaria do Meio Ambiente e Recursos H\u00eddricos (Semarh), Instituto de Terras do Piau\u00ed (Interpi), Fundo Internacional de Desenvolvimento Agr\u00edcola (Fida) e o Banco Interamericano de Desenvolvimento (BID).<\/p>\n","protected":false},"author":1860,"featured_media":5380,"comment_status":"closed","ping_status":"closed","sticky":false,"template":"","format":"standard","meta":[],"categories":[31],"tags":[327,243,34],"featured_image_urls":{"full":["https:\/\/portal.pi.gov.br\/saf\/wp-content\/uploads\/sites\/25\/2026\/04\/IMG_4044-scaled.jpg",2560,1707,false],"thumbnail":["https:\/\/portal.pi.gov.br\/saf\/wp-content\/uploads\/sites\/25\/2026\/04\/IMG_4044-150x150.jpg",150,150,true],"medium":["https:\/\/portal.pi.gov.br\/saf\/wp-content\/uploads\/sites\/25\/2026\/04\/IMG_4044-500x333.jpg",500,333,true],"medium_large":["https:\/\/portal.pi.gov.br\/saf\/wp-content\/uploads\/sites\/25\/2026\/04\/IMG_4044-768x512.jpg",768,512,true],"large":["https:\/\/portal.pi.gov.br\/saf\/wp-content\/uploads\/sites\/25\/2026\/04\/IMG_4044-4096x2731.jpg",887,591,true],"sgg-420":["https:\/\/portal.pi.gov.br\/saf\/wp-content\/uploads\/sites\/25\/2026\/04\/IMG_4044-420x280.jpg",420,280,true],"sgg-540":["https:\/\/portal.pi.gov.br\/saf\/wp-content\/uploads\/sites\/25\/2026\/04\/IMG_4044-540x360.jpg",540,360,true],"sgg-780":["https:\/\/portal.pi.gov.br\/saf\/wp-content\/uploads\/sites\/25\/2026\/04\/IMG_4044-780x520.jpg",780,520,true],"1536x1536":["https:\/\/portal.pi.gov.br\/saf\/wp-content\/uploads\/sites\/25\/2026\/04\/IMG_4044-1536x1024.jpg",1536,1024,true],"2048x2048":["https:\/\/portal.pi.gov.br\/saf\/wp-content\/uploads\/sites\/25\/2026\/04\/IMG_4044-2048x1365.jpg",2048,1365,true],"homepage-slider":["https:\/\/portal.pi.gov.br\/saf\/wp-content\/uploads\/sites\/25\/2026\/04\/IMG_4044-1270x500.jpg",1270,500,true],"homepage-slider-small":["https:\/\/portal.pi.gov.br\/saf\/wp-content\/uploads\/sites\/25\/2026\/04\/IMG_4044-947x500.jpg",947,500,true],"page-top":["https:\/\/portal.pi.gov.br\/saf\/wp-content\/uploads\/sites\/25\/2026\/04\/IMG_4044-947x631.jpg",947,631,true],"page-small":["https:\/\/portal.pi.gov.br\/saf\/wp-content\/uploads\/sites\/25\/2026\/04\/IMG_4044-624x416.jpg",624,416,true],"loop-main":["https:\/\/portal.pi.gov.br\/saf\/wp-content\/uploads\/sites\/25\/2026\/04\/IMG_4044-365x240.jpg",365,240,true],"thumb-gallery-widget":["https:\/\/portal.pi.gov.br\/saf\/wp-content\/uploads\/sites\/25\/2026\/04\/IMG_4044-84x56.jpg",84,56,true]},"post_excerpt_stackable":"<p>A Secretaria da Agricultura Familiar (SAF) iniciou nesta quarta-feira (22) a segunda etapa da miss\u00e3o do programa Piau\u00ed Sustent\u00e1vel Inclusivo (PSI). A a\u00e7\u00e3o \u00e9 realizada em conjunto com a Secretaria de Planejamento (Seplan), Secretaria de Assist\u00eancia T\u00e9cnica e Defesa Agropecu\u00e1ria (Sada), Secretaria do Meio Ambiente e Recursos H\u00eddricos (Semarh), Instituto de Terras do Piau\u00ed (Interpi), Fundo Internacional de Desenvolvimento Agr\u00edcola (Fida) e o Banco Interamericano de Desenvolvimento (BID).<\/p>\n","category_list":"<a href=\"https:\/\/portal.pi.gov.br\/saf\/category\/noticias\/\" rel=\"category tag\">Not\u00edcias<\/a>","author_info":{"name":"francyleneoliveira","url":"https:\/\/portal.pi.gov.br\/saf\/author\/francyleneoliveira\/"},"comments_num":"0 coment\u00e1rio","featured_image_urls_v2":{"full":["https:\/\/portal.pi.gov.br\/saf\/wp-content\/uploads\/sites\/25\/2026\/04\/IMG_4044-scaled.jpg",2560,1707,false],"thumbnail":["https:\/\/portal.pi.gov.br\/saf\/wp-content\/uploads\/sites\/25\/2026\/04\/IMG_4044-150x150.jpg",150,150,true],"medium":["https:\/\/portal.pi.gov.br\/saf\/wp-content\/uploads\/sites\/25\/2026\/04\/IMG_4044-500x333.jpg",500,333,true],"medium_large":["https:\/\/portal.pi.gov.br\/saf\/wp-content\/uploads\/sites\/25\/2026\/04\/IMG_4044-768x512.jpg",768,512,true],"large":["https:\/\/portal.pi.gov.br\/saf\/wp-content\/uploads\/sites\/25\/2026\/04\/IMG_4044-4096x2731.jpg",887,591,true],"sgg-420":["https:\/\/portal.pi.gov.br\/saf\/wp-content\/uploads\/sites\/25\/2026\/04\/IMG_4044-420x280.jpg",420,280,true],"sgg-540":["https:\/\/portal.pi.gov.br\/saf\/wp-content\/uploads\/sites\/25\/2026\/04\/IMG_4044-540x360.jpg",540,360,true],"sgg-780":["https:\/\/portal.pi.gov.br\/saf\/wp-content\/uploads\/sites\/25\/2026\/04\/IMG_4044-780x520.jpg",780,520,true],"1536x1536":["https:\/\/portal.pi.gov.br\/saf\/wp-content\/uploads\/sites\/25\/2026\/04\/IMG_4044-1536x1024.jpg",1536,1024,true],"2048x2048":["https:\/\/portal.pi.gov.br\/saf\/wp-content\/uploads\/sites\/25\/2026\/04\/IMG_4044-2048x1365.jpg",2048,1365,true],"homepage-slider":["https:\/\/portal.pi.gov.br\/saf\/wp-content\/uploads\/sites\/25\/2026\/04\/IMG_4044-1270x500.jpg",1270,500,true],"homepage-slider-small":["https:\/\/portal.pi.gov.br\/saf\/wp-content\/uploads\/sites\/25\/2026\/04\/IMG_4044-947x500.jpg",947,500,true],"page-top":["https:\/\/portal.pi.gov.br\/saf\/wp-content\/uploads\/sites\/25\/2026\/04\/IMG_4044-947x631.jpg",947,631,true],"page-small":["https:\/\/portal.pi.gov.br\/saf\/wp-content\/uploads\/sites\/25\/2026\/04\/IMG_4044-624x416.jpg",624,416,true],"loop-main":["https:\/\/portal.pi.gov.br\/saf\/wp-content\/uploads\/sites\/25\/2026\/04\/IMG_4044-365x240.jpg",365,240,true],"thumb-gallery-widget":["https:\/\/portal.pi.gov.br\/saf\/wp-content\/uploads\/sites\/25\/2026\/04\/IMG_4044-84x56.jpg",84,56,true]},"post_excerpt_stackable_v2":"<p>A Secretaria da Agricultura Familiar (SAF) iniciou nesta quarta-feira (22) a segunda etapa da miss\u00e3o do programa Piau\u00ed Sustent\u00e1vel Inclusivo (PSI). A a\u00e7\u00e3o \u00e9 realizada em conjunto com a Secretaria de Planejamento (Seplan), Secretaria de Assist\u00eancia T\u00e9cnica e Defesa Agropecu\u00e1ria (Sada), Secretaria do Meio Ambiente e Recursos H\u00eddricos (Semarh), Instituto de Terras do Piau\u00ed (Interpi), Fundo Internacional de Desenvolvimento Agr\u00edcola (Fida) e o Banco Interamericano de Desenvolvimento (BID).<\/p>\n","category_list_v2":"<a href=\"https:\/\/portal.pi.gov.br\/saf\/category\/noticias\/\" rel=\"category tag\">Not\u00edcias<\/a>","author_info_v2":{"name":"francyleneoliveira","url":"https:\/\/portal.pi.gov.br\/saf\/author\/francyleneoliveira\/"},"comments_num_v2":"0 coment\u00e1rio","jetpack_featured_media_url":"https:\/\/portal.pi.gov.br\/saf\/wp-content\/uploads\/sites\/25\/2026\/04\/IMG_4044-scaled.jpg","_links":{"self":[{"href":"https:\/\/portal.pi.gov.br\/saf\/wp-json\/wp\/v2\/posts\/5378"}],"collection":[{"href":"https:\/\/portal.pi.gov.br\/saf\/wp-json\/wp\/v2\/posts"}],"about":[{"href":"https:\/\/portal.pi.gov.br\/saf\/wp-json\/wp\/v2\/types\/post"}],"author":[{"embeddable":true,"href":"https:\/\/portal.pi.gov.br\/saf\/wp-json\/wp\/v2\/users\/1860"}],"replies":[{"embeddable":true,"href":"https:\/\/portal.pi.gov.br\/saf\/wp-json\/wp\/v2\/comments?post=5378"}],"version-history":[{"count":1,"href":"https:\/\/portal.pi.gov.br\/saf\/wp-json\/wp\/v2\/posts\/5378\/revisions"}],"predecessor-version":[{"id":5382,"href":"https:\/\/portal.pi.gov.br\/saf\/wp-json\/wp\/v2\/posts\/5378\/revisions\/5382"}],"wp:featuredmedia":[{"embeddable":true,"href":"https:\/\/portal.pi.gov.br\/saf\/wp-json\/wp\/v2\/media\/5380"}],"wp:attachment":[{"href":"https:\/\/portal.pi.gov.br\/saf\/wp-json\/wp\/v2\/media?parent=5378"}],"wp:term":[{"taxonomy":"category","embeddable":true,"href":"https:\/\/portal.pi.gov.br\/saf\/wp-json\/wp\/v2\/categories?post=5378"},{"taxonomy":"post_tag","embeddable":true,"href":"https:\/\/portal.pi.gov.br\/saf\/wp-json\/wp\/v2\/tags?post=5378"}],"curies":[{"name":"wp","href":"https:\/\/api.w.org\/{rel}","templated":true}]}}