{"id":5426,"date":"2026-04-30T09:00:53","date_gmt":"2026-04-30T12:00:53","guid":{"rendered":"https:\/\/portal.pi.gov.br\/saf\/?p=5426"},"modified":"2026-04-30T09:09:38","modified_gmt":"2026-04-30T12:09:38","slug":"jovens-do-piaui-participam-de-modulo-sobre-gestao-e-assessoria-tecnica-para-o-meio-rural","status":"publish","type":"post","link":"https:\/\/portal.pi.gov.br\/saf\/2026\/04\/30\/jovens-do-piaui-participam-de-modulo-sobre-gestao-e-assessoria-tecnica-para-o-meio-rural\/","title":{"rendered":"Pen\u00faltimo m\u00f3dulo do Programa Juventude Rural Transformadora capacita jovens piauienses para o meio rural"},"content":{"rendered":"\n<p>Os participantes seguem na fase final de revis\u00e3o e ajuste de projetos produtivos que ser\u00e3o apresentados como trabalho de conclus\u00e3o da forma\u00e7\u00e3o.<\/p>\n\n\n\n<figure class=\"wp-block-image size-full\"><img decoding=\"async\" loading=\"lazy\" width=\"1280\" height=\"720\" src=\"https:\/\/portal.pi.gov.br\/saf\/wp-content\/uploads\/sites\/25\/2026\/04\/WhatsApp-Image-2026-04-29-at-17.22.18-1.jpeg\" alt=\"\" class=\"wp-image-5428\" srcset=\"https:\/\/portal.pi.gov.br\/saf\/wp-content\/uploads\/sites\/25\/2026\/04\/WhatsApp-Image-2026-04-29-at-17.22.18-1.jpeg 1280w, https:\/\/portal.pi.gov.br\/saf\/wp-content\/uploads\/sites\/25\/2026\/04\/WhatsApp-Image-2026-04-29-at-17.22.18-1-500x281.jpeg 500w, https:\/\/portal.pi.gov.br\/saf\/wp-content\/uploads\/sites\/25\/2026\/04\/WhatsApp-Image-2026-04-29-at-17.22.18-1-768x432.jpeg 768w, https:\/\/portal.pi.gov.br\/saf\/wp-content\/uploads\/sites\/25\/2026\/04\/WhatsApp-Image-2026-04-29-at-17.22.18-1-420x236.jpeg 420w, https:\/\/portal.pi.gov.br\/saf\/wp-content\/uploads\/sites\/25\/2026\/04\/WhatsApp-Image-2026-04-29-at-17.22.18-1-540x304.jpeg 540w, https:\/\/portal.pi.gov.br\/saf\/wp-content\/uploads\/sites\/25\/2026\/04\/WhatsApp-Image-2026-04-29-at-17.22.18-1-780x439.jpeg 780w, https:\/\/portal.pi.gov.br\/saf\/wp-content\/uploads\/sites\/25\/2026\/04\/WhatsApp-Image-2026-04-29-at-17.22.18-1-947x533.jpeg 947w, https:\/\/portal.pi.gov.br\/saf\/wp-content\/uploads\/sites\/25\/2026\/04\/WhatsApp-Image-2026-04-29-at-17.22.18-1-624x351.jpeg 624w\" sizes=\"(max-width: 1280px) 100vw, 1280px\" \/><\/figure>\n\n\n\n<p>Cerca de 100 jovens de diversos territ\u00f3rios do Piau\u00ed participar\u00e3o do M\u00f3dulo VIII do Programa Juventude Rural Transformadora, da Secretaria da Agricultura Familiar (SAF), nesta sexta-feira (1\u00ba), no Instituto Federal do Piau\u00ed (IFPI) \u2013 Campus Central, na Rua \u00c1lvaro Mendes. Com a tem\u00e1tica Gest\u00e3o e Assessoria T\u00e9cnica, o pen\u00faltimo m\u00f3dulo tem como objetivo aprimorar t\u00e9cnicas e arranjos institucionais para o desenvolvimento do meio rural.<\/p>\n\n\n\n<p>O encontro segue at\u00e9 o pr\u00f3ximo dia 3 de maio, das 8h \u00e0s 17h. Segundo o coordenador do projeto no IFPI, Thiago Soares, os tr\u00eas dias de aula ir\u00e3o abordar rela\u00e7\u00f5es de trabalho, postura \u00e9tica, resolu\u00e7\u00e3o de conflitos e a implanta\u00e7\u00e3o dos projetos desenvolvidos durante a forma\u00e7\u00e3o.<\/p>\n\n\n\n<p>\u201cOs jovens atuar\u00e3o com os projetos desenvolvidos no programa com a perspectiva de aprimor\u00e1-los para serem aplicados na agricultura familiar. Al\u00e9m disso, ter\u00e3o a experi\u00eancia de trabalhar tem\u00e1ticas como mudan\u00e7as clim\u00e1ticas, arranjos institucionais, pr\u00e1ticas de assessoria e gest\u00e3o de conflitos, postura \u00e9tica e implementa\u00e7\u00e3o dos projetos\u201d, disse.<\/p>\n\n\n\n<p>A diretora de Mobiliza\u00e7\u00e3o e Organiza\u00e7\u00e3o Social da SAF, M\u00e1rcia Mendes, ressaltou que o momento representa uma etapa decisiva. \u201cEstamos no pen\u00faltimo m\u00f3dulo de um total de nove e este \u00e9 o momento de revis\u00e3o e ajuste dos projetos produtivos desenvolvidos pelos jovens, que ser\u00e3o apresentados como trabalho de conclus\u00e3o da forma\u00e7\u00e3o. S\u00e3o propostas constru\u00eddas em parceria com as comunidades e que poder\u00e3o ser financiadas pelo Governo do Estado ou por outras fontes de recurso.\u201d<\/p>\n\n\n\n<p>Ela afirma que a iniciativa representa um avan\u00e7o tanto para os participantes quanto para o poder p\u00fablico. \u201cAl\u00e9m de concluir a forma\u00e7\u00e3o, esses jovens passam a integrar um grupo com uma vis\u00e3o diferenciada de assist\u00eancia t\u00e9cnica, mais sens\u00edvel, participativa e conectada com a realidade dos territ\u00f3rios. Para o estado, isso significa receber profissionais preparados para atuar no fortalecimento da agricultura familiar\u201d, destacou.<\/p>\n\n\n\n<figure class=\"wp-block-image size-full\"><img decoding=\"async\" loading=\"lazy\" width=\"1280\" height=\"854\" src=\"https:\/\/portal.pi.gov.br\/saf\/wp-content\/uploads\/sites\/25\/2026\/04\/WhatsApp-Image-2026-04-29-at-17.22.18-2.jpeg\" alt=\"\" class=\"wp-image-5429\" srcset=\"https:\/\/portal.pi.gov.br\/saf\/wp-content\/uploads\/sites\/25\/2026\/04\/WhatsApp-Image-2026-04-29-at-17.22.18-2.jpeg 1280w, https:\/\/portal.pi.gov.br\/saf\/wp-content\/uploads\/sites\/25\/2026\/04\/WhatsApp-Image-2026-04-29-at-17.22.18-2-500x334.jpeg 500w, https:\/\/portal.pi.gov.br\/saf\/wp-content\/uploads\/sites\/25\/2026\/04\/WhatsApp-Image-2026-04-29-at-17.22.18-2-768x512.jpeg 768w, https:\/\/portal.pi.gov.br\/saf\/wp-content\/uploads\/sites\/25\/2026\/04\/WhatsApp-Image-2026-04-29-at-17.22.18-2-420x280.jpeg 420w, https:\/\/portal.pi.gov.br\/saf\/wp-content\/uploads\/sites\/25\/2026\/04\/WhatsApp-Image-2026-04-29-at-17.22.18-2-540x360.jpeg 540w, https:\/\/portal.pi.gov.br\/saf\/wp-content\/uploads\/sites\/25\/2026\/04\/WhatsApp-Image-2026-04-29-at-17.22.18-2-780x520.jpeg 780w, https:\/\/portal.pi.gov.br\/saf\/wp-content\/uploads\/sites\/25\/2026\/04\/WhatsApp-Image-2026-04-29-at-17.22.18-2-947x632.jpeg 947w, https:\/\/portal.pi.gov.br\/saf\/wp-content\/uploads\/sites\/25\/2026\/04\/WhatsApp-Image-2026-04-29-at-17.22.18-2-624x416.jpeg 624w, https:\/\/portal.pi.gov.br\/saf\/wp-content\/uploads\/sites\/25\/2026\/04\/WhatsApp-Image-2026-04-29-at-17.22.18-2-84x56.jpeg 84w\" sizes=\"(max-width: 1280px) 100vw, 1280px\" \/><\/figure>\n\n\n\n<p>A palestrante, Nazar\u00e9 Cavalcanti, afirmou que a forma\u00e7\u00e3o busca ampliar a atua\u00e7\u00e3o dos jovens para al\u00e9m da elabora\u00e7\u00e3o de projetos.<br>\u201cEsse m\u00f3dulo trabalha a postura \u00e9tica, a escuta ativa e a capacidade de mobiliza\u00e7\u00e3o nas comunidades rurais. A proposta \u00e9 formar assessores t\u00e9cnicos comprometidos com processos de desenvolvimento rural sustent\u00e1vel, capazes de construir solu\u00e7\u00f5es coletivas junto \u00e0s comunidades\u201d, disse.<\/p>\n\n\n\n<p>A bolsista \u00c2ngela de Oliveira Nunes, que participa do programa h\u00e1 um ano, destaca a import\u00e2ncia da iniciativa para conhecer outras realidades e comenta a cria\u00e7\u00e3o de um projeto voltado \u00e0 comunidade onde mora.<\/p>\n\n\n\n<p>\u201cAtualmente, estou em processo de desenvolvimento de um projeto com potencial para beneficiar a comunidade do territ\u00f3rio onde resido. Esse avan\u00e7o s\u00f3 tem sido poss\u00edvel gra\u00e7as \u00e0s forma\u00e7\u00f5es, \u00e0s trocas de experi\u00eancias e ao incentivo cont\u00ednuo proporcionado pelo programa. Al\u00e9m disso, o programa amplia horizontes ao apresentar diferentes realidades, valoriza os saberes locais e fortalece a identidade do jovem rural como agente de transforma\u00e7\u00e3o. Para mim, representa muito mais do que uma forma\u00e7\u00e3o: trata-se de uma oportunidade concreta de transforma\u00e7\u00e3o de vida e do protagonismo juvenil no meio rural.\u201d<\/p>\n\n\n\n<p><strong>Juventude Rural Transformadora<\/strong><\/p>\n\n\n\n<p>O programa \u00e9 uma iniciativa da Secretaria da Agricultura Familiar em parceria com o Instituto Federal do Piau\u00ed (IFPI), com apoio da Secretaria da Educa\u00e7\u00e3o (Seduc) e do Centro Brasileiro de An\u00e1lise e Planejamento (Cebrap), al\u00e9m de recursos do Minist\u00e9rio do Desenvolvimento Social (MDS).<\/p>\n","protected":false},"excerpt":{"rendered":"<p>Cerca de 100 jovens de diversos territ\u00f3rios do Piau\u00ed participam do M\u00f3dulo VIII do Programa Juventude Rural Transformadora, da Secretaria da Agricultura Familiar (SAF), nesta sexta-feira (1\u00ba), no Instituto Federal do Piau\u00ed (IFPI) \u2013 Campus Central, na Rua \u00c1lvaro Mendes. Com a tem\u00e1tica Gest\u00e3o e Assessoria T\u00e9cnica, o programa tem como objetivo aprimorar t\u00e9cnicas e arranjos institucionais para o desenvolvimento do meio rural.<\/p>\n","protected":false},"author":1860,"featured_media":5430,"comment_status":"closed","ping_status":"closed","sticky":false,"template":"","format":"standard","meta":[],"categories":[31],"tags":[57,289,40,34],"featured_image_urls":{"full":["https:\/\/portal.pi.gov.br\/saf\/wp-content\/uploads\/sites\/25\/2026\/04\/WhatsApp-Image-2026-04-29-at-17.22.18-1-1.jpeg",1280,720,false],"thumbnail":["https:\/\/portal.pi.gov.br\/saf\/wp-content\/uploads\/sites\/25\/2026\/04\/WhatsApp-Image-2026-04-29-at-17.22.18-1-1-150x150.jpeg",150,150,true],"medium":["https:\/\/portal.pi.gov.br\/saf\/wp-content\/uploads\/sites\/25\/2026\/04\/WhatsApp-Image-2026-04-29-at-17.22.18-1-1-500x281.jpeg",500,281,true],"medium_large":["https:\/\/portal.pi.gov.br\/saf\/wp-content\/uploads\/sites\/25\/2026\/04\/WhatsApp-Image-2026-04-29-at-17.22.18-1-1-768x432.jpeg",768,432,true],"large":["https:\/\/portal.pi.gov.br\/saf\/wp-content\/uploads\/sites\/25\/2026\/04\/WhatsApp-Image-2026-04-29-at-17.22.18-1-1.jpeg",887,499,false],"sgg-420":["https:\/\/portal.pi.gov.br\/saf\/wp-content\/uploads\/sites\/25\/2026\/04\/WhatsApp-Image-2026-04-29-at-17.22.18-1-1-420x236.jpeg",420,236,true],"sgg-540":["https:\/\/portal.pi.gov.br\/saf\/wp-content\/uploads\/sites\/25\/2026\/04\/WhatsApp-Image-2026-04-29-at-17.22.18-1-1-540x304.jpeg",540,304,true],"sgg-780":["https:\/\/portal.pi.gov.br\/saf\/wp-content\/uploads\/sites\/25\/2026\/04\/WhatsApp-Image-2026-04-29-at-17.22.18-1-1-780x439.jpeg",780,439,true],"1536x1536":["https:\/\/portal.pi.gov.br\/saf\/wp-content\/uploads\/sites\/25\/2026\/04\/WhatsApp-Image-2026-04-29-at-17.22.18-1-1.jpeg",1280,720,false],"2048x2048":["https:\/\/portal.pi.gov.br\/saf\/wp-content\/uploads\/sites\/25\/2026\/04\/WhatsApp-Image-2026-04-29-at-17.22.18-1-1.jpeg",1280,720,false],"homepage-slider":["https:\/\/portal.pi.gov.br\/saf\/wp-content\/uploads\/sites\/25\/2026\/04\/WhatsApp-Image-2026-04-29-at-17.22.18-1-1-1270x500.jpeg",1270,500,true],"homepage-slider-small":["https:\/\/portal.pi.gov.br\/saf\/wp-content\/uploads\/sites\/25\/2026\/04\/WhatsApp-Image-2026-04-29-at-17.22.18-1-1-947x500.jpeg",947,500,true],"page-top":["https:\/\/portal.pi.gov.br\/saf\/wp-content\/uploads\/sites\/25\/2026\/04\/WhatsApp-Image-2026-04-29-at-17.22.18-1-1-947x533.jpeg",947,533,true],"page-small":["https:\/\/portal.pi.gov.br\/saf\/wp-content\/uploads\/sites\/25\/2026\/04\/WhatsApp-Image-2026-04-29-at-17.22.18-1-1-624x351.jpeg",624,351,true],"loop-main":["https:\/\/portal.pi.gov.br\/saf\/wp-content\/uploads\/sites\/25\/2026\/04\/WhatsApp-Image-2026-04-29-at-17.22.18-1-1-365x240.jpeg",365,240,true],"thumb-gallery-widget":["https:\/\/portal.pi.gov.br\/saf\/wp-content\/uploads\/sites\/25\/2026\/04\/WhatsApp-Image-2026-04-29-at-17.22.18-1-1-84x56.jpeg",84,56,true]},"post_excerpt_stackable":"<p>Cerca de 100 jovens de diversos territ\u00f3rios do Piau\u00ed participam do M\u00f3dulo VIII do Programa Juventude Rural Transformadora, da Secretaria da Agricultura Familiar (SAF), nesta sexta-feira (1\u00ba), no Instituto Federal do Piau\u00ed (IFPI) \u2013 Campus Central, na Rua \u00c1lvaro Mendes. Com a tem\u00e1tica Gest\u00e3o e Assessoria T\u00e9cnica, o programa tem como objetivo aprimorar t\u00e9cnicas e arranjos institucionais para o desenvolvimento do meio rural.<\/p>\n","category_list":"<a href=\"https:\/\/portal.pi.gov.br\/saf\/category\/noticias\/\" rel=\"category tag\">Not\u00edcias<\/a>","author_info":{"name":"francyleneoliveira","url":"https:\/\/portal.pi.gov.br\/saf\/author\/francyleneoliveira\/"},"comments_num":"0 coment\u00e1rio","featured_image_urls_v2":{"full":["https:\/\/portal.pi.gov.br\/saf\/wp-content\/uploads\/sites\/25\/2026\/04\/WhatsApp-Image-2026-04-29-at-17.22.18-1-1.jpeg",1280,720,false],"thumbnail":["https:\/\/portal.pi.gov.br\/saf\/wp-content\/uploads\/sites\/25\/2026\/04\/WhatsApp-Image-2026-04-29-at-17.22.18-1-1-150x150.jpeg",150,150,true],"medium":["https:\/\/portal.pi.gov.br\/saf\/wp-content\/uploads\/sites\/25\/2026\/04\/WhatsApp-Image-2026-04-29-at-17.22.18-1-1-500x281.jpeg",500,281,true],"medium_large":["https:\/\/portal.pi.gov.br\/saf\/wp-content\/uploads\/sites\/25\/2026\/04\/WhatsApp-Image-2026-04-29-at-17.22.18-1-1-768x432.jpeg",768,432,true],"large":["https:\/\/portal.pi.gov.br\/saf\/wp-content\/uploads\/sites\/25\/2026\/04\/WhatsApp-Image-2026-04-29-at-17.22.18-1-1.jpeg",887,499,false],"sgg-420":["https:\/\/portal.pi.gov.br\/saf\/wp-content\/uploads\/sites\/25\/2026\/04\/WhatsApp-Image-2026-04-29-at-17.22.18-1-1-420x236.jpeg",420,236,true],"sgg-540":["https:\/\/portal.pi.gov.br\/saf\/wp-content\/uploads\/sites\/25\/2026\/04\/WhatsApp-Image-2026-04-29-at-17.22.18-1-1-540x304.jpeg",540,304,true],"sgg-780":["https:\/\/portal.pi.gov.br\/saf\/wp-content\/uploads\/sites\/25\/2026\/04\/WhatsApp-Image-2026-04-29-at-17.22.18-1-1-780x439.jpeg",780,439,true],"1536x1536":["https:\/\/portal.pi.gov.br\/saf\/wp-content\/uploads\/sites\/25\/2026\/04\/WhatsApp-Image-2026-04-29-at-17.22.18-1-1.jpeg",1280,720,false],"2048x2048":["https:\/\/portal.pi.gov.br\/saf\/wp-content\/uploads\/sites\/25\/2026\/04\/WhatsApp-Image-2026-04-29-at-17.22.18-1-1.jpeg",1280,720,false],"homepage-slider":["https:\/\/portal.pi.gov.br\/saf\/wp-content\/uploads\/sites\/25\/2026\/04\/WhatsApp-Image-2026-04-29-at-17.22.18-1-1-1270x500.jpeg",1270,500,true],"homepage-slider-small":["https:\/\/portal.pi.gov.br\/saf\/wp-content\/uploads\/sites\/25\/2026\/04\/WhatsApp-Image-2026-04-29-at-17.22.18-1-1-947x500.jpeg",947,500,true],"page-top":["https:\/\/portal.pi.gov.br\/saf\/wp-content\/uploads\/sites\/25\/2026\/04\/WhatsApp-Image-2026-04-29-at-17.22.18-1-1-947x533.jpeg",947,533,true],"page-small":["https:\/\/portal.pi.gov.br\/saf\/wp-content\/uploads\/sites\/25\/2026\/04\/WhatsApp-Image-2026-04-29-at-17.22.18-1-1-624x351.jpeg",624,351,true],"loop-main":["https:\/\/portal.pi.gov.br\/saf\/wp-content\/uploads\/sites\/25\/2026\/04\/WhatsApp-Image-2026-04-29-at-17.22.18-1-1-365x240.jpeg",365,240,true],"thumb-gallery-widget":["https:\/\/portal.pi.gov.br\/saf\/wp-content\/uploads\/sites\/25\/2026\/04\/WhatsApp-Image-2026-04-29-at-17.22.18-1-1-84x56.jpeg",84,56,true]},"post_excerpt_stackable_v2":"<p>Cerca de 100 jovens de diversos territ\u00f3rios do Piau\u00ed participam do M\u00f3dulo VIII do Programa Juventude Rural Transformadora, da Secretaria da Agricultura Familiar (SAF), nesta sexta-feira (1\u00ba), no Instituto Federal do Piau\u00ed (IFPI) \u2013 Campus Central, na Rua \u00c1lvaro Mendes. Com a tem\u00e1tica Gest\u00e3o e Assessoria T\u00e9cnica, o programa tem como objetivo aprimorar t\u00e9cnicas e arranjos institucionais para o desenvolvimento do meio rural.<\/p>\n","category_list_v2":"<a href=\"https:\/\/portal.pi.gov.br\/saf\/category\/noticias\/\" rel=\"category tag\">Not\u00edcias<\/a>","author_info_v2":{"name":"francyleneoliveira","url":"https:\/\/portal.pi.gov.br\/saf\/author\/francyleneoliveira\/"},"comments_num_v2":"0 coment\u00e1rio","jetpack_featured_media_url":"https:\/\/portal.pi.gov.br\/saf\/wp-content\/uploads\/sites\/25\/2026\/04\/WhatsApp-Image-2026-04-29-at-17.22.18-1-1.jpeg","_links":{"self":[{"href":"https:\/\/portal.pi.gov.br\/saf\/wp-json\/wp\/v2\/posts\/5426"}],"collection":[{"href":"https:\/\/portal.pi.gov.br\/saf\/wp-json\/wp\/v2\/posts"}],"about":[{"href":"https:\/\/portal.pi.gov.br\/saf\/wp-json\/wp\/v2\/types\/post"}],"author":[{"embeddable":true,"href":"https:\/\/portal.pi.gov.br\/saf\/wp-json\/wp\/v2\/users\/1860"}],"replies":[{"embeddable":true,"href":"https:\/\/portal.pi.gov.br\/saf\/wp-json\/wp\/v2\/comments?post=5426"}],"version-history":[{"count":4,"href":"https:\/\/portal.pi.gov.br\/saf\/wp-json\/wp\/v2\/posts\/5426\/revisions"}],"predecessor-version":[{"id":5436,"href":"https:\/\/portal.pi.gov.br\/saf\/wp-json\/wp\/v2\/posts\/5426\/revisions\/5436"}],"wp:featuredmedia":[{"embeddable":true,"href":"https:\/\/portal.pi.gov.br\/saf\/wp-json\/wp\/v2\/media\/5430"}],"wp:attachment":[{"href":"https:\/\/portal.pi.gov.br\/saf\/wp-json\/wp\/v2\/media?parent=5426"}],"wp:term":[{"taxonomy":"category","embeddable":true,"href":"https:\/\/portal.pi.gov.br\/saf\/wp-json\/wp\/v2\/categories?post=5426"},{"taxonomy":"post_tag","embeddable":true,"href":"https:\/\/portal.pi.gov.br\/saf\/wp-json\/wp\/v2\/tags?post=5426"}],"curies":[{"name":"wp","href":"https:\/\/api.w.org\/{rel}","templated":true}]}}