{"id":5438,"date":"2026-04-30T11:47:15","date_gmt":"2026-04-30T14:47:15","guid":{"rendered":"https:\/\/portal.pi.gov.br\/saf\/?p=5438"},"modified":"2026-04-30T12:37:36","modified_gmt":"2026-04-30T15:37:36","slug":"saf-realiza-primeira-quitanda-da-agricultura-familiar-em-parnaiba-neste-sabado-2","status":"publish","type":"post","link":"https:\/\/portal.pi.gov.br\/saf\/2026\/04\/30\/saf-realiza-primeira-quitanda-da-agricultura-familiar-em-parnaiba-neste-sabado-2\/","title":{"rendered":"SAF realiza primeira Quitanda da Agricultura Familiar em Parna\u00edba neste s\u00e1bado (2)"},"content":{"rendered":"\n<p>O evento ir\u00e1 promover a comercializa\u00e7\u00e3o de produtos da agricultura familiar locais com participa\u00e7\u00e3o de comunidades tradicionais.<\/p>\n\n\n\n<figure class=\"wp-block-image size-full\"><img decoding=\"async\" loading=\"lazy\" width=\"1024\" height=\"683\" src=\"https:\/\/portal.pi.gov.br\/saf\/wp-content\/uploads\/sites\/25\/2026\/04\/WhatsApp-Image-2025-05-13-at-10.26.45-1024x683-1.jpeg\" alt=\"\" class=\"wp-image-5439\" srcset=\"https:\/\/portal.pi.gov.br\/saf\/wp-content\/uploads\/sites\/25\/2026\/04\/WhatsApp-Image-2025-05-13-at-10.26.45-1024x683-1.jpeg 1024w, https:\/\/portal.pi.gov.br\/saf\/wp-content\/uploads\/sites\/25\/2026\/04\/WhatsApp-Image-2025-05-13-at-10.26.45-1024x683-1-500x333.jpeg 500w, https:\/\/portal.pi.gov.br\/saf\/wp-content\/uploads\/sites\/25\/2026\/04\/WhatsApp-Image-2025-05-13-at-10.26.45-1024x683-1-768x512.jpeg 768w, https:\/\/portal.pi.gov.br\/saf\/wp-content\/uploads\/sites\/25\/2026\/04\/WhatsApp-Image-2025-05-13-at-10.26.45-1024x683-1-420x280.jpeg 420w, https:\/\/portal.pi.gov.br\/saf\/wp-content\/uploads\/sites\/25\/2026\/04\/WhatsApp-Image-2025-05-13-at-10.26.45-1024x683-1-540x360.jpeg 540w, https:\/\/portal.pi.gov.br\/saf\/wp-content\/uploads\/sites\/25\/2026\/04\/WhatsApp-Image-2025-05-13-at-10.26.45-1024x683-1-780x520.jpeg 780w, https:\/\/portal.pi.gov.br\/saf\/wp-content\/uploads\/sites\/25\/2026\/04\/WhatsApp-Image-2025-05-13-at-10.26.45-1024x683-1-947x632.jpeg 947w, https:\/\/portal.pi.gov.br\/saf\/wp-content\/uploads\/sites\/25\/2026\/04\/WhatsApp-Image-2025-05-13-at-10.26.45-1024x683-1-624x416.jpeg 624w, https:\/\/portal.pi.gov.br\/saf\/wp-content\/uploads\/sites\/25\/2026\/04\/WhatsApp-Image-2025-05-13-at-10.26.45-1024x683-1-84x56.jpeg 84w\" sizes=\"(max-width: 1024px) 100vw, 1024px\" \/><\/figure>\n\n\n\n<p>A Secretaria da Agricultura Familiar (SAF), em parceria com a Prefeitura de Parna\u00edba, realiza neste s\u00e1bado (2) a primeira edi\u00e7\u00e3o do projeto Quitanda da Agricultura Familiar no territ\u00f3rio Plan\u00edcie Litor\u00e2nea. O evento ser\u00e1 na Avenida S\u00e3o Sebasti\u00e3o, no bairro Piau\u00ed, com abertura oficial \u00e0s 18h.<\/p>\n\n\n\n<p>Ao todo, mais de 50 expositores, entre associa\u00e7\u00f5es, cooperativas e produtores individuais, distribu\u00eddos em cerca de 30 tendas, far\u00e3o parte da Quitanda. Dentre os produtos, ser\u00e3o vendidos manjubas, geleia de frutas t\u00edpicas da regi\u00e3o, hortali\u00e7as, queijo, iogurte, caju\u00edna, coco, pamonha, canjica e artesanato local a base de escamas de peixe.<\/p>\n\n\n\n<p>De acordo com a superintendente de comercializa\u00e7\u00e3o e articula\u00e7\u00e3o com mercados da SAF, Josineide Costa, o evento busca ampliar o potencial da agricultura familiar com mais autonomia aos produtores e oferecendo um espa\u00e7o de troca de ideias, t\u00e9cnicas e produtos do territ\u00f3rio.<\/p>\n\n\n\n<p>\u201cA Quitanda tem esse objetivo de ampliar o potencial da agricultura familiar por meio dessa ferramenta que \u00e9 a Quitanda, garantindo mais autonomia dos produtores atrav\u00e9s da comercializa\u00e7\u00e3o. E, para al\u00e9m disso, \u00e9 um espa\u00e7o de trocas de ideias, de fun\u00e7\u00f5es t\u00e9cnicas e produtos. A gente sempre fala que a Quitanda \u00e9 uma vitrine da agricultura familiar, onde coloca nossa diversidade, mostra desde o artesanato at\u00e9 os pr\u00f3prios alimentos produzidos. E um fator tamb\u00e9m primordial \u00e9 a renda, ent\u00e3o, quando termina a feira, eles j\u00e1 t\u00eam o seu dinheiro garantido\u201d, destacou.<\/p>\n\n\n\n<p>A programa\u00e7\u00e3o tamb\u00e9m inclui atra\u00e7\u00f5es culturais, como a cantora Liz Carvalho e o grupo de dan\u00e7a Ra\u00edzes do Nordeste. Al\u00e9m disso, durante a feira, alunos do Instituto Federal do Piau\u00ed (IFPI) ir\u00e3o testar uma ferramenta digital para a apura\u00e7\u00e3o das vendas dos produtores, como parte de uma a\u00e7\u00e3o de inova\u00e7\u00e3o no evento.<\/p>\n\n\n\n<p><strong>Quitanda da Agricultura Familiar<\/strong><\/p>\n\n\n\n<p>O projeto Quitanda da Agricultura Familiar, realizado quinzenalmente aos domingos na Feirinha Verde, re\u00fane trabalhadores rurais com o objetivo de fortalecer a agricultura familiar local, garantir espa\u00e7os de comercializa\u00e7\u00e3o direta e estimular o consumo de alimentos mais saud\u00e1veis e sustent\u00e1veis.<\/p>\n","protected":false},"excerpt":{"rendered":"<p>A Secretaria da Agricultura Familiar (SAF), em parceria com a Prefeitura de Parna\u00edba, realiza neste s\u00e1bado (2) a primeira edi\u00e7\u00e3o do projeto Quitanda da Agricultura Familiar no territ\u00f3rio Plan\u00edcie Litor\u00e2nea. O evento ser\u00e1 na Avenida S\u00e3o Sebasti\u00e3o, no bairro Piau\u00ed, com abertura oficial \u00e0s 18h.<\/p>\n","protected":false},"author":1860,"featured_media":5439,"comment_status":"closed","ping_status":"closed","sticky":false,"template":"","format":"standard","meta":[],"categories":[31,323],"tags":[257,281,34],"featured_image_urls":{"full":["https:\/\/portal.pi.gov.br\/saf\/wp-content\/uploads\/sites\/25\/2026\/04\/WhatsApp-Image-2025-05-13-at-10.26.45-1024x683-1.jpeg",1024,683,false],"thumbnail":["https:\/\/portal.pi.gov.br\/saf\/wp-content\/uploads\/sites\/25\/2026\/04\/WhatsApp-Image-2025-05-13-at-10.26.45-1024x683-1-150x150.jpeg",150,150,true],"medium":["https:\/\/portal.pi.gov.br\/saf\/wp-content\/uploads\/sites\/25\/2026\/04\/WhatsApp-Image-2025-05-13-at-10.26.45-1024x683-1-500x333.jpeg",500,333,true],"medium_large":["https:\/\/portal.pi.gov.br\/saf\/wp-content\/uploads\/sites\/25\/2026\/04\/WhatsApp-Image-2025-05-13-at-10.26.45-1024x683-1-768x512.jpeg",768,512,true],"large":["https:\/\/portal.pi.gov.br\/saf\/wp-content\/uploads\/sites\/25\/2026\/04\/WhatsApp-Image-2025-05-13-at-10.26.45-1024x683-1.jpeg",887,592,false],"sgg-420":["https:\/\/portal.pi.gov.br\/saf\/wp-content\/uploads\/sites\/25\/2026\/04\/WhatsApp-Image-2025-05-13-at-10.26.45-1024x683-1-420x280.jpeg",420,280,true],"sgg-540":["https:\/\/portal.pi.gov.br\/saf\/wp-content\/uploads\/sites\/25\/2026\/04\/WhatsApp-Image-2025-05-13-at-10.26.45-1024x683-1-540x360.jpeg",540,360,true],"sgg-780":["https:\/\/portal.pi.gov.br\/saf\/wp-content\/uploads\/sites\/25\/2026\/04\/WhatsApp-Image-2025-05-13-at-10.26.45-1024x683-1-780x520.jpeg",780,520,true],"1536x1536":["https:\/\/portal.pi.gov.br\/saf\/wp-content\/uploads\/sites\/25\/2026\/04\/WhatsApp-Image-2025-05-13-at-10.26.45-1024x683-1.jpeg",1024,683,false],"2048x2048":["https:\/\/portal.pi.gov.br\/saf\/wp-content\/uploads\/sites\/25\/2026\/04\/WhatsApp-Image-2025-05-13-at-10.26.45-1024x683-1.jpeg",1024,683,false],"homepage-slider":["https:\/\/portal.pi.gov.br\/saf\/wp-content\/uploads\/sites\/25\/2026\/04\/WhatsApp-Image-2025-05-13-at-10.26.45-1024x683-1-1024x500.jpeg",1024,500,true],"homepage-slider-small":["https:\/\/portal.pi.gov.br\/saf\/wp-content\/uploads\/sites\/25\/2026\/04\/WhatsApp-Image-2025-05-13-at-10.26.45-1024x683-1-947x500.jpeg",947,500,true],"page-top":["https:\/\/portal.pi.gov.br\/saf\/wp-content\/uploads\/sites\/25\/2026\/04\/WhatsApp-Image-2025-05-13-at-10.26.45-1024x683-1-947x632.jpeg",947,632,true],"page-small":["https:\/\/portal.pi.gov.br\/saf\/wp-content\/uploads\/sites\/25\/2026\/04\/WhatsApp-Image-2025-05-13-at-10.26.45-1024x683-1-624x416.jpeg",624,416,true],"loop-main":["https:\/\/portal.pi.gov.br\/saf\/wp-content\/uploads\/sites\/25\/2026\/04\/WhatsApp-Image-2025-05-13-at-10.26.45-1024x683-1-365x240.jpeg",365,240,true],"thumb-gallery-widget":["https:\/\/portal.pi.gov.br\/saf\/wp-content\/uploads\/sites\/25\/2026\/04\/WhatsApp-Image-2025-05-13-at-10.26.45-1024x683-1-84x56.jpeg",84,56,true]},"post_excerpt_stackable":"<p>A Secretaria da Agricultura Familiar (SAF), em parceria com a Prefeitura de Parna\u00edba, realiza neste s\u00e1bado (2) a primeira edi\u00e7\u00e3o do projeto Quitanda da Agricultura Familiar no territ\u00f3rio Plan\u00edcie Litor\u00e2nea. O evento ser\u00e1 na Avenida S\u00e3o Sebasti\u00e3o, no bairro Piau\u00ed, com abertura oficial \u00e0s 18h.<\/p>\n","category_list":"<a href=\"https:\/\/portal.pi.gov.br\/saf\/category\/noticias\/\" rel=\"category tag\">Not\u00edcias<\/a>, <a href=\"https:\/\/portal.pi.gov.br\/saf\/category\/quitanda-da-agricultura-familiar\/\" rel=\"category tag\">Quitanda da Agricultura Familiar<\/a>","author_info":{"name":"francyleneoliveira","url":"https:\/\/portal.pi.gov.br\/saf\/author\/francyleneoliveira\/"},"comments_num":"0 coment\u00e1rio","featured_image_urls_v2":{"full":["https:\/\/portal.pi.gov.br\/saf\/wp-content\/uploads\/sites\/25\/2026\/04\/WhatsApp-Image-2025-05-13-at-10.26.45-1024x683-1.jpeg",1024,683,false],"thumbnail":["https:\/\/portal.pi.gov.br\/saf\/wp-content\/uploads\/sites\/25\/2026\/04\/WhatsApp-Image-2025-05-13-at-10.26.45-1024x683-1-150x150.jpeg",150,150,true],"medium":["https:\/\/portal.pi.gov.br\/saf\/wp-content\/uploads\/sites\/25\/2026\/04\/WhatsApp-Image-2025-05-13-at-10.26.45-1024x683-1-500x333.jpeg",500,333,true],"medium_large":["https:\/\/portal.pi.gov.br\/saf\/wp-content\/uploads\/sites\/25\/2026\/04\/WhatsApp-Image-2025-05-13-at-10.26.45-1024x683-1-768x512.jpeg",768,512,true],"large":["https:\/\/portal.pi.gov.br\/saf\/wp-content\/uploads\/sites\/25\/2026\/04\/WhatsApp-Image-2025-05-13-at-10.26.45-1024x683-1.jpeg",887,592,false],"sgg-420":["https:\/\/portal.pi.gov.br\/saf\/wp-content\/uploads\/sites\/25\/2026\/04\/WhatsApp-Image-2025-05-13-at-10.26.45-1024x683-1-420x280.jpeg",420,280,true],"sgg-540":["https:\/\/portal.pi.gov.br\/saf\/wp-content\/uploads\/sites\/25\/2026\/04\/WhatsApp-Image-2025-05-13-at-10.26.45-1024x683-1-540x360.jpeg",540,360,true],"sgg-780":["https:\/\/portal.pi.gov.br\/saf\/wp-content\/uploads\/sites\/25\/2026\/04\/WhatsApp-Image-2025-05-13-at-10.26.45-1024x683-1-780x520.jpeg",780,520,true],"1536x1536":["https:\/\/portal.pi.gov.br\/saf\/wp-content\/uploads\/sites\/25\/2026\/04\/WhatsApp-Image-2025-05-13-at-10.26.45-1024x683-1.jpeg",1024,683,false],"2048x2048":["https:\/\/portal.pi.gov.br\/saf\/wp-content\/uploads\/sites\/25\/2026\/04\/WhatsApp-Image-2025-05-13-at-10.26.45-1024x683-1.jpeg",1024,683,false],"homepage-slider":["https:\/\/portal.pi.gov.br\/saf\/wp-content\/uploads\/sites\/25\/2026\/04\/WhatsApp-Image-2025-05-13-at-10.26.45-1024x683-1-1024x500.jpeg",1024,500,true],"homepage-slider-small":["https:\/\/portal.pi.gov.br\/saf\/wp-content\/uploads\/sites\/25\/2026\/04\/WhatsApp-Image-2025-05-13-at-10.26.45-1024x683-1-947x500.jpeg",947,500,true],"page-top":["https:\/\/portal.pi.gov.br\/saf\/wp-content\/uploads\/sites\/25\/2026\/04\/WhatsApp-Image-2025-05-13-at-10.26.45-1024x683-1-947x632.jpeg",947,632,true],"page-small":["https:\/\/portal.pi.gov.br\/saf\/wp-content\/uploads\/sites\/25\/2026\/04\/WhatsApp-Image-2025-05-13-at-10.26.45-1024x683-1-624x416.jpeg",624,416,true],"loop-main":["https:\/\/portal.pi.gov.br\/saf\/wp-content\/uploads\/sites\/25\/2026\/04\/WhatsApp-Image-2025-05-13-at-10.26.45-1024x683-1-365x240.jpeg",365,240,true],"thumb-gallery-widget":["https:\/\/portal.pi.gov.br\/saf\/wp-content\/uploads\/sites\/25\/2026\/04\/WhatsApp-Image-2025-05-13-at-10.26.45-1024x683-1-84x56.jpeg",84,56,true]},"post_excerpt_stackable_v2":"<p>A Secretaria da Agricultura Familiar (SAF), em parceria com a Prefeitura de Parna\u00edba, realiza neste s\u00e1bado (2) a primeira edi\u00e7\u00e3o do projeto Quitanda da Agricultura Familiar no territ\u00f3rio Plan\u00edcie Litor\u00e2nea. O evento ser\u00e1 na Avenida S\u00e3o Sebasti\u00e3o, no bairro Piau\u00ed, com abertura oficial \u00e0s 18h.<\/p>\n","category_list_v2":"<a href=\"https:\/\/portal.pi.gov.br\/saf\/category\/noticias\/\" rel=\"category tag\">Not\u00edcias<\/a>, <a href=\"https:\/\/portal.pi.gov.br\/saf\/category\/quitanda-da-agricultura-familiar\/\" rel=\"category tag\">Quitanda da Agricultura Familiar<\/a>","author_info_v2":{"name":"francyleneoliveira","url":"https:\/\/portal.pi.gov.br\/saf\/author\/francyleneoliveira\/"},"comments_num_v2":"0 coment\u00e1rio","jetpack_featured_media_url":"https:\/\/portal.pi.gov.br\/saf\/wp-content\/uploads\/sites\/25\/2026\/04\/WhatsApp-Image-2025-05-13-at-10.26.45-1024x683-1.jpeg","_links":{"self":[{"href":"https:\/\/portal.pi.gov.br\/saf\/wp-json\/wp\/v2\/posts\/5438"}],"collection":[{"href":"https:\/\/portal.pi.gov.br\/saf\/wp-json\/wp\/v2\/posts"}],"about":[{"href":"https:\/\/portal.pi.gov.br\/saf\/wp-json\/wp\/v2\/types\/post"}],"author":[{"embeddable":true,"href":"https:\/\/portal.pi.gov.br\/saf\/wp-json\/wp\/v2\/users\/1860"}],"replies":[{"embeddable":true,"href":"https:\/\/portal.pi.gov.br\/saf\/wp-json\/wp\/v2\/comments?post=5438"}],"version-history":[{"count":2,"href":"https:\/\/portal.pi.gov.br\/saf\/wp-json\/wp\/v2\/posts\/5438\/revisions"}],"predecessor-version":[{"id":5449,"href":"https:\/\/portal.pi.gov.br\/saf\/wp-json\/wp\/v2\/posts\/5438\/revisions\/5449"}],"wp:featuredmedia":[{"embeddable":true,"href":"https:\/\/portal.pi.gov.br\/saf\/wp-json\/wp\/v2\/media\/5439"}],"wp:attachment":[{"href":"https:\/\/portal.pi.gov.br\/saf\/wp-json\/wp\/v2\/media?parent=5438"}],"wp:term":[{"taxonomy":"category","embeddable":true,"href":"https:\/\/portal.pi.gov.br\/saf\/wp-json\/wp\/v2\/categories?post=5438"},{"taxonomy":"post_tag","embeddable":true,"href":"https:\/\/portal.pi.gov.br\/saf\/wp-json\/wp\/v2\/tags?post=5438"}],"curies":[{"name":"wp","href":"https:\/\/api.w.org\/{rel}","templated":true}]}}