{"id":3653,"date":"2026-04-01T13:02:36","date_gmt":"2026-04-01T16:02:36","guid":{"rendered":"https:\/\/portal.pi.gov.br\/sasc\/?p=3653"},"modified":"2026-04-01T13:02:37","modified_gmt":"2026-04-01T16:02:37","slug":"mais-53-municipios-do-piaui-recebem-vans-que-levam-atendimentos-e-servicos-da-assistencia-social-a-comunidades-mais-distantes","status":"publish","type":"post","link":"https:\/\/portal.pi.gov.br\/sasc\/2026\/04\/01\/mais-53-municipios-do-piaui-recebem-vans-que-levam-atendimentos-e-servicos-da-assistencia-social-a-comunidades-mais-distantes\/","title":{"rendered":"Mais 53 munic\u00edpios do Piau\u00ed recebem vans que levam atendimentos e servi\u00e7os da assist\u00eancia social a comunidades mais distantes"},"content":{"rendered":"\n<p><\/p>\n\n\n\n<p>A medida contribui para garantir mais inclus\u00e3o, qualidade no atendimento e apoio \u00e0s fam\u00edlias atendidas pela rede do Suas.<\/p>\n\n\n\n<p><\/p>\n\n\n\n<p>O governador Rafael Fonteles e o ministro do Desenvolvimento e Assist\u00eancia Social, Fam\u00edlia e Combate \u00e0 Fome, Wellington Dias, entregaram, nesta quarta-feira (1\u00ba), na Assembleia Legislativa do Piau\u00ed (Alepi), 53 ve\u00edculos com acessibilidade destinados a 53 munic\u00edpios, com o intuito de fortalecer a estrutura de mobilidade no Sistema \u00danico de Assist\u00eancia Social (MobSuas).<\/p>\n\n\n\n<p><\/p>\n\n\n\n<p>Os ve\u00edculos representam um investimento de mais de R$ 15 milh\u00f5es do governo federal e contribuem para garantir mais inclus\u00e3o, qualidade no atendimento e apoio \u00e0s fam\u00edlias atendidas pela rede do Suas, especialmente em territ\u00f3rios com maior vulnerabilidade social. As vans entram para fortalecer a rede socioassistencial, entre eles Centro de Refer\u00eancia de Assist\u00eancia Social (Cras), centros de conviv\u00eancia e unidades de acolhimento.<\/p>\n\n\n\n<p><\/p>\n\n\n\n<figure class=\"wp-block-image\"><img decoding=\"async\" src=\"https:\/\/www.pi.gov.br\/wp-content\/uploads\/2026\/04\/Entrega-Vans-do-Programa-MOBSUAS-Gabriel-Paulino-49.jpeg\" alt=\"\" class=\"wp-image-127743\" \/><\/figure>\n\n\n\n<p>Foto: Gabriel Paulino<\/p>\n\n\n\n<p><\/p>\n\n\n\n<p>Durante a entrega, o governador destacou a import\u00e2ncia da integra\u00e7\u00e3o entre os governos para o sucesso das pol\u00edticas p\u00fablicas de assist\u00eancia social. \u201cS\u00f3 uma rede bem estruturada \u00e9 capaz de chegar em cada canto do Brasil e do Piau\u00ed e garantir direitos a quem mais precisa. Ent\u00e3o, essas novidades do MobSuas com essas vans v\u00e3o permitir que realmente o Sistema \u00danico de Assist\u00eancia Social consiga chegar aos munic\u00edpios, garantindo direitos que est\u00e3o em lei, mas que muitas vezes as pessoas n\u00e3o t\u00eam conhecimento, \u00e9 essa busca ativa que \u00e9 potencializada com um programa como esse\u201d, disse Rafael Fonteles.<\/p>\n\n\n\n<p><\/p>\n\n\n\n<figure class=\"wp-block-image\" id=\"attachment_127704\"><img decoding=\"async\" src=\"https:\/\/www.pi.gov.br\/wp-content\/uploads\/2026\/04\/Entrega-Vans-do-Programa-MOBSUAS-Gabriel-Paulino-10.jpeg\" alt=\"\" class=\"wp-image-127704\" \/><figcaption class=\"wp-element-caption\">Foto: Gabriel Paulino<\/figcaption><\/figure>\n\n\n\n<p><\/p>\n\n\n\n<p>De acordo com o ministro Welligton Dias, essa entrega faz parte de estrat\u00e9gias do governo federal, junto aos governos estaduais e munic\u00edpios para ampliar o acesso aos servi\u00e7os de assist\u00eancia social. \u201c\u00c9 importante a gente atender cada munic\u00edpio com o MobSuas, que conta com o Cras M\u00f3vel, cadastradores, assistentes sociais, pedagogos e psicopedagogos. S\u00e3o v\u00e1rios profissionais que fazem diversos atendimentos, como o pr\u00f3prio cadastro, que abre portas para v\u00e1rios direitos. O Piau\u00ed est\u00e1 cada vez mais preparado, esse \u00e9 o terceiro bloco de entregas, s\u00e3o 54 vans, cerca de 15 milh\u00f5es de reais investidos. Estamos trabalhando para uma nova entrega em abril, a meta \u00e9 alcan\u00e7ar todos os munic\u00edpios do Piau\u00ed\u201d, comentou o gestor.<\/p>\n\n\n\n<p><\/p>\n\n\n\n<figure class=\"wp-block-image\"><img decoding=\"async\" src=\"https:\/\/www.pi.gov.br\/wp-content\/uploads\/2026\/04\/Entrega-Vans-do-Programa-MOBSUAS-Gabriel-Paulino-44.jpeg\" alt=\"\" class=\"wp-image-127738\" \/><\/figure>\n\n\n\n<p>Foto: Gabriel Paulino<\/p>\n\n\n\n<p><\/p>\n\n\n\n<p>Para o Dr. Auro Carvalho, prefeito de Santo In\u00e1cio do Piau\u00ed, um dos munic\u00edpios contemplados, a van vai ampliar o atendimento da assist\u00eancia social, permitindo a\u00e7\u00f5es itinerantes e facilitando o acesso da popula\u00e7\u00e3o, especialmente nas \u00e1reas mais distantes.<\/p>\n\n\n\n<p><\/p>\n\n\n\n<p>\u201cO recebimento dessa van ir\u00e1 nos ajudar muito no servi\u00e7o de conviv\u00eancia e fortalecimento de vida, trabalhando com nossos idosos, crian\u00e7as e adolescentes, fazendo esse atendimento m\u00f3vel. Al\u00e9m disso, transportando a nossa equipe com mais conforto e qualidade. Portanto, n\u00f3s temos hoje a Secretaria da Assist\u00eancia Social fixa e podemos dizer que temos uma unidade m\u00f3vel, porque n\u00f3s vamos poder chegar com mais facilidade nas localidades mais distantes e prestar um atendimento de qualidade sem precisar que as pessoas se deslocam\u201d, pontuou o gestor.<\/p>\n\n\n\n<p><\/p>\n\n\n\n<figure class=\"wp-block-image\"><img decoding=\"async\" src=\"https:\/\/www.pi.gov.br\/wp-content\/uploads\/2026\/04\/WhatsApp-Image-2026-04-01-at-12.20.05.jpeg\" alt=\"\" class=\"wp-image-127761\" \/><\/figure>\n\n\n\n<p>Foto: Gabriel Paulino<\/p>\n","protected":false},"excerpt":{"rendered":"<p>A medida contribui para garantir mais inclus\u00e3o, qualidade no atendimento e apoio \u00e0s fam\u00edlias atendidas pela rede do Suas. O governador Rafael Fonteles e o ministro do Desenvolvimento e Assist\u00eancia [&hellip;]<\/p>\n","protected":false},"author":1807,"featured_media":3654,"comment_status":"closed","ping_status":"closed","sticky":false,"template":"","format":"standard","meta":[],"categories":[30],"tags":[],"featured_image_urls":{"full":["https:\/\/portal.pi.gov.br\/sasc\/wp-content\/uploads\/sites\/104\/2026\/04\/Entrega-Vans-do-Programa-MOBSUAS-Gabriel-Paulino-49.jpeg",1280,854,false],"thumbnail":["https:\/\/portal.pi.gov.br\/sasc\/wp-content\/uploads\/sites\/104\/2026\/04\/Entrega-Vans-do-Programa-MOBSUAS-Gabriel-Paulino-49-150x150.jpeg",150,150,true],"medium":["https:\/\/portal.pi.gov.br\/sasc\/wp-content\/uploads\/sites\/104\/2026\/04\/Entrega-Vans-do-Programa-MOBSUAS-Gabriel-Paulino-49-300x200.jpeg",300,200,true],"medium_large":["https:\/\/portal.pi.gov.br\/sasc\/wp-content\/uploads\/sites\/104\/2026\/04\/Entrega-Vans-do-Programa-MOBSUAS-Gabriel-Paulino-49-768x512.jpeg",768,512,true],"large":["https:\/\/portal.pi.gov.br\/sasc\/wp-content\/uploads\/sites\/104\/2026\/04\/Entrega-Vans-do-Programa-MOBSUAS-Gabriel-Paulino-49-1024x683.jpeg",887,592,true],"sgg-420":["https:\/\/portal.pi.gov.br\/sasc\/wp-content\/uploads\/sites\/104\/2026\/04\/Entrega-Vans-do-Programa-MOBSUAS-Gabriel-Paulino-49-420x280.jpeg",420,280,true],"sgg-540":["https:\/\/portal.pi.gov.br\/sasc\/wp-content\/uploads\/sites\/104\/2026\/04\/Entrega-Vans-do-Programa-MOBSUAS-Gabriel-Paulino-49-540x360.jpeg",540,360,true],"sgg-780":["https:\/\/portal.pi.gov.br\/sasc\/wp-content\/uploads\/sites\/104\/2026\/04\/Entrega-Vans-do-Programa-MOBSUAS-Gabriel-Paulino-49-780x520.jpeg",780,520,true],"1536x1536":["https:\/\/portal.pi.gov.br\/sasc\/wp-content\/uploads\/sites\/104\/2026\/04\/Entrega-Vans-do-Programa-MOBSUAS-Gabriel-Paulino-49.jpeg",1280,854,false],"2048x2048":["https:\/\/portal.pi.gov.br\/sasc\/wp-content\/uploads\/sites\/104\/2026\/04\/Entrega-Vans-do-Programa-MOBSUAS-Gabriel-Paulino-49.jpeg",1280,854,false],"homepage-slider":["https:\/\/portal.pi.gov.br\/sasc\/wp-content\/uploads\/sites\/104\/2026\/04\/Entrega-Vans-do-Programa-MOBSUAS-Gabriel-Paulino-49-1270x500.jpeg",1270,500,true],"homepage-slider-small":["https:\/\/portal.pi.gov.br\/sasc\/wp-content\/uploads\/sites\/104\/2026\/04\/Entrega-Vans-do-Programa-MOBSUAS-Gabriel-Paulino-49-947x500.jpeg",947,500,true],"page-top":["https:\/\/portal.pi.gov.br\/sasc\/wp-content\/uploads\/sites\/104\/2026\/04\/Entrega-Vans-do-Programa-MOBSUAS-Gabriel-Paulino-49-947x632.jpeg",947,632,true],"page-small":["https:\/\/portal.pi.gov.br\/sasc\/wp-content\/uploads\/sites\/104\/2026\/04\/Entrega-Vans-do-Programa-MOBSUAS-Gabriel-Paulino-49-624x416.jpeg",624,416,true],"loop-main":["https:\/\/portal.pi.gov.br\/sasc\/wp-content\/uploads\/sites\/104\/2026\/04\/Entrega-Vans-do-Programa-MOBSUAS-Gabriel-Paulino-49-365x240.jpeg",365,240,true],"thumb-gallery-widget":["https:\/\/portal.pi.gov.br\/sasc\/wp-content\/uploads\/sites\/104\/2026\/04\/Entrega-Vans-do-Programa-MOBSUAS-Gabriel-Paulino-49-84x56.jpeg",84,56,true]},"post_excerpt_stackable":"<p>A medida contribui para garantir mais inclus\u00e3o, qualidade no atendimento e apoio \u00e0s fam\u00edlias atendidas pela rede do Suas. O governador Rafael Fonteles e o ministro do Desenvolvimento e Assist\u00eancia Social, Fam\u00edlia e Combate \u00e0 Fome, Wellington Dias, entregaram, nesta quarta-feira (1\u00ba), na Assembleia Legislativa do Piau\u00ed (Alepi), 53 ve\u00edculos com acessibilidade destinados a 53 munic\u00edpios, com o intuito de fortalecer a estrutura de mobilidade no Sistema \u00danico de Assist\u00eancia Social (MobSuas). Os ve\u00edculos representam um investimento de mais de R$ 15 milh\u00f5es do governo federal e contribuem para garantir mais inclus\u00e3o, qualidade no atendimento e apoio \u00e0s fam\u00edlias atendidas&hellip;<\/p>\n","category_list":"<a href=\"https:\/\/portal.pi.gov.br\/sasc\/category\/noticias\/\" rel=\"category tag\">Not\u00edcias<\/a>","author_info":{"name":"jeansilva","url":"https:\/\/portal.pi.gov.br\/sasc\/author\/jeansilva\/"},"comments_num":"0 coment\u00e1rio","featured_image_urls_v2":{"full":["https:\/\/portal.pi.gov.br\/sasc\/wp-content\/uploads\/sites\/104\/2026\/04\/Entrega-Vans-do-Programa-MOBSUAS-Gabriel-Paulino-49.jpeg",1280,854,false],"thumbnail":["https:\/\/portal.pi.gov.br\/sasc\/wp-content\/uploads\/sites\/104\/2026\/04\/Entrega-Vans-do-Programa-MOBSUAS-Gabriel-Paulino-49-150x150.jpeg",150,150,true],"medium":["https:\/\/portal.pi.gov.br\/sasc\/wp-content\/uploads\/sites\/104\/2026\/04\/Entrega-Vans-do-Programa-MOBSUAS-Gabriel-Paulino-49-300x200.jpeg",300,200,true],"medium_large":["https:\/\/portal.pi.gov.br\/sasc\/wp-content\/uploads\/sites\/104\/2026\/04\/Entrega-Vans-do-Programa-MOBSUAS-Gabriel-Paulino-49-768x512.jpeg",768,512,true],"large":["https:\/\/portal.pi.gov.br\/sasc\/wp-content\/uploads\/sites\/104\/2026\/04\/Entrega-Vans-do-Programa-MOBSUAS-Gabriel-Paulino-49-1024x683.jpeg",887,592,true],"sgg-420":["https:\/\/portal.pi.gov.br\/sasc\/wp-content\/uploads\/sites\/104\/2026\/04\/Entrega-Vans-do-Programa-MOBSUAS-Gabriel-Paulino-49-420x280.jpeg",420,280,true],"sgg-540":["https:\/\/portal.pi.gov.br\/sasc\/wp-content\/uploads\/sites\/104\/2026\/04\/Entrega-Vans-do-Programa-MOBSUAS-Gabriel-Paulino-49-540x360.jpeg",540,360,true],"sgg-780":["https:\/\/portal.pi.gov.br\/sasc\/wp-content\/uploads\/sites\/104\/2026\/04\/Entrega-Vans-do-Programa-MOBSUAS-Gabriel-Paulino-49-780x520.jpeg",780,520,true],"1536x1536":["https:\/\/portal.pi.gov.br\/sasc\/wp-content\/uploads\/sites\/104\/2026\/04\/Entrega-Vans-do-Programa-MOBSUAS-Gabriel-Paulino-49.jpeg",1280,854,false],"2048x2048":["https:\/\/portal.pi.gov.br\/sasc\/wp-content\/uploads\/sites\/104\/2026\/04\/Entrega-Vans-do-Programa-MOBSUAS-Gabriel-Paulino-49.jpeg",1280,854,false],"homepage-slider":["https:\/\/portal.pi.gov.br\/sasc\/wp-content\/uploads\/sites\/104\/2026\/04\/Entrega-Vans-do-Programa-MOBSUAS-Gabriel-Paulino-49-1270x500.jpeg",1270,500,true],"homepage-slider-small":["https:\/\/portal.pi.gov.br\/sasc\/wp-content\/uploads\/sites\/104\/2026\/04\/Entrega-Vans-do-Programa-MOBSUAS-Gabriel-Paulino-49-947x500.jpeg",947,500,true],"page-top":["https:\/\/portal.pi.gov.br\/sasc\/wp-content\/uploads\/sites\/104\/2026\/04\/Entrega-Vans-do-Programa-MOBSUAS-Gabriel-Paulino-49-947x632.jpeg",947,632,true],"page-small":["https:\/\/portal.pi.gov.br\/sasc\/wp-content\/uploads\/sites\/104\/2026\/04\/Entrega-Vans-do-Programa-MOBSUAS-Gabriel-Paulino-49-624x416.jpeg",624,416,true],"loop-main":["https:\/\/portal.pi.gov.br\/sasc\/wp-content\/uploads\/sites\/104\/2026\/04\/Entrega-Vans-do-Programa-MOBSUAS-Gabriel-Paulino-49-365x240.jpeg",365,240,true],"thumb-gallery-widget":["https:\/\/portal.pi.gov.br\/sasc\/wp-content\/uploads\/sites\/104\/2026\/04\/Entrega-Vans-do-Programa-MOBSUAS-Gabriel-Paulino-49-84x56.jpeg",84,56,true]},"post_excerpt_stackable_v2":"<p>A medida contribui para garantir mais inclus\u00e3o, qualidade no atendimento e apoio \u00e0s fam\u00edlias atendidas pela rede do Suas. O governador Rafael Fonteles e o ministro do Desenvolvimento e Assist\u00eancia Social, Fam\u00edlia e Combate \u00e0 Fome, Wellington Dias, entregaram, nesta quarta-feira (1\u00ba), na Assembleia Legislativa do Piau\u00ed (Alepi), 53 ve\u00edculos com acessibilidade destinados a 53 munic\u00edpios, com o intuito de fortalecer a estrutura de mobilidade no Sistema \u00danico de Assist\u00eancia Social (MobSuas). Os ve\u00edculos representam um investimento de mais de R$ 15 milh\u00f5es do governo federal e contribuem para garantir mais inclus\u00e3o, qualidade no atendimento e apoio \u00e0s fam\u00edlias atendidas&hellip;<\/p>\n","category_list_v2":"<a href=\"https:\/\/portal.pi.gov.br\/sasc\/category\/noticias\/\" rel=\"category tag\">Not\u00edcias<\/a>","author_info_v2":{"name":"jeansilva","url":"https:\/\/portal.pi.gov.br\/sasc\/author\/jeansilva\/"},"comments_num_v2":"0 coment\u00e1rio","jetpack_featured_media_url":"https:\/\/portal.pi.gov.br\/sasc\/wp-content\/uploads\/sites\/104\/2026\/04\/Entrega-Vans-do-Programa-MOBSUAS-Gabriel-Paulino-49.jpeg","_links":{"self":[{"href":"https:\/\/portal.pi.gov.br\/sasc\/wp-json\/wp\/v2\/posts\/3653"}],"collection":[{"href":"https:\/\/portal.pi.gov.br\/sasc\/wp-json\/wp\/v2\/posts"}],"about":[{"href":"https:\/\/portal.pi.gov.br\/sasc\/wp-json\/wp\/v2\/types\/post"}],"author":[{"embeddable":true,"href":"https:\/\/portal.pi.gov.br\/sasc\/wp-json\/wp\/v2\/users\/1807"}],"replies":[{"embeddable":true,"href":"https:\/\/portal.pi.gov.br\/sasc\/wp-json\/wp\/v2\/comments?post=3653"}],"version-history":[{"count":1,"href":"https:\/\/portal.pi.gov.br\/sasc\/wp-json\/wp\/v2\/posts\/3653\/revisions"}],"predecessor-version":[{"id":3655,"href":"https:\/\/portal.pi.gov.br\/sasc\/wp-json\/wp\/v2\/posts\/3653\/revisions\/3655"}],"wp:featuredmedia":[{"embeddable":true,"href":"https:\/\/portal.pi.gov.br\/sasc\/wp-json\/wp\/v2\/media\/3654"}],"wp:attachment":[{"href":"https:\/\/portal.pi.gov.br\/sasc\/wp-json\/wp\/v2\/media?parent=3653"}],"wp:term":[{"taxonomy":"category","embeddable":true,"href":"https:\/\/portal.pi.gov.br\/sasc\/wp-json\/wp\/v2\/categories?post=3653"},{"taxonomy":"post_tag","embeddable":true,"href":"https:\/\/portal.pi.gov.br\/sasc\/wp-json\/wp\/v2\/tags?post=3653"}],"curies":[{"name":"wp","href":"https:\/\/api.w.org\/{rel}","templated":true}]}}