{"id":3705,"date":"2026-04-22T16:13:38","date_gmt":"2026-04-22T19:13:38","guid":{"rendered":"https:\/\/portal.pi.gov.br\/sasc\/?p=3705"},"modified":"2026-04-22T16:41:39","modified_gmt":"2026-04-22T19:41:39","slug":"gas-do-povo-governo-federal-reajusta-valor-do-beneficio-e-sasc-alerta-para-golpes","status":"publish","type":"post","link":"https:\/\/portal.pi.gov.br\/sasc\/2026\/04\/22\/gas-do-povo-governo-federal-reajusta-valor-do-beneficio-e-sasc-alerta-para-golpes\/","title":{"rendered":"G\u00e1s do Povo: Governo Federal reajusta valor do benef\u00edcio e Sasc alerta para golpes"},"content":{"rendered":"\n<p><\/p>\n\n\n\n<h2 class=\"wp-block-heading\">O pre\u00e7o de refer\u00eancia do botij\u00e3o de 13 kg pelo programa no Piau\u00ed passar\u00e1 a R$ 107,98 para retiradas em distribuidoras credenciadas.<\/h2>\n\n\n\n<p><a href=\"https:\/\/www.pi.gov.br\/gas-do-povo-governo-federal-reajusta-valor-do-beneficio-e-sasc-alerta-para-golpes\/#\"><\/a><\/p>\n\n\n\n<p><\/p>\n\n\n\n<p>O Governo Federal vai implementar um reajuste no or\u00e7amento do programa G\u00e1s do Povo. A informa\u00e7\u00e3o foi divulgada pelo Minist\u00e9rio de Minas e Energia que anunciou medidas para mitigar os impactos do conflito no Ir\u00e3 sobre o mercado de combust\u00edveis, incluindo o ajuste no pre\u00e7o de refer\u00eancia do programa.<\/p>\n\n\n\n<p><\/p>\n\n\n\n<p>De acordo com portaria divulgada na \u00faltima sexta-feira (17), o pre\u00e7o de refer\u00eancia do botij\u00e3o de 13 kg pelo programa G\u00e1s do Povo no Piau\u00ed passar\u00e1 a R$ 107,98 para retiradas em distribuidoras credenciadas. O benef\u00edcio atende fam\u00edlias do Bolsa Fam\u00edlia com renda per capita de at\u00e9 meio sal\u00e1rio m\u00ednimo. Para entregas domiciliares, aplica-se apenas a taxa de servi\u00e7o.<\/p>\n\n\n\n<p><\/p>\n\n\n\n<figure class=\"wp-block-image\"><img decoding=\"async\" src=\"https:\/\/www.pi.gov.br\/wp-content\/uploads\/2026\/04\/Gas-do-Povo.jpeg\" alt=\"\" class=\"wp-image-132420\" \/><\/figure>\n\n\n\n<p>Foto: Roberta Aline \/ MDS<\/p>\n\n\n\n<p><\/p>\n\n\n\n<p>O programa G\u00e1s do Povo atender\u00e1 236.653 novas fam\u00edlias piauienses, ampliando o acesso gratuito ao g\u00e1s de cozinha para pessoas em vulnerabilidade social. A previs\u00e3o \u00e9 ultrapassar 452 mil fam\u00edlias beneficiadas no estado.<\/p>\n\n\n\n<p><\/p>\n\n\n\n<p>A a\u00e7\u00e3o \u00e9 coordenada pela Secretaria de Estado do Desenvolvimento e Assist\u00eancia Social, Fam\u00edlia e Combate \u00e0 Fome (Sasc), em articula\u00e7\u00e3o com o Minist\u00e9rio do Desenvolvimento e Assist\u00eancia Social.<\/p>\n\n\n\n<p><\/p>\n\n\n\n<p><strong>Sasc alerta para golpes&nbsp;<\/strong><\/p>\n\n\n\n<p><\/p>\n\n\n\n<p>A Sasc alerta para cobran\u00e7as indevidas no programa G\u00e1s do Povo. Qualquer taxa ou valor extra para recarga \u00e9 ilegal; revendedores podem cobrar apenas frete (entrega) ou o botij\u00e3o vazio (se a fam\u00edlia n\u00e3o tiver um).<\/p>\n\n\n\n<p><\/p>\n\n\n\n<p>Em caso de irregularidade, a den\u00fancia deve ser feita pelo Disque Social (121) ou pela plataforma FalaBR. O benef\u00edcio agora \u00e9 um vale digital no app \u201cMeu Social\u201d, apresentado no ato da troca.<\/p>\n\n\n\n<p><\/p>\n\n\n\n<p>Mais informa\u00e7\u00f5es sobre a portaria no&nbsp;<a href=\"https:\/\/www.pi.gov.br\/wp-content\/uploads\/2026\/04\/PORTARIA-INTERMINISTERIAL-MME-MF-No-2-DE-17-DE-ABRIL-DE-2026-PORTARIA-INTERMI.pdf\"><strong>link.&nbsp;<\/strong><\/a><\/p>\n\n\n\n<p><a href=\"https:\/\/www.pi.gov.br\/gas-do-povo-governo-federal-reajusta-valor-do-beneficio-e-sasc-alerta-para-golpes\/#\"><\/a><\/p>\n","protected":false},"excerpt":{"rendered":"<p>O pre\u00e7o de refer\u00eancia do botij\u00e3o de 13 kg pelo programa no Piau\u00ed passar\u00e1 a R$ 107,98 para retiradas em distribuidoras credenciadas. O Governo Federal vai implementar um reajuste no [&hellip;]<\/p>\n","protected":false},"author":1807,"featured_media":3706,"comment_status":"closed","ping_status":"closed","sticky":false,"template":"","format":"standard","meta":[],"categories":[30],"tags":[],"featured_image_urls":{"full":["https:\/\/portal.pi.gov.br\/sasc\/wp-content\/uploads\/sites\/104\/2026\/04\/Gas-do-Povo-e1776886894862.jpeg",768,458,false],"thumbnail":["https:\/\/portal.pi.gov.br\/sasc\/wp-content\/uploads\/sites\/104\/2026\/04\/Gas-do-Povo-e1776886894862-150x150.jpeg",150,150,true],"medium":["https:\/\/portal.pi.gov.br\/sasc\/wp-content\/uploads\/sites\/104\/2026\/04\/Gas-do-Povo-e1776886894862-300x179.jpeg",300,179,true],"medium_large":["https:\/\/portal.pi.gov.br\/sasc\/wp-content\/uploads\/sites\/104\/2026\/04\/Gas-do-Povo-e1776886894862.jpeg",768,458,false],"large":["https:\/\/portal.pi.gov.br\/sasc\/wp-content\/uploads\/sites\/104\/2026\/04\/Gas-do-Povo-e1776886894862.jpeg",768,458,false],"sgg-420":["https:\/\/portal.pi.gov.br\/sasc\/wp-content\/uploads\/sites\/104\/2026\/04\/Gas-do-Povo-e1776886894862-420x250.jpeg",420,250,true],"sgg-540":["https:\/\/portal.pi.gov.br\/sasc\/wp-content\/uploads\/sites\/104\/2026\/04\/Gas-do-Povo-e1776886894862-540x322.jpeg",540,322,true],"sgg-780":["https:\/\/portal.pi.gov.br\/sasc\/wp-content\/uploads\/sites\/104\/2026\/04\/Gas-do-Povo-e1776886894862.jpeg",768,458,false],"1536x1536":["https:\/\/portal.pi.gov.br\/sasc\/wp-content\/uploads\/sites\/104\/2026\/04\/Gas-do-Povo-e1776886894862.jpeg",768,458,false],"2048x2048":["https:\/\/portal.pi.gov.br\/sasc\/wp-content\/uploads\/sites\/104\/2026\/04\/Gas-do-Povo-e1776886894862.jpeg",768,458,false],"homepage-slider":["https:\/\/portal.pi.gov.br\/sasc\/wp-content\/uploads\/sites\/104\/2026\/04\/Gas-do-Povo-768x500.jpeg",768,500,true],"homepage-slider-small":["https:\/\/portal.pi.gov.br\/sasc\/wp-content\/uploads\/sites\/104\/2026\/04\/Gas-do-Povo-768x500.jpeg",768,500,true],"page-top":["https:\/\/portal.pi.gov.br\/sasc\/wp-content\/uploads\/sites\/104\/2026\/04\/Gas-do-Povo-e1776886894862.jpeg",768,458,false],"page-small":["https:\/\/portal.pi.gov.br\/sasc\/wp-content\/uploads\/sites\/104\/2026\/04\/Gas-do-Povo-e1776886894862-624x372.jpeg",624,372,true],"loop-main":["https:\/\/portal.pi.gov.br\/sasc\/wp-content\/uploads\/sites\/104\/2026\/04\/Gas-do-Povo-e1776886894862-365x240.jpeg",365,240,true],"thumb-gallery-widget":["https:\/\/portal.pi.gov.br\/sasc\/wp-content\/uploads\/sites\/104\/2026\/04\/Gas-do-Povo-e1776886894862-84x56.jpeg",84,56,true]},"post_excerpt_stackable":"<p>O pre\u00e7o de refer\u00eancia do botij\u00e3o de 13 kg pelo programa no Piau\u00ed passar\u00e1 a R$ 107,98 para retiradas em distribuidoras credenciadas. O Governo Federal vai implementar um reajuste no or\u00e7amento do programa G\u00e1s do Povo. A informa\u00e7\u00e3o foi divulgada pelo Minist\u00e9rio de Minas e Energia que anunciou medidas para mitigar os impactos do conflito no Ir\u00e3 sobre o mercado de combust\u00edveis, incluindo o ajuste no pre\u00e7o de refer\u00eancia do programa. De acordo com portaria divulgada na \u00faltima sexta-feira (17), o pre\u00e7o de refer\u00eancia do botij\u00e3o de 13 kg pelo programa G\u00e1s do Povo no Piau\u00ed passar\u00e1 a R$ 107,98&hellip;<\/p>\n","category_list":"<a href=\"https:\/\/portal.pi.gov.br\/sasc\/category\/noticias\/\" rel=\"category tag\">Not\u00edcias<\/a>","author_info":{"name":"jeansilva","url":"https:\/\/portal.pi.gov.br\/sasc\/author\/jeansilva\/"},"comments_num":"0 coment\u00e1rio","featured_image_urls_v2":{"full":["https:\/\/portal.pi.gov.br\/sasc\/wp-content\/uploads\/sites\/104\/2026\/04\/Gas-do-Povo-e1776886894862.jpeg",768,458,false],"thumbnail":["https:\/\/portal.pi.gov.br\/sasc\/wp-content\/uploads\/sites\/104\/2026\/04\/Gas-do-Povo-e1776886894862-150x150.jpeg",150,150,true],"medium":["https:\/\/portal.pi.gov.br\/sasc\/wp-content\/uploads\/sites\/104\/2026\/04\/Gas-do-Povo-e1776886894862-300x179.jpeg",300,179,true],"medium_large":["https:\/\/portal.pi.gov.br\/sasc\/wp-content\/uploads\/sites\/104\/2026\/04\/Gas-do-Povo-e1776886894862.jpeg",768,458,false],"large":["https:\/\/portal.pi.gov.br\/sasc\/wp-content\/uploads\/sites\/104\/2026\/04\/Gas-do-Povo-e1776886894862.jpeg",768,458,false],"sgg-420":["https:\/\/portal.pi.gov.br\/sasc\/wp-content\/uploads\/sites\/104\/2026\/04\/Gas-do-Povo-e1776886894862-420x250.jpeg",420,250,true],"sgg-540":["https:\/\/portal.pi.gov.br\/sasc\/wp-content\/uploads\/sites\/104\/2026\/04\/Gas-do-Povo-e1776886894862-540x322.jpeg",540,322,true],"sgg-780":["https:\/\/portal.pi.gov.br\/sasc\/wp-content\/uploads\/sites\/104\/2026\/04\/Gas-do-Povo-e1776886894862.jpeg",768,458,false],"1536x1536":["https:\/\/portal.pi.gov.br\/sasc\/wp-content\/uploads\/sites\/104\/2026\/04\/Gas-do-Povo-e1776886894862.jpeg",768,458,false],"2048x2048":["https:\/\/portal.pi.gov.br\/sasc\/wp-content\/uploads\/sites\/104\/2026\/04\/Gas-do-Povo-e1776886894862.jpeg",768,458,false],"homepage-slider":["https:\/\/portal.pi.gov.br\/sasc\/wp-content\/uploads\/sites\/104\/2026\/04\/Gas-do-Povo-768x500.jpeg",768,500,true],"homepage-slider-small":["https:\/\/portal.pi.gov.br\/sasc\/wp-content\/uploads\/sites\/104\/2026\/04\/Gas-do-Povo-768x500.jpeg",768,500,true],"page-top":["https:\/\/portal.pi.gov.br\/sasc\/wp-content\/uploads\/sites\/104\/2026\/04\/Gas-do-Povo-e1776886894862.jpeg",768,458,false],"page-small":["https:\/\/portal.pi.gov.br\/sasc\/wp-content\/uploads\/sites\/104\/2026\/04\/Gas-do-Povo-e1776886894862-624x372.jpeg",624,372,true],"loop-main":["https:\/\/portal.pi.gov.br\/sasc\/wp-content\/uploads\/sites\/104\/2026\/04\/Gas-do-Povo-e1776886894862-365x240.jpeg",365,240,true],"thumb-gallery-widget":["https:\/\/portal.pi.gov.br\/sasc\/wp-content\/uploads\/sites\/104\/2026\/04\/Gas-do-Povo-e1776886894862-84x56.jpeg",84,56,true]},"post_excerpt_stackable_v2":"<p>O pre\u00e7o de refer\u00eancia do botij\u00e3o de 13 kg pelo programa no Piau\u00ed passar\u00e1 a R$ 107,98 para retiradas em distribuidoras credenciadas. O Governo Federal vai implementar um reajuste no or\u00e7amento do programa G\u00e1s do Povo. A informa\u00e7\u00e3o foi divulgada pelo Minist\u00e9rio de Minas e Energia que anunciou medidas para mitigar os impactos do conflito no Ir\u00e3 sobre o mercado de combust\u00edveis, incluindo o ajuste no pre\u00e7o de refer\u00eancia do programa. De acordo com portaria divulgada na \u00faltima sexta-feira (17), o pre\u00e7o de refer\u00eancia do botij\u00e3o de 13 kg pelo programa G\u00e1s do Povo no Piau\u00ed passar\u00e1 a R$ 107,98&hellip;<\/p>\n","category_list_v2":"<a href=\"https:\/\/portal.pi.gov.br\/sasc\/category\/noticias\/\" rel=\"category tag\">Not\u00edcias<\/a>","author_info_v2":{"name":"jeansilva","url":"https:\/\/portal.pi.gov.br\/sasc\/author\/jeansilva\/"},"comments_num_v2":"0 coment\u00e1rio","jetpack_featured_media_url":"https:\/\/portal.pi.gov.br\/sasc\/wp-content\/uploads\/sites\/104\/2026\/04\/Gas-do-Povo-e1776886894862.jpeg","_links":{"self":[{"href":"https:\/\/portal.pi.gov.br\/sasc\/wp-json\/wp\/v2\/posts\/3705"}],"collection":[{"href":"https:\/\/portal.pi.gov.br\/sasc\/wp-json\/wp\/v2\/posts"}],"about":[{"href":"https:\/\/portal.pi.gov.br\/sasc\/wp-json\/wp\/v2\/types\/post"}],"author":[{"embeddable":true,"href":"https:\/\/portal.pi.gov.br\/sasc\/wp-json\/wp\/v2\/users\/1807"}],"replies":[{"embeddable":true,"href":"https:\/\/portal.pi.gov.br\/sasc\/wp-json\/wp\/v2\/comments?post=3705"}],"version-history":[{"count":2,"href":"https:\/\/portal.pi.gov.br\/sasc\/wp-json\/wp\/v2\/posts\/3705\/revisions"}],"predecessor-version":[{"id":3708,"href":"https:\/\/portal.pi.gov.br\/sasc\/wp-json\/wp\/v2\/posts\/3705\/revisions\/3708"}],"wp:featuredmedia":[{"embeddable":true,"href":"https:\/\/portal.pi.gov.br\/sasc\/wp-json\/wp\/v2\/media\/3706"}],"wp:attachment":[{"href":"https:\/\/portal.pi.gov.br\/sasc\/wp-json\/wp\/v2\/media?parent=3705"}],"wp:term":[{"taxonomy":"category","embeddable":true,"href":"https:\/\/portal.pi.gov.br\/sasc\/wp-json\/wp\/v2\/categories?post=3705"},{"taxonomy":"post_tag","embeddable":true,"href":"https:\/\/portal.pi.gov.br\/sasc\/wp-json\/wp\/v2\/tags?post=3705"}],"curies":[{"name":"wp","href":"https:\/\/api.w.org\/{rel}","templated":true}]}}