{"id":3725,"date":"2026-04-27T12:26:37","date_gmt":"2026-04-27T15:26:37","guid":{"rendered":"https:\/\/portal.pi.gov.br\/sasc\/?p=3725"},"modified":"2026-04-27T12:55:41","modified_gmt":"2026-04-27T15:55:41","slug":"sasc-realiza-primeiro-encontro-das-instituicoes-de-longa-permanencia-para-idosos-do-piaui-nesta-quinta-30","status":"publish","type":"post","link":"https:\/\/portal.pi.gov.br\/sasc\/2026\/04\/27\/sasc-realiza-primeiro-encontro-das-instituicoes-de-longa-permanencia-para-idosos-do-piaui-nesta-quinta-30\/","title":{"rendered":"Sasc realiza primeiro encontro das institui\u00e7\u00f5es de longa perman\u00eancia para idosos do Piau\u00ed nesta quinta (30)"},"content":{"rendered":"\n<p><\/p>\n\n\n\n<p>A iniciativa busca capacitar coordenadores, t\u00e9cnicos e cuidadores de institui\u00e7\u00f5es p\u00fablicas e filantr\u00f3picas, com foco no aprimoramento das a\u00e7\u00f5es assistenciais e no cumprimento das normas t\u00e9cnicas.<\/p>\n\n\n\n<p><\/p>\n\n\n\n<p><\/p>\n\n\n\n<p>O crescimento acelerado da popula\u00e7\u00e3o idosa no Brasil tem ampliado a demanda por pol\u00edticas p\u00fablicas voltadas \u00e0 prote\u00e7\u00e3o, ao cuidado e \u00e0 garantia de direitos desse p\u00fablico. Nesse cen\u00e1rio, tamb\u00e9m aumenta o n\u00famero idosos em situa\u00e7\u00e3o de vulnerabilidade que necessitam de acolhimento em Institui\u00e7\u00f5es de Longa Perman\u00eancia para Idosos (ILPIs).<\/p>\n\n\n\n<p><\/p>\n\n\n\n<p>Com o objetivo de qualificar esse atendimento e promover a reflex\u00e3o sobre os direitos da pessoa idosa institucionalizada, a Secretaria de Desenvolvimento e Assist\u00eancia Social, Fam\u00edlia e Combate \u00e0 Fome (Sasc) realiza, na quinta-feira (30), o primeiro encontro estadual voltado as essas institui\u00e7\u00f5es.<\/p>\n\n\n\n<figure class=\"wp-block-image\"><img decoding=\"async\" src=\"https:\/\/www.pi.gov.br\/wp-content\/uploads\/2026\/03\/b01060f8-e911-4234-8277-625b91285935.jpg\" alt=\"\" class=\"wp-image-123044\" \/><\/figure>\n\n\n\n<p>Foto: Ascom Sasc<\/p>\n\n\n\n<p><\/p>\n\n\n\n<p>A iniciativa busca capacitar coordenadores, t\u00e9cnicos e cuidadores de institui\u00e7\u00f5es p\u00fablicas e filantr\u00f3picas, com foco no aprimoramento das a\u00e7\u00f5es assistenciais e no cumprimento das normas t\u00e9cnicas, em conson\u00e2ncia com o Sistema \u00danico de Assist\u00eancia Social (Suas).<\/p>\n\n\n\n<figure class=\"wp-block-image\"><img decoding=\"async\" src=\"https:\/\/portal.pi.gov.br\/sasc\/wp-content\/uploads\/sites\/104\/2025\/08\/IMG-20250830-WA0009.jpg\" alt=\"\" class=\"wp-image-3062\" \/><\/figure>\n\n\n\n<p>Foto:  Ascom da Sasc<\/p>\n\n\n\n<p><\/p>\n\n\n\n<p>A iniciativa busca capacitar coordenadores, t\u00e9cnicos e cuidadores de institui\u00e7\u00f5es p\u00fablicas e filantr\u00f3picas, com foco no aprimoramento das a\u00e7\u00f5es assistenciais e no cumprimento das normas t\u00e9cnicas, em conson\u00e2ncia com o Sistema \u00danico de Assist\u00eancia Social (Suas).<\/p>\n\n\n\n<p><\/p>\n\n\n\n<p>\u201cNosso objetivo \u00e9 capacitar t\u00e9cnicos, coordenadores e cuidadores das ILPIs p\u00fablicas e filantr\u00f3picas, aprimorando as a\u00e7\u00f5es assistenciais e de vigil\u00e2ncia sanit\u00e1ria em conformidade com o Suas. Buscamos assegurar o cumprimento das normas t\u00e9cnicas e das pol\u00edticas p\u00fablicas, com foco na melhoria da qualidade do atendimento \u00e0s pessoas idosas institucionalizadas\u201d, afirma a superintendente de Promo\u00e7\u00e3o dos Direitos da Pessoa Idosa da Sasc, Gilvana Gayoso.<\/p>\n\n\n\n<p><\/p>\n\n\n\n<p>O encontro ser\u00e1 realizado a partir das 8h30, no audit\u00f3rio da Escola do Suas, localizado na Rua Pio IX, no bairro S\u00e3o Pedro, em Teresina, e reunir\u00e1 profissionais de todo o estado. A expectativa \u00e9 que o evento contribua para o fortalecimento das pol\u00edticas p\u00fablicas voltadas ao envelhecimento, promovendo um atendimento mais qualificado, humanizado e alinhado \u00e0s diretrizes nacionais.<\/p>\n\n\n\n<figure class=\"wp-block-image\"><img decoding=\"async\" src=\"https:\/\/www.pi.gov.br\/wp-content\/uploads\/2025\/10\/Inauguracao-da-Escola-de-Gestao-do-SUAS-69.jpeg\" alt=\"\" class=\"wp-image-95476\" \/><\/figure>\n\n\n\n<p>Foto: Gabriel Paulino<\/p>\n\n\n\n<p><\/p>\n\n\n\n<p>\u201cPara garantir um envelhecimento saud\u00e1vel, tranquilo e com dignidade \u00e0s pessoas institucionalizadas, \u00e9 fundamental investir em pol\u00edticas p\u00fablicas. Por isso, a participa\u00e7\u00e3o neste evento e em seus desdobramentos \u00e9 t\u00e3o importante\u201d, refor\u00e7a a superintendente.<\/p>\n\n\n\n<p><a href=\"https:\/\/www.pi.gov.br\/sasc-realiza-primeiro-encontro-das-instituicoes-de-longa-permanencia-para-idosos-do-piaui-nesta-quinta-30\/#\"><\/a><\/p>\n\n\n\n<p><a href=\"https:\/\/www.pi.gov.br\/sasc-realiza-primeiro-encontro-das-instituicoes-de-longa-permanencia-para-idosos-do-piaui-nesta-quinta-30\/#\"><\/a><\/p>\n","protected":false},"excerpt":{"rendered":"<p>A iniciativa busca capacitar coordenadores, t\u00e9cnicos e cuidadores de institui\u00e7\u00f5es p\u00fablicas e filantr\u00f3picas, com foco no aprimoramento das a\u00e7\u00f5es assistenciais e no cumprimento das normas t\u00e9cnicas. O crescimento acelerado da [&hellip;]<\/p>\n","protected":false},"author":1807,"featured_media":3062,"comment_status":"closed","ping_status":"closed","sticky":false,"template":"","format":"standard","meta":[],"categories":[30],"tags":[],"featured_image_urls":{"full":["https:\/\/portal.pi.gov.br\/sasc\/wp-content\/uploads\/sites\/104\/2025\/08\/IMG-20250830-WA0009-e1777305334532.jpg",1280,310,false],"thumbnail":["https:\/\/portal.pi.gov.br\/sasc\/wp-content\/uploads\/sites\/104\/2025\/08\/IMG-20250830-WA0009-e1777305334532-150x150.jpg",150,150,true],"medium":["https:\/\/portal.pi.gov.br\/sasc\/wp-content\/uploads\/sites\/104\/2025\/08\/IMG-20250830-WA0009-e1777305334532-300x73.jpg",300,73,true],"medium_large":["https:\/\/portal.pi.gov.br\/sasc\/wp-content\/uploads\/sites\/104\/2025\/08\/IMG-20250830-WA0009-e1777305334532-768x186.jpg",768,186,true],"large":["https:\/\/portal.pi.gov.br\/sasc\/wp-content\/uploads\/sites\/104\/2025\/08\/IMG-20250830-WA0009-e1777305334532-1024x248.jpg",887,215,true],"sgg-420":["https:\/\/portal.pi.gov.br\/sasc\/wp-content\/uploads\/sites\/104\/2025\/08\/IMG-20250830-WA0009-e1777305334532-420x102.jpg",420,102,true],"sgg-540":["https:\/\/portal.pi.gov.br\/sasc\/wp-content\/uploads\/sites\/104\/2025\/08\/IMG-20250830-WA0009-e1777305334532-540x131.jpg",540,131,true],"sgg-780":["https:\/\/portal.pi.gov.br\/sasc\/wp-content\/uploads\/sites\/104\/2025\/08\/IMG-20250830-WA0009-e1777305334532-780x189.jpg",780,189,true],"1536x1536":["https:\/\/portal.pi.gov.br\/sasc\/wp-content\/uploads\/sites\/104\/2025\/08\/IMG-20250830-WA0009-e1777305334532.jpg",1280,310,false],"2048x2048":["https:\/\/portal.pi.gov.br\/sasc\/wp-content\/uploads\/sites\/104\/2025\/08\/IMG-20250830-WA0009-e1777305334532.jpg",1280,310,false],"homepage-slider":["https:\/\/portal.pi.gov.br\/sasc\/wp-content\/uploads\/sites\/104\/2025\/08\/IMG-20250830-WA0009-e1777305334532-1270x310.jpg",1270,310,true],"homepage-slider-small":["https:\/\/portal.pi.gov.br\/sasc\/wp-content\/uploads\/sites\/104\/2025\/08\/IMG-20250830-WA0009-e1777305334532-947x310.jpg",947,310,true],"page-top":["https:\/\/portal.pi.gov.br\/sasc\/wp-content\/uploads\/sites\/104\/2025\/08\/IMG-20250830-WA0009-e1777305334532-947x229.jpg",947,229,true],"page-small":["https:\/\/portal.pi.gov.br\/sasc\/wp-content\/uploads\/sites\/104\/2025\/08\/IMG-20250830-WA0009-e1777305334532-624x151.jpg",624,151,true],"loop-main":["https:\/\/portal.pi.gov.br\/sasc\/wp-content\/uploads\/sites\/104\/2025\/08\/IMG-20250830-WA0009-e1777305334532-365x240.jpg",365,240,true],"thumb-gallery-widget":["https:\/\/portal.pi.gov.br\/sasc\/wp-content\/uploads\/sites\/104\/2025\/08\/IMG-20250830-WA0009-e1777305334532-84x56.jpg",84,56,true]},"post_excerpt_stackable":"<p>A iniciativa busca capacitar coordenadores, t\u00e9cnicos e cuidadores de institui\u00e7\u00f5es p\u00fablicas e filantr\u00f3picas, com foco no aprimoramento das a\u00e7\u00f5es assistenciais e no cumprimento das normas t\u00e9cnicas. O crescimento acelerado da popula\u00e7\u00e3o idosa no Brasil tem ampliado a demanda por pol\u00edticas p\u00fablicas voltadas \u00e0 prote\u00e7\u00e3o, ao cuidado e \u00e0 garantia de direitos desse p\u00fablico. Nesse cen\u00e1rio, tamb\u00e9m aumenta o n\u00famero idosos em situa\u00e7\u00e3o de vulnerabilidade que necessitam de acolhimento em Institui\u00e7\u00f5es de Longa Perman\u00eancia para Idosos (ILPIs). Com o objetivo de qualificar esse atendimento e promover a reflex\u00e3o sobre os direitos da pessoa idosa institucionalizada, a Secretaria de Desenvolvimento e Assist\u00eancia&hellip;<\/p>\n","category_list":"<a href=\"https:\/\/portal.pi.gov.br\/sasc\/category\/noticias\/\" rel=\"category tag\">Not\u00edcias<\/a>","author_info":{"name":"jeansilva","url":"https:\/\/portal.pi.gov.br\/sasc\/author\/jeansilva\/"},"comments_num":"0 coment\u00e1rio","featured_image_urls_v2":{"full":["https:\/\/portal.pi.gov.br\/sasc\/wp-content\/uploads\/sites\/104\/2025\/08\/IMG-20250830-WA0009-e1777305334532.jpg",1280,310,false],"thumbnail":["https:\/\/portal.pi.gov.br\/sasc\/wp-content\/uploads\/sites\/104\/2025\/08\/IMG-20250830-WA0009-e1777305334532-150x150.jpg",150,150,true],"medium":["https:\/\/portal.pi.gov.br\/sasc\/wp-content\/uploads\/sites\/104\/2025\/08\/IMG-20250830-WA0009-e1777305334532-300x73.jpg",300,73,true],"medium_large":["https:\/\/portal.pi.gov.br\/sasc\/wp-content\/uploads\/sites\/104\/2025\/08\/IMG-20250830-WA0009-e1777305334532-768x186.jpg",768,186,true],"large":["https:\/\/portal.pi.gov.br\/sasc\/wp-content\/uploads\/sites\/104\/2025\/08\/IMG-20250830-WA0009-e1777305334532-1024x248.jpg",887,215,true],"sgg-420":["https:\/\/portal.pi.gov.br\/sasc\/wp-content\/uploads\/sites\/104\/2025\/08\/IMG-20250830-WA0009-e1777305334532-420x102.jpg",420,102,true],"sgg-540":["https:\/\/portal.pi.gov.br\/sasc\/wp-content\/uploads\/sites\/104\/2025\/08\/IMG-20250830-WA0009-e1777305334532-540x131.jpg",540,131,true],"sgg-780":["https:\/\/portal.pi.gov.br\/sasc\/wp-content\/uploads\/sites\/104\/2025\/08\/IMG-20250830-WA0009-e1777305334532-780x189.jpg",780,189,true],"1536x1536":["https:\/\/portal.pi.gov.br\/sasc\/wp-content\/uploads\/sites\/104\/2025\/08\/IMG-20250830-WA0009-e1777305334532.jpg",1280,310,false],"2048x2048":["https:\/\/portal.pi.gov.br\/sasc\/wp-content\/uploads\/sites\/104\/2025\/08\/IMG-20250830-WA0009-e1777305334532.jpg",1280,310,false],"homepage-slider":["https:\/\/portal.pi.gov.br\/sasc\/wp-content\/uploads\/sites\/104\/2025\/08\/IMG-20250830-WA0009-e1777305334532-1270x310.jpg",1270,310,true],"homepage-slider-small":["https:\/\/portal.pi.gov.br\/sasc\/wp-content\/uploads\/sites\/104\/2025\/08\/IMG-20250830-WA0009-e1777305334532-947x310.jpg",947,310,true],"page-top":["https:\/\/portal.pi.gov.br\/sasc\/wp-content\/uploads\/sites\/104\/2025\/08\/IMG-20250830-WA0009-e1777305334532-947x229.jpg",947,229,true],"page-small":["https:\/\/portal.pi.gov.br\/sasc\/wp-content\/uploads\/sites\/104\/2025\/08\/IMG-20250830-WA0009-e1777305334532-624x151.jpg",624,151,true],"loop-main":["https:\/\/portal.pi.gov.br\/sasc\/wp-content\/uploads\/sites\/104\/2025\/08\/IMG-20250830-WA0009-e1777305334532-365x240.jpg",365,240,true],"thumb-gallery-widget":["https:\/\/portal.pi.gov.br\/sasc\/wp-content\/uploads\/sites\/104\/2025\/08\/IMG-20250830-WA0009-e1777305334532-84x56.jpg",84,56,true]},"post_excerpt_stackable_v2":"<p>A iniciativa busca capacitar coordenadores, t\u00e9cnicos e cuidadores de institui\u00e7\u00f5es p\u00fablicas e filantr\u00f3picas, com foco no aprimoramento das a\u00e7\u00f5es assistenciais e no cumprimento das normas t\u00e9cnicas. O crescimento acelerado da popula\u00e7\u00e3o idosa no Brasil tem ampliado a demanda por pol\u00edticas p\u00fablicas voltadas \u00e0 prote\u00e7\u00e3o, ao cuidado e \u00e0 garantia de direitos desse p\u00fablico. Nesse cen\u00e1rio, tamb\u00e9m aumenta o n\u00famero idosos em situa\u00e7\u00e3o de vulnerabilidade que necessitam de acolhimento em Institui\u00e7\u00f5es de Longa Perman\u00eancia para Idosos (ILPIs). Com o objetivo de qualificar esse atendimento e promover a reflex\u00e3o sobre os direitos da pessoa idosa institucionalizada, a Secretaria de Desenvolvimento e Assist\u00eancia&hellip;<\/p>\n","category_list_v2":"<a href=\"https:\/\/portal.pi.gov.br\/sasc\/category\/noticias\/\" rel=\"category tag\">Not\u00edcias<\/a>","author_info_v2":{"name":"jeansilva","url":"https:\/\/portal.pi.gov.br\/sasc\/author\/jeansilva\/"},"comments_num_v2":"0 coment\u00e1rio","jetpack_featured_media_url":"https:\/\/portal.pi.gov.br\/sasc\/wp-content\/uploads\/sites\/104\/2025\/08\/IMG-20250830-WA0009-e1777305334532.jpg","_links":{"self":[{"href":"https:\/\/portal.pi.gov.br\/sasc\/wp-json\/wp\/v2\/posts\/3725"}],"collection":[{"href":"https:\/\/portal.pi.gov.br\/sasc\/wp-json\/wp\/v2\/posts"}],"about":[{"href":"https:\/\/portal.pi.gov.br\/sasc\/wp-json\/wp\/v2\/types\/post"}],"author":[{"embeddable":true,"href":"https:\/\/portal.pi.gov.br\/sasc\/wp-json\/wp\/v2\/users\/1807"}],"replies":[{"embeddable":true,"href":"https:\/\/portal.pi.gov.br\/sasc\/wp-json\/wp\/v2\/comments?post=3725"}],"version-history":[{"count":2,"href":"https:\/\/portal.pi.gov.br\/sasc\/wp-json\/wp\/v2\/posts\/3725\/revisions"}],"predecessor-version":[{"id":3728,"href":"https:\/\/portal.pi.gov.br\/sasc\/wp-json\/wp\/v2\/posts\/3725\/revisions\/3728"}],"wp:featuredmedia":[{"embeddable":true,"href":"https:\/\/portal.pi.gov.br\/sasc\/wp-json\/wp\/v2\/media\/3062"}],"wp:attachment":[{"href":"https:\/\/portal.pi.gov.br\/sasc\/wp-json\/wp\/v2\/media?parent=3725"}],"wp:term":[{"taxonomy":"category","embeddable":true,"href":"https:\/\/portal.pi.gov.br\/sasc\/wp-json\/wp\/v2\/categories?post=3725"},{"taxonomy":"post_tag","embeddable":true,"href":"https:\/\/portal.pi.gov.br\/sasc\/wp-json\/wp\/v2\/tags?post=3725"}],"curies":[{"name":"wp","href":"https:\/\/api.w.org\/{rel}","templated":true}]}}