{"id":3738,"date":"2026-04-29T16:49:17","date_gmt":"2026-04-29T19:49:17","guid":{"rendered":"https:\/\/portal.pi.gov.br\/sasc\/?p=3738"},"modified":"2026-04-29T16:49:32","modified_gmt":"2026-04-29T19:49:32","slug":"capacitacao-intersetorial-fortalece-combate-a-desnutricao-infantil-no-sul-do-piaui","status":"publish","type":"post","link":"https:\/\/portal.pi.gov.br\/sasc\/2026\/04\/29\/capacitacao-intersetorial-fortalece-combate-a-desnutricao-infantil-no-sul-do-piaui\/","title":{"rendered":"Capacita\u00e7\u00e3o intersetorial fortalece combate \u00e0 desnutri\u00e7\u00e3o infantil no sul do Piau\u00ed"},"content":{"rendered":"\n<p><\/p>\n\n\n\n<p><\/p>\n\n\n\n<p>Oficina re\u00fane profissionais de 14 munic\u00edpios em Bom Jesus para qualificar a\u00e7\u00f5es de vigil\u00e2ncia alimentar e aten\u00e7\u00e3o \u00e0 crian\u00e7a na Aten\u00e7\u00e3o Prim\u00e1ria \u00e0 Sa\u00fade.<\/p>\n\n\n\n<p><\/p>\n\n\n\n<p>A Secretaria de Estado do Desenvolvimento e Assist\u00eancia Social, Fam\u00edlia e Combate \u00e0 Fome (Sasc) promove, de 28 a 30 de abril, a Oficina de Capacita\u00e7\u00e3o Intersetorial para multiplicadores em Vigil\u00e2ncia Alimentar e Nutricional (VAN), Seguran\u00e7a Alimentar e Nutricional (SAN) e Aten\u00e7\u00e3o \u00e0 Crian\u00e7a com Desnutri\u00e7\u00e3o na Aten\u00e7\u00e3o Prim\u00e1ria \u00e0 Sa\u00fade (APS). A atividade \u00e9 realizada no campus da Universidade Estadual do Piau\u00ed (Uespi) de Bom Jesus, em parceria com a Secretaria de Estado da Sa\u00fade (Sesapi).<\/p>\n\n\n\n<p><\/p>\n\n\n\n<p>A iniciativa busca fortalecer as compet\u00eancias das equipes da sa\u00fade e da assist\u00eancia social, por meio da forma\u00e7\u00e3o de multiplicadores locais. O objetivo \u00e9 qualificar a atua\u00e7\u00e3o na vigil\u00e2ncia alimentar e nutricional, na promo\u00e7\u00e3o da seguran\u00e7a alimentar e no cuidado integral de crian\u00e7as com desnutri\u00e7\u00e3o, com estrat\u00e9gias participativas adaptadas \u00e0 realidade de cada territ\u00f3rio.<\/p>\n\n\n\n<p><\/p>\n\n\n\n<figure class=\"wp-block-image\"><img decoding=\"async\" src=\"https:\/\/www.pi.gov.br\/wp-content\/uploads\/2026\/04\/18.jpg\" alt=\"\" class=\"wp-image-134778\" \/><\/figure>\n\n\n\n<p>Foto: Ascom Sasc<\/p>\n\n\n\n<p><\/p>\n\n\n\n<p>Participam da capacita\u00e7\u00e3o t\u00e9cnicos e gestores das \u00e1reas de sa\u00fade e assist\u00eancia social de 14 munic\u00edpios da regi\u00e3o sul do estado. S\u00e3o eles: Alvorada do Gurgu\u00e9ia, Barreiras do Piau\u00ed, Corrente, Cristal\u00e2ndia, Curimat\u00e1, Currais, Gilbu\u00e9s, J\u00falio Borges, Monte Alegre do Piau\u00ed, Morro Cabe\u00e7a no Tempo, Parnagu\u00e1, Reden\u00e7\u00e3o do Gurgu\u00e9ia, Riacho Frio e Sebasti\u00e3o Barros.<\/p>\n\n\n\n<p><\/p>\n\n\n\n<p>A oficina integra as a\u00e7\u00f5es do Componente 3 do Projeto Pilares do Desenvolvimento Humano (PDH), financiado pelo Banco Mundial, que re\u00fane a\u00e7\u00f5es de enfrentamento \u00e0 desnutri\u00e7\u00e3o infantil e de fortalecimento da prote\u00e7\u00e3o social, com base na atua\u00e7\u00e3o integrada. Nesse eixo, s\u00e3o promovidas iniciativas como a capacita\u00e7\u00e3o de profissionais, a forma\u00e7\u00e3o de multiplicadores locais, o fortalecimento da Vigil\u00e2ncia Alimentar e Nutricional (VAN) e a promo\u00e7\u00e3o da Seguran\u00e7a Alimentar e Nutricional (SAN).<\/p>\n\n\n\n<p><\/p>\n\n\n\n<figure class=\"wp-block-image\"><img decoding=\"async\" src=\"https:\/\/www.pi.gov.br\/wp-content\/uploads\/2026\/04\/17.jpg\" alt=\"\" class=\"wp-image-134777\" \/><\/figure>\n\n\n\n<p>Foto: Ascom Sasc<\/p>\n\n\n\n<p><\/p>\n\n\n\n<p>A proposta \u00e9 qualificar o cuidado integral \u00e0s crian\u00e7as, com foco na preven\u00e7\u00e3o, identifica\u00e7\u00e3o precoce e acompanhamento dos casos, al\u00e9m de ampliar a capacidade de resposta dos servi\u00e7os nos territ\u00f3rios mais vulner\u00e1veis. A a\u00e7\u00e3o tamb\u00e9m integra o Termo de Coopera\u00e7\u00e3o T\u00e9cnica do Programa de Enfrentamento \u00e0 Desnutri\u00e7\u00e3o Infantil e de Fortalecimento da Prote\u00e7\u00e3o Social.<\/p>\n","protected":false},"excerpt":{"rendered":"<p>Oficina re\u00fane profissionais de 14 munic\u00edpios em Bom Jesus para qualificar a\u00e7\u00f5es de vigil\u00e2ncia alimentar e aten\u00e7\u00e3o \u00e0 crian\u00e7a na Aten\u00e7\u00e3o Prim\u00e1ria \u00e0 Sa\u00fade. A Secretaria de Estado do Desenvolvimento [&hellip;]<\/p>\n","protected":false},"author":1807,"featured_media":3746,"comment_status":"closed","ping_status":"closed","sticky":false,"template":"","format":"standard","meta":[],"categories":[30],"tags":[],"featured_image_urls":{"full":["https:\/\/portal.pi.gov.br\/sasc\/wp-content\/uploads\/sites\/104\/2026\/04\/19.jpg",1600,1200,false],"thumbnail":["https:\/\/portal.pi.gov.br\/sasc\/wp-content\/uploads\/sites\/104\/2026\/04\/19-150x150.jpg",150,150,true],"medium":["https:\/\/portal.pi.gov.br\/sasc\/wp-content\/uploads\/sites\/104\/2026\/04\/19-300x225.jpg",300,225,true],"medium_large":["https:\/\/portal.pi.gov.br\/sasc\/wp-content\/uploads\/sites\/104\/2026\/04\/19-768x576.jpg",768,576,true],"large":["https:\/\/portal.pi.gov.br\/sasc\/wp-content\/uploads\/sites\/104\/2026\/04\/19-1024x768.jpg",887,665,true],"sgg-420":["https:\/\/portal.pi.gov.br\/sasc\/wp-content\/uploads\/sites\/104\/2026\/04\/19-420x315.jpg",420,315,true],"sgg-540":["https:\/\/portal.pi.gov.br\/sasc\/wp-content\/uploads\/sites\/104\/2026\/04\/19-540x405.jpg",540,405,true],"sgg-780":["https:\/\/portal.pi.gov.br\/sasc\/wp-content\/uploads\/sites\/104\/2026\/04\/19-780x585.jpg",780,585,true],"1536x1536":["https:\/\/portal.pi.gov.br\/sasc\/wp-content\/uploads\/sites\/104\/2026\/04\/19-1536x1152.jpg",1536,1152,true],"2048x2048":["https:\/\/portal.pi.gov.br\/sasc\/wp-content\/uploads\/sites\/104\/2026\/04\/19.jpg",1600,1200,false],"homepage-slider":["https:\/\/portal.pi.gov.br\/sasc\/wp-content\/uploads\/sites\/104\/2026\/04\/19-1270x500.jpg",1270,500,true],"homepage-slider-small":["https:\/\/portal.pi.gov.br\/sasc\/wp-content\/uploads\/sites\/104\/2026\/04\/19-947x500.jpg",947,500,true],"page-top":["https:\/\/portal.pi.gov.br\/sasc\/wp-content\/uploads\/sites\/104\/2026\/04\/19-947x710.jpg",947,710,true],"page-small":["https:\/\/portal.pi.gov.br\/sasc\/wp-content\/uploads\/sites\/104\/2026\/04\/19-624x468.jpg",624,468,true],"loop-main":["https:\/\/portal.pi.gov.br\/sasc\/wp-content\/uploads\/sites\/104\/2026\/04\/19-365x240.jpg",365,240,true],"thumb-gallery-widget":["https:\/\/portal.pi.gov.br\/sasc\/wp-content\/uploads\/sites\/104\/2026\/04\/19-84x56.jpg",84,56,true]},"post_excerpt_stackable":"<p>Oficina re\u00fane profissionais de 14 munic\u00edpios em Bom Jesus para qualificar a\u00e7\u00f5es de vigil\u00e2ncia alimentar e aten\u00e7\u00e3o \u00e0 crian\u00e7a na Aten\u00e7\u00e3o Prim\u00e1ria \u00e0 Sa\u00fade. A Secretaria de Estado do Desenvolvimento e Assist\u00eancia Social, Fam\u00edlia e Combate \u00e0 Fome (Sasc) promove, de 28 a 30 de abril, a Oficina de Capacita\u00e7\u00e3o Intersetorial para multiplicadores em Vigil\u00e2ncia Alimentar e Nutricional (VAN), Seguran\u00e7a Alimentar e Nutricional (SAN) e Aten\u00e7\u00e3o \u00e0 Crian\u00e7a com Desnutri\u00e7\u00e3o na Aten\u00e7\u00e3o Prim\u00e1ria \u00e0 Sa\u00fade (APS). A atividade \u00e9 realizada no campus da Universidade Estadual do Piau\u00ed (Uespi) de Bom Jesus, em parceria com a Secretaria de Estado da Sa\u00fade&hellip;<\/p>\n","category_list":"<a href=\"https:\/\/portal.pi.gov.br\/sasc\/category\/noticias\/\" rel=\"category tag\">Not\u00edcias<\/a>","author_info":{"name":"jeansilva","url":"https:\/\/portal.pi.gov.br\/sasc\/author\/jeansilva\/"},"comments_num":"0 coment\u00e1rio","featured_image_urls_v2":{"full":["https:\/\/portal.pi.gov.br\/sasc\/wp-content\/uploads\/sites\/104\/2026\/04\/19.jpg",1600,1200,false],"thumbnail":["https:\/\/portal.pi.gov.br\/sasc\/wp-content\/uploads\/sites\/104\/2026\/04\/19-150x150.jpg",150,150,true],"medium":["https:\/\/portal.pi.gov.br\/sasc\/wp-content\/uploads\/sites\/104\/2026\/04\/19-300x225.jpg",300,225,true],"medium_large":["https:\/\/portal.pi.gov.br\/sasc\/wp-content\/uploads\/sites\/104\/2026\/04\/19-768x576.jpg",768,576,true],"large":["https:\/\/portal.pi.gov.br\/sasc\/wp-content\/uploads\/sites\/104\/2026\/04\/19-1024x768.jpg",887,665,true],"sgg-420":["https:\/\/portal.pi.gov.br\/sasc\/wp-content\/uploads\/sites\/104\/2026\/04\/19-420x315.jpg",420,315,true],"sgg-540":["https:\/\/portal.pi.gov.br\/sasc\/wp-content\/uploads\/sites\/104\/2026\/04\/19-540x405.jpg",540,405,true],"sgg-780":["https:\/\/portal.pi.gov.br\/sasc\/wp-content\/uploads\/sites\/104\/2026\/04\/19-780x585.jpg",780,585,true],"1536x1536":["https:\/\/portal.pi.gov.br\/sasc\/wp-content\/uploads\/sites\/104\/2026\/04\/19-1536x1152.jpg",1536,1152,true],"2048x2048":["https:\/\/portal.pi.gov.br\/sasc\/wp-content\/uploads\/sites\/104\/2026\/04\/19.jpg",1600,1200,false],"homepage-slider":["https:\/\/portal.pi.gov.br\/sasc\/wp-content\/uploads\/sites\/104\/2026\/04\/19-1270x500.jpg",1270,500,true],"homepage-slider-small":["https:\/\/portal.pi.gov.br\/sasc\/wp-content\/uploads\/sites\/104\/2026\/04\/19-947x500.jpg",947,500,true],"page-top":["https:\/\/portal.pi.gov.br\/sasc\/wp-content\/uploads\/sites\/104\/2026\/04\/19-947x710.jpg",947,710,true],"page-small":["https:\/\/portal.pi.gov.br\/sasc\/wp-content\/uploads\/sites\/104\/2026\/04\/19-624x468.jpg",624,468,true],"loop-main":["https:\/\/portal.pi.gov.br\/sasc\/wp-content\/uploads\/sites\/104\/2026\/04\/19-365x240.jpg",365,240,true],"thumb-gallery-widget":["https:\/\/portal.pi.gov.br\/sasc\/wp-content\/uploads\/sites\/104\/2026\/04\/19-84x56.jpg",84,56,true]},"post_excerpt_stackable_v2":"<p>Oficina re\u00fane profissionais de 14 munic\u00edpios em Bom Jesus para qualificar a\u00e7\u00f5es de vigil\u00e2ncia alimentar e aten\u00e7\u00e3o \u00e0 crian\u00e7a na Aten\u00e7\u00e3o Prim\u00e1ria \u00e0 Sa\u00fade. A Secretaria de Estado do Desenvolvimento e Assist\u00eancia Social, Fam\u00edlia e Combate \u00e0 Fome (Sasc) promove, de 28 a 30 de abril, a Oficina de Capacita\u00e7\u00e3o Intersetorial para multiplicadores em Vigil\u00e2ncia Alimentar e Nutricional (VAN), Seguran\u00e7a Alimentar e Nutricional (SAN) e Aten\u00e7\u00e3o \u00e0 Crian\u00e7a com Desnutri\u00e7\u00e3o na Aten\u00e7\u00e3o Prim\u00e1ria \u00e0 Sa\u00fade (APS). A atividade \u00e9 realizada no campus da Universidade Estadual do Piau\u00ed (Uespi) de Bom Jesus, em parceria com a Secretaria de Estado da Sa\u00fade&hellip;<\/p>\n","category_list_v2":"<a href=\"https:\/\/portal.pi.gov.br\/sasc\/category\/noticias\/\" rel=\"category tag\">Not\u00edcias<\/a>","author_info_v2":{"name":"jeansilva","url":"https:\/\/portal.pi.gov.br\/sasc\/author\/jeansilva\/"},"comments_num_v2":"0 coment\u00e1rio","jetpack_featured_media_url":"https:\/\/portal.pi.gov.br\/sasc\/wp-content\/uploads\/sites\/104\/2026\/04\/19.jpg","_links":{"self":[{"href":"https:\/\/portal.pi.gov.br\/sasc\/wp-json\/wp\/v2\/posts\/3738"}],"collection":[{"href":"https:\/\/portal.pi.gov.br\/sasc\/wp-json\/wp\/v2\/posts"}],"about":[{"href":"https:\/\/portal.pi.gov.br\/sasc\/wp-json\/wp\/v2\/types\/post"}],"author":[{"embeddable":true,"href":"https:\/\/portal.pi.gov.br\/sasc\/wp-json\/wp\/v2\/users\/1807"}],"replies":[{"embeddable":true,"href":"https:\/\/portal.pi.gov.br\/sasc\/wp-json\/wp\/v2\/comments?post=3738"}],"version-history":[{"count":1,"href":"https:\/\/portal.pi.gov.br\/sasc\/wp-json\/wp\/v2\/posts\/3738\/revisions"}],"predecessor-version":[{"id":3739,"href":"https:\/\/portal.pi.gov.br\/sasc\/wp-json\/wp\/v2\/posts\/3738\/revisions\/3739"}],"wp:featuredmedia":[{"embeddable":true,"href":"https:\/\/portal.pi.gov.br\/sasc\/wp-json\/wp\/v2\/media\/3746"}],"wp:attachment":[{"href":"https:\/\/portal.pi.gov.br\/sasc\/wp-json\/wp\/v2\/media?parent=3738"}],"wp:term":[{"taxonomy":"category","embeddable":true,"href":"https:\/\/portal.pi.gov.br\/sasc\/wp-json\/wp\/v2\/categories?post=3738"},{"taxonomy":"post_tag","embeddable":true,"href":"https:\/\/portal.pi.gov.br\/sasc\/wp-json\/wp\/v2\/tags?post=3738"}],"curies":[{"name":"wp","href":"https:\/\/api.w.org\/{rel}","templated":true}]}}