{"id":3740,"date":"2026-04-29T16:46:22","date_gmt":"2026-04-29T19:46:22","guid":{"rendered":"https:\/\/portal.pi.gov.br\/sasc\/?p=3740"},"modified":"2026-04-29T16:46:23","modified_gmt":"2026-04-29T19:46:23","slug":"em-picos-profissionais-de-23-municipios-participam-de-formacao-sobre-medidas-socioeducativas","status":"publish","type":"post","link":"https:\/\/portal.pi.gov.br\/sasc\/2026\/04\/29\/em-picos-profissionais-de-23-municipios-participam-de-formacao-sobre-medidas-socioeducativas\/","title":{"rendered":"Em Picos, profissionais de 23 munic\u00edpios participam de forma\u00e7\u00e3o sobre medidas socioeducativas"},"content":{"rendered":"\n<p><\/p>\n\n\n\n<p>O objetivo \u00e9 organizar os servi\u00e7os socioassistenciais para atender e acompanhar adolescentes autores de atos infracionais, sentenciados pela justi\u00e7a.<\/p>\n\n\n\n<p><\/p>\n\n\n\n<p>A Secretaria do Desenvolvimento e Assist\u00eancia Social, Fam\u00edlia e Combate \u00e0 Fome (Sasc), por meio da Superintend\u00eancia da Assist\u00eancia Social, realiza, de 28 a 30 de abril, o curso Fortalecendo o Sistema Nacional de Atendimento Socioeducativo ( Sinase ) no Piau\u00ed: Medidas Socioeducativas em Meio Aberto de Liberdade Assistida (LA) e Presta\u00e7\u00e3o de Servi\u00e7os \u00e0 Comunidade (PSC). A capacita\u00e7\u00e3o ocorre em nove territ\u00f3rios de desenvolvimento do estado.<\/p>\n\n\n\n<p><\/p>\n\n\n\n<p>O objetivo do curso \u00e9 organizar, alinhar e instrumentalizar os servi\u00e7os socioassistenciais para atender e acompanhar adolescentes autores de atos infracionais, sentenciados pela justi\u00e7a.<\/p>\n\n\n\n<p><\/p>\n\n\n\n<p>Em sua nona edi\u00e7\u00e3o, o evento realizado em Picos re\u00fane 86 profissionais, incluindo equipes do Centro Especializado da Assist\u00eancia Social (Creas), Centro de Refer\u00eancia da Assist\u00eancia Social (Cras), Conselhos Tutelares e de outras pol\u00edticas p\u00fablicas, representando 23 munic\u00edpios do territ\u00f3rio Vale do Guaribas<\/p>\n\n\n\n<p><\/p>\n\n\n\n<figure class=\"wp-block-image\"><img decoding=\"async\" src=\"https:\/\/www.pi.gov.br\/wp-content\/uploads\/2026\/04\/16.jpg\" alt=\"\" class=\"wp-image-134783\" \/><\/figure>\n\n\n\n<p>Foto: Ascom Sasc<\/p>\n\n\n\n<p><\/p>\n\n\n\n<p>Iniciados em 2024, os cursos j\u00e1 capacitaram cerca de 540 profissionais. A meta \u00e9 alcan\u00e7ar os 12 territ\u00f3rios at\u00e9 o fim de 2026, completando um ciclo in\u00e9dito de qualifica\u00e7\u00e3o em todos os munic\u00edpios piauienses, garantindo que adolescentes cumpram medidas socioeducativas em suas comunidades e fortale\u00e7am v\u00ednculos familiares.<\/p>\n\n\n\n<figure class=\"wp-block-image\"><img decoding=\"async\" src=\"https:\/\/www.pi.gov.br\/wp-content\/uploads\/2026\/04\/15.jpg\" alt=\"\" class=\"wp-image-134782\" \/><\/figure>\n\n\n\n<p>Foto: Ascom Sasc<\/p>\n\n\n\n<p><\/p>\n\n\n\n<p>A a\u00e7\u00e3o integra as superintend\u00eancias de Assist\u00eancia Social, por meio da Prote\u00e7\u00e3o Social Especial e da Gest\u00e3o do SUAS e de Direitos Humanos, representada pela Diretoria de Atendimento Socioeducativo (Duase).<\/p>\n\n\n\n<p><\/p>\n\n\n\n<p><\/p>\n","protected":false},"excerpt":{"rendered":"<p>O objetivo \u00e9 organizar os servi\u00e7os socioassistenciais para atender e acompanhar adolescentes autores de atos infracionais, sentenciados pela justi\u00e7a. A Secretaria do Desenvolvimento e Assist\u00eancia Social, Fam\u00edlia e Combate \u00e0 [&hellip;]<\/p>\n","protected":false},"author":1807,"featured_media":3745,"comment_status":"closed","ping_status":"closed","sticky":false,"template":"","format":"standard","meta":[],"categories":[30],"tags":[],"featured_image_urls":{"full":["https:\/\/portal.pi.gov.br\/sasc\/wp-content\/uploads\/sites\/104\/2026\/04\/16.jpg",1280,960,false],"thumbnail":["https:\/\/portal.pi.gov.br\/sasc\/wp-content\/uploads\/sites\/104\/2026\/04\/16-150x150.jpg",150,150,true],"medium":["https:\/\/portal.pi.gov.br\/sasc\/wp-content\/uploads\/sites\/104\/2026\/04\/16-300x225.jpg",300,225,true],"medium_large":["https:\/\/portal.pi.gov.br\/sasc\/wp-content\/uploads\/sites\/104\/2026\/04\/16-768x576.jpg",768,576,true],"large":["https:\/\/portal.pi.gov.br\/sasc\/wp-content\/uploads\/sites\/104\/2026\/04\/16-1024x768.jpg",887,665,true],"sgg-420":["https:\/\/portal.pi.gov.br\/sasc\/wp-content\/uploads\/sites\/104\/2026\/04\/16-420x315.jpg",420,315,true],"sgg-540":["https:\/\/portal.pi.gov.br\/sasc\/wp-content\/uploads\/sites\/104\/2026\/04\/16-540x405.jpg",540,405,true],"sgg-780":["https:\/\/portal.pi.gov.br\/sasc\/wp-content\/uploads\/sites\/104\/2026\/04\/16-780x585.jpg",780,585,true],"1536x1536":["https:\/\/portal.pi.gov.br\/sasc\/wp-content\/uploads\/sites\/104\/2026\/04\/16.jpg",1280,960,false],"2048x2048":["https:\/\/portal.pi.gov.br\/sasc\/wp-content\/uploads\/sites\/104\/2026\/04\/16.jpg",1280,960,false],"homepage-slider":["https:\/\/portal.pi.gov.br\/sasc\/wp-content\/uploads\/sites\/104\/2026\/04\/16-1270x500.jpg",1270,500,true],"homepage-slider-small":["https:\/\/portal.pi.gov.br\/sasc\/wp-content\/uploads\/sites\/104\/2026\/04\/16-947x500.jpg",947,500,true],"page-top":["https:\/\/portal.pi.gov.br\/sasc\/wp-content\/uploads\/sites\/104\/2026\/04\/16-947x710.jpg",947,710,true],"page-small":["https:\/\/portal.pi.gov.br\/sasc\/wp-content\/uploads\/sites\/104\/2026\/04\/16-624x468.jpg",624,468,true],"loop-main":["https:\/\/portal.pi.gov.br\/sasc\/wp-content\/uploads\/sites\/104\/2026\/04\/16-365x240.jpg",365,240,true],"thumb-gallery-widget":["https:\/\/portal.pi.gov.br\/sasc\/wp-content\/uploads\/sites\/104\/2026\/04\/16-84x56.jpg",84,56,true]},"post_excerpt_stackable":"<p>O objetivo \u00e9 organizar os servi\u00e7os socioassistenciais para atender e acompanhar adolescentes autores de atos infracionais, sentenciados pela justi\u00e7a. A Secretaria do Desenvolvimento e Assist\u00eancia Social, Fam\u00edlia e Combate \u00e0 Fome (Sasc), por meio da Superintend\u00eancia da Assist\u00eancia Social, realiza, de 28 a 30 de abril, o curso Fortalecendo o Sistema Nacional de Atendimento Socioeducativo ( Sinase ) no Piau\u00ed: Medidas Socioeducativas em Meio Aberto de Liberdade Assistida (LA) e Presta\u00e7\u00e3o de Servi\u00e7os \u00e0 Comunidade (PSC). A capacita\u00e7\u00e3o ocorre em nove territ\u00f3rios de desenvolvimento do estado. O objetivo do curso \u00e9 organizar, alinhar e instrumentalizar os servi\u00e7os socioassistenciais para atender&hellip;<\/p>\n","category_list":"<a href=\"https:\/\/portal.pi.gov.br\/sasc\/category\/noticias\/\" rel=\"category tag\">Not\u00edcias<\/a>","author_info":{"name":"jeansilva","url":"https:\/\/portal.pi.gov.br\/sasc\/author\/jeansilva\/"},"comments_num":"0 coment\u00e1rio","featured_image_urls_v2":{"full":["https:\/\/portal.pi.gov.br\/sasc\/wp-content\/uploads\/sites\/104\/2026\/04\/16.jpg",1280,960,false],"thumbnail":["https:\/\/portal.pi.gov.br\/sasc\/wp-content\/uploads\/sites\/104\/2026\/04\/16-150x150.jpg",150,150,true],"medium":["https:\/\/portal.pi.gov.br\/sasc\/wp-content\/uploads\/sites\/104\/2026\/04\/16-300x225.jpg",300,225,true],"medium_large":["https:\/\/portal.pi.gov.br\/sasc\/wp-content\/uploads\/sites\/104\/2026\/04\/16-768x576.jpg",768,576,true],"large":["https:\/\/portal.pi.gov.br\/sasc\/wp-content\/uploads\/sites\/104\/2026\/04\/16-1024x768.jpg",887,665,true],"sgg-420":["https:\/\/portal.pi.gov.br\/sasc\/wp-content\/uploads\/sites\/104\/2026\/04\/16-420x315.jpg",420,315,true],"sgg-540":["https:\/\/portal.pi.gov.br\/sasc\/wp-content\/uploads\/sites\/104\/2026\/04\/16-540x405.jpg",540,405,true],"sgg-780":["https:\/\/portal.pi.gov.br\/sasc\/wp-content\/uploads\/sites\/104\/2026\/04\/16-780x585.jpg",780,585,true],"1536x1536":["https:\/\/portal.pi.gov.br\/sasc\/wp-content\/uploads\/sites\/104\/2026\/04\/16.jpg",1280,960,false],"2048x2048":["https:\/\/portal.pi.gov.br\/sasc\/wp-content\/uploads\/sites\/104\/2026\/04\/16.jpg",1280,960,false],"homepage-slider":["https:\/\/portal.pi.gov.br\/sasc\/wp-content\/uploads\/sites\/104\/2026\/04\/16-1270x500.jpg",1270,500,true],"homepage-slider-small":["https:\/\/portal.pi.gov.br\/sasc\/wp-content\/uploads\/sites\/104\/2026\/04\/16-947x500.jpg",947,500,true],"page-top":["https:\/\/portal.pi.gov.br\/sasc\/wp-content\/uploads\/sites\/104\/2026\/04\/16-947x710.jpg",947,710,true],"page-small":["https:\/\/portal.pi.gov.br\/sasc\/wp-content\/uploads\/sites\/104\/2026\/04\/16-624x468.jpg",624,468,true],"loop-main":["https:\/\/portal.pi.gov.br\/sasc\/wp-content\/uploads\/sites\/104\/2026\/04\/16-365x240.jpg",365,240,true],"thumb-gallery-widget":["https:\/\/portal.pi.gov.br\/sasc\/wp-content\/uploads\/sites\/104\/2026\/04\/16-84x56.jpg",84,56,true]},"post_excerpt_stackable_v2":"<p>O objetivo \u00e9 organizar os servi\u00e7os socioassistenciais para atender e acompanhar adolescentes autores de atos infracionais, sentenciados pela justi\u00e7a. A Secretaria do Desenvolvimento e Assist\u00eancia Social, Fam\u00edlia e Combate \u00e0 Fome (Sasc), por meio da Superintend\u00eancia da Assist\u00eancia Social, realiza, de 28 a 30 de abril, o curso Fortalecendo o Sistema Nacional de Atendimento Socioeducativo ( Sinase ) no Piau\u00ed: Medidas Socioeducativas em Meio Aberto de Liberdade Assistida (LA) e Presta\u00e7\u00e3o de Servi\u00e7os \u00e0 Comunidade (PSC). A capacita\u00e7\u00e3o ocorre em nove territ\u00f3rios de desenvolvimento do estado. O objetivo do curso \u00e9 organizar, alinhar e instrumentalizar os servi\u00e7os socioassistenciais para atender&hellip;<\/p>\n","category_list_v2":"<a href=\"https:\/\/portal.pi.gov.br\/sasc\/category\/noticias\/\" rel=\"category tag\">Not\u00edcias<\/a>","author_info_v2":{"name":"jeansilva","url":"https:\/\/portal.pi.gov.br\/sasc\/author\/jeansilva\/"},"comments_num_v2":"0 coment\u00e1rio","jetpack_featured_media_url":"https:\/\/portal.pi.gov.br\/sasc\/wp-content\/uploads\/sites\/104\/2026\/04\/16.jpg","_links":{"self":[{"href":"https:\/\/portal.pi.gov.br\/sasc\/wp-json\/wp\/v2\/posts\/3740"}],"collection":[{"href":"https:\/\/portal.pi.gov.br\/sasc\/wp-json\/wp\/v2\/posts"}],"about":[{"href":"https:\/\/portal.pi.gov.br\/sasc\/wp-json\/wp\/v2\/types\/post"}],"author":[{"embeddable":true,"href":"https:\/\/portal.pi.gov.br\/sasc\/wp-json\/wp\/v2\/users\/1807"}],"replies":[{"embeddable":true,"href":"https:\/\/portal.pi.gov.br\/sasc\/wp-json\/wp\/v2\/comments?post=3740"}],"version-history":[{"count":1,"href":"https:\/\/portal.pi.gov.br\/sasc\/wp-json\/wp\/v2\/posts\/3740\/revisions"}],"predecessor-version":[{"id":3741,"href":"https:\/\/portal.pi.gov.br\/sasc\/wp-json\/wp\/v2\/posts\/3740\/revisions\/3741"}],"wp:featuredmedia":[{"embeddable":true,"href":"https:\/\/portal.pi.gov.br\/sasc\/wp-json\/wp\/v2\/media\/3745"}],"wp:attachment":[{"href":"https:\/\/portal.pi.gov.br\/sasc\/wp-json\/wp\/v2\/media?parent=3740"}],"wp:term":[{"taxonomy":"category","embeddable":true,"href":"https:\/\/portal.pi.gov.br\/sasc\/wp-json\/wp\/v2\/categories?post=3740"},{"taxonomy":"post_tag","embeddable":true,"href":"https:\/\/portal.pi.gov.br\/sasc\/wp-json\/wp\/v2\/tags?post=3740"}],"curies":[{"name":"wp","href":"https:\/\/api.w.org\/{rel}","templated":true}]}}