{"id":3742,"date":"2026-04-29T16:42:08","date_gmt":"2026-04-29T19:42:08","guid":{"rendered":"https:\/\/portal.pi.gov.br\/sasc\/?p=3742"},"modified":"2026-04-29T16:50:59","modified_gmt":"2026-04-29T19:50:59","slug":"oficina-fortalece-atendimento-humanizado-no-combate-a-violencia-de-genero-no-litoral-do-piaui","status":"publish","type":"post","link":"https:\/\/portal.pi.gov.br\/sasc\/2026\/04\/29\/oficina-fortalece-atendimento-humanizado-no-combate-a-violencia-de-genero-no-litoral-do-piaui\/","title":{"rendered":"Oficina fortalece atendimento humanizado no combate \u00e0 viol\u00eancia de g\u00eanero no litoral do Piau\u00ed"},"content":{"rendered":"\n<p><\/p>\n\n\n\n<p>Capacita\u00e7\u00e3o re\u00fane t\u00e9cnicos da Plan\u00edcie Litor\u00e2nea para qualificar a preven\u00e7\u00e3o e o atendimento integrado \u00e0s v\u00edtimas no \u00e2mbito do SUAS.<\/p>\n\n\n\n<p><\/p>\n\n\n\n<p>A Secretaria de Desenvolvimento e Assist\u00eancia Social, Fam\u00edlia e Combate \u00e0 Fome (Sasc), por meio da Superintend\u00eancia de Assist\u00eancia Social, realizou, nos dias 28 e 29 de abril, no munic\u00edpio de Lu\u00eds Correia, a Oficina de Viol\u00eancia Baseada no G\u00eanero. A a\u00e7\u00e3o ocorreu em parceria com a Secretaria de Estado das Mulheres (Sempi) e a Secretaria de Seguran\u00e7a P\u00fablica (SSP).<\/p>\n\n\n\n<p><\/p>\n\n\n\n<p>A iniciativa teve como foco a sensibiliza\u00e7\u00e3o e a humaniza\u00e7\u00e3o do atendimento no \u00e2mbito do Servi\u00e7o de Prote\u00e7\u00e3o e Atendimento Integral \u00e0 Fam\u00edlia (PAIF) e do Servi\u00e7o de Prote\u00e7\u00e3o e Atendimento a Fam\u00edlias e Indiv\u00edduos (PAEFI). O objetivo \u00e9 capacitar e instrumentalizar as equipes para prevenir, identificar e intervir de forma qualificada e integrada nos casos de viol\u00eancia baseada no g\u00eanero, dentro do Sistema \u00danico de Assist\u00eancia Social (SUAS).<\/p>\n\n\n\n<p><\/p>\n\n\n\n<figure class=\"wp-block-image\"><img decoding=\"async\" src=\"https:\/\/www.pi.gov.br\/wp-content\/uploads\/2026\/04\/22.jpg\" alt=\"\" class=\"wp-image-134786\" \/><\/figure>\n\n\n\n<p>Foto: Ascom Sasc<\/p>\n\n\n\n<p><\/p>\n\n\n\n<p>A oficina reuniu cerca de 40 t\u00e9cnicos que atuam em Centros de Refer\u00eancia da Assist\u00eancia Social (CRAS), Centros Especializados de Assist\u00eancia Social (CREAS) e Organismos de Pol\u00edticas para Mulheres (OPMs), contemplando munic\u00edpios da regi\u00e3o da Plan\u00edcie Litor\u00e2nea.<\/p>\n\n\n\n<p><\/p>\n\n\n\n<figure class=\"wp-block-image\"><img decoding=\"async\" src=\"https:\/\/www.pi.gov.br\/wp-content\/uploads\/2026\/04\/23.jpg\" alt=\"\" class=\"wp-image-134787\" \/><\/figure>\n\n\n\n<p>Foto: Ascom Sasc<\/p>\n\n\n\n<p><\/p>\n\n\n\n<p>A capacita\u00e7\u00e3o integra as a\u00e7\u00f5es priorit\u00e1rias do Projeto Pilares do Desenvolvimento Humano (PDH) Piau\u00ed, executado pela Sasc. A iniciativa faz parte do Componente 2 do projeto, que tem como um de seus principais objetivos a qualifica\u00e7\u00e3o cont\u00ednua dos profissionais do SUAS no estado, contribuindo para o fortalecimento da rede de prote\u00e7\u00e3o social e o aprimoramento do atendimento \u00e0s fam\u00edlias piauienses.<\/p>\n\n\n\n<p><\/p>\n\n\n\n<p><\/p>\n","protected":false},"excerpt":{"rendered":"<p>Capacita\u00e7\u00e3o re\u00fane t\u00e9cnicos da Plan\u00edcie Litor\u00e2nea para qualificar a preven\u00e7\u00e3o e o atendimento integrado \u00e0s v\u00edtimas no \u00e2mbito do SUAS. A Secretaria de Desenvolvimento e Assist\u00eancia Social, Fam\u00edlia e Combate [&hellip;]<\/p>\n","protected":false},"author":1807,"featured_media":3744,"comment_status":"closed","ping_status":"closed","sticky":false,"template":"","format":"standard","meta":[],"categories":[30],"tags":[],"featured_image_urls":{"full":["https:\/\/portal.pi.gov.br\/sasc\/wp-content\/uploads\/sites\/104\/2026\/04\/22.jpg",1280,960,false],"thumbnail":["https:\/\/portal.pi.gov.br\/sasc\/wp-content\/uploads\/sites\/104\/2026\/04\/22-150x150.jpg",150,150,true],"medium":["https:\/\/portal.pi.gov.br\/sasc\/wp-content\/uploads\/sites\/104\/2026\/04\/22-300x225.jpg",300,225,true],"medium_large":["https:\/\/portal.pi.gov.br\/sasc\/wp-content\/uploads\/sites\/104\/2026\/04\/22-768x576.jpg",768,576,true],"large":["https:\/\/portal.pi.gov.br\/sasc\/wp-content\/uploads\/sites\/104\/2026\/04\/22-1024x768.jpg",887,665,true],"sgg-420":["https:\/\/portal.pi.gov.br\/sasc\/wp-content\/uploads\/sites\/104\/2026\/04\/22-420x315.jpg",420,315,true],"sgg-540":["https:\/\/portal.pi.gov.br\/sasc\/wp-content\/uploads\/sites\/104\/2026\/04\/22-540x405.jpg",540,405,true],"sgg-780":["https:\/\/portal.pi.gov.br\/sasc\/wp-content\/uploads\/sites\/104\/2026\/04\/22-780x585.jpg",780,585,true],"1536x1536":["https:\/\/portal.pi.gov.br\/sasc\/wp-content\/uploads\/sites\/104\/2026\/04\/22.jpg",1280,960,false],"2048x2048":["https:\/\/portal.pi.gov.br\/sasc\/wp-content\/uploads\/sites\/104\/2026\/04\/22.jpg",1280,960,false],"homepage-slider":["https:\/\/portal.pi.gov.br\/sasc\/wp-content\/uploads\/sites\/104\/2026\/04\/22-1270x500.jpg",1270,500,true],"homepage-slider-small":["https:\/\/portal.pi.gov.br\/sasc\/wp-content\/uploads\/sites\/104\/2026\/04\/22-947x500.jpg",947,500,true],"page-top":["https:\/\/portal.pi.gov.br\/sasc\/wp-content\/uploads\/sites\/104\/2026\/04\/22-947x710.jpg",947,710,true],"page-small":["https:\/\/portal.pi.gov.br\/sasc\/wp-content\/uploads\/sites\/104\/2026\/04\/22-624x468.jpg",624,468,true],"loop-main":["https:\/\/portal.pi.gov.br\/sasc\/wp-content\/uploads\/sites\/104\/2026\/04\/22-365x240.jpg",365,240,true],"thumb-gallery-widget":["https:\/\/portal.pi.gov.br\/sasc\/wp-content\/uploads\/sites\/104\/2026\/04\/22-84x56.jpg",84,56,true]},"post_excerpt_stackable":"<p>Capacita\u00e7\u00e3o re\u00fane t\u00e9cnicos da Plan\u00edcie Litor\u00e2nea para qualificar a preven\u00e7\u00e3o e o atendimento integrado \u00e0s v\u00edtimas no \u00e2mbito do SUAS. A Secretaria de Desenvolvimento e Assist\u00eancia Social, Fam\u00edlia e Combate \u00e0 Fome (Sasc), por meio da Superintend\u00eancia de Assist\u00eancia Social, realizou, nos dias 28 e 29 de abril, no munic\u00edpio de Lu\u00eds Correia, a Oficina de Viol\u00eancia Baseada no G\u00eanero. A a\u00e7\u00e3o ocorreu em parceria com a Secretaria de Estado das Mulheres (Sempi) e a Secretaria de Seguran\u00e7a P\u00fablica (SSP). A iniciativa teve como foco a sensibiliza\u00e7\u00e3o e a humaniza\u00e7\u00e3o do atendimento no \u00e2mbito do Servi\u00e7o de Prote\u00e7\u00e3o e Atendimento&hellip;<\/p>\n","category_list":"<a href=\"https:\/\/portal.pi.gov.br\/sasc\/category\/noticias\/\" rel=\"category tag\">Not\u00edcias<\/a>","author_info":{"name":"jeansilva","url":"https:\/\/portal.pi.gov.br\/sasc\/author\/jeansilva\/"},"comments_num":"0 coment\u00e1rio","featured_image_urls_v2":{"full":["https:\/\/portal.pi.gov.br\/sasc\/wp-content\/uploads\/sites\/104\/2026\/04\/22.jpg",1280,960,false],"thumbnail":["https:\/\/portal.pi.gov.br\/sasc\/wp-content\/uploads\/sites\/104\/2026\/04\/22-150x150.jpg",150,150,true],"medium":["https:\/\/portal.pi.gov.br\/sasc\/wp-content\/uploads\/sites\/104\/2026\/04\/22-300x225.jpg",300,225,true],"medium_large":["https:\/\/portal.pi.gov.br\/sasc\/wp-content\/uploads\/sites\/104\/2026\/04\/22-768x576.jpg",768,576,true],"large":["https:\/\/portal.pi.gov.br\/sasc\/wp-content\/uploads\/sites\/104\/2026\/04\/22-1024x768.jpg",887,665,true],"sgg-420":["https:\/\/portal.pi.gov.br\/sasc\/wp-content\/uploads\/sites\/104\/2026\/04\/22-420x315.jpg",420,315,true],"sgg-540":["https:\/\/portal.pi.gov.br\/sasc\/wp-content\/uploads\/sites\/104\/2026\/04\/22-540x405.jpg",540,405,true],"sgg-780":["https:\/\/portal.pi.gov.br\/sasc\/wp-content\/uploads\/sites\/104\/2026\/04\/22-780x585.jpg",780,585,true],"1536x1536":["https:\/\/portal.pi.gov.br\/sasc\/wp-content\/uploads\/sites\/104\/2026\/04\/22.jpg",1280,960,false],"2048x2048":["https:\/\/portal.pi.gov.br\/sasc\/wp-content\/uploads\/sites\/104\/2026\/04\/22.jpg",1280,960,false],"homepage-slider":["https:\/\/portal.pi.gov.br\/sasc\/wp-content\/uploads\/sites\/104\/2026\/04\/22-1270x500.jpg",1270,500,true],"homepage-slider-small":["https:\/\/portal.pi.gov.br\/sasc\/wp-content\/uploads\/sites\/104\/2026\/04\/22-947x500.jpg",947,500,true],"page-top":["https:\/\/portal.pi.gov.br\/sasc\/wp-content\/uploads\/sites\/104\/2026\/04\/22-947x710.jpg",947,710,true],"page-small":["https:\/\/portal.pi.gov.br\/sasc\/wp-content\/uploads\/sites\/104\/2026\/04\/22-624x468.jpg",624,468,true],"loop-main":["https:\/\/portal.pi.gov.br\/sasc\/wp-content\/uploads\/sites\/104\/2026\/04\/22-365x240.jpg",365,240,true],"thumb-gallery-widget":["https:\/\/portal.pi.gov.br\/sasc\/wp-content\/uploads\/sites\/104\/2026\/04\/22-84x56.jpg",84,56,true]},"post_excerpt_stackable_v2":"<p>Capacita\u00e7\u00e3o re\u00fane t\u00e9cnicos da Plan\u00edcie Litor\u00e2nea para qualificar a preven\u00e7\u00e3o e o atendimento integrado \u00e0s v\u00edtimas no \u00e2mbito do SUAS. A Secretaria de Desenvolvimento e Assist\u00eancia Social, Fam\u00edlia e Combate \u00e0 Fome (Sasc), por meio da Superintend\u00eancia de Assist\u00eancia Social, realizou, nos dias 28 e 29 de abril, no munic\u00edpio de Lu\u00eds Correia, a Oficina de Viol\u00eancia Baseada no G\u00eanero. A a\u00e7\u00e3o ocorreu em parceria com a Secretaria de Estado das Mulheres (Sempi) e a Secretaria de Seguran\u00e7a P\u00fablica (SSP). A iniciativa teve como foco a sensibiliza\u00e7\u00e3o e a humaniza\u00e7\u00e3o do atendimento no \u00e2mbito do Servi\u00e7o de Prote\u00e7\u00e3o e Atendimento&hellip;<\/p>\n","category_list_v2":"<a href=\"https:\/\/portal.pi.gov.br\/sasc\/category\/noticias\/\" rel=\"category tag\">Not\u00edcias<\/a>","author_info_v2":{"name":"jeansilva","url":"https:\/\/portal.pi.gov.br\/sasc\/author\/jeansilva\/"},"comments_num_v2":"0 coment\u00e1rio","jetpack_featured_media_url":"https:\/\/portal.pi.gov.br\/sasc\/wp-content\/uploads\/sites\/104\/2026\/04\/22.jpg","_links":{"self":[{"href":"https:\/\/portal.pi.gov.br\/sasc\/wp-json\/wp\/v2\/posts\/3742"}],"collection":[{"href":"https:\/\/portal.pi.gov.br\/sasc\/wp-json\/wp\/v2\/posts"}],"about":[{"href":"https:\/\/portal.pi.gov.br\/sasc\/wp-json\/wp\/v2\/types\/post"}],"author":[{"embeddable":true,"href":"https:\/\/portal.pi.gov.br\/sasc\/wp-json\/wp\/v2\/users\/1807"}],"replies":[{"embeddable":true,"href":"https:\/\/portal.pi.gov.br\/sasc\/wp-json\/wp\/v2\/comments?post=3742"}],"version-history":[{"count":1,"href":"https:\/\/portal.pi.gov.br\/sasc\/wp-json\/wp\/v2\/posts\/3742\/revisions"}],"predecessor-version":[{"id":3743,"href":"https:\/\/portal.pi.gov.br\/sasc\/wp-json\/wp\/v2\/posts\/3742\/revisions\/3743"}],"wp:featuredmedia":[{"embeddable":true,"href":"https:\/\/portal.pi.gov.br\/sasc\/wp-json\/wp\/v2\/media\/3744"}],"wp:attachment":[{"href":"https:\/\/portal.pi.gov.br\/sasc\/wp-json\/wp\/v2\/media?parent=3742"}],"wp:term":[{"taxonomy":"category","embeddable":true,"href":"https:\/\/portal.pi.gov.br\/sasc\/wp-json\/wp\/v2\/categories?post=3742"},{"taxonomy":"post_tag","embeddable":true,"href":"https:\/\/portal.pi.gov.br\/sasc\/wp-json\/wp\/v2\/tags?post=3742"}],"curies":[{"name":"wp","href":"https:\/\/api.w.org\/{rel}","templated":true}]}}