{"id":3111,"date":"2026-02-05T10:51:00","date_gmt":"2026-02-05T13:51:00","guid":{"rendered":"https:\/\/portal.pi.gov.br\/secepi\/?p=3111"},"modified":"2026-02-09T09:55:13","modified_gmt":"2026-02-09T12:55:13","slug":"prefeitos-dos-224-municipios-piauienses-ja-podem-aderir-aos-jogos-escolares-2026","status":"publish","type":"post","link":"https:\/\/portal.pi.gov.br\/secepi\/2026\/02\/05\/prefeitos-dos-224-municipios-piauienses-ja-podem-aderir-aos-jogos-escolares-2026\/","title":{"rendered":"Prefeitos dos 224 munic\u00edpios piauienses j\u00e1 podem aderir aos Jogos Escolares 2026"},"content":{"rendered":"\n<p>O per\u00edodo de ades\u00e3o ocorre de 4 de fevereiro a 30 de mar\u00e7o.<\/p>\n\n\n\n<p><\/p>\n\n\n\n<p>A Secretaria dos Esportes do Piau\u00ed (Secepi) disponibilizou aos gestores municipais o termo de ades\u00e3o aos Jogos Escolares Piauienses (Jepis) e \u00e0s Paralimp\u00edadas Escolares Piauienses 2026. O per\u00edodo de ades\u00e3o ocorre de 4 de fevereiro a 30 de mar\u00e7o.<\/p>\n\n\n\n<p>Acesse&nbsp;<a href=\"https:\/\/www.pi.gov.br\/wp-content\/uploads\/2026\/02\/termo-de-adesao-2026.pdf\"><strong>aqui<\/strong><\/a>&nbsp;o termo de ades\u00e3o aos Jepis 2026.<\/p>\n\n\n\n<p>Com isso, prefeitos, secret\u00e1rios municipais de Esportes ou de Educa\u00e7\u00e3o e demais gestores interessados j\u00e1 podem acessar o documento e iniciar o processo de ades\u00e3o. A formaliza\u00e7\u00e3o do documento \u00e9 condi\u00e7\u00e3o essencial para que os munic\u00edpios participem das etapas regionais e estadual da competi\u00e7\u00e3o.<\/p>\n\n\n\n<p>A mobiliza\u00e7\u00e3o dos munic\u00edpios teve in\u00edcio com reuni\u00e3o entre a secret\u00e1ria dos Esportes, Josiene Campelo, e o presidente da Associa\u00e7\u00e3o Piauiense de Munic\u00edpios (APPM), Pomp\u00edlio Evaristo, com o objetivo de engajar os gestores municipais e garantir a ampla participa\u00e7\u00e3o dos alunos-atletas na edi\u00e7\u00e3o 2026 dos jogos.<\/p>\n\n\n\n<figure class=\"wp-block-image\" id=\"attachment_114192\"><img decoding=\"async\" src=\"https:\/\/www.pi.gov.br\/wp-content\/uploads\/2026\/02\/WhatsApp-Image-2026-02-03-at-11.52.23.jpeg\" alt=\"\" class=\"wp-image-114192\" \/><figcaption class=\"wp-element-caption\">Foto: Ascom Secepi<\/figcaption><\/figure>\n\n\n\n<p>Na parceria, compete aos munic\u00edpio, por exemplo, realizar a etapa municipal observando os regulamentos oficiais, inscrever suas delega\u00e7\u00f5es e garantir a regularidade escolar dos participantes.<\/p>\n\n\n\n<p>A secret\u00e1ria dos Esportes, Josiene Campelo, refor\u00e7ou a import\u00e2ncia da integra\u00e7\u00e3o Estado e munic\u00edpios para o sucesso dos jogos. \u201cTodo o desenvolvimento dos jogos escolares depende, a princ\u00edpio, da parceria dos gestores municipais. \u00c9 nas etapas municipais dos jogos que captamos o maior n\u00famero de estudantes-atletas. Tendo assim, aumentadas as chances de termos campe\u00f5es revelados. Al\u00e9m de contribuir com oportunidades para esses jovens, suas fam\u00edlias e toda a comunidade\u201d, destacou a gestora.<\/p>\n\n\n\n<figure class=\"wp-block-image\" id=\"attachment_114589\"><img decoding=\"async\" src=\"https:\/\/www.pi.gov.br\/wp-content\/uploads\/2026\/02\/jepis.jpeg\" alt=\"\" class=\"wp-image-114589\" \/><figcaption class=\"wp-element-caption\">Foto: Ascom Secepi<\/figcaption><\/figure>\n\n\n\n<p><strong>O jogos&nbsp;<\/strong><\/p>\n\n\n\n<p>Organizados pela Secepi em parceria com a Secretaria da Educa\u00e7\u00e3o (Seduc) e a Secretaria da Inclus\u00e3o da Pessoa com Defici\u00eancia (Seid), os Jepis s\u00e3o voltados a estudantes-atletas das redes municipal, estadual, particular e do Instituto Federal do Piau\u00ed (IFPI), incluindo competidores com defici\u00eancia.<\/p>\n\n\n\n<p>Para 2026, a competi\u00e7\u00e3o ser\u00e1 ampliada, com a implanta\u00e7\u00e3o de 12 polos regionais, dois a mais que em 2025. A meta \u00e9 alcan\u00e7ar a ades\u00e3o dos 224 munic\u00edpios piauienses, superando os 191 participantes do ano passado. Em 2025, os Jepis reuniram cerca de 23 mil alunos-atletas. Para este ano, a previs\u00e3o \u00e9 chegar a aproximadamente 27 mil estudantes, com idades entre 12 e 17 anos.<\/p>\n\n\n\n<figure class=\"wp-block-image\" id=\"attachment_114588\"><img decoding=\"async\" src=\"https:\/\/www.pi.gov.br\/wp-content\/uploads\/2026\/02\/jepis-1.jpeg\" alt=\"\" class=\"wp-image-114588\" \/><figcaption class=\"wp-element-caption\">Foto: Ascom Secepi<\/figcaption><\/figure>\n","protected":false},"excerpt":{"rendered":"<p>O per\u00edodo de ades\u00e3o ocorre de 4 de fevereiro a 30 de mar\u00e7o. A Secretaria dos Esportes do Piau\u00ed (Secepi) disponibilizou aos gestores municipais o termo de ades\u00e3o aos Jogos [&hellip;]<\/p>\n","protected":false},"author":1717,"featured_media":3112,"comment_status":"closed","ping_status":"closed","sticky":false,"template":"","format":"standard","meta":[],"categories":[32],"tags":[100,51,43,48,41,38,61,36,50],"featured_image_urls":{"full":["https:\/\/portal.pi.gov.br\/secepi\/wp-content\/uploads\/sites\/63\/2026\/02\/jepis-2.jpeg",1600,1068,false],"thumbnail":["https:\/\/portal.pi.gov.br\/secepi\/wp-content\/uploads\/sites\/63\/2026\/02\/jepis-2-150x150.jpeg",150,150,true],"medium":["https:\/\/portal.pi.gov.br\/secepi\/wp-content\/uploads\/sites\/63\/2026\/02\/jepis-2-300x200.jpeg",300,200,true],"medium_large":["https:\/\/portal.pi.gov.br\/secepi\/wp-content\/uploads\/sites\/63\/2026\/02\/jepis-2-768x513.jpeg",768,513,true],"large":["https:\/\/portal.pi.gov.br\/secepi\/wp-content\/uploads\/sites\/63\/2026\/02\/jepis-2-1024x684.jpeg",887,592,true],"sgg-420":["https:\/\/portal.pi.gov.br\/secepi\/wp-content\/uploads\/sites\/63\/2026\/02\/jepis-2-420x280.jpeg",420,280,true],"sgg-540":["https:\/\/portal.pi.gov.br\/secepi\/wp-content\/uploads\/sites\/63\/2026\/02\/jepis-2-540x360.jpeg",540,360,true],"sgg-780":["https:\/\/portal.pi.gov.br\/secepi\/wp-content\/uploads\/sites\/63\/2026\/02\/jepis-2-780x521.jpeg",780,521,true],"1536x1536":["https:\/\/portal.pi.gov.br\/secepi\/wp-content\/uploads\/sites\/63\/2026\/02\/jepis-2-1536x1025.jpeg",1536,1025,true],"2048x2048":["https:\/\/portal.pi.gov.br\/secepi\/wp-content\/uploads\/sites\/63\/2026\/02\/jepis-2.jpeg",1600,1068,false],"homepage-slider":["https:\/\/portal.pi.gov.br\/secepi\/wp-content\/uploads\/sites\/63\/2026\/02\/jepis-2-1270x500.jpeg",1270,500,true],"homepage-slider-small":["https:\/\/portal.pi.gov.br\/secepi\/wp-content\/uploads\/sites\/63\/2026\/02\/jepis-2-947x500.jpeg",947,500,true],"page-top":["https:\/\/portal.pi.gov.br\/secepi\/wp-content\/uploads\/sites\/63\/2026\/02\/jepis-2-947x632.jpeg",947,632,true],"page-small":["https:\/\/portal.pi.gov.br\/secepi\/wp-content\/uploads\/sites\/63\/2026\/02\/jepis-2-624x417.jpeg",624,417,true],"loop-main":["https:\/\/portal.pi.gov.br\/secepi\/wp-content\/uploads\/sites\/63\/2026\/02\/jepis-2-365x240.jpeg",365,240,true],"thumb-gallery-widget":["https:\/\/portal.pi.gov.br\/secepi\/wp-content\/uploads\/sites\/63\/2026\/02\/jepis-2-84x56.jpeg",84,56,true]},"post_excerpt_stackable":"<p>O per\u00edodo de ades\u00e3o ocorre de 4 de fevereiro a 30 de mar\u00e7o. A Secretaria dos Esportes do Piau\u00ed (Secepi) disponibilizou aos gestores municipais o termo de ades\u00e3o aos Jogos Escolares Piauienses (Jepis) e \u00e0s Paralimp\u00edadas Escolares Piauienses 2026. O per\u00edodo de ades\u00e3o ocorre de 4 de fevereiro a 30 de mar\u00e7o. Acesse&nbsp;aqui&nbsp;o termo de ades\u00e3o aos Jepis 2026. Com isso, prefeitos, secret\u00e1rios municipais de Esportes ou de Educa\u00e7\u00e3o e demais gestores interessados j\u00e1 podem acessar o documento e iniciar o processo de ades\u00e3o. A formaliza\u00e7\u00e3o do documento \u00e9 condi\u00e7\u00e3o essencial para que os munic\u00edpios participem das etapas regionais e&hellip;<\/p>\n","category_list":"<a href=\"https:\/\/portal.pi.gov.br\/secepi\/category\/noticias\/\" rel=\"category tag\">Not\u00edcias<\/a>","author_info":{"name":"feliperocha","url":"https:\/\/portal.pi.gov.br\/secepi\/author\/feliperocha\/"},"comments_num":"0 coment\u00e1rio","featured_image_urls_v2":{"full":["https:\/\/portal.pi.gov.br\/secepi\/wp-content\/uploads\/sites\/63\/2026\/02\/jepis-2.jpeg",1600,1068,false],"thumbnail":["https:\/\/portal.pi.gov.br\/secepi\/wp-content\/uploads\/sites\/63\/2026\/02\/jepis-2-150x150.jpeg",150,150,true],"medium":["https:\/\/portal.pi.gov.br\/secepi\/wp-content\/uploads\/sites\/63\/2026\/02\/jepis-2-300x200.jpeg",300,200,true],"medium_large":["https:\/\/portal.pi.gov.br\/secepi\/wp-content\/uploads\/sites\/63\/2026\/02\/jepis-2-768x513.jpeg",768,513,true],"large":["https:\/\/portal.pi.gov.br\/secepi\/wp-content\/uploads\/sites\/63\/2026\/02\/jepis-2-1024x684.jpeg",887,592,true],"sgg-420":["https:\/\/portal.pi.gov.br\/secepi\/wp-content\/uploads\/sites\/63\/2026\/02\/jepis-2-420x280.jpeg",420,280,true],"sgg-540":["https:\/\/portal.pi.gov.br\/secepi\/wp-content\/uploads\/sites\/63\/2026\/02\/jepis-2-540x360.jpeg",540,360,true],"sgg-780":["https:\/\/portal.pi.gov.br\/secepi\/wp-content\/uploads\/sites\/63\/2026\/02\/jepis-2-780x521.jpeg",780,521,true],"1536x1536":["https:\/\/portal.pi.gov.br\/secepi\/wp-content\/uploads\/sites\/63\/2026\/02\/jepis-2-1536x1025.jpeg",1536,1025,true],"2048x2048":["https:\/\/portal.pi.gov.br\/secepi\/wp-content\/uploads\/sites\/63\/2026\/02\/jepis-2.jpeg",1600,1068,false],"homepage-slider":["https:\/\/portal.pi.gov.br\/secepi\/wp-content\/uploads\/sites\/63\/2026\/02\/jepis-2-1270x500.jpeg",1270,500,true],"homepage-slider-small":["https:\/\/portal.pi.gov.br\/secepi\/wp-content\/uploads\/sites\/63\/2026\/02\/jepis-2-947x500.jpeg",947,500,true],"page-top":["https:\/\/portal.pi.gov.br\/secepi\/wp-content\/uploads\/sites\/63\/2026\/02\/jepis-2-947x632.jpeg",947,632,true],"page-small":["https:\/\/portal.pi.gov.br\/secepi\/wp-content\/uploads\/sites\/63\/2026\/02\/jepis-2-624x417.jpeg",624,417,true],"loop-main":["https:\/\/portal.pi.gov.br\/secepi\/wp-content\/uploads\/sites\/63\/2026\/02\/jepis-2-365x240.jpeg",365,240,true],"thumb-gallery-widget":["https:\/\/portal.pi.gov.br\/secepi\/wp-content\/uploads\/sites\/63\/2026\/02\/jepis-2-84x56.jpeg",84,56,true]},"post_excerpt_stackable_v2":"<p>O per\u00edodo de ades\u00e3o ocorre de 4 de fevereiro a 30 de mar\u00e7o. A Secretaria dos Esportes do Piau\u00ed (Secepi) disponibilizou aos gestores municipais o termo de ades\u00e3o aos Jogos Escolares Piauienses (Jepis) e \u00e0s Paralimp\u00edadas Escolares Piauienses 2026. O per\u00edodo de ades\u00e3o ocorre de 4 de fevereiro a 30 de mar\u00e7o. Acesse&nbsp;aqui&nbsp;o termo de ades\u00e3o aos Jepis 2026. Com isso, prefeitos, secret\u00e1rios municipais de Esportes ou de Educa\u00e7\u00e3o e demais gestores interessados j\u00e1 podem acessar o documento e iniciar o processo de ades\u00e3o. A formaliza\u00e7\u00e3o do documento \u00e9 condi\u00e7\u00e3o essencial para que os munic\u00edpios participem das etapas regionais e&hellip;<\/p>\n","category_list_v2":"<a href=\"https:\/\/portal.pi.gov.br\/secepi\/category\/noticias\/\" rel=\"category tag\">Not\u00edcias<\/a>","author_info_v2":{"name":"feliperocha","url":"https:\/\/portal.pi.gov.br\/secepi\/author\/feliperocha\/"},"comments_num_v2":"0 coment\u00e1rio","jetpack_featured_media_url":"https:\/\/portal.pi.gov.br\/secepi\/wp-content\/uploads\/sites\/63\/2026\/02\/jepis-2.jpeg","_links":{"self":[{"href":"https:\/\/portal.pi.gov.br\/secepi\/wp-json\/wp\/v2\/posts\/3111"}],"collection":[{"href":"https:\/\/portal.pi.gov.br\/secepi\/wp-json\/wp\/v2\/posts"}],"about":[{"href":"https:\/\/portal.pi.gov.br\/secepi\/wp-json\/wp\/v2\/types\/post"}],"author":[{"embeddable":true,"href":"https:\/\/portal.pi.gov.br\/secepi\/wp-json\/wp\/v2\/users\/1717"}],"replies":[{"embeddable":true,"href":"https:\/\/portal.pi.gov.br\/secepi\/wp-json\/wp\/v2\/comments?post=3111"}],"version-history":[{"count":1,"href":"https:\/\/portal.pi.gov.br\/secepi\/wp-json\/wp\/v2\/posts\/3111\/revisions"}],"predecessor-version":[{"id":3113,"href":"https:\/\/portal.pi.gov.br\/secepi\/wp-json\/wp\/v2\/posts\/3111\/revisions\/3113"}],"wp:featuredmedia":[{"embeddable":true,"href":"https:\/\/portal.pi.gov.br\/secepi\/wp-json\/wp\/v2\/media\/3112"}],"wp:attachment":[{"href":"https:\/\/portal.pi.gov.br\/secepi\/wp-json\/wp\/v2\/media?parent=3111"}],"wp:term":[{"taxonomy":"category","embeddable":true,"href":"https:\/\/portal.pi.gov.br\/secepi\/wp-json\/wp\/v2\/categories?post=3111"},{"taxonomy":"post_tag","embeddable":true,"href":"https:\/\/portal.pi.gov.br\/secepi\/wp-json\/wp\/v2\/tags?post=3111"}],"curies":[{"name":"wp","href":"https:\/\/api.w.org\/{rel}","templated":true}]}}