{"id":3230,"date":"2026-03-31T20:39:10","date_gmt":"2026-03-31T23:39:10","guid":{"rendered":"https:\/\/portal.pi.gov.br\/secepi\/?p=3230"},"modified":"2026-03-31T20:41:29","modified_gmt":"2026-03-31T23:41:29","slug":"piaui-conquista-95-medalhas-e-e-campeao-do-brasileiro-de-judo-regiao-i","status":"publish","type":"post","link":"https:\/\/portal.pi.gov.br\/secepi\/2026\/03\/31\/piaui-conquista-95-medalhas-e-e-campeao-do-brasileiro-de-judo-regiao-i\/","title":{"rendered":"Piau\u00ed conquista 95 medalhas e \u00e9 campe\u00e3o do Brasileiro de Jud\u00f4 Regi\u00e3o I"},"content":{"rendered":"\n<p>A delega\u00e7\u00e3o piauiense teve apoio do Governo do Estado, por meio da Secretaria dos Esportes (Secepi), via Sistema Estadual de Incentivo ao Esporte (Siespi).<\/p>\n\n\n\n<p><\/p>\n\n\n\n<p>O jud\u00f4 piauiense vive um momento hist\u00f3rico. O estado sagrou-se campe\u00e3o geral do Campeonato Brasileiro de Jud\u00f4 Regi\u00e3o I 2026, realizado de 27 a 29 de mar\u00e7o, em S\u00e3o Lu\u00eds, no Maranh\u00e3o, consolidando sua for\u00e7a no cen\u00e1rio regional da modalidade.<\/p>\n\n\n\n<p>Ao todo, a delega\u00e7\u00e3o conquistou 95 medalhas, sendo 31 de ouro, 24 de prata e 40 de bronze, garantindo o topo do p\u00f3dio geral da competi\u00e7\u00e3o. O Piau\u00ed tamb\u00e9m teve destaque por equipes, com o t\u00edtulo no feminino e a segunda coloca\u00e7\u00e3o no masculino, o que refor\u00e7a o equil\u00edbrio e a consist\u00eancia dos atletas piauienses.<\/p>\n\n\n\n<p>A competi\u00e7\u00e3o reuniu judocas de cinco estados (Piau\u00ed, Maranh\u00e3o, Amazonas, Amap\u00e1 e Roraima) e integra o calend\u00e1rio oficial da Confedera\u00e7\u00e3o Brasileira de Jud\u00f4 (CBJ), sendo uma das etapas classificat\u00f3rias para as fases finais nacionais, que acontecem entre maio e novembro.<\/p>\n\n\n\n<figure class=\"wp-block-image\" id=\"attachment_127298\"><img decoding=\"async\" src=\"https:\/\/www.pi.gov.br\/wp-content\/uploads\/2026\/03\/WhatsApp-Image-2026-03-30-at-16.17.05.jpeg\" alt=\"\" class=\"wp-image-127298\" \/><figcaption class=\"wp-element-caption\">Foto: Ascom Secepi<\/figcaption><\/figure>\n\n\n\n<p>O resultado expressivo tamb\u00e9m reflete o trabalho coletivo das equipes piauienses. As equipes que tiveram participa\u00e7\u00e3o decisiva na campanha vitoriosa, por meio da FPIJ, foram: Associa\u00e7\u00e3o Centro Ol\u00edmpico Piauiense (ASCOPI); Associa\u00e7\u00e3o Jud\u00f4 Expedito Falc\u00e3o (AJEF); Associa\u00e7\u00e3o Jud\u00f4 Queiroz (AJQ); Centro de Treinamento Abdias Queiroz; Centro de Treinamento Stanley Torres; Fabieldo Torres Team; Centro de Treinamento Arist\u00f3fanes Sousa; Jud\u00f4 Brotar; Jud\u00f4 Igor Sousa; Jud\u00f4 Campelo; Jud\u00f4 Luciana Caldas; Jud\u00f4 Nova Gera\u00e7\u00e3o e WBJud\u00f4.<\/p>\n\n\n\n<p>O desempenho do jud\u00f4 piauiense tem como base o investimento em pol\u00edticas p\u00fablicas esportivas. A participa\u00e7\u00e3o da delega\u00e7\u00e3o no campeonato contou com o apoio do Governo do Estado, por meio da Secretaria dos Esportes (Secepi), via Sistema Estadual de Incentivo ao Esporte (Siespi).<\/p>\n\n\n\n<figure class=\"wp-block-image\" id=\"attachment_127285\"><img decoding=\"async\" src=\"https:\/\/www.pi.gov.br\/wp-content\/uploads\/2026\/03\/WhatsApp-Image-2026-03-30-at-15.48.36.jpeg\" alt=\"\" class=\"wp-image-127285\" \/><figcaption class=\"wp-element-caption\">Foto: Ascom Secepi<\/figcaption><\/figure>\n\n\n\n<p>O programa garantiu recursos para transporte e hospedagem dos atletas, viabilizando a presen\u00e7a das equipes em competi\u00e7\u00f5es nacionais e contribuindo diretamente para os resultados alcan\u00e7ados.<\/p>\n\n\n\n<p>A secret\u00e1ria dos Esportes, Josiene Campelo, destacou a import\u00e2ncia do incentivo cont\u00ednuo ao esporte. \u201cO Governo do Estado tem investido no fortalecimento das modalidades esportivas, e o jud\u00f4 \u00e9 um grande exemplo de como esse apoio tem gerado resultados concretos. Essa conquista mostra que estamos no caminho certo, incentivando talentos e promovendo oportunidades para nossos atletas.\u201d<\/p>\n\n\n\n<figure class=\"wp-block-image\" id=\"attachment_127282\"><img decoding=\"async\" src=\"https:\/\/www.pi.gov.br\/wp-content\/uploads\/2026\/03\/WhatsApp-Image-2026-03-30-at-15.48.36-3.jpeg\" alt=\"\" class=\"wp-image-127282\" \/><figcaption class=\"wp-element-caption\">Foto: Ascom Secepi<\/figcaption><\/figure>\n\n\n\n<p>O presidente da Federa\u00e7\u00e3o Piauiense de Jud\u00f4, Reginaldo Fonseca, tamb\u00e9m ressaltou o impacto da parceria institucional. \u201cA gente tem o apoio da Secretaria dos Esportes por meio do Siespi. Essa parceria inclui transporte e hospedagem para levar nossos atletas para competi\u00e7\u00f5es nacionais. Nosso desempenho foi excelente, somos os melhores da Regi\u00e3o I no Campeonato Brasileiro de Jud\u00f4 e estamos classificados para as etapas finais. Esse apoio \u00e9 fundamental para o crescimento e fortalecimento do jud\u00f4 piauiense.\u201d<\/p>\n\n\n\n<figure class=\"wp-block-image\" id=\"attachment_127283\"><img decoding=\"async\" src=\"https:\/\/www.pi.gov.br\/wp-content\/uploads\/2026\/03\/WhatsApp-Image-2026-03-30-at-15.48.36-2.jpeg\" alt=\"\" class=\"wp-image-127283\" \/><figcaption class=\"wp-element-caption\">Foto: Ascom Secepi<\/figcaption><\/figure>\n\n\n\n<p>Para representantes da Associa\u00e7\u00e3o Jornada de Educa\u00e7\u00e3o, Esporte e Fomento Social (AJEF), o desempenho foi al\u00e9m das medalhas. Em publica\u00e7\u00e3o nas redes sociais, a associa\u00e7\u00e3o afirmou que o Piau\u00ed imp\u00f4s seu ritmo e conquistou a Regi\u00e3o I do Brasil, encerrando o Campeonato Brasileiro Regional com um saldo extraordin\u00e1rio. Destacou ainda que, mais do que as medalhas, a participa\u00e7\u00e3o evidenciou hegemonia e um n\u00edvel t\u00e9cnico que coloca o estado entre os melhores do pa\u00eds.<\/p>\n\n\n\n<figure class=\"wp-block-image\" id=\"attachment_127284\"><img decoding=\"async\" src=\"https:\/\/www.pi.gov.br\/wp-content\/uploads\/2026\/03\/WhatsApp-Image-2026-03-30-at-15.48.36-1.jpeg\" alt=\"\" class=\"wp-image-127284\" \/><figcaption class=\"wp-element-caption\">Foto: Ascom Secepi<\/figcaption><\/figure>\n\n\n\n<p>Entre os destaques individuais est\u00e1 o atleta Stanley Torres, campe\u00e3o na categoria s\u00eanior \u2013 81kg e um dos principais nomes da competi\u00e7\u00e3o. Multicampe\u00e3o, ele soma agora 15 t\u00edtulos na Regi\u00e3o I e liderou sua equipe, o CT Stanley Torres, que conquistou 6 medalhas de ouro, 2 de prata e 9 de bronze.<\/p>\n\n\n\n<figure class=\"wp-block-image\" id=\"attachment_127281\"><img decoding=\"async\" src=\"https:\/\/www.pi.gov.br\/wp-content\/uploads\/2026\/03\/WhatsApp-Image-2026-03-30-at-15.51.56-e1774899279444.jpeg\" alt=\"\" class=\"wp-image-127281\" \/><figcaption class=\"wp-element-caption\">Foto: Ascom Secepi<\/figcaption><\/figure>\n\n\n\n<p>Tamb\u00e9m se destacaram os atletas do projeto Nova Gera\u00e7\u00e3o, com funcionamento no Centro de Artes Marciais Sarah Menezes, cujos projetos s\u00e3o mantidos pelo Governo do Estado. Os atletas Maria J\u00falia Muniz e Arthur Carvalho trouxeram medalhas de prata para casa.<\/p>\n\n\n\n<p>Com o t\u00edtulo da Regi\u00e3o I, o Piau\u00ed segue agora para as fases finais do Campeonato Brasileiro, que ser\u00e3o realizadas entre maio e novembro, em locais ainda a serem definidos. A expectativa \u00e9 de manter o alto n\u00edvel competitivo e ampliar a presen\u00e7a do estado entre os destaques do jud\u00f4 nacional.<\/p>\n\n\n\n<p>Com o t\u00edtulo da Regi\u00e3o I, o Piau\u00ed segue agora para as fases finais do Campeonato Brasileiro. O brasileiro Sub 13 ser\u00e1 em Macap\u00e1 (AP); o Sub15, em Aracaju (SE); o Cadete, em Salvador (BA); o S\u00eanior, no Rio de Janeiro (RJ) e o Junior, em Santa Catarina, com cidade a definir.<\/p>\n\n\n\n<p><a href=\"https:\/\/www.pi.gov.br\/wp-content\/uploads\/2026\/03\/Atletas-que-conquistaram-medalha-de-ouro.pdf\"><strong>Confira AQUI os 31 atletas que conquistaram medalha de ouro<\/strong><\/a>.<\/p>\n\n\n\n<figure class=\"wp-block-image\" id=\"attachment_127280\"><img decoding=\"async\" src=\"https:\/\/www.pi.gov.br\/wp-content\/uploads\/2026\/03\/WhatsApp-Image-2026-03-30-at-15.52.58.jpeg\" alt=\"\" class=\"wp-image-127280\" \/><figcaption class=\"wp-element-caption\">Foto: Ascom Secepi<\/figcaption><\/figure>\n","protected":false},"excerpt":{"rendered":"<p>A delega\u00e7\u00e3o piauiense teve apoio do Governo do Estado, por meio da Secretaria dos Esportes (Secepi), via Sistema Estadual de Incentivo ao Esporte (Siespi). O jud\u00f4 piauiense vive um momento [&hellip;]<\/p>\n","protected":false},"author":1717,"featured_media":3233,"comment_status":"closed","ping_status":"closed","sticky":false,"template":"","format":"standard","meta":[],"categories":[32],"tags":[100,51,43,41,38,61,36,67],"featured_image_urls":{"full":["https:\/\/portal.pi.gov.br\/secepi\/wp-content\/uploads\/sites\/63\/2026\/03\/judo-em-sao-luis.jpeg",843,390,false],"thumbnail":["https:\/\/portal.pi.gov.br\/secepi\/wp-content\/uploads\/sites\/63\/2026\/03\/judo-em-sao-luis-150x150.jpeg",150,150,true],"medium":["https:\/\/portal.pi.gov.br\/secepi\/wp-content\/uploads\/sites\/63\/2026\/03\/judo-em-sao-luis-300x139.jpeg",300,139,true],"medium_large":["https:\/\/portal.pi.gov.br\/secepi\/wp-content\/uploads\/sites\/63\/2026\/03\/judo-em-sao-luis-768x355.jpeg",768,355,true],"large":["https:\/\/portal.pi.gov.br\/secepi\/wp-content\/uploads\/sites\/63\/2026\/03\/judo-em-sao-luis.jpeg",843,390,false],"sgg-420":["https:\/\/portal.pi.gov.br\/secepi\/wp-content\/uploads\/sites\/63\/2026\/03\/judo-em-sao-luis-420x194.jpeg",420,194,true],"sgg-540":["https:\/\/portal.pi.gov.br\/secepi\/wp-content\/uploads\/sites\/63\/2026\/03\/judo-em-sao-luis-540x250.jpeg",540,250,true],"sgg-780":["https:\/\/portal.pi.gov.br\/secepi\/wp-content\/uploads\/sites\/63\/2026\/03\/judo-em-sao-luis-780x361.jpeg",780,361,true],"1536x1536":["https:\/\/portal.pi.gov.br\/secepi\/wp-content\/uploads\/sites\/63\/2026\/03\/judo-em-sao-luis.jpeg",843,390,false],"2048x2048":["https:\/\/portal.pi.gov.br\/secepi\/wp-content\/uploads\/sites\/63\/2026\/03\/judo-em-sao-luis.jpeg",843,390,false],"homepage-slider":["https:\/\/portal.pi.gov.br\/secepi\/wp-content\/uploads\/sites\/63\/2026\/03\/judo-em-sao-luis.jpeg",843,390,false],"homepage-slider-small":["https:\/\/portal.pi.gov.br\/secepi\/wp-content\/uploads\/sites\/63\/2026\/03\/judo-em-sao-luis.jpeg",843,390,false],"page-top":["https:\/\/portal.pi.gov.br\/secepi\/wp-content\/uploads\/sites\/63\/2026\/03\/judo-em-sao-luis.jpeg",843,390,false],"page-small":["https:\/\/portal.pi.gov.br\/secepi\/wp-content\/uploads\/sites\/63\/2026\/03\/judo-em-sao-luis-624x289.jpeg",624,289,true],"loop-main":["https:\/\/portal.pi.gov.br\/secepi\/wp-content\/uploads\/sites\/63\/2026\/03\/judo-em-sao-luis-365x240.jpeg",365,240,true],"thumb-gallery-widget":["https:\/\/portal.pi.gov.br\/secepi\/wp-content\/uploads\/sites\/63\/2026\/03\/judo-em-sao-luis-84x56.jpeg",84,56,true]},"post_excerpt_stackable":"<p>A delega\u00e7\u00e3o piauiense teve apoio do Governo do Estado, por meio da Secretaria dos Esportes (Secepi), via Sistema Estadual de Incentivo ao Esporte (Siespi). O jud\u00f4 piauiense vive um momento hist\u00f3rico. O estado sagrou-se campe\u00e3o geral do Campeonato Brasileiro de Jud\u00f4 Regi\u00e3o I 2026, realizado de 27 a 29 de mar\u00e7o, em S\u00e3o Lu\u00eds, no Maranh\u00e3o, consolidando sua for\u00e7a no cen\u00e1rio regional da modalidade. Ao todo, a delega\u00e7\u00e3o conquistou 95 medalhas, sendo 31 de ouro, 24 de prata e 40 de bronze, garantindo o topo do p\u00f3dio geral da competi\u00e7\u00e3o. O Piau\u00ed tamb\u00e9m teve destaque por equipes, com o t\u00edtulo&hellip;<\/p>\n","category_list":"<a href=\"https:\/\/portal.pi.gov.br\/secepi\/category\/noticias\/\" rel=\"category tag\">Not\u00edcias<\/a>","author_info":{"name":"feliperocha","url":"https:\/\/portal.pi.gov.br\/secepi\/author\/feliperocha\/"},"comments_num":"0 coment\u00e1rio","featured_image_urls_v2":{"full":["https:\/\/portal.pi.gov.br\/secepi\/wp-content\/uploads\/sites\/63\/2026\/03\/judo-em-sao-luis.jpeg",843,390,false],"thumbnail":["https:\/\/portal.pi.gov.br\/secepi\/wp-content\/uploads\/sites\/63\/2026\/03\/judo-em-sao-luis-150x150.jpeg",150,150,true],"medium":["https:\/\/portal.pi.gov.br\/secepi\/wp-content\/uploads\/sites\/63\/2026\/03\/judo-em-sao-luis-300x139.jpeg",300,139,true],"medium_large":["https:\/\/portal.pi.gov.br\/secepi\/wp-content\/uploads\/sites\/63\/2026\/03\/judo-em-sao-luis-768x355.jpeg",768,355,true],"large":["https:\/\/portal.pi.gov.br\/secepi\/wp-content\/uploads\/sites\/63\/2026\/03\/judo-em-sao-luis.jpeg",843,390,false],"sgg-420":["https:\/\/portal.pi.gov.br\/secepi\/wp-content\/uploads\/sites\/63\/2026\/03\/judo-em-sao-luis-420x194.jpeg",420,194,true],"sgg-540":["https:\/\/portal.pi.gov.br\/secepi\/wp-content\/uploads\/sites\/63\/2026\/03\/judo-em-sao-luis-540x250.jpeg",540,250,true],"sgg-780":["https:\/\/portal.pi.gov.br\/secepi\/wp-content\/uploads\/sites\/63\/2026\/03\/judo-em-sao-luis-780x361.jpeg",780,361,true],"1536x1536":["https:\/\/portal.pi.gov.br\/secepi\/wp-content\/uploads\/sites\/63\/2026\/03\/judo-em-sao-luis.jpeg",843,390,false],"2048x2048":["https:\/\/portal.pi.gov.br\/secepi\/wp-content\/uploads\/sites\/63\/2026\/03\/judo-em-sao-luis.jpeg",843,390,false],"homepage-slider":["https:\/\/portal.pi.gov.br\/secepi\/wp-content\/uploads\/sites\/63\/2026\/03\/judo-em-sao-luis.jpeg",843,390,false],"homepage-slider-small":["https:\/\/portal.pi.gov.br\/secepi\/wp-content\/uploads\/sites\/63\/2026\/03\/judo-em-sao-luis.jpeg",843,390,false],"page-top":["https:\/\/portal.pi.gov.br\/secepi\/wp-content\/uploads\/sites\/63\/2026\/03\/judo-em-sao-luis.jpeg",843,390,false],"page-small":["https:\/\/portal.pi.gov.br\/secepi\/wp-content\/uploads\/sites\/63\/2026\/03\/judo-em-sao-luis-624x289.jpeg",624,289,true],"loop-main":["https:\/\/portal.pi.gov.br\/secepi\/wp-content\/uploads\/sites\/63\/2026\/03\/judo-em-sao-luis-365x240.jpeg",365,240,true],"thumb-gallery-widget":["https:\/\/portal.pi.gov.br\/secepi\/wp-content\/uploads\/sites\/63\/2026\/03\/judo-em-sao-luis-84x56.jpeg",84,56,true]},"post_excerpt_stackable_v2":"<p>A delega\u00e7\u00e3o piauiense teve apoio do Governo do Estado, por meio da Secretaria dos Esportes (Secepi), via Sistema Estadual de Incentivo ao Esporte (Siespi). O jud\u00f4 piauiense vive um momento hist\u00f3rico. O estado sagrou-se campe\u00e3o geral do Campeonato Brasileiro de Jud\u00f4 Regi\u00e3o I 2026, realizado de 27 a 29 de mar\u00e7o, em S\u00e3o Lu\u00eds, no Maranh\u00e3o, consolidando sua for\u00e7a no cen\u00e1rio regional da modalidade. Ao todo, a delega\u00e7\u00e3o conquistou 95 medalhas, sendo 31 de ouro, 24 de prata e 40 de bronze, garantindo o topo do p\u00f3dio geral da competi\u00e7\u00e3o. O Piau\u00ed tamb\u00e9m teve destaque por equipes, com o t\u00edtulo&hellip;<\/p>\n","category_list_v2":"<a href=\"https:\/\/portal.pi.gov.br\/secepi\/category\/noticias\/\" rel=\"category tag\">Not\u00edcias<\/a>","author_info_v2":{"name":"feliperocha","url":"https:\/\/portal.pi.gov.br\/secepi\/author\/feliperocha\/"},"comments_num_v2":"0 coment\u00e1rio","jetpack_featured_media_url":"https:\/\/portal.pi.gov.br\/secepi\/wp-content\/uploads\/sites\/63\/2026\/03\/judo-em-sao-luis.jpeg","_links":{"self":[{"href":"https:\/\/portal.pi.gov.br\/secepi\/wp-json\/wp\/v2\/posts\/3230"}],"collection":[{"href":"https:\/\/portal.pi.gov.br\/secepi\/wp-json\/wp\/v2\/posts"}],"about":[{"href":"https:\/\/portal.pi.gov.br\/secepi\/wp-json\/wp\/v2\/types\/post"}],"author":[{"embeddable":true,"href":"https:\/\/portal.pi.gov.br\/secepi\/wp-json\/wp\/v2\/users\/1717"}],"replies":[{"embeddable":true,"href":"https:\/\/portal.pi.gov.br\/secepi\/wp-json\/wp\/v2\/comments?post=3230"}],"version-history":[{"count":1,"href":"https:\/\/portal.pi.gov.br\/secepi\/wp-json\/wp\/v2\/posts\/3230\/revisions"}],"predecessor-version":[{"id":3232,"href":"https:\/\/portal.pi.gov.br\/secepi\/wp-json\/wp\/v2\/posts\/3230\/revisions\/3232"}],"wp:featuredmedia":[{"embeddable":true,"href":"https:\/\/portal.pi.gov.br\/secepi\/wp-json\/wp\/v2\/media\/3233"}],"wp:attachment":[{"href":"https:\/\/portal.pi.gov.br\/secepi\/wp-json\/wp\/v2\/media?parent=3230"}],"wp:term":[{"taxonomy":"category","embeddable":true,"href":"https:\/\/portal.pi.gov.br\/secepi\/wp-json\/wp\/v2\/categories?post=3230"},{"taxonomy":"post_tag","embeddable":true,"href":"https:\/\/portal.pi.gov.br\/secepi\/wp-json\/wp\/v2\/tags?post=3230"}],"curies":[{"name":"wp","href":"https:\/\/api.w.org\/{rel}","templated":true}]}}