{"id":3237,"date":"2026-03-28T17:30:00","date_gmt":"2026-03-28T20:30:00","guid":{"rendered":"https:\/\/portal.pi.gov.br\/secepi\/?p=3237"},"modified":"2026-03-31T20:54:46","modified_gmt":"2026-03-31T23:54:46","slug":"joao-pinto-fc-conquista-titulo-da-copa-porto-de-futebol-sub-17","status":"publish","type":"post","link":"https:\/\/portal.pi.gov.br\/secepi\/2026\/03\/28\/joao-pinto-fc-conquista-titulo-da-copa-porto-de-futebol-sub-17\/","title":{"rendered":"Jo\u00e3o Pinto FC conquista t\u00edtulo da Copa Porto de Futebol Sub-17"},"content":{"rendered":"\n<p>A Copa contou com patroc\u00ednio do Governo do Estado do Piau\u00ed, por meio da Secepi.<\/p>\n\n\n\n<p><\/p>\n\n\n\n<p>A Arena Milton S\u00e9rgio, em Porto, recebeu, na manh\u00e3 deste s\u00e1bado (28), fam\u00edlias, atletas e amantes do futebol para a final da Copa Porto de Futebol Sub-17. Em uma partida marcada pelo equil\u00edbrio e emo\u00e7\u00e3o, o Jo\u00e3o Pinto FC conquistou o t\u00edtulo ao vencer o Pi\u00e7arreira por 4 a 3. O terceiro lugar ficou com o Gera\u00e7\u00e3o Futsal, que superou o Ajax Saco por 3 a 2.<\/p>\n\n\n\n<p>A competi\u00e7\u00e3o contou com o patroc\u00ednio do Governo do Estado do Piau\u00ed, por meio da Secretaria dos Esportes (Secepi), atrav\u00e9s de emenda do deputado estadual Evaldo Gomes, al\u00e9m do apoio da Prefeitura Municipal de Porto e da Secretaria Municipal de Esporte e Lazer.<\/p>\n\n\n\n<figure class=\"wp-block-image\" id=\"attachment_126970\"><img decoding=\"async\" src=\"https:\/\/www.pi.gov.br\/wp-content\/uploads\/2026\/03\/copa-porto-2.jpeg\" alt=\"\" class=\"wp-image-126970\" \/><figcaption class=\"wp-element-caption\">Foto: Ascom Secepi<\/figcaption><\/figure>\n\n\n\n<p>O superintendente da Secretaria dos Esportes (Secepi), Pedro Rodrigues, ressaltou o compromisso com a interioriza\u00e7\u00e3o das a\u00e7\u00f5es esportivas. \u201cUm evento que movimentou a cidade e envolveu a juventude. \u00c9 mais uma a\u00e7\u00e3o da Secepi para descentralizar o esporte piauiense, levando iniciativas aos munic\u00edpios\u201d, pontuou.<\/p>\n\n\n\n<figure class=\"wp-block-image\" id=\"attachment_126971\"><img decoding=\"async\" src=\"https:\/\/www.pi.gov.br\/wp-content\/uploads\/2026\/03\/copa-porto-1.jpeg\" alt=\"\" class=\"wp-image-126971\" \/><figcaption class=\"wp-element-caption\">Foto: Ascom Secepi<\/figcaption><\/figure>\n\n\n\n<p>O secret\u00e1rio municipal de Sa\u00fade, Orlando Moura, destacou a import\u00e2ncia da parceria institucional para a realiza\u00e7\u00e3o do campeonato. \u201cTemos muito a agradecer ao Governo do Estado e ao deputado Evaldo Gomes, que contribu\u00edram para a realiza\u00e7\u00e3o deste grande campeonato. Essa iniciativa fortalece o nosso esporte, incentiva a juventude e resgata a tradi\u00e7\u00e3o dos campeonatos que fazem parte da nossa hist\u00f3ria\u201d, afirmou.<\/p>\n\n\n\n<figure class=\"wp-block-image\" id=\"attachment_126969\"><img decoding=\"async\" src=\"https:\/\/www.pi.gov.br\/wp-content\/uploads\/2026\/03\/copa-porto-4.jpeg\" alt=\"\" class=\"wp-image-126969\" \/><figcaption class=\"wp-element-caption\">Foto: Ascom Secepi<\/figcaption><\/figure>\n","protected":false},"excerpt":{"rendered":"<p>A Copa contou com patroc\u00ednio do Governo do Estado do Piau\u00ed, por meio da Secepi. A Arena Milton S\u00e9rgio, em Porto, recebeu, na manh\u00e3 deste s\u00e1bado (28), fam\u00edlias, atletas e [&hellip;]<\/p>\n","protected":false},"author":1717,"featured_media":3235,"comment_status":"closed","ping_status":"closed","sticky":false,"template":"","format":"standard","meta":[],"categories":[32],"tags":[100,51,43,41,38,61,36],"featured_image_urls":{"full":["https:\/\/portal.pi.gov.br\/secepi\/wp-content\/uploads\/sites\/63\/2026\/03\/copa-porto-2.jpeg",1600,1200,false],"thumbnail":["https:\/\/portal.pi.gov.br\/secepi\/wp-content\/uploads\/sites\/63\/2026\/03\/copa-porto-2-150x150.jpeg",150,150,true],"medium":["https:\/\/portal.pi.gov.br\/secepi\/wp-content\/uploads\/sites\/63\/2026\/03\/copa-porto-2-300x225.jpeg",300,225,true],"medium_large":["https:\/\/portal.pi.gov.br\/secepi\/wp-content\/uploads\/sites\/63\/2026\/03\/copa-porto-2-768x576.jpeg",768,576,true],"large":["https:\/\/portal.pi.gov.br\/secepi\/wp-content\/uploads\/sites\/63\/2026\/03\/copa-porto-2-1024x768.jpeg",887,665,true],"sgg-420":["https:\/\/portal.pi.gov.br\/secepi\/wp-content\/uploads\/sites\/63\/2026\/03\/copa-porto-2-420x315.jpeg",420,315,true],"sgg-540":["https:\/\/portal.pi.gov.br\/secepi\/wp-content\/uploads\/sites\/63\/2026\/03\/copa-porto-2-540x405.jpeg",540,405,true],"sgg-780":["https:\/\/portal.pi.gov.br\/secepi\/wp-content\/uploads\/sites\/63\/2026\/03\/copa-porto-2-780x585.jpeg",780,585,true],"1536x1536":["https:\/\/portal.pi.gov.br\/secepi\/wp-content\/uploads\/sites\/63\/2026\/03\/copa-porto-2-1536x1152.jpeg",1536,1152,true],"2048x2048":["https:\/\/portal.pi.gov.br\/secepi\/wp-content\/uploads\/sites\/63\/2026\/03\/copa-porto-2.jpeg",1600,1200,false],"homepage-slider":["https:\/\/portal.pi.gov.br\/secepi\/wp-content\/uploads\/sites\/63\/2026\/03\/copa-porto-2-1270x500.jpeg",1270,500,true],"homepage-slider-small":["https:\/\/portal.pi.gov.br\/secepi\/wp-content\/uploads\/sites\/63\/2026\/03\/copa-porto-2-947x500.jpeg",947,500,true],"page-top":["https:\/\/portal.pi.gov.br\/secepi\/wp-content\/uploads\/sites\/63\/2026\/03\/copa-porto-2-947x710.jpeg",947,710,true],"page-small":["https:\/\/portal.pi.gov.br\/secepi\/wp-content\/uploads\/sites\/63\/2026\/03\/copa-porto-2-624x468.jpeg",624,468,true],"loop-main":["https:\/\/portal.pi.gov.br\/secepi\/wp-content\/uploads\/sites\/63\/2026\/03\/copa-porto-2-365x240.jpeg",365,240,true],"thumb-gallery-widget":["https:\/\/portal.pi.gov.br\/secepi\/wp-content\/uploads\/sites\/63\/2026\/03\/copa-porto-2-84x56.jpeg",84,56,true]},"post_excerpt_stackable":"<p>A Copa contou com patroc\u00ednio do Governo do Estado do Piau\u00ed, por meio da Secepi. A Arena Milton S\u00e9rgio, em Porto, recebeu, na manh\u00e3 deste s\u00e1bado (28), fam\u00edlias, atletas e amantes do futebol para a final da Copa Porto de Futebol Sub-17. Em uma partida marcada pelo equil\u00edbrio e emo\u00e7\u00e3o, o Jo\u00e3o Pinto FC conquistou o t\u00edtulo ao vencer o Pi\u00e7arreira por 4 a 3. O terceiro lugar ficou com o Gera\u00e7\u00e3o Futsal, que superou o Ajax Saco por 3 a 2. A competi\u00e7\u00e3o contou com o patroc\u00ednio do Governo do Estado do Piau\u00ed, por meio da Secretaria dos Esportes&hellip;<\/p>\n","category_list":"<a href=\"https:\/\/portal.pi.gov.br\/secepi\/category\/noticias\/\" rel=\"category tag\">Not\u00edcias<\/a>","author_info":{"name":"feliperocha","url":"https:\/\/portal.pi.gov.br\/secepi\/author\/feliperocha\/"},"comments_num":"0 coment\u00e1rio","featured_image_urls_v2":{"full":["https:\/\/portal.pi.gov.br\/secepi\/wp-content\/uploads\/sites\/63\/2026\/03\/copa-porto-2.jpeg",1600,1200,false],"thumbnail":["https:\/\/portal.pi.gov.br\/secepi\/wp-content\/uploads\/sites\/63\/2026\/03\/copa-porto-2-150x150.jpeg",150,150,true],"medium":["https:\/\/portal.pi.gov.br\/secepi\/wp-content\/uploads\/sites\/63\/2026\/03\/copa-porto-2-300x225.jpeg",300,225,true],"medium_large":["https:\/\/portal.pi.gov.br\/secepi\/wp-content\/uploads\/sites\/63\/2026\/03\/copa-porto-2-768x576.jpeg",768,576,true],"large":["https:\/\/portal.pi.gov.br\/secepi\/wp-content\/uploads\/sites\/63\/2026\/03\/copa-porto-2-1024x768.jpeg",887,665,true],"sgg-420":["https:\/\/portal.pi.gov.br\/secepi\/wp-content\/uploads\/sites\/63\/2026\/03\/copa-porto-2-420x315.jpeg",420,315,true],"sgg-540":["https:\/\/portal.pi.gov.br\/secepi\/wp-content\/uploads\/sites\/63\/2026\/03\/copa-porto-2-540x405.jpeg",540,405,true],"sgg-780":["https:\/\/portal.pi.gov.br\/secepi\/wp-content\/uploads\/sites\/63\/2026\/03\/copa-porto-2-780x585.jpeg",780,585,true],"1536x1536":["https:\/\/portal.pi.gov.br\/secepi\/wp-content\/uploads\/sites\/63\/2026\/03\/copa-porto-2-1536x1152.jpeg",1536,1152,true],"2048x2048":["https:\/\/portal.pi.gov.br\/secepi\/wp-content\/uploads\/sites\/63\/2026\/03\/copa-porto-2.jpeg",1600,1200,false],"homepage-slider":["https:\/\/portal.pi.gov.br\/secepi\/wp-content\/uploads\/sites\/63\/2026\/03\/copa-porto-2-1270x500.jpeg",1270,500,true],"homepage-slider-small":["https:\/\/portal.pi.gov.br\/secepi\/wp-content\/uploads\/sites\/63\/2026\/03\/copa-porto-2-947x500.jpeg",947,500,true],"page-top":["https:\/\/portal.pi.gov.br\/secepi\/wp-content\/uploads\/sites\/63\/2026\/03\/copa-porto-2-947x710.jpeg",947,710,true],"page-small":["https:\/\/portal.pi.gov.br\/secepi\/wp-content\/uploads\/sites\/63\/2026\/03\/copa-porto-2-624x468.jpeg",624,468,true],"loop-main":["https:\/\/portal.pi.gov.br\/secepi\/wp-content\/uploads\/sites\/63\/2026\/03\/copa-porto-2-365x240.jpeg",365,240,true],"thumb-gallery-widget":["https:\/\/portal.pi.gov.br\/secepi\/wp-content\/uploads\/sites\/63\/2026\/03\/copa-porto-2-84x56.jpeg",84,56,true]},"post_excerpt_stackable_v2":"<p>A Copa contou com patroc\u00ednio do Governo do Estado do Piau\u00ed, por meio da Secepi. A Arena Milton S\u00e9rgio, em Porto, recebeu, na manh\u00e3 deste s\u00e1bado (28), fam\u00edlias, atletas e amantes do futebol para a final da Copa Porto de Futebol Sub-17. Em uma partida marcada pelo equil\u00edbrio e emo\u00e7\u00e3o, o Jo\u00e3o Pinto FC conquistou o t\u00edtulo ao vencer o Pi\u00e7arreira por 4 a 3. O terceiro lugar ficou com o Gera\u00e7\u00e3o Futsal, que superou o Ajax Saco por 3 a 2. A competi\u00e7\u00e3o contou com o patroc\u00ednio do Governo do Estado do Piau\u00ed, por meio da Secretaria dos Esportes&hellip;<\/p>\n","category_list_v2":"<a href=\"https:\/\/portal.pi.gov.br\/secepi\/category\/noticias\/\" rel=\"category tag\">Not\u00edcias<\/a>","author_info_v2":{"name":"feliperocha","url":"https:\/\/portal.pi.gov.br\/secepi\/author\/feliperocha\/"},"comments_num_v2":"0 coment\u00e1rio","jetpack_featured_media_url":"https:\/\/portal.pi.gov.br\/secepi\/wp-content\/uploads\/sites\/63\/2026\/03\/copa-porto-2.jpeg","_links":{"self":[{"href":"https:\/\/portal.pi.gov.br\/secepi\/wp-json\/wp\/v2\/posts\/3237"}],"collection":[{"href":"https:\/\/portal.pi.gov.br\/secepi\/wp-json\/wp\/v2\/posts"}],"about":[{"href":"https:\/\/portal.pi.gov.br\/secepi\/wp-json\/wp\/v2\/types\/post"}],"author":[{"embeddable":true,"href":"https:\/\/portal.pi.gov.br\/secepi\/wp-json\/wp\/v2\/users\/1717"}],"replies":[{"embeddable":true,"href":"https:\/\/portal.pi.gov.br\/secepi\/wp-json\/wp\/v2\/comments?post=3237"}],"version-history":[{"count":1,"href":"https:\/\/portal.pi.gov.br\/secepi\/wp-json\/wp\/v2\/posts\/3237\/revisions"}],"predecessor-version":[{"id":3238,"href":"https:\/\/portal.pi.gov.br\/secepi\/wp-json\/wp\/v2\/posts\/3237\/revisions\/3238"}],"wp:featuredmedia":[{"embeddable":true,"href":"https:\/\/portal.pi.gov.br\/secepi\/wp-json\/wp\/v2\/media\/3235"}],"wp:attachment":[{"href":"https:\/\/portal.pi.gov.br\/secepi\/wp-json\/wp\/v2\/media?parent=3237"}],"wp:term":[{"taxonomy":"category","embeddable":true,"href":"https:\/\/portal.pi.gov.br\/secepi\/wp-json\/wp\/v2\/categories?post=3237"},{"taxonomy":"post_tag","embeddable":true,"href":"https:\/\/portal.pi.gov.br\/secepi\/wp-json\/wp\/v2\/tags?post=3237"}],"curies":[{"name":"wp","href":"https:\/\/api.w.org\/{rel}","templated":true}]}}