{"id":3270,"date":"2026-03-12T17:58:00","date_gmt":"2026-03-12T20:58:00","guid":{"rendered":"https:\/\/portal.pi.gov.br\/secepi\/?p=3270"},"modified":"2026-03-31T23:00:08","modified_gmt":"2026-04-01T02:00:08","slug":"inscricoes-para-o-forum-estadual-de-formacao-esportiva-sao-prorrogadas-ate-sexta-feira-13","status":"publish","type":"post","link":"https:\/\/portal.pi.gov.br\/secepi\/2026\/03\/12\/inscricoes-para-o-forum-estadual-de-formacao-esportiva-sao-prorrogadas-ate-sexta-feira-13\/","title":{"rendered":"Inscri\u00e7\u00f5es para o F\u00f3rum Estadual de Forma\u00e7\u00e3o Esportiva s\u00e3o prorrogadas at\u00e9 sexta-feira (13)"},"content":{"rendered":"\n<p>Na programa\u00e7\u00e3o, palestras de grandes nomes do esporte, como Magic Paula, Lars Grael e Andr\u00e9 Heller.<\/p>\n\n\n\n<p><\/p>\n\n\n\n<p>A Secretaria dos Esportes do Piau\u00ed (Secepi) prorrogou, at\u00e9 esta sexta-feira (13), o prazo de inscri\u00e7\u00f5es para o F\u00f3rum Estadual de Forma\u00e7\u00e3o Esportiva. O evento ser\u00e1 realizado no dia 18 de mar\u00e7o, no Hotel Arrey, em Teresina.<\/p>\n\n\n\n<p>Promovido em parceria com o Comit\u00ea Brasileiro de Clubes (CBC), o f\u00f3rum tem como objetivo ampliar o debate sobre gest\u00e3o esportiva, forma\u00e7\u00e3o de atletas e acesso a recursos federais para o desenvolvimento do esporte, oferecendo orienta\u00e7\u00f5es pr\u00e1ticas para institui\u00e7\u00f5es e organiza\u00e7\u00f5es esportivas.<\/p>\n\n\n\n<p>O evento reunir\u00e1 gestores, dirigentes esportivos, treinadores, representantes de clubes e demais profissionais interessados no fortalecimento do esporte no estado. Na programa\u00e7\u00e3o, palestras de grandes nomes do esporte brasileiro, como a campe\u00e3 mundial Magic Paula (basquetebol), o medalhista ol\u00edmpico Lars Grael (vela) e o campe\u00e3o ol\u00edmpico Andr\u00e9 Heller (voleibol).<\/p>\n\n\n\n<figure class=\"wp-block-image\" id=\"attachment_122635\"><img decoding=\"async\" src=\"https:\/\/www.pi.gov.br\/wp-content\/uploads\/2026\/03\/WhatsApp-Image-2026-02-22-at-13.44.39-1.jpeg\" alt=\"\" class=\"wp-image-122635\" \/><figcaption class=\"wp-element-caption\">Foto: Ascom Secepi<\/figcaption><\/figure>\n\n\n\n<p>A programa\u00e7\u00e3o tamb\u00e9m contar\u00e1 com palestras de t\u00e9cnicos do CBC e momentos de di\u00e1logo voltados \u00e0 estrutura\u00e7\u00e3o de projetos esportivos, estrat\u00e9gias de gest\u00e3o e oportunidades de financiamento, temas considerados fundamentais para fortalecer a base do esporte piauiense.<\/p>\n\n\n\n<p>De acordo com a Secretaria dos Esportes, a prorroga\u00e7\u00e3o do prazo busca ampliar a participa\u00e7\u00e3o de representantes de munic\u00edpios, clubes e entidades esportivas interessados em aprimorar suas a\u00e7\u00f5es e acessar novas oportunidades de investimento no setor.<\/p>\n\n\n\n<p>O F\u00f3rum Estadual de Forma\u00e7\u00e3o Esportiva ser\u00e1 realizado das 8h \u00e0s 16h30, no Hotel Arrey, em Teresina, e as inscri\u00e7\u00f5es podem ser feitas at\u00e9 sexta-feira (13) por meio do formul\u00e1rio disponibilizado (<a href=\"https:\/\/cbc-clubes.org.br\/cev\/inscricao_evento_estadual\/control_inscrito_evento_estadual.php?gl_cd_evento_estadual=30\">aqui<\/a>) pela organiza\u00e7\u00e3o do evento.<\/p>\n\n\n\n<p><strong>Programa\u00e7\u00e3o&nbsp;<\/strong><\/p>\n\n\n\n<p>08h \u2013 Recep\u00e7\u00e3o e credenciamento<\/p>\n\n\n\n<p>08h30 \u2013 Abertura Oficial<\/p>\n\n\n\n<p>09h20 \u2013 Emerson Appel \u2013 \u201cO CBC e sua atua\u00e7\u00e3o no cen\u00e1rio esportivo nacional\u201d + \u201cComo clubes, associa\u00e7\u00f5es e institutos podem se beneficiar do Programa Forma\u00e7\u00e3o de Atletas do CBC\u201d<\/p>\n\n\n\n<p>10h50 \u2013 Lars Grael \u2013 \u201cOs clubes no meu rumo\u201d<\/p>\n\n\n\n<p>12h \u2013 Almo\u00e7o de networking para todos os participantes<\/p>\n\n\n\n<p>14h \u2013 Kaio Zamboni (IPIE) \u2013 \u201cAperfei\u00e7oamento das pol\u00edticas de esporte para as entidades p\u00fablicas e privadas\u201d<\/p>\n\n\n\n<p>14h20 \u2013 Andr\u00e9 Heller \u2013 \u201cEsporte &amp; Empreendedorismo\u201d<\/p>\n\n\n\n<p>15h20 \u2013 Magic Paula \u2013 \u201cOs aprendizados de uma trajet\u00f3ria m\u00e1gica\u201d<\/p>\n\n\n\n<p>16h30 \u2013 Encerramento oficial e entrega dos kits (brindes).<\/p>\n\n\n\n<figure class=\"wp-block-image\"><img decoding=\"async\" src=\"https:\/\/www.pi.gov.br\/wp-content\/uploads\/2026\/03\/WhatsApp-Image-2026-03-12-at-17.45.04-1024x1014.jpeg\" alt=\"\" class=\"wp-image-122636\" \/><\/figure>\n","protected":false},"excerpt":{"rendered":"<p>Na programa\u00e7\u00e3o, palestras de grandes nomes do esporte, como Magic Paula, Lars Grael e Andr\u00e9 Heller. A Secretaria dos Esportes do Piau\u00ed (Secepi) prorrogou, at\u00e9 esta sexta-feira (13), o prazo [&hellip;]<\/p>\n","protected":false},"author":1,"featured_media":3271,"comment_status":"closed","ping_status":"closed","sticky":false,"template":"","format":"standard","meta":[],"categories":[32],"tags":[100,51,43,41,38,61,36],"featured_image_urls":{"full":["https:\/\/portal.pi.gov.br\/secepi\/wp-content\/uploads\/sites\/63\/2026\/03\/WhatsApp-Image-2026-03-12-at-17.45.04-1024x1014-1.jpeg",1024,1014,false],"thumbnail":["https:\/\/portal.pi.gov.br\/secepi\/wp-content\/uploads\/sites\/63\/2026\/03\/WhatsApp-Image-2026-03-12-at-17.45.04-1024x1014-1-150x150.jpeg",150,150,true],"medium":["https:\/\/portal.pi.gov.br\/secepi\/wp-content\/uploads\/sites\/63\/2026\/03\/WhatsApp-Image-2026-03-12-at-17.45.04-1024x1014-1-300x297.jpeg",300,297,true],"medium_large":["https:\/\/portal.pi.gov.br\/secepi\/wp-content\/uploads\/sites\/63\/2026\/03\/WhatsApp-Image-2026-03-12-at-17.45.04-1024x1014-1-768x761.jpeg",768,761,true],"large":["https:\/\/portal.pi.gov.br\/secepi\/wp-content\/uploads\/sites\/63\/2026\/03\/WhatsApp-Image-2026-03-12-at-17.45.04-1024x1014-1.jpeg",887,878,false],"sgg-420":["https:\/\/portal.pi.gov.br\/secepi\/wp-content\/uploads\/sites\/63\/2026\/03\/WhatsApp-Image-2026-03-12-at-17.45.04-1024x1014-1-420x416.jpeg",420,416,true],"sgg-540":["https:\/\/portal.pi.gov.br\/secepi\/wp-content\/uploads\/sites\/63\/2026\/03\/WhatsApp-Image-2026-03-12-at-17.45.04-1024x1014-1-540x535.jpeg",540,535,true],"sgg-780":["https:\/\/portal.pi.gov.br\/secepi\/wp-content\/uploads\/sites\/63\/2026\/03\/WhatsApp-Image-2026-03-12-at-17.45.04-1024x1014-1-780x772.jpeg",780,772,true],"1536x1536":["https:\/\/portal.pi.gov.br\/secepi\/wp-content\/uploads\/sites\/63\/2026\/03\/WhatsApp-Image-2026-03-12-at-17.45.04-1024x1014-1.jpeg",1024,1014,false],"2048x2048":["https:\/\/portal.pi.gov.br\/secepi\/wp-content\/uploads\/sites\/63\/2026\/03\/WhatsApp-Image-2026-03-12-at-17.45.04-1024x1014-1.jpeg",1024,1014,false],"homepage-slider":["https:\/\/portal.pi.gov.br\/secepi\/wp-content\/uploads\/sites\/63\/2026\/03\/WhatsApp-Image-2026-03-12-at-17.45.04-1024x1014-1-1024x500.jpeg",1024,500,true],"homepage-slider-small":["https:\/\/portal.pi.gov.br\/secepi\/wp-content\/uploads\/sites\/63\/2026\/03\/WhatsApp-Image-2026-03-12-at-17.45.04-1024x1014-1-947x500.jpeg",947,500,true],"page-top":["https:\/\/portal.pi.gov.br\/secepi\/wp-content\/uploads\/sites\/63\/2026\/03\/WhatsApp-Image-2026-03-12-at-17.45.04-1024x1014-1-947x938.jpeg",947,938,true],"page-small":["https:\/\/portal.pi.gov.br\/secepi\/wp-content\/uploads\/sites\/63\/2026\/03\/WhatsApp-Image-2026-03-12-at-17.45.04-1024x1014-1-624x618.jpeg",624,618,true],"loop-main":["https:\/\/portal.pi.gov.br\/secepi\/wp-content\/uploads\/sites\/63\/2026\/03\/WhatsApp-Image-2026-03-12-at-17.45.04-1024x1014-1-365x240.jpeg",365,240,true],"thumb-gallery-widget":["https:\/\/portal.pi.gov.br\/secepi\/wp-content\/uploads\/sites\/63\/2026\/03\/WhatsApp-Image-2026-03-12-at-17.45.04-1024x1014-1-84x56.jpeg",84,56,true]},"post_excerpt_stackable":"<p>Na programa\u00e7\u00e3o, palestras de grandes nomes do esporte, como Magic Paula, Lars Grael e Andr\u00e9 Heller. A Secretaria dos Esportes do Piau\u00ed (Secepi) prorrogou, at\u00e9 esta sexta-feira (13), o prazo de inscri\u00e7\u00f5es para o F\u00f3rum Estadual de Forma\u00e7\u00e3o Esportiva. O evento ser\u00e1 realizado no dia 18 de mar\u00e7o, no Hotel Arrey, em Teresina. Promovido em parceria com o Comit\u00ea Brasileiro de Clubes (CBC), o f\u00f3rum tem como objetivo ampliar o debate sobre gest\u00e3o esportiva, forma\u00e7\u00e3o de atletas e acesso a recursos federais para o desenvolvimento do esporte, oferecendo orienta\u00e7\u00f5es pr\u00e1ticas para institui\u00e7\u00f5es e organiza\u00e7\u00f5es esportivas. O evento reunir\u00e1 gestores, dirigentes&hellip;<\/p>\n","category_list":"<a href=\"https:\/\/portal.pi.gov.br\/secepi\/category\/noticias\/\" rel=\"category tag\">Not\u00edcias<\/a>","author_info":{"name":"admin","url":"https:\/\/portal.pi.gov.br\/secepi\/author\/admin\/"},"comments_num":"0 coment\u00e1rio","featured_image_urls_v2":{"full":["https:\/\/portal.pi.gov.br\/secepi\/wp-content\/uploads\/sites\/63\/2026\/03\/WhatsApp-Image-2026-03-12-at-17.45.04-1024x1014-1.jpeg",1024,1014,false],"thumbnail":["https:\/\/portal.pi.gov.br\/secepi\/wp-content\/uploads\/sites\/63\/2026\/03\/WhatsApp-Image-2026-03-12-at-17.45.04-1024x1014-1-150x150.jpeg",150,150,true],"medium":["https:\/\/portal.pi.gov.br\/secepi\/wp-content\/uploads\/sites\/63\/2026\/03\/WhatsApp-Image-2026-03-12-at-17.45.04-1024x1014-1-300x297.jpeg",300,297,true],"medium_large":["https:\/\/portal.pi.gov.br\/secepi\/wp-content\/uploads\/sites\/63\/2026\/03\/WhatsApp-Image-2026-03-12-at-17.45.04-1024x1014-1-768x761.jpeg",768,761,true],"large":["https:\/\/portal.pi.gov.br\/secepi\/wp-content\/uploads\/sites\/63\/2026\/03\/WhatsApp-Image-2026-03-12-at-17.45.04-1024x1014-1.jpeg",887,878,false],"sgg-420":["https:\/\/portal.pi.gov.br\/secepi\/wp-content\/uploads\/sites\/63\/2026\/03\/WhatsApp-Image-2026-03-12-at-17.45.04-1024x1014-1-420x416.jpeg",420,416,true],"sgg-540":["https:\/\/portal.pi.gov.br\/secepi\/wp-content\/uploads\/sites\/63\/2026\/03\/WhatsApp-Image-2026-03-12-at-17.45.04-1024x1014-1-540x535.jpeg",540,535,true],"sgg-780":["https:\/\/portal.pi.gov.br\/secepi\/wp-content\/uploads\/sites\/63\/2026\/03\/WhatsApp-Image-2026-03-12-at-17.45.04-1024x1014-1-780x772.jpeg",780,772,true],"1536x1536":["https:\/\/portal.pi.gov.br\/secepi\/wp-content\/uploads\/sites\/63\/2026\/03\/WhatsApp-Image-2026-03-12-at-17.45.04-1024x1014-1.jpeg",1024,1014,false],"2048x2048":["https:\/\/portal.pi.gov.br\/secepi\/wp-content\/uploads\/sites\/63\/2026\/03\/WhatsApp-Image-2026-03-12-at-17.45.04-1024x1014-1.jpeg",1024,1014,false],"homepage-slider":["https:\/\/portal.pi.gov.br\/secepi\/wp-content\/uploads\/sites\/63\/2026\/03\/WhatsApp-Image-2026-03-12-at-17.45.04-1024x1014-1-1024x500.jpeg",1024,500,true],"homepage-slider-small":["https:\/\/portal.pi.gov.br\/secepi\/wp-content\/uploads\/sites\/63\/2026\/03\/WhatsApp-Image-2026-03-12-at-17.45.04-1024x1014-1-947x500.jpeg",947,500,true],"page-top":["https:\/\/portal.pi.gov.br\/secepi\/wp-content\/uploads\/sites\/63\/2026\/03\/WhatsApp-Image-2026-03-12-at-17.45.04-1024x1014-1-947x938.jpeg",947,938,true],"page-small":["https:\/\/portal.pi.gov.br\/secepi\/wp-content\/uploads\/sites\/63\/2026\/03\/WhatsApp-Image-2026-03-12-at-17.45.04-1024x1014-1-624x618.jpeg",624,618,true],"loop-main":["https:\/\/portal.pi.gov.br\/secepi\/wp-content\/uploads\/sites\/63\/2026\/03\/WhatsApp-Image-2026-03-12-at-17.45.04-1024x1014-1-365x240.jpeg",365,240,true],"thumb-gallery-widget":["https:\/\/portal.pi.gov.br\/secepi\/wp-content\/uploads\/sites\/63\/2026\/03\/WhatsApp-Image-2026-03-12-at-17.45.04-1024x1014-1-84x56.jpeg",84,56,true]},"post_excerpt_stackable_v2":"<p>Na programa\u00e7\u00e3o, palestras de grandes nomes do esporte, como Magic Paula, Lars Grael e Andr\u00e9 Heller. A Secretaria dos Esportes do Piau\u00ed (Secepi) prorrogou, at\u00e9 esta sexta-feira (13), o prazo de inscri\u00e7\u00f5es para o F\u00f3rum Estadual de Forma\u00e7\u00e3o Esportiva. O evento ser\u00e1 realizado no dia 18 de mar\u00e7o, no Hotel Arrey, em Teresina. Promovido em parceria com o Comit\u00ea Brasileiro de Clubes (CBC), o f\u00f3rum tem como objetivo ampliar o debate sobre gest\u00e3o esportiva, forma\u00e7\u00e3o de atletas e acesso a recursos federais para o desenvolvimento do esporte, oferecendo orienta\u00e7\u00f5es pr\u00e1ticas para institui\u00e7\u00f5es e organiza\u00e7\u00f5es esportivas. O evento reunir\u00e1 gestores, dirigentes&hellip;<\/p>\n","category_list_v2":"<a href=\"https:\/\/portal.pi.gov.br\/secepi\/category\/noticias\/\" rel=\"category tag\">Not\u00edcias<\/a>","author_info_v2":{"name":"admin","url":"https:\/\/portal.pi.gov.br\/secepi\/author\/admin\/"},"comments_num_v2":"0 coment\u00e1rio","jetpack_featured_media_url":"https:\/\/portal.pi.gov.br\/secepi\/wp-content\/uploads\/sites\/63\/2026\/03\/WhatsApp-Image-2026-03-12-at-17.45.04-1024x1014-1.jpeg","_links":{"self":[{"href":"https:\/\/portal.pi.gov.br\/secepi\/wp-json\/wp\/v2\/posts\/3270"}],"collection":[{"href":"https:\/\/portal.pi.gov.br\/secepi\/wp-json\/wp\/v2\/posts"}],"about":[{"href":"https:\/\/portal.pi.gov.br\/secepi\/wp-json\/wp\/v2\/types\/post"}],"author":[{"embeddable":true,"href":"https:\/\/portal.pi.gov.br\/secepi\/wp-json\/wp\/v2\/users\/1"}],"replies":[{"embeddable":true,"href":"https:\/\/portal.pi.gov.br\/secepi\/wp-json\/wp\/v2\/comments?post=3270"}],"version-history":[{"count":1,"href":"https:\/\/portal.pi.gov.br\/secepi\/wp-json\/wp\/v2\/posts\/3270\/revisions"}],"predecessor-version":[{"id":3272,"href":"https:\/\/portal.pi.gov.br\/secepi\/wp-json\/wp\/v2\/posts\/3270\/revisions\/3272"}],"wp:featuredmedia":[{"embeddable":true,"href":"https:\/\/portal.pi.gov.br\/secepi\/wp-json\/wp\/v2\/media\/3271"}],"wp:attachment":[{"href":"https:\/\/portal.pi.gov.br\/secepi\/wp-json\/wp\/v2\/media?parent=3270"}],"wp:term":[{"taxonomy":"category","embeddable":true,"href":"https:\/\/portal.pi.gov.br\/secepi\/wp-json\/wp\/v2\/categories?post=3270"},{"taxonomy":"post_tag","embeddable":true,"href":"https:\/\/portal.pi.gov.br\/secepi\/wp-json\/wp\/v2\/tags?post=3270"}],"curies":[{"name":"wp","href":"https:\/\/api.w.org\/{rel}","templated":true}]}}