{"id":10107,"date":"2024-09-12T14:56:14","date_gmt":"2024-09-12T17:56:14","guid":{"rendered":"https:\/\/portal.pi.gov.br\/sempi\/?p=10107"},"modified":"2024-09-12T14:56:15","modified_gmt":"2024-09-12T17:56:15","slug":"governo-do-piaui-e-ministerio-das-mulheres-lancam-mobilizacao-nacional-pelo-feminicidio-zero-e-instituem-pacto-estadual-de-prevencao-ao-feminicidio","status":"publish","type":"post","link":"https:\/\/portal.pi.gov.br\/sempi\/2024\/09\/12\/governo-do-piaui-e-ministerio-das-mulheres-lancam-mobilizacao-nacional-pelo-feminicidio-zero-e-instituem-pacto-estadual-de-prevencao-ao-feminicidio\/","title":{"rendered":"Governo do Piau\u00ed e Minist\u00e9rio das Mulheres lan\u00e7am Mobiliza\u00e7\u00e3o Nacional pelo Feminic\u00eddio Zero e instituem Pacto Estadual de Preven\u00e7\u00e3o ao Feminic\u00eddio"},"content":{"rendered":"\n<p>Em uma a\u00e7\u00e3o conjunta, a Secretaria de Estado das Mulheres (SEMPI) e o Minist\u00e9rio das Mulheres (MMULHERES) lan\u00e7aram, nesta quinta-feira (12), a Mobiliza\u00e7\u00e3o Nacional pelo Feminic\u00eddio Zero durante uma audi\u00eancia p\u00fablica na Assembleia Legislativa do Piau\u00ed (ALEPI). O evento teve como objetivo principal chamar a aten\u00e7\u00e3o do poder p\u00fablico, da sociedade civil e de empresas p\u00fablicas e privadas para a urg\u00eancia em erradicar o feminic\u00eddio no estado e garantir que nenhuma forma de viol\u00eancia contra a mulher seja tolerada.<\/p>\n\n\n\n<figure class=\"wp-block-image size-large\"><img decoding=\"async\" loading=\"lazy\" width=\"1024\" height=\"682\" src=\"https:\/\/portal.pi.gov.br\/sempi\/wp-content\/uploads\/sites\/23\/2024\/09\/WhatsApp-Image-2024-09-12-at-10.15.26-1024x682.jpeg\" alt=\"\" class=\"wp-image-10108\" srcset=\"https:\/\/portal.pi.gov.br\/sempi\/wp-content\/uploads\/sites\/23\/2024\/09\/WhatsApp-Image-2024-09-12-at-10.15.26-1024x682.jpeg 1024w, https:\/\/portal.pi.gov.br\/sempi\/wp-content\/uploads\/sites\/23\/2024\/09\/WhatsApp-Image-2024-09-12-at-10.15.26-300x200.jpeg 300w, https:\/\/portal.pi.gov.br\/sempi\/wp-content\/uploads\/sites\/23\/2024\/09\/WhatsApp-Image-2024-09-12-at-10.15.26-768x512.jpeg 768w, https:\/\/portal.pi.gov.br\/sempi\/wp-content\/uploads\/sites\/23\/2024\/09\/WhatsApp-Image-2024-09-12-at-10.15.26-420x280.jpeg 420w, https:\/\/portal.pi.gov.br\/sempi\/wp-content\/uploads\/sites\/23\/2024\/09\/WhatsApp-Image-2024-09-12-at-10.15.26-540x360.jpeg 540w, https:\/\/portal.pi.gov.br\/sempi\/wp-content\/uploads\/sites\/23\/2024\/09\/WhatsApp-Image-2024-09-12-at-10.15.26-780x520.jpeg 780w, https:\/\/portal.pi.gov.br\/sempi\/wp-content\/uploads\/sites\/23\/2024\/09\/WhatsApp-Image-2024-09-12-at-10.15.26-1536x1023.jpeg 1536w, https:\/\/portal.pi.gov.br\/sempi\/wp-content\/uploads\/sites\/23\/2024\/09\/WhatsApp-Image-2024-09-12-at-10.15.26-947x631.jpeg 947w, https:\/\/portal.pi.gov.br\/sempi\/wp-content\/uploads\/sites\/23\/2024\/09\/WhatsApp-Image-2024-09-12-at-10.15.26-624x416.jpeg 624w, https:\/\/portal.pi.gov.br\/sempi\/wp-content\/uploads\/sites\/23\/2024\/09\/WhatsApp-Image-2024-09-12-at-10.15.26-84x56.jpeg 84w, https:\/\/portal.pi.gov.br\/sempi\/wp-content\/uploads\/sites\/23\/2024\/09\/WhatsApp-Image-2024-09-12-at-10.15.26.jpeg 1600w\" sizes=\"(max-width: 1024px) 100vw, 1024px\" \/><\/figure>\n\n\n\n<p>Ao longo de sua fala, a Ministra das Mulheres, Cida Gon\u00e7alves chamou a aten\u00e7\u00e3o para a participa\u00e7\u00e3o de todos na luta pelo enfrentamento aos ciclos de viol\u00eancia contra mulher. \u201cEu fa\u00e7o essa pergunta para onde eu passo &#8211; ningu\u00e9m est\u00e1 escutando o choro de uma crian\u00e7a sendo violada? Ningu\u00e9m escuta o pedido de socorro de uma mulher? Com uma liga\u00e7\u00e3o, podemos mudar essa hist\u00f3ria, denunciar e combater o feminic\u00eddio. \u00c9 importante lembrar que essa luta n\u00e3o \u00e9 apenas das mulheres, \u00e9 uma luta&nbsp; dos homens tamb\u00e9m. Todos devemos nos envolver\u201d.&nbsp; Ela ainda destacou o principal motivo de sua vinda ao Piau\u00ed. &#8220;O motivo principal da minha vinda foi fazer a assinatura e a ades\u00e3o da Assembleia Legislativa, como tamb\u00e9m lan\u00e7ar a Campanha Feminic\u00eddio Zero no Piau\u00ed, o primeiro Estado a receber este lan\u00e7amento inicial&#8221;.<\/p>\n\n\n\n<p>A Mobiliza\u00e7\u00e3o Feminic\u00eddio Zero visa sensibilizar a sociedade e as institui\u00e7\u00f5es sobre a import\u00e2ncia de combater todas as formas de discrimina\u00e7\u00e3o, misoginia e viol\u00eancia de g\u00eanero, promovendo a implementa\u00e7\u00e3o de a\u00e7\u00f5es intersetoriais com foco na perspectiva de g\u00eanero e suas interseccionalidades. O compromisso firmado pelo governo do Piau\u00ed envolve a cria\u00e7\u00e3o de um ambiente onde as mulheres possam viver livres de viol\u00eancia e com igualdade de direitos.&nbsp;<\/p>\n\n\n\n<p>A Secret\u00e1ria das Mulheres, Zenaide Lustosa, elucidou o objetivo primordial da campanha e destacou a import\u00e2ncia da presen\u00e7a da Ministra neste dia de lan\u00e7amento. \u201cA Campanha Feminic\u00eddio Zero \u00e9 uma mobiliza\u00e7\u00e3o nacional de extrema import\u00e2ncia que convida a popula\u00e7\u00e3o a unir-se em luta para manter nossas mulheres vivas. Em rela\u00e7\u00e3o \u00e0 contribui\u00e7\u00e3o da Ministra ao longo da audi\u00eancia da ALEPI foi muito importante para sensibilizar toda a sociedade piauiense a enfrentar os ciclos de viol\u00eancia contra a mulher\u201d, disse.\u00a0<\/p>\n\n\n\n<figure class=\"wp-block-image size-large\"><img decoding=\"async\" loading=\"lazy\" width=\"1024\" height=\"773\" src=\"https:\/\/portal.pi.gov.br\/sempi\/wp-content\/uploads\/sites\/23\/2024\/09\/WhatsApp-Image-2024-09-12-at-10.15.25-1024x773.jpeg\" alt=\"\" class=\"wp-image-10109\" srcset=\"https:\/\/portal.pi.gov.br\/sempi\/wp-content\/uploads\/sites\/23\/2024\/09\/WhatsApp-Image-2024-09-12-at-10.15.25-1024x773.jpeg 1024w, https:\/\/portal.pi.gov.br\/sempi\/wp-content\/uploads\/sites\/23\/2024\/09\/WhatsApp-Image-2024-09-12-at-10.15.25-300x227.jpeg 300w, https:\/\/portal.pi.gov.br\/sempi\/wp-content\/uploads\/sites\/23\/2024\/09\/WhatsApp-Image-2024-09-12-at-10.15.25-768x580.jpeg 768w, https:\/\/portal.pi.gov.br\/sempi\/wp-content\/uploads\/sites\/23\/2024\/09\/WhatsApp-Image-2024-09-12-at-10.15.25-420x317.jpeg 420w, https:\/\/portal.pi.gov.br\/sempi\/wp-content\/uploads\/sites\/23\/2024\/09\/WhatsApp-Image-2024-09-12-at-10.15.25-540x408.jpeg 540w, https:\/\/portal.pi.gov.br\/sempi\/wp-content\/uploads\/sites\/23\/2024\/09\/WhatsApp-Image-2024-09-12-at-10.15.25-780x589.jpeg 780w, https:\/\/portal.pi.gov.br\/sempi\/wp-content\/uploads\/sites\/23\/2024\/09\/WhatsApp-Image-2024-09-12-at-10.15.25-1536x1160.jpeg 1536w, https:\/\/portal.pi.gov.br\/sempi\/wp-content\/uploads\/sites\/23\/2024\/09\/WhatsApp-Image-2024-09-12-at-10.15.25-947x715.jpeg 947w, https:\/\/portal.pi.gov.br\/sempi\/wp-content\/uploads\/sites\/23\/2024\/09\/WhatsApp-Image-2024-09-12-at-10.15.25-624x471.jpeg 624w, https:\/\/portal.pi.gov.br\/sempi\/wp-content\/uploads\/sites\/23\/2024\/09\/WhatsApp-Image-2024-09-12-at-10.15.25.jpeg 1600w\" sizes=\"(max-width: 1024px) 100vw, 1024px\" \/><\/figure>\n\n\n\n<p><strong>Institui\u00e7\u00e3o do Pacto Estadual de Preven\u00e7\u00e3o ao Feminic\u00eddio<\/strong><\/p>\n\n\n\n<p>Durante o lan\u00e7amento, foi institu\u00eddo o Pacto Estadual de Preven\u00e7\u00e3o ao Feminic\u00eddio, uma iniciativa que busca articular esfor\u00e7os entre diferentes esferas do poder p\u00fablico, empresas e sociedade civil para desenvolver a\u00e7\u00f5es de combate \u00e0 viol\u00eancia de g\u00eanero. O pacto ser\u00e1 um instrumento fundamental para organizar e aplicar diretrizes que promovam a seguran\u00e7a e o bem-estar das mulheres em todo o estado, fortalecendo o enfrentamento \u00e0 viol\u00eancia e garantindo o acesso \u00e0 justi\u00e7a.<\/p>\n\n\n\n<p>O pacto se baseia em tr\u00eas eixos principais de preven\u00e7\u00e3o:<\/p>\n\n\n\n<ul>\n<li>Preven\u00e7\u00e3o Prim\u00e1ria: Evitar que a viol\u00eancia ocorra, por meio de a\u00e7\u00f5es educativas, campanhas de conscientiza\u00e7\u00e3o e pol\u00edticas p\u00fablicas voltadas para a promo\u00e7\u00e3o da igualdade de g\u00eanero.<\/li>\n<\/ul>\n\n\n\n<ul>\n<li>Preven\u00e7\u00e3o Secund\u00e1ria: Impedir a repeti\u00e7\u00e3o e o agravamento da viol\u00eancia, oferecendo suporte, prote\u00e7\u00e3o e acompanhamento a mulheres em situa\u00e7\u00e3o de vulnerabilidade.<\/li>\n\n\n\n<li>Preven\u00e7\u00e3o Terci\u00e1ria: Mitigar os efeitos da viol\u00eancia j\u00e1 cometida, oferecendo servi\u00e7os de apoio psicossocial, jur\u00eddico e econ\u00f4mico \u00e0s v\u00edtimas e seus familiares.<\/li>\n<\/ul>\n\n\n\n<p><strong>A\u00e7\u00f5es e Diretrizes do Pacto<\/strong><\/p>\n\n\n\n<p>O Pacto Estadual de Preven\u00e7\u00e3o ao Feminic\u00eddio incluir\u00e1 a\u00e7\u00f5es pr\u00e1ticas e intersetoriais para enfrentar o feminic\u00eddio e garantir que as mulheres tenham acesso a servi\u00e7os essenciais. Entre as principais a\u00e7\u00f5es est\u00e3o:<\/p>\n\n\n\n<ul>\n<li>Educa\u00e7\u00e3o e Conscientiza\u00e7\u00e3o: Levar informa\u00e7\u00f5es sobre a Lei Maria da Penha \u00e0s escolas, promover forma\u00e7\u00f5es virtuais e incluir m\u00f3dulos sobre viol\u00eancia em programas de assist\u00eancia e renda, tanto no setor p\u00fablico quanto no privado.<\/li>\n<\/ul>\n\n\n\n<ul>\n<li>Esporte: A campanha \u201cTodos por Elas\u201d envolver\u00e1 o setor esportivo na conscientiza\u00e7\u00e3o e combate \u00e0 viol\u00eancia contra a mulher.<\/li>\n<\/ul>\n\n\n\n<ul>\n<li>Fortalecimento da Rede de Acolhimento: Expans\u00e3o da equipe da Central de Acolhimento, com capacita\u00e7\u00f5es voltadas para g\u00eanero e viol\u00eancia, al\u00e9m do aumento das a\u00e7\u00f5es do \u00d4nibus Lil\u00e1s, que leva atendimento e orienta\u00e7\u00e3o a comunidades mais distantes.<\/li>\n<\/ul>\n\n\n\n<ul>\n<li>Consultoria Especializada: A contrata\u00e7\u00e3o de consultoria especializada (ACT\u2019s) garantir\u00e1 o monitoramento e a execu\u00e7\u00e3o eficaz das a\u00e7\u00f5es do pacto.<\/li>\n<\/ul>\n\n\n\n<ul>\n<li>Inclus\u00e3o no Mercado de Trabalho: A implementa\u00e7\u00e3o do \u201cSelo Mais Mulheres\u201d promover\u00e1 a inclus\u00e3o de mulheres no mercado de trabalho, tanto em n\u00edvel federal quanto estadual, incentivando a autonomia econ\u00f4mica feminina como forma de preven\u00e7\u00e3o \u00e0 viol\u00eancia.<\/li>\n<\/ul>\n\n\n\n<p><strong>Impacto Esperado<\/strong><\/p>\n\n\n\n<p>Com a implementa\u00e7\u00e3o dessas a\u00e7\u00f5es, o governo do Piau\u00ed reafirma seu compromisso de erradicar o feminic\u00eddio e todas as formas de viol\u00eancia contra a mulher em dialogo com a sociedade civil e institui\u00e7\u00f5es p\u00fablicas e privadas. A meta \u00e9 garantir que cada mulher em situa\u00e7\u00e3o de vulnerabilidade tenha acesso \u00e0 prote\u00e7\u00e3o, \u00e0 justi\u00e7a e a oportunidades que promovam sua autonomia e igualdade de direitos.<\/p>\n\n\n\n<p>Ao unir for\u00e7as com o Minist\u00e9rio das Mulheres e com diferentes institui\u00e7\u00f5es p\u00fablicas e privadas, a Mobiliza\u00e7\u00e3o Nacional pelo Feminic\u00eddio Zero e o Pacto Estadual de Preven\u00e7\u00e3o ao Feminic\u00eddio representam um passo decisivo na constru\u00e7\u00e3o de uma sociedade mais justa, onde a vida e a dignidade das mulheres sejam plenamente respeitadas e se consiga colocar em pr\u00e1tica o feminic\u00eddio zero.<\/p>\n\n\n\n<p>A audi\u00eancia tamb\u00e9m contou com a presen\u00e7a do Conselho Estadual dos Direitos da Mulher<\/p>\n\n\n\n<p>Conselho Estadual de Direitos Humanos, Conselho Estadual da Igualdade Racial, Articula\u00e7\u00e3o de Mulheres Brasileiras &#8211; AMB, Ayabas &#8211; Instituto da Mulher Negra do Piau\u00ed,&nbsp; Conselho da mulher do parque universit\u00e1rio, da Coordenadora Municipal da Mulher de Palmeiras e Jos\u00e9 de Freitas &#8211; representando as OPMs e dos Agentes Pastoral Negros.<\/p>\n","protected":false},"excerpt":{"rendered":"<p>Em uma a\u00e7\u00e3o conjunta, a Secretaria de Estado das Mulheres (SEMPI) e o Minist\u00e9rio das Mulheres (MMULHERES) lan\u00e7aram, nesta quinta-feira (12), a Mobiliza\u00e7\u00e3o Nacional pelo Feminic\u00eddio Zero durante uma audi\u00eancia [&hellip;]<\/p>\n","protected":false},"author":1,"featured_media":10108,"comment_status":"closed","ping_status":"closed","sticky":false,"template":"","format":"standard","meta":[],"categories":[1],"tags":[],"featured_image_urls":{"full":["https:\/\/portal.pi.gov.br\/sempi\/wp-content\/uploads\/sites\/23\/2024\/09\/WhatsApp-Image-2024-09-12-at-10.15.26.jpeg",1600,1066,false],"thumbnail":["https:\/\/portal.pi.gov.br\/sempi\/wp-content\/uploads\/sites\/23\/2024\/09\/WhatsApp-Image-2024-09-12-at-10.15.26-150x150.jpeg",150,150,true],"medium":["https:\/\/portal.pi.gov.br\/sempi\/wp-content\/uploads\/sites\/23\/2024\/09\/WhatsApp-Image-2024-09-12-at-10.15.26-300x200.jpeg",300,200,true],"medium_large":["https:\/\/portal.pi.gov.br\/sempi\/wp-content\/uploads\/sites\/23\/2024\/09\/WhatsApp-Image-2024-09-12-at-10.15.26-768x512.jpeg",768,512,true],"large":["https:\/\/portal.pi.gov.br\/sempi\/wp-content\/uploads\/sites\/23\/2024\/09\/WhatsApp-Image-2024-09-12-at-10.15.26-1024x682.jpeg",887,591,true],"sgg-420":["https:\/\/portal.pi.gov.br\/sempi\/wp-content\/uploads\/sites\/23\/2024\/09\/WhatsApp-Image-2024-09-12-at-10.15.26-420x280.jpeg",420,280,true],"sgg-540":["https:\/\/portal.pi.gov.br\/sempi\/wp-content\/uploads\/sites\/23\/2024\/09\/WhatsApp-Image-2024-09-12-at-10.15.26-540x360.jpeg",540,360,true],"sgg-780":["https:\/\/portal.pi.gov.br\/sempi\/wp-content\/uploads\/sites\/23\/2024\/09\/WhatsApp-Image-2024-09-12-at-10.15.26-780x520.jpeg",780,520,true],"1536x1536":["https:\/\/portal.pi.gov.br\/sempi\/wp-content\/uploads\/sites\/23\/2024\/09\/WhatsApp-Image-2024-09-12-at-10.15.26-1536x1023.jpeg",1536,1023,true],"2048x2048":["https:\/\/portal.pi.gov.br\/sempi\/wp-content\/uploads\/sites\/23\/2024\/09\/WhatsApp-Image-2024-09-12-at-10.15.26.jpeg",1600,1066,false],"homepage-slider":["https:\/\/portal.pi.gov.br\/sempi\/wp-content\/uploads\/sites\/23\/2024\/09\/WhatsApp-Image-2024-09-12-at-10.15.26-1270x500.jpeg",1270,500,true],"homepage-slider-small":["https:\/\/portal.pi.gov.br\/sempi\/wp-content\/uploads\/sites\/23\/2024\/09\/WhatsApp-Image-2024-09-12-at-10.15.26-947x500.jpeg",947,500,true],"page-top":["https:\/\/portal.pi.gov.br\/sempi\/wp-content\/uploads\/sites\/23\/2024\/09\/WhatsApp-Image-2024-09-12-at-10.15.26-947x631.jpeg",947,631,true],"page-small":["https:\/\/portal.pi.gov.br\/sempi\/wp-content\/uploads\/sites\/23\/2024\/09\/WhatsApp-Image-2024-09-12-at-10.15.26-624x416.jpeg",624,416,true],"loop-main":["https:\/\/portal.pi.gov.br\/sempi\/wp-content\/uploads\/sites\/23\/2024\/09\/WhatsApp-Image-2024-09-12-at-10.15.26-365x240.jpeg",365,240,true],"thumb-gallery-widget":["https:\/\/portal.pi.gov.br\/sempi\/wp-content\/uploads\/sites\/23\/2024\/09\/WhatsApp-Image-2024-09-12-at-10.15.26-84x56.jpeg",84,56,true]},"post_excerpt_stackable":"<p>Em uma a\u00e7\u00e3o conjunta, a Secretaria de Estado das Mulheres (SEMPI) e o Minist\u00e9rio das Mulheres (MMULHERES) lan\u00e7aram, nesta quinta-feira (12), a Mobiliza\u00e7\u00e3o Nacional pelo Feminic\u00eddio Zero durante uma audi\u00eancia p\u00fablica na Assembleia Legislativa do Piau\u00ed (ALEPI). O evento teve como objetivo principal chamar a aten\u00e7\u00e3o do poder p\u00fablico, da sociedade civil e de empresas p\u00fablicas e privadas para a urg\u00eancia em erradicar o feminic\u00eddio no estado e garantir que nenhuma forma de viol\u00eancia contra a mulher seja tolerada. Ao longo de sua fala, a Ministra das Mulheres, Cida Gon\u00e7alves chamou a aten\u00e7\u00e3o para a participa\u00e7\u00e3o de todos na luta&hellip;<\/p>\n","category_list":"<a href=\"https:\/\/portal.pi.gov.br\/sempi\/category\/noticias\/\" rel=\"category tag\">Not\u00edcias<\/a>","author_info":{"name":"admin","url":"https:\/\/portal.pi.gov.br\/sempi\/author\/admin\/"},"comments_num":"0 coment\u00e1rio","featured_image_urls_v2":{"full":["https:\/\/portal.pi.gov.br\/sempi\/wp-content\/uploads\/sites\/23\/2024\/09\/WhatsApp-Image-2024-09-12-at-10.15.26.jpeg",1600,1066,false],"thumbnail":["https:\/\/portal.pi.gov.br\/sempi\/wp-content\/uploads\/sites\/23\/2024\/09\/WhatsApp-Image-2024-09-12-at-10.15.26-150x150.jpeg",150,150,true],"medium":["https:\/\/portal.pi.gov.br\/sempi\/wp-content\/uploads\/sites\/23\/2024\/09\/WhatsApp-Image-2024-09-12-at-10.15.26-300x200.jpeg",300,200,true],"medium_large":["https:\/\/portal.pi.gov.br\/sempi\/wp-content\/uploads\/sites\/23\/2024\/09\/WhatsApp-Image-2024-09-12-at-10.15.26-768x512.jpeg",768,512,true],"large":["https:\/\/portal.pi.gov.br\/sempi\/wp-content\/uploads\/sites\/23\/2024\/09\/WhatsApp-Image-2024-09-12-at-10.15.26-1024x682.jpeg",887,591,true],"sgg-420":["https:\/\/portal.pi.gov.br\/sempi\/wp-content\/uploads\/sites\/23\/2024\/09\/WhatsApp-Image-2024-09-12-at-10.15.26-420x280.jpeg",420,280,true],"sgg-540":["https:\/\/portal.pi.gov.br\/sempi\/wp-content\/uploads\/sites\/23\/2024\/09\/WhatsApp-Image-2024-09-12-at-10.15.26-540x360.jpeg",540,360,true],"sgg-780":["https:\/\/portal.pi.gov.br\/sempi\/wp-content\/uploads\/sites\/23\/2024\/09\/WhatsApp-Image-2024-09-12-at-10.15.26-780x520.jpeg",780,520,true],"1536x1536":["https:\/\/portal.pi.gov.br\/sempi\/wp-content\/uploads\/sites\/23\/2024\/09\/WhatsApp-Image-2024-09-12-at-10.15.26-1536x1023.jpeg",1536,1023,true],"2048x2048":["https:\/\/portal.pi.gov.br\/sempi\/wp-content\/uploads\/sites\/23\/2024\/09\/WhatsApp-Image-2024-09-12-at-10.15.26.jpeg",1600,1066,false],"homepage-slider":["https:\/\/portal.pi.gov.br\/sempi\/wp-content\/uploads\/sites\/23\/2024\/09\/WhatsApp-Image-2024-09-12-at-10.15.26-1270x500.jpeg",1270,500,true],"homepage-slider-small":["https:\/\/portal.pi.gov.br\/sempi\/wp-content\/uploads\/sites\/23\/2024\/09\/WhatsApp-Image-2024-09-12-at-10.15.26-947x500.jpeg",947,500,true],"page-top":["https:\/\/portal.pi.gov.br\/sempi\/wp-content\/uploads\/sites\/23\/2024\/09\/WhatsApp-Image-2024-09-12-at-10.15.26-947x631.jpeg",947,631,true],"page-small":["https:\/\/portal.pi.gov.br\/sempi\/wp-content\/uploads\/sites\/23\/2024\/09\/WhatsApp-Image-2024-09-12-at-10.15.26-624x416.jpeg",624,416,true],"loop-main":["https:\/\/portal.pi.gov.br\/sempi\/wp-content\/uploads\/sites\/23\/2024\/09\/WhatsApp-Image-2024-09-12-at-10.15.26-365x240.jpeg",365,240,true],"thumb-gallery-widget":["https:\/\/portal.pi.gov.br\/sempi\/wp-content\/uploads\/sites\/23\/2024\/09\/WhatsApp-Image-2024-09-12-at-10.15.26-84x56.jpeg",84,56,true]},"post_excerpt_stackable_v2":"<p>Em uma a\u00e7\u00e3o conjunta, a Secretaria de Estado das Mulheres (SEMPI) e o Minist\u00e9rio das Mulheres (MMULHERES) lan\u00e7aram, nesta quinta-feira (12), a Mobiliza\u00e7\u00e3o Nacional pelo Feminic\u00eddio Zero durante uma audi\u00eancia p\u00fablica na Assembleia Legislativa do Piau\u00ed (ALEPI). O evento teve como objetivo principal chamar a aten\u00e7\u00e3o do poder p\u00fablico, da sociedade civil e de empresas p\u00fablicas e privadas para a urg\u00eancia em erradicar o feminic\u00eddio no estado e garantir que nenhuma forma de viol\u00eancia contra a mulher seja tolerada. Ao longo de sua fala, a Ministra das Mulheres, Cida Gon\u00e7alves chamou a aten\u00e7\u00e3o para a participa\u00e7\u00e3o de todos na luta&hellip;<\/p>\n","category_list_v2":"<a href=\"https:\/\/portal.pi.gov.br\/sempi\/category\/noticias\/\" rel=\"category tag\">Not\u00edcias<\/a>","author_info_v2":{"name":"admin","url":"https:\/\/portal.pi.gov.br\/sempi\/author\/admin\/"},"comments_num_v2":"0 coment\u00e1rio","jetpack_featured_media_url":"https:\/\/portal.pi.gov.br\/sempi\/wp-content\/uploads\/sites\/23\/2024\/09\/WhatsApp-Image-2024-09-12-at-10.15.26.jpeg","_links":{"self":[{"href":"https:\/\/portal.pi.gov.br\/sempi\/wp-json\/wp\/v2\/posts\/10107"}],"collection":[{"href":"https:\/\/portal.pi.gov.br\/sempi\/wp-json\/wp\/v2\/posts"}],"about":[{"href":"https:\/\/portal.pi.gov.br\/sempi\/wp-json\/wp\/v2\/types\/post"}],"author":[{"embeddable":true,"href":"https:\/\/portal.pi.gov.br\/sempi\/wp-json\/wp\/v2\/users\/1"}],"replies":[{"embeddable":true,"href":"https:\/\/portal.pi.gov.br\/sempi\/wp-json\/wp\/v2\/comments?post=10107"}],"version-history":[{"count":1,"href":"https:\/\/portal.pi.gov.br\/sempi\/wp-json\/wp\/v2\/posts\/10107\/revisions"}],"predecessor-version":[{"id":10110,"href":"https:\/\/portal.pi.gov.br\/sempi\/wp-json\/wp\/v2\/posts\/10107\/revisions\/10110"}],"wp:featuredmedia":[{"embeddable":true,"href":"https:\/\/portal.pi.gov.br\/sempi\/wp-json\/wp\/v2\/media\/10108"}],"wp:attachment":[{"href":"https:\/\/portal.pi.gov.br\/sempi\/wp-json\/wp\/v2\/media?parent=10107"}],"wp:term":[{"taxonomy":"category","embeddable":true,"href":"https:\/\/portal.pi.gov.br\/sempi\/wp-json\/wp\/v2\/categories?post=10107"},{"taxonomy":"post_tag","embeddable":true,"href":"https:\/\/portal.pi.gov.br\/sempi\/wp-json\/wp\/v2\/tags?post=10107"}],"curies":[{"name":"wp","href":"https:\/\/api.w.org\/{rel}","templated":true}]}}