{"id":17630,"date":"2026-04-27T08:26:41","date_gmt":"2026-04-27T11:26:41","guid":{"rendered":"https:\/\/portal.pi.gov.br\/sempi\/?p=17630"},"modified":"2026-04-27T08:26:42","modified_gmt":"2026-04-27T11:26:42","slug":"sempi-participa-de-acao-social-em-escola-na-zona-sul-de-teresina-e-reforca-orientacoes-sobre-enfrentamento-a-violencia","status":"publish","type":"post","link":"https:\/\/portal.pi.gov.br\/sempi\/2026\/04\/27\/sempi-participa-de-acao-social-em-escola-na-zona-sul-de-teresina-e-reforca-orientacoes-sobre-enfrentamento-a-violencia\/","title":{"rendered":"SEMPI participa de a\u00e7\u00e3o social em escola na zona sul de Teresina e refor\u00e7a orienta\u00e7\u00f5es sobre enfrentamento \u00e0 viol\u00eancia"},"content":{"rendered":"\n<p>A Secretaria das Mulheres do Piau\u00ed (SEMPI), por meio do Centro de Refer\u00eancia Francisca Trindade, participou, neste s\u00e1bado (25), da a\u00e7\u00e3o social \u201cAmar e Servir\u201d, realizada pela Escola Padre Arrupe, localizada na zona sul de Teresina.<\/p>\n\n\n\n<p>A iniciativa reuniu diversos parceiros, entidades e servi\u00e7os, oferecendo atendimentos gratuitos \u00e0 popula\u00e7\u00e3o, como corte de cabelo, servi\u00e7os de beleza, orienta\u00e7\u00e3o jur\u00eddica e psicol\u00f3gica, massagem, coleta de recicl\u00e1veis com distribui\u00e7\u00e3o de mudas, al\u00e9m de servi\u00e7os de sa\u00fade, como teste glic\u00eamico, aferi\u00e7\u00e3o de press\u00e3o, avalia\u00e7\u00e3o f\u00edsica e orienta\u00e7\u00e3o nutricional.<\/p>\n\n\n\n<p>Durante a a\u00e7\u00e3o, a SEMPI levou orienta\u00e7\u00f5es sobre o protocolo \u201cEi, Merm\u00e3, N\u00e3o se Cale\u201d e a Lei Maria da Penha, al\u00e9m de divulgar informa\u00e7\u00f5es sobre a rede de atendimento e prote\u00e7\u00e3o \u00e0s mulheres em situa\u00e7\u00e3o de viol\u00eancia.<\/p>\n\n\n\n<p>\u201cA a\u00e7\u00e3o permitiu dialogar diretamente com mulheres do territ\u00f3rio, incluindo m\u00e3es de estudantes da escola, levando atendimento psicossocial e informa\u00e7\u00f5es sobre direitos e servi\u00e7os dispon\u00edveis. Tamb\u00e9m foi um momento importante para fortalecer a articula\u00e7\u00e3o interinstitucional e construir parcerias para futuras atividades\u201d, destacou a coordenadora do Centro de Refer\u00eancia Francisca Trindade, Teresa Oliveira.<\/p>\n\n\n\n<figure class=\"wp-block-gallery has-nested-images columns-default is-cropped wp-block-gallery-1 is-layout-flex\">\n<figure class=\"wp-block-image size-large\"><img decoding=\"async\" loading=\"lazy\" width=\"768\" height=\"1024\" data-id=\"17631\"  src=\"https:\/\/portal.pi.gov.br\/sempi\/wp-content\/uploads\/sites\/23\/2026\/04\/WhatsApp-Image-2026-04-25-at-09.48.08-768x1024.jpeg\" alt=\"\" class=\"wp-image-17631\" srcset=\"https:\/\/portal.pi.gov.br\/sempi\/wp-content\/uploads\/sites\/23\/2026\/04\/WhatsApp-Image-2026-04-25-at-09.48.08-768x1024.jpeg 768w, https:\/\/portal.pi.gov.br\/sempi\/wp-content\/uploads\/sites\/23\/2026\/04\/WhatsApp-Image-2026-04-25-at-09.48.08-225x300.jpeg 225w, https:\/\/portal.pi.gov.br\/sempi\/wp-content\/uploads\/sites\/23\/2026\/04\/WhatsApp-Image-2026-04-25-at-09.48.08-315x420.jpeg 315w, https:\/\/portal.pi.gov.br\/sempi\/wp-content\/uploads\/sites\/23\/2026\/04\/WhatsApp-Image-2026-04-25-at-09.48.08-405x540.jpeg 405w, https:\/\/portal.pi.gov.br\/sempi\/wp-content\/uploads\/sites\/23\/2026\/04\/WhatsApp-Image-2026-04-25-at-09.48.08-585x780.jpeg 585w, https:\/\/portal.pi.gov.br\/sempi\/wp-content\/uploads\/sites\/23\/2026\/04\/WhatsApp-Image-2026-04-25-at-09.48.08-1152x1536.jpeg 1152w, https:\/\/portal.pi.gov.br\/sempi\/wp-content\/uploads\/sites\/23\/2026\/04\/WhatsApp-Image-2026-04-25-at-09.48.08-947x1263.jpeg 947w, https:\/\/portal.pi.gov.br\/sempi\/wp-content\/uploads\/sites\/23\/2026\/04\/WhatsApp-Image-2026-04-25-at-09.48.08-624x832.jpeg 624w, https:\/\/portal.pi.gov.br\/sempi\/wp-content\/uploads\/sites\/23\/2026\/04\/WhatsApp-Image-2026-04-25-at-09.48.08.jpeg 1200w\" sizes=\"(max-width: 768px) 100vw, 768px\" \/><\/figure>\n\n\n\n<figure class=\"wp-block-image size-large\"><img decoding=\"async\" loading=\"lazy\" width=\"576\" height=\"1024\" data-id=\"17632\"  src=\"https:\/\/portal.pi.gov.br\/sempi\/wp-content\/uploads\/sites\/23\/2026\/04\/WhatsApp-Image-2026-04-25-at-09.48.09-1-576x1024.jpeg\" alt=\"\" class=\"wp-image-17632\" srcset=\"https:\/\/portal.pi.gov.br\/sempi\/wp-content\/uploads\/sites\/23\/2026\/04\/WhatsApp-Image-2026-04-25-at-09.48.09-1-576x1024.jpeg 576w, https:\/\/portal.pi.gov.br\/sempi\/wp-content\/uploads\/sites\/23\/2026\/04\/WhatsApp-Image-2026-04-25-at-09.48.09-1-169x300.jpeg 169w, https:\/\/portal.pi.gov.br\/sempi\/wp-content\/uploads\/sites\/23\/2026\/04\/WhatsApp-Image-2026-04-25-at-09.48.09-1-768x1365.jpeg 768w, https:\/\/portal.pi.gov.br\/sempi\/wp-content\/uploads\/sites\/23\/2026\/04\/WhatsApp-Image-2026-04-25-at-09.48.09-1-236x420.jpeg 236w, https:\/\/portal.pi.gov.br\/sempi\/wp-content\/uploads\/sites\/23\/2026\/04\/WhatsApp-Image-2026-04-25-at-09.48.09-1-304x540.jpeg 304w, https:\/\/portal.pi.gov.br\/sempi\/wp-content\/uploads\/sites\/23\/2026\/04\/WhatsApp-Image-2026-04-25-at-09.48.09-1-439x780.jpeg 439w, https:\/\/portal.pi.gov.br\/sempi\/wp-content\/uploads\/sites\/23\/2026\/04\/WhatsApp-Image-2026-04-25-at-09.48.09-1-864x1536.jpeg 864w, https:\/\/portal.pi.gov.br\/sempi\/wp-content\/uploads\/sites\/23\/2026\/04\/WhatsApp-Image-2026-04-25-at-09.48.09-1-624x1109.jpeg 624w, https:\/\/portal.pi.gov.br\/sempi\/wp-content\/uploads\/sites\/23\/2026\/04\/WhatsApp-Image-2026-04-25-at-09.48.09-1.jpeg 900w\" sizes=\"(max-width: 576px) 100vw, 576px\" \/><\/figure>\n\n\n\n<figure class=\"wp-block-image size-large\"><img decoding=\"async\" loading=\"lazy\" width=\"768\" height=\"1024\" data-id=\"17633\"  src=\"https:\/\/portal.pi.gov.br\/sempi\/wp-content\/uploads\/sites\/23\/2026\/04\/WhatsApp-Image-2026-04-25-at-09.48.09-768x1024.jpeg\" alt=\"\" class=\"wp-image-17633\" srcset=\"https:\/\/portal.pi.gov.br\/sempi\/wp-content\/uploads\/sites\/23\/2026\/04\/WhatsApp-Image-2026-04-25-at-09.48.09-768x1024.jpeg 768w, https:\/\/portal.pi.gov.br\/sempi\/wp-content\/uploads\/sites\/23\/2026\/04\/WhatsApp-Image-2026-04-25-at-09.48.09-225x300.jpeg 225w, https:\/\/portal.pi.gov.br\/sempi\/wp-content\/uploads\/sites\/23\/2026\/04\/WhatsApp-Image-2026-04-25-at-09.48.09-315x420.jpeg 315w, https:\/\/portal.pi.gov.br\/sempi\/wp-content\/uploads\/sites\/23\/2026\/04\/WhatsApp-Image-2026-04-25-at-09.48.09-405x540.jpeg 405w, https:\/\/portal.pi.gov.br\/sempi\/wp-content\/uploads\/sites\/23\/2026\/04\/WhatsApp-Image-2026-04-25-at-09.48.09-585x780.jpeg 585w, https:\/\/portal.pi.gov.br\/sempi\/wp-content\/uploads\/sites\/23\/2026\/04\/WhatsApp-Image-2026-04-25-at-09.48.09-1152x1536.jpeg 1152w, https:\/\/portal.pi.gov.br\/sempi\/wp-content\/uploads\/sites\/23\/2026\/04\/WhatsApp-Image-2026-04-25-at-09.48.09-947x1263.jpeg 947w, https:\/\/portal.pi.gov.br\/sempi\/wp-content\/uploads\/sites\/23\/2026\/04\/WhatsApp-Image-2026-04-25-at-09.48.09-624x832.jpeg 624w, https:\/\/portal.pi.gov.br\/sempi\/wp-content\/uploads\/sites\/23\/2026\/04\/WhatsApp-Image-2026-04-25-at-09.48.09.jpeg 1200w\" sizes=\"(max-width: 768px) 100vw, 768px\" \/><\/figure>\n<\/figure>\n","protected":false},"excerpt":{"rendered":"<p>A Secretaria das Mulheres do Piau\u00ed (SEMPI), por meio do Centro de Refer\u00eancia Francisca Trindade, participou, neste s\u00e1bado (25), da a\u00e7\u00e3o social \u201cAmar e Servir\u201d, realizada pela Escola Padre Arrupe, [&hellip;]<\/p>\n","protected":false},"author":1,"featured_media":17632,"comment_status":"closed","ping_status":"closed","sticky":true,"template":"","format":"standard","meta":[],"categories":[1],"tags":[112,126,657],"featured_image_urls":{"full":["https:\/\/portal.pi.gov.br\/sempi\/wp-content\/uploads\/sites\/23\/2026\/04\/WhatsApp-Image-2026-04-25-at-09.48.09-1.jpeg",900,1600,false],"thumbnail":["https:\/\/portal.pi.gov.br\/sempi\/wp-content\/uploads\/sites\/23\/2026\/04\/WhatsApp-Image-2026-04-25-at-09.48.09-1-150x150.jpeg",150,150,true],"medium":["https:\/\/portal.pi.gov.br\/sempi\/wp-content\/uploads\/sites\/23\/2026\/04\/WhatsApp-Image-2026-04-25-at-09.48.09-1-169x300.jpeg",169,300,true],"medium_large":["https:\/\/portal.pi.gov.br\/sempi\/wp-content\/uploads\/sites\/23\/2026\/04\/WhatsApp-Image-2026-04-25-at-09.48.09-1-768x1365.jpeg",768,1365,true],"large":["https:\/\/portal.pi.gov.br\/sempi\/wp-content\/uploads\/sites\/23\/2026\/04\/WhatsApp-Image-2026-04-25-at-09.48.09-1-576x1024.jpeg",576,1024,true],"sgg-420":["https:\/\/portal.pi.gov.br\/sempi\/wp-content\/uploads\/sites\/23\/2026\/04\/WhatsApp-Image-2026-04-25-at-09.48.09-1-236x420.jpeg",236,420,true],"sgg-540":["https:\/\/portal.pi.gov.br\/sempi\/wp-content\/uploads\/sites\/23\/2026\/04\/WhatsApp-Image-2026-04-25-at-09.48.09-1-304x540.jpeg",304,540,true],"sgg-780":["https:\/\/portal.pi.gov.br\/sempi\/wp-content\/uploads\/sites\/23\/2026\/04\/WhatsApp-Image-2026-04-25-at-09.48.09-1-439x780.jpeg",439,780,true],"1536x1536":["https:\/\/portal.pi.gov.br\/sempi\/wp-content\/uploads\/sites\/23\/2026\/04\/WhatsApp-Image-2026-04-25-at-09.48.09-1-864x1536.jpeg",864,1536,true],"2048x2048":["https:\/\/portal.pi.gov.br\/sempi\/wp-content\/uploads\/sites\/23\/2026\/04\/WhatsApp-Image-2026-04-25-at-09.48.09-1.jpeg",900,1600,false],"homepage-slider":["https:\/\/portal.pi.gov.br\/sempi\/wp-content\/uploads\/sites\/23\/2026\/04\/WhatsApp-Image-2026-04-25-at-09.48.09-1-900x500.jpeg",900,500,true],"homepage-slider-small":["https:\/\/portal.pi.gov.br\/sempi\/wp-content\/uploads\/sites\/23\/2026\/04\/WhatsApp-Image-2026-04-25-at-09.48.09-1-900x500.jpeg",900,500,true],"page-top":["https:\/\/portal.pi.gov.br\/sempi\/wp-content\/uploads\/sites\/23\/2026\/04\/WhatsApp-Image-2026-04-25-at-09.48.09-1.jpeg",900,1600,false],"page-small":["https:\/\/portal.pi.gov.br\/sempi\/wp-content\/uploads\/sites\/23\/2026\/04\/WhatsApp-Image-2026-04-25-at-09.48.09-1-624x1109.jpeg",624,1109,true],"loop-main":["https:\/\/portal.pi.gov.br\/sempi\/wp-content\/uploads\/sites\/23\/2026\/04\/WhatsApp-Image-2026-04-25-at-09.48.09-1-365x240.jpeg",365,240,true],"thumb-gallery-widget":["https:\/\/portal.pi.gov.br\/sempi\/wp-content\/uploads\/sites\/23\/2026\/04\/WhatsApp-Image-2026-04-25-at-09.48.09-1-84x56.jpeg",84,56,true]},"post_excerpt_stackable":"<p>A Secretaria das Mulheres do Piau\u00ed (SEMPI), por meio do Centro de Refer\u00eancia Francisca Trindade, participou, neste s\u00e1bado (25), da a\u00e7\u00e3o social \u201cAmar e Servir\u201d, realizada pela Escola Padre Arrupe, localizada na zona sul de Teresina. A iniciativa reuniu diversos parceiros, entidades e servi\u00e7os, oferecendo atendimentos gratuitos \u00e0 popula\u00e7\u00e3o, como corte de cabelo, servi\u00e7os de beleza, orienta\u00e7\u00e3o jur\u00eddica e psicol\u00f3gica, massagem, coleta de recicl\u00e1veis com distribui\u00e7\u00e3o de mudas, al\u00e9m de servi\u00e7os de sa\u00fade, como teste glic\u00eamico, aferi\u00e7\u00e3o de press\u00e3o, avalia\u00e7\u00e3o f\u00edsica e orienta\u00e7\u00e3o nutricional. Durante a a\u00e7\u00e3o, a SEMPI levou orienta\u00e7\u00f5es sobre o protocolo \u201cEi, Merm\u00e3, N\u00e3o se Cale\u201d e&hellip;<\/p>\n","category_list":"<a href=\"https:\/\/portal.pi.gov.br\/sempi\/category\/noticias\/\" rel=\"category tag\">Not\u00edcias<\/a>","author_info":{"name":"admin","url":"https:\/\/portal.pi.gov.br\/sempi\/author\/admin\/"},"comments_num":"0 coment\u00e1rio","featured_image_urls_v2":{"full":["https:\/\/portal.pi.gov.br\/sempi\/wp-content\/uploads\/sites\/23\/2026\/04\/WhatsApp-Image-2026-04-25-at-09.48.09-1.jpeg",900,1600,false],"thumbnail":["https:\/\/portal.pi.gov.br\/sempi\/wp-content\/uploads\/sites\/23\/2026\/04\/WhatsApp-Image-2026-04-25-at-09.48.09-1-150x150.jpeg",150,150,true],"medium":["https:\/\/portal.pi.gov.br\/sempi\/wp-content\/uploads\/sites\/23\/2026\/04\/WhatsApp-Image-2026-04-25-at-09.48.09-1-169x300.jpeg",169,300,true],"medium_large":["https:\/\/portal.pi.gov.br\/sempi\/wp-content\/uploads\/sites\/23\/2026\/04\/WhatsApp-Image-2026-04-25-at-09.48.09-1-768x1365.jpeg",768,1365,true],"large":["https:\/\/portal.pi.gov.br\/sempi\/wp-content\/uploads\/sites\/23\/2026\/04\/WhatsApp-Image-2026-04-25-at-09.48.09-1-576x1024.jpeg",576,1024,true],"sgg-420":["https:\/\/portal.pi.gov.br\/sempi\/wp-content\/uploads\/sites\/23\/2026\/04\/WhatsApp-Image-2026-04-25-at-09.48.09-1-236x420.jpeg",236,420,true],"sgg-540":["https:\/\/portal.pi.gov.br\/sempi\/wp-content\/uploads\/sites\/23\/2026\/04\/WhatsApp-Image-2026-04-25-at-09.48.09-1-304x540.jpeg",304,540,true],"sgg-780":["https:\/\/portal.pi.gov.br\/sempi\/wp-content\/uploads\/sites\/23\/2026\/04\/WhatsApp-Image-2026-04-25-at-09.48.09-1-439x780.jpeg",439,780,true],"1536x1536":["https:\/\/portal.pi.gov.br\/sempi\/wp-content\/uploads\/sites\/23\/2026\/04\/WhatsApp-Image-2026-04-25-at-09.48.09-1-864x1536.jpeg",864,1536,true],"2048x2048":["https:\/\/portal.pi.gov.br\/sempi\/wp-content\/uploads\/sites\/23\/2026\/04\/WhatsApp-Image-2026-04-25-at-09.48.09-1.jpeg",900,1600,false],"homepage-slider":["https:\/\/portal.pi.gov.br\/sempi\/wp-content\/uploads\/sites\/23\/2026\/04\/WhatsApp-Image-2026-04-25-at-09.48.09-1-900x500.jpeg",900,500,true],"homepage-slider-small":["https:\/\/portal.pi.gov.br\/sempi\/wp-content\/uploads\/sites\/23\/2026\/04\/WhatsApp-Image-2026-04-25-at-09.48.09-1-900x500.jpeg",900,500,true],"page-top":["https:\/\/portal.pi.gov.br\/sempi\/wp-content\/uploads\/sites\/23\/2026\/04\/WhatsApp-Image-2026-04-25-at-09.48.09-1.jpeg",900,1600,false],"page-small":["https:\/\/portal.pi.gov.br\/sempi\/wp-content\/uploads\/sites\/23\/2026\/04\/WhatsApp-Image-2026-04-25-at-09.48.09-1-624x1109.jpeg",624,1109,true],"loop-main":["https:\/\/portal.pi.gov.br\/sempi\/wp-content\/uploads\/sites\/23\/2026\/04\/WhatsApp-Image-2026-04-25-at-09.48.09-1-365x240.jpeg",365,240,true],"thumb-gallery-widget":["https:\/\/portal.pi.gov.br\/sempi\/wp-content\/uploads\/sites\/23\/2026\/04\/WhatsApp-Image-2026-04-25-at-09.48.09-1-84x56.jpeg",84,56,true]},"post_excerpt_stackable_v2":"<p>A Secretaria das Mulheres do Piau\u00ed (SEMPI), por meio do Centro de Refer\u00eancia Francisca Trindade, participou, neste s\u00e1bado (25), da a\u00e7\u00e3o social \u201cAmar e Servir\u201d, realizada pela Escola Padre Arrupe, localizada na zona sul de Teresina. A iniciativa reuniu diversos parceiros, entidades e servi\u00e7os, oferecendo atendimentos gratuitos \u00e0 popula\u00e7\u00e3o, como corte de cabelo, servi\u00e7os de beleza, orienta\u00e7\u00e3o jur\u00eddica e psicol\u00f3gica, massagem, coleta de recicl\u00e1veis com distribui\u00e7\u00e3o de mudas, al\u00e9m de servi\u00e7os de sa\u00fade, como teste glic\u00eamico, aferi\u00e7\u00e3o de press\u00e3o, avalia\u00e7\u00e3o f\u00edsica e orienta\u00e7\u00e3o nutricional. Durante a a\u00e7\u00e3o, a SEMPI levou orienta\u00e7\u00f5es sobre o protocolo \u201cEi, Merm\u00e3, N\u00e3o se Cale\u201d e&hellip;<\/p>\n","category_list_v2":"<a href=\"https:\/\/portal.pi.gov.br\/sempi\/category\/noticias\/\" rel=\"category tag\">Not\u00edcias<\/a>","author_info_v2":{"name":"admin","url":"https:\/\/portal.pi.gov.br\/sempi\/author\/admin\/"},"comments_num_v2":"0 coment\u00e1rio","jetpack_featured_media_url":"https:\/\/portal.pi.gov.br\/sempi\/wp-content\/uploads\/sites\/23\/2026\/04\/WhatsApp-Image-2026-04-25-at-09.48.09-1.jpeg","_links":{"self":[{"href":"https:\/\/portal.pi.gov.br\/sempi\/wp-json\/wp\/v2\/posts\/17630"}],"collection":[{"href":"https:\/\/portal.pi.gov.br\/sempi\/wp-json\/wp\/v2\/posts"}],"about":[{"href":"https:\/\/portal.pi.gov.br\/sempi\/wp-json\/wp\/v2\/types\/post"}],"author":[{"embeddable":true,"href":"https:\/\/portal.pi.gov.br\/sempi\/wp-json\/wp\/v2\/users\/1"}],"replies":[{"embeddable":true,"href":"https:\/\/portal.pi.gov.br\/sempi\/wp-json\/wp\/v2\/comments?post=17630"}],"version-history":[{"count":1,"href":"https:\/\/portal.pi.gov.br\/sempi\/wp-json\/wp\/v2\/posts\/17630\/revisions"}],"predecessor-version":[{"id":17634,"href":"https:\/\/portal.pi.gov.br\/sempi\/wp-json\/wp\/v2\/posts\/17630\/revisions\/17634"}],"wp:featuredmedia":[{"embeddable":true,"href":"https:\/\/portal.pi.gov.br\/sempi\/wp-json\/wp\/v2\/media\/17632"}],"wp:attachment":[{"href":"https:\/\/portal.pi.gov.br\/sempi\/wp-json\/wp\/v2\/media?parent=17630"}],"wp:term":[{"taxonomy":"category","embeddable":true,"href":"https:\/\/portal.pi.gov.br\/sempi\/wp-json\/wp\/v2\/categories?post=17630"},{"taxonomy":"post_tag","embeddable":true,"href":"https:\/\/portal.pi.gov.br\/sempi\/wp-json\/wp\/v2\/tags?post=17630"}],"curies":[{"name":"wp","href":"https:\/\/api.w.org\/{rel}","templated":true}]}}