{"id":1002,"date":"2023-08-28T21:01:06","date_gmt":"2023-08-29T00:01:06","guid":{"rendered":"https:\/\/portal.pi.gov.br\/seres\/?p=1002"},"modified":"2023-08-29T09:30:12","modified_gmt":"2023-08-29T12:30:12","slug":"governo-divulga-propostas-eleitas-no-orcamento-participativo-opa","status":"publish","type":"post","link":"https:\/\/portal.pi.gov.br\/seres\/2023\/08\/28\/governo-divulga-propostas-eleitas-no-orcamento-participativo-opa\/","title":{"rendered":"Governo divulga propostas eleitas no Or\u00e7amento Participativo (OPA)"},"content":{"rendered":"\n<p><strong>Ao todo, foram 88 propostas eleitas pela popula\u00e7\u00e3o,  67 em Teresina e  21 em Parna\u00edba.<\/strong><\/p>\n\n\n\n<p><\/p>\n\n\n\n<p>O governador Rafael Fonteles anunciou, nesta segunda-feira (28), no Pal\u00e1cio de Karnak, as propostas eleitas no Programa de Or\u00e7amento Participativo &#8211; OPA. Ao  todo  a popula\u00e7\u00e3o elegeu  88,  . propostas, que ser\u00e3o executadas pelo programa. O or\u00e7amento previsto para o programa foi ampliado e mais propostas puderam ser contempladas com recurso p\u00fablico.&nbsp;<\/p>\n\n\n\n<p>O programa la\u00e7ado em maio deste ano, previa destinar R$ 40 milh\u00f5es para Teresina e R$ 10 milh\u00f5es para Parna\u00edba, cidades pioneiras na implanta\u00e7\u00e3o do programa. Por\u00e9m o Governo do Estado liberou mais R$ 3 milh\u00f5es em recursos para a capital e mais R$ 1,6 milh\u00e3o para Parna\u00edba.<\/p>\n\n\n\n<p>No total as entidades de bairro lan\u00e7aram 358 propostas exequ\u00edveis, que seguiram para a fase de vota\u00e7\u00e3o popular. Nessa etapa, o OPA registrou 52.532 votos por meio dos canais dispon\u00edveis para vota\u00e7\u00e3o online (site, app, WhatsApp e as vans do OPA), dos quais 45.311 foram considerados v\u00e1lidos. Ao final, 88 propostas foram eleitas pela popula\u00e7\u00e3o, sendo 67 para serem executadas em Teresina e 21 em Parna\u00edba.<\/p>\n\n\n\n<p>Durante a coletiva de imprensa, o governador exaltou o programa e anunciou que todas as 88 obras ser\u00e3o executadas no pr\u00f3ximo ano. \u201cO OPA \u00e9 a primeira experi\u00eancia de democracia digital no Piau\u00ed. O Estado possibilitou que um or\u00e7amento significativo fosse submetido \u00e0 vota\u00e7\u00e3o popular a partir de propostas escolhidas pelas associa\u00e7\u00f5es e movimentos organizados do povo. \u00c9 um modelo em que a popula\u00e7\u00e3o diz o que fazer com o seu dinheiro\u201d, explicou Rafael.<\/p>\n\n\n<div class=\"wp-block-image\">\n<figure class=\"aligncenter size-large is-resized\"><img decoding=\"async\" loading=\"lazy\" src=\"https:\/\/portal.pi.gov.br\/seres\/wp-content\/uploads\/sites\/87\/2023\/08\/image00006-1-1024x683.jpeg\" alt=\"\" class=\"wp-image-1010\" width=\"708\" height=\"472\" srcset=\"https:\/\/portal.pi.gov.br\/seres\/wp-content\/uploads\/sites\/87\/2023\/08\/image00006-1-1024x683.jpeg 1024w, https:\/\/portal.pi.gov.br\/seres\/wp-content\/uploads\/sites\/87\/2023\/08\/image00006-1-300x200.jpeg 300w, https:\/\/portal.pi.gov.br\/seres\/wp-content\/uploads\/sites\/87\/2023\/08\/image00006-1-768x512.jpeg 768w, https:\/\/portal.pi.gov.br\/seres\/wp-content\/uploads\/sites\/87\/2023\/08\/image00006-1-420x280.jpeg 420w, https:\/\/portal.pi.gov.br\/seres\/wp-content\/uploads\/sites\/87\/2023\/08\/image00006-1-540x360.jpeg 540w, https:\/\/portal.pi.gov.br\/seres\/wp-content\/uploads\/sites\/87\/2023\/08\/image00006-1-780x520.jpeg 780w, https:\/\/portal.pi.gov.br\/seres\/wp-content\/uploads\/sites\/87\/2023\/08\/image00006-1-1536x1024.jpeg 1536w, https:\/\/portal.pi.gov.br\/seres\/wp-content\/uploads\/sites\/87\/2023\/08\/image00006-1-2048x1365.jpeg 2048w, https:\/\/portal.pi.gov.br\/seres\/wp-content\/uploads\/sites\/87\/2023\/08\/image00006-1-947x631.jpeg 947w, https:\/\/portal.pi.gov.br\/seres\/wp-content\/uploads\/sites\/87\/2023\/08\/image00006-1-624x416.jpeg 624w, https:\/\/portal.pi.gov.br\/seres\/wp-content\/uploads\/sites\/87\/2023\/08\/image00006-1-84x56.jpeg 84w\" sizes=\"(max-width: 708px) 100vw, 708px\" \/><\/figure><\/div>\n\n\n<p>Com o sucesso da mobiliza\u00e7\u00e3o popular atrelado ao uso das tecnologias, a previs\u00e3o \u00e9 expandir o OPA para mais munic\u00edpios, tornando mais eficaz a participa\u00e7\u00e3o dos cidad\u00e3os na aplica\u00e7\u00e3o dos recursos p\u00fablicos. \u201cNo pr\u00f3ximo ano, Picos, Floriano e Piripiri ser\u00e3o as cidades contempladas\u201d, anunciou Fonteles.<\/p>\n\n\n\n<p>Para a secret\u00e1ria de Rela\u00e7\u00f5es Sociais, N\u00fabia Lopes, o programa teve saldo positivo, e destacou a participa\u00e7\u00e3o popular foi essencial para o bom resultado do programa. \u201cConsideramos que atendemos \u00e0 popula\u00e7\u00e3o de uma forma geral, inclusive, as lideran\u00e7as comunit\u00e1rias. Por ser um projeto piloto e in\u00e9dito, a nossa expectativa foi superada. Tivemos uma grande participa\u00e7\u00e3o popular e acreditamos que essas obras ir\u00e3o trazer desenvolvimento e melhoria na qualidade de vida de quem mora nesses bairros e regi\u00f5es\u201d, finalizou a gestora.<\/p>\n\n\n<div class=\"wp-block-image\">\n<figure class=\"aligncenter size-large is-resized\"><img decoding=\"async\" loading=\"lazy\" src=\"https:\/\/portal.pi.gov.br\/seres\/wp-content\/uploads\/sites\/87\/2023\/08\/WhatsApp-Image-2023-08-28-at-20.19.14-1024x683.jpeg\" alt=\"\" class=\"wp-image-1004\" width=\"740\" height=\"494\" srcset=\"https:\/\/portal.pi.gov.br\/seres\/wp-content\/uploads\/sites\/87\/2023\/08\/WhatsApp-Image-2023-08-28-at-20.19.14-1024x683.jpeg 1024w, https:\/\/portal.pi.gov.br\/seres\/wp-content\/uploads\/sites\/87\/2023\/08\/WhatsApp-Image-2023-08-28-at-20.19.14-300x200.jpeg 300w, https:\/\/portal.pi.gov.br\/seres\/wp-content\/uploads\/sites\/87\/2023\/08\/WhatsApp-Image-2023-08-28-at-20.19.14-768x512.jpeg 768w, https:\/\/portal.pi.gov.br\/seres\/wp-content\/uploads\/sites\/87\/2023\/08\/WhatsApp-Image-2023-08-28-at-20.19.14-420x280.jpeg 420w, https:\/\/portal.pi.gov.br\/seres\/wp-content\/uploads\/sites\/87\/2023\/08\/WhatsApp-Image-2023-08-28-at-20.19.14-540x360.jpeg 540w, https:\/\/portal.pi.gov.br\/seres\/wp-content\/uploads\/sites\/87\/2023\/08\/WhatsApp-Image-2023-08-28-at-20.19.14-780x520.jpeg 780w, https:\/\/portal.pi.gov.br\/seres\/wp-content\/uploads\/sites\/87\/2023\/08\/WhatsApp-Image-2023-08-28-at-20.19.14-947x632.jpeg 947w, https:\/\/portal.pi.gov.br\/seres\/wp-content\/uploads\/sites\/87\/2023\/08\/WhatsApp-Image-2023-08-28-at-20.19.14-624x416.jpeg 624w, https:\/\/portal.pi.gov.br\/seres\/wp-content\/uploads\/sites\/87\/2023\/08\/WhatsApp-Image-2023-08-28-at-20.19.14-84x56.jpeg 84w, https:\/\/portal.pi.gov.br\/seres\/wp-content\/uploads\/sites\/87\/2023\/08\/WhatsApp-Image-2023-08-28-at-20.19.14.jpeg 1280w\" sizes=\"(max-width: 740px) 100vw, 740px\" \/><\/figure><\/div>\n\n\n<p class=\"has-text-align-left\">O secret\u00e1rio do Planejamento, Washington Bonfim, destacou a expressiva participa\u00e7\u00e3o popular e afirmou que o pr\u00f3ximo desafio com a continuidade do programa \u00e9 dar apoio \u00e0 regulariza\u00e7\u00e3o de entidades. \u201cDessa forma, mais representantes de bairros e comunidades poder\u00e3o participar do OPA\u201d, disse o gestor. Ele anunciou, ainda, que engenheiros da Seplan dar\u00e3o apoio na estrutura\u00e7\u00e3o de propostas durante a pr\u00f3xima edi\u00e7\u00e3o.<\/p>\n\n\n\n<p><\/p>\n\n\n\n<p><a href=\"http:\/\/www.seplan.pi.gov.br\/download\/202308\/SEP28_524d25ae43.pdf\" data-type=\"URL\" data-id=\"http:\/\/www.seplan.pi.gov.br\/download\/202308\/SEP28_524d25ae43.pdf\">Propostas Aprovadas de Teresina <\/a><\/p>\n\n\n\n<p><a href=\"http:\/\/www.seplan.pi.gov.br\/download\/202308\/SEP28_2a6cda549d.pdf\" data-type=\"URL\" data-id=\"http:\/\/www.seplan.pi.gov.br\/download\/202308\/SEP28_2a6cda549d.pdf\">Propostas Aprovadas de Parna\u00edba<\/a><\/p>\n\n\n\n<p><\/p>\n\n\n\n<p><\/p>\n\n\n\n<p><\/p>\n\n\n\n<p>Rep\u00f3rter: Natalina Alves  <\/p>\n\n\n\n<p><\/p>\n","protected":false},"excerpt":{"rendered":"<p>Ao todo, foram 88 propostas eleitas pela popula\u00e7\u00e3o, 67 em Teresina e 21 em Parna\u00edba. O governador Rafael Fonteles anunciou, nesta segunda-feira (28), no Pal\u00e1cio de Karnak, as propostas eleitas [&hellip;]<\/p>\n","protected":false},"author":1748,"featured_media":1015,"comment_status":"closed","ping_status":"closed","sticky":false,"template":"","format":"standard","meta":[],"categories":[34],"tags":[],"featured_image_urls":{"full":["https:\/\/portal.pi.gov.br\/seres\/wp-content\/uploads\/sites\/87\/2023\/08\/image00002-scaled.jpeg",2560,1707,false],"thumbnail":["https:\/\/portal.pi.gov.br\/seres\/wp-content\/uploads\/sites\/87\/2023\/08\/image00002-150x150.jpeg",150,150,true],"medium":["https:\/\/portal.pi.gov.br\/seres\/wp-content\/uploads\/sites\/87\/2023\/08\/image00002-300x200.jpeg",300,200,true],"medium_large":["https:\/\/portal.pi.gov.br\/seres\/wp-content\/uploads\/sites\/87\/2023\/08\/image00002-768x512.jpeg",768,512,true],"large":["https:\/\/portal.pi.gov.br\/seres\/wp-content\/uploads\/sites\/87\/2023\/08\/image00002-1024x683.jpeg",887,592,true],"sgg-420":["https:\/\/portal.pi.gov.br\/seres\/wp-content\/uploads\/sites\/87\/2023\/08\/image00002-420x280.jpeg",420,280,true],"sgg-540":["https:\/\/portal.pi.gov.br\/seres\/wp-content\/uploads\/sites\/87\/2023\/08\/image00002-540x360.jpeg",540,360,true],"sgg-780":["https:\/\/portal.pi.gov.br\/seres\/wp-content\/uploads\/sites\/87\/2023\/08\/image00002-780x520.jpeg",780,520,true],"1536x1536":["https:\/\/portal.pi.gov.br\/seres\/wp-content\/uploads\/sites\/87\/2023\/08\/image00002-1536x1024.jpeg",1536,1024,true],"2048x2048":["https:\/\/portal.pi.gov.br\/seres\/wp-content\/uploads\/sites\/87\/2023\/08\/image00002-2048x1365.jpeg",2048,1365,true],"homepage-slider":["https:\/\/portal.pi.gov.br\/seres\/wp-content\/uploads\/sites\/87\/2023\/08\/image00002-1270x500.jpeg",1270,500,true],"homepage-slider-small":["https:\/\/portal.pi.gov.br\/seres\/wp-content\/uploads\/sites\/87\/2023\/08\/image00002-947x500.jpeg",947,500,true],"page-top":["https:\/\/portal.pi.gov.br\/seres\/wp-content\/uploads\/sites\/87\/2023\/08\/image00002-947x631.jpeg",947,631,true],"page-small":["https:\/\/portal.pi.gov.br\/seres\/wp-content\/uploads\/sites\/87\/2023\/08\/image00002-624x416.jpeg",624,416,true],"loop-main":["https:\/\/portal.pi.gov.br\/seres\/wp-content\/uploads\/sites\/87\/2023\/08\/image00002-365x240.jpeg",365,240,true],"thumb-gallery-widget":["https:\/\/portal.pi.gov.br\/seres\/wp-content\/uploads\/sites\/87\/2023\/08\/image00002-84x56.jpeg",84,56,true]},"post_excerpt_stackable":"<p>Ao todo, foram 88 propostas eleitas pela popula\u00e7\u00e3o, 67 em Teresina e 21 em Parna\u00edba. O governador Rafael Fonteles anunciou, nesta segunda-feira (28), no Pal\u00e1cio de Karnak, as propostas eleitas no Programa de Or\u00e7amento Participativo &#8211; OPA. Ao todo a popula\u00e7\u00e3o elegeu 88, . propostas, que ser\u00e3o executadas pelo programa. O or\u00e7amento previsto para o programa foi ampliado e mais propostas puderam ser contempladas com recurso p\u00fablico.&nbsp; O programa la\u00e7ado em maio deste ano, previa destinar R$ 40 milh\u00f5es para Teresina e R$ 10 milh\u00f5es para Parna\u00edba, cidades pioneiras na implanta\u00e7\u00e3o do programa. Por\u00e9m o Governo do Estado liberou mais&hellip;<\/p>\n","category_list":"<a href=\"https:\/\/portal.pi.gov.br\/seres\/category\/noticias\/\" rel=\"category tag\">Not\u00edcias<\/a>","author_info":{"name":"natalina","url":"https:\/\/portal.pi.gov.br\/seres\/author\/natalina\/"},"comments_num":"0 coment\u00e1rio","featured_image_urls_v2":{"full":["https:\/\/portal.pi.gov.br\/seres\/wp-content\/uploads\/sites\/87\/2023\/08\/image00002-scaled.jpeg",2560,1707,false],"thumbnail":["https:\/\/portal.pi.gov.br\/seres\/wp-content\/uploads\/sites\/87\/2023\/08\/image00002-150x150.jpeg",150,150,true],"medium":["https:\/\/portal.pi.gov.br\/seres\/wp-content\/uploads\/sites\/87\/2023\/08\/image00002-300x200.jpeg",300,200,true],"medium_large":["https:\/\/portal.pi.gov.br\/seres\/wp-content\/uploads\/sites\/87\/2023\/08\/image00002-768x512.jpeg",768,512,true],"large":["https:\/\/portal.pi.gov.br\/seres\/wp-content\/uploads\/sites\/87\/2023\/08\/image00002-1024x683.jpeg",887,592,true],"sgg-420":["https:\/\/portal.pi.gov.br\/seres\/wp-content\/uploads\/sites\/87\/2023\/08\/image00002-420x280.jpeg",420,280,true],"sgg-540":["https:\/\/portal.pi.gov.br\/seres\/wp-content\/uploads\/sites\/87\/2023\/08\/image00002-540x360.jpeg",540,360,true],"sgg-780":["https:\/\/portal.pi.gov.br\/seres\/wp-content\/uploads\/sites\/87\/2023\/08\/image00002-780x520.jpeg",780,520,true],"1536x1536":["https:\/\/portal.pi.gov.br\/seres\/wp-content\/uploads\/sites\/87\/2023\/08\/image00002-1536x1024.jpeg",1536,1024,true],"2048x2048":["https:\/\/portal.pi.gov.br\/seres\/wp-content\/uploads\/sites\/87\/2023\/08\/image00002-2048x1365.jpeg",2048,1365,true],"homepage-slider":["https:\/\/portal.pi.gov.br\/seres\/wp-content\/uploads\/sites\/87\/2023\/08\/image00002-1270x500.jpeg",1270,500,true],"homepage-slider-small":["https:\/\/portal.pi.gov.br\/seres\/wp-content\/uploads\/sites\/87\/2023\/08\/image00002-947x500.jpeg",947,500,true],"page-top":["https:\/\/portal.pi.gov.br\/seres\/wp-content\/uploads\/sites\/87\/2023\/08\/image00002-947x631.jpeg",947,631,true],"page-small":["https:\/\/portal.pi.gov.br\/seres\/wp-content\/uploads\/sites\/87\/2023\/08\/image00002-624x416.jpeg",624,416,true],"loop-main":["https:\/\/portal.pi.gov.br\/seres\/wp-content\/uploads\/sites\/87\/2023\/08\/image00002-365x240.jpeg",365,240,true],"thumb-gallery-widget":["https:\/\/portal.pi.gov.br\/seres\/wp-content\/uploads\/sites\/87\/2023\/08\/image00002-84x56.jpeg",84,56,true]},"post_excerpt_stackable_v2":"<p>Ao todo, foram 88 propostas eleitas pela popula\u00e7\u00e3o, 67 em Teresina e 21 em Parna\u00edba. O governador Rafael Fonteles anunciou, nesta segunda-feira (28), no Pal\u00e1cio de Karnak, as propostas eleitas no Programa de Or\u00e7amento Participativo &#8211; OPA. Ao todo a popula\u00e7\u00e3o elegeu 88, . propostas, que ser\u00e3o executadas pelo programa. O or\u00e7amento previsto para o programa foi ampliado e mais propostas puderam ser contempladas com recurso p\u00fablico.&nbsp; O programa la\u00e7ado em maio deste ano, previa destinar R$ 40 milh\u00f5es para Teresina e R$ 10 milh\u00f5es para Parna\u00edba, cidades pioneiras na implanta\u00e7\u00e3o do programa. Por\u00e9m o Governo do Estado liberou mais&hellip;<\/p>\n","category_list_v2":"<a href=\"https:\/\/portal.pi.gov.br\/seres\/category\/noticias\/\" rel=\"category tag\">Not\u00edcias<\/a>","author_info_v2":{"name":"natalina","url":"https:\/\/portal.pi.gov.br\/seres\/author\/natalina\/"},"comments_num_v2":"0 coment\u00e1rio","jetpack_featured_media_url":"https:\/\/portal.pi.gov.br\/seres\/wp-content\/uploads\/sites\/87\/2023\/08\/image00002-scaled.jpeg","_links":{"self":[{"href":"https:\/\/portal.pi.gov.br\/seres\/wp-json\/wp\/v2\/posts\/1002"}],"collection":[{"href":"https:\/\/portal.pi.gov.br\/seres\/wp-json\/wp\/v2\/posts"}],"about":[{"href":"https:\/\/portal.pi.gov.br\/seres\/wp-json\/wp\/v2\/types\/post"}],"author":[{"embeddable":true,"href":"https:\/\/portal.pi.gov.br\/seres\/wp-json\/wp\/v2\/users\/1748"}],"replies":[{"embeddable":true,"href":"https:\/\/portal.pi.gov.br\/seres\/wp-json\/wp\/v2\/comments?post=1002"}],"version-history":[{"count":6,"href":"https:\/\/portal.pi.gov.br\/seres\/wp-json\/wp\/v2\/posts\/1002\/revisions"}],"predecessor-version":[{"id":1040,"href":"https:\/\/portal.pi.gov.br\/seres\/wp-json\/wp\/v2\/posts\/1002\/revisions\/1040"}],"wp:featuredmedia":[{"embeddable":true,"href":"https:\/\/portal.pi.gov.br\/seres\/wp-json\/wp\/v2\/media\/1015"}],"wp:attachment":[{"href":"https:\/\/portal.pi.gov.br\/seres\/wp-json\/wp\/v2\/media?parent=1002"}],"wp:term":[{"taxonomy":"category","embeddable":true,"href":"https:\/\/portal.pi.gov.br\/seres\/wp-json\/wp\/v2\/categories?post=1002"},{"taxonomy":"post_tag","embeddable":true,"href":"https:\/\/portal.pi.gov.br\/seres\/wp-json\/wp\/v2\/tags?post=1002"}],"curies":[{"name":"wp","href":"https:\/\/api.w.org\/{rel}","templated":true}]}}