{"id":1042,"date":"2023-08-30T23:16:07","date_gmt":"2023-08-31T02:16:07","guid":{"rendered":"https:\/\/portal.pi.gov.br\/seres\/?p=1042"},"modified":"2023-10-05T12:17:06","modified_gmt":"2023-10-05T15:17:06","slug":"seres-promove-palestra-sobre-prevencao-social-do-feminicidio","status":"publish","type":"post","link":"https:\/\/portal.pi.gov.br\/seres\/2023\/08\/30\/seres-promove-palestra-sobre-prevencao-social-do-feminicidio\/","title":{"rendered":"Secretaria das Rela\u00e7\u00f5es Sociais promove palestra sobre preven\u00e7\u00e3o social do feminic\u00eddio"},"content":{"rendered":"\n<p>A Secretaria de Estado das Rela\u00e7\u00f5es Sociais (Seres) promoveu, na ter\u00e7a-feira (29), por meio do Programa de Pr\u00f3-Equidade de G\u00eanero, Ra\u00e7a e Diversidade, uma palestra sobre preven\u00e7\u00e3o social do feminic\u00eddio. A palestra foi realizada na sede da secretaria e ministrada pela delegada e professora Eug\u00eania Villa.<\/p>\n\n\n\n<p>A palestra tamb\u00e9m abordou temas como viol\u00eancia contra a mulher, feminic\u00eddio e os objetivos do programa, que tem como finalidade, promover um ambiente de trabalho saud\u00e1vel, diverso e inclusivo dentro das organiza\u00e7\u00f5es p\u00fablicas.<\/p>\n\n\n<div class=\"wp-block-image\">\n<figure class=\"aligncenter size-large is-resized\"><img decoding=\"async\" loading=\"lazy\" src=\"https:\/\/portal.pi.gov.br\/seres\/wp-content\/uploads\/sites\/87\/2023\/08\/IMG_7653-1024x768.jpg\" alt=\"\" class=\"wp-image-1043\" width=\"508\" height=\"381\" srcset=\"https:\/\/portal.pi.gov.br\/seres\/wp-content\/uploads\/sites\/87\/2023\/08\/IMG_7653-1024x768.jpg 1024w, https:\/\/portal.pi.gov.br\/seres\/wp-content\/uploads\/sites\/87\/2023\/08\/IMG_7653-300x225.jpg 300w, https:\/\/portal.pi.gov.br\/seres\/wp-content\/uploads\/sites\/87\/2023\/08\/IMG_7653-768x576.jpg 768w, https:\/\/portal.pi.gov.br\/seres\/wp-content\/uploads\/sites\/87\/2023\/08\/IMG_7653-420x315.jpg 420w, https:\/\/portal.pi.gov.br\/seres\/wp-content\/uploads\/sites\/87\/2023\/08\/IMG_7653-540x405.jpg 540w, https:\/\/portal.pi.gov.br\/seres\/wp-content\/uploads\/sites\/87\/2023\/08\/IMG_7653-780x585.jpg 780w, https:\/\/portal.pi.gov.br\/seres\/wp-content\/uploads\/sites\/87\/2023\/08\/IMG_7653-1536x1152.jpg 1536w, https:\/\/portal.pi.gov.br\/seres\/wp-content\/uploads\/sites\/87\/2023\/08\/IMG_7653-2048x1536.jpg 2048w, https:\/\/portal.pi.gov.br\/seres\/wp-content\/uploads\/sites\/87\/2023\/08\/IMG_7653-947x710.jpg 947w, https:\/\/portal.pi.gov.br\/seres\/wp-content\/uploads\/sites\/87\/2023\/08\/IMG_7653-624x468.jpg 624w\" sizes=\"(max-width: 508px) 100vw, 508px\" \/><\/figure><\/div>\n\n\n<p>AA secret\u00e1ria das Rela\u00e7\u00f5es Sociais, N\u00fabia Lopes, destacou a import\u00e2ncia da pasta na mobiliza\u00e7\u00e3o e conscientiza\u00e7\u00e3o para o combate \u00e0 viol\u00eancia contra a mulher. \u201cJ\u00e1 estamos estuando desde o in\u00edcio do ano. Primeiro com as mulheres do campo unit\u00e1rio, e agora com a Marcha das Margaridas, sempre em parceria com a Secretaria de Estado das Mulheres. &nbsp;Sabemos a import\u00e2ncia da nossa secretaria na mobiliza\u00e7\u00e3o e conscientiza\u00e7\u00e3o, e vamos continuar trabalhando para que possamos garantir a participa\u00e7\u00e3o das mulheres em todos os setores da sociedade, com igualdade de oportunidades e condi\u00e7\u00f5es de trabalho para que possam ser empoderadas e consequentemente fazerem o enfretamento \u00e0 viol\u00eancia contra a mulher\u201d, destacou a gestora.<\/p>\n\n\n<div class=\"wp-block-image\">\n<figure class=\"aligncenter size-large is-resized\"><img decoding=\"async\" loading=\"lazy\" src=\"https:\/\/portal.pi.gov.br\/seres\/wp-content\/uploads\/sites\/87\/2023\/08\/IMG_9970-1024x683.jpg\" alt=\"\" class=\"wp-image-1044\" width=\"504\" height=\"336\" srcset=\"https:\/\/portal.pi.gov.br\/seres\/wp-content\/uploads\/sites\/87\/2023\/08\/IMG_9970-1024x683.jpg 1024w, https:\/\/portal.pi.gov.br\/seres\/wp-content\/uploads\/sites\/87\/2023\/08\/IMG_9970-300x200.jpg 300w, https:\/\/portal.pi.gov.br\/seres\/wp-content\/uploads\/sites\/87\/2023\/08\/IMG_9970-768x512.jpg 768w, https:\/\/portal.pi.gov.br\/seres\/wp-content\/uploads\/sites\/87\/2023\/08\/IMG_9970-420x280.jpg 420w, https:\/\/portal.pi.gov.br\/seres\/wp-content\/uploads\/sites\/87\/2023\/08\/IMG_9970-540x360.jpg 540w, https:\/\/portal.pi.gov.br\/seres\/wp-content\/uploads\/sites\/87\/2023\/08\/IMG_9970-780x520.jpg 780w, https:\/\/portal.pi.gov.br\/seres\/wp-content\/uploads\/sites\/87\/2023\/08\/IMG_9970-1536x1024.jpg 1536w, https:\/\/portal.pi.gov.br\/seres\/wp-content\/uploads\/sites\/87\/2023\/08\/IMG_9970-2048x1365.jpg 2048w, https:\/\/portal.pi.gov.br\/seres\/wp-content\/uploads\/sites\/87\/2023\/08\/IMG_9970-947x631.jpg 947w, https:\/\/portal.pi.gov.br\/seres\/wp-content\/uploads\/sites\/87\/2023\/08\/IMG_9970-624x416.jpg 624w, https:\/\/portal.pi.gov.br\/seres\/wp-content\/uploads\/sites\/87\/2023\/08\/IMG_9970-84x56.jpg 84w\" sizes=\"(max-width: 504px) 100vw, 504px\" \/><figcaption class=\"wp-element-caption\"><em><sub>   Foto: Natalina Alves<\/sub><\/em><\/figcaption><\/figure><\/div>\n\n\n<p>Os principais benef\u00edcios para as institui\u00e7\u00f5es que aderirem ao programa \u00e9 a equidade de g\u00eanero, ra\u00e7a e diversidade, aumento de produtividade, presen\u00e7a de mulheres nos espa\u00e7os de poder, melhoria da sa\u00fade mental, entrega de resultados de forma sistem\u00e1tica e otimizada em curto espa\u00e7o de tempo, melhoria de sal\u00e1rios, dentre outros.<\/p>\n\n\n\n<p>Para Eug\u00eania Villa, \u00e9 necess\u00e1rio escutar as mulheres para poder compreender o que aquelas querem&nbsp; transmitir. \u201cO enfrentamento \u00e0 viol\u00eancia contra a mulher \u00e9 uma luta constante, mas precisamos ampliar&nbsp; a mobiliza\u00e7\u00e3o a o acesso \u00e0 informa\u00e7\u00e3o e tamb\u00e9m devemos pensar na autonomia dessas mulheres, para que elas possam se empoderar&nbsp; cada vez mais\u201d, destacou&nbsp; a delegada.<\/p>\n\n\n\n<p><\/p>\n\n\n\n<p><\/p>\n\n\n\n<p><strong>Ei merm\u00e3, voc\u00ea n\u00e3o est\u00e1 sozinha!<\/strong><\/p>\n\n\n\n<p>Se voc\u00ea estiver passando por alguma situa\u00e7\u00e3o de viol\u00eancia dom\u00e9stica entre em contato com a Rede de Enfretamento \u00e0 viol\u00eancia dom\u00e9stica:<\/p>\n\n\n\n<p>Centro de Refer\u00eancia Francisca Trindade- 86 99433-0809<\/p>\n\n\n\n<p>Patrulha Maria da Penha (86) 9 9414 8857<\/p>\n\n\n\n<p>Ligue 190 ( Urg\u00eancia)<\/p>\n\n\n\n<p>Ligue 180<\/p>\n\n\n\n<p>Baixe e Acesse o <a href=\"https:\/\/play.google.com\/store\/apps\/details?id=br.gov.pi.ati.salvemariaapp&amp;hl=pt_BR&amp;gl=US\">APP SALVE MARIA<\/a><\/p>\n\n\n\n<p><\/p>\n\n\n\n<p>Rep\u00f3rter: Natalina Alves<\/p>\n","protected":false},"excerpt":{"rendered":"<p>A Secretaria de Estado das Rela\u00e7\u00f5es Sociais (Seres) promoveu, na ter\u00e7a-feira (29), por meio do Programa de Pr\u00f3-Equidade de G\u00eanero, Ra\u00e7a e Diversidade, uma palestra sobre preven\u00e7\u00e3o social do feminic\u00eddio. [&hellip;]<\/p>\n","protected":false},"author":1748,"featured_media":1043,"comment_status":"closed","ping_status":"closed","sticky":false,"template":"","format":"standard","meta":[],"categories":[34,1],"tags":[],"featured_image_urls":{"full":["https:\/\/portal.pi.gov.br\/seres\/wp-content\/uploads\/sites\/87\/2023\/08\/IMG_7653-scaled.jpg",2560,1920,false],"thumbnail":["https:\/\/portal.pi.gov.br\/seres\/wp-content\/uploads\/sites\/87\/2023\/08\/IMG_7653-150x150.jpg",150,150,true],"medium":["https:\/\/portal.pi.gov.br\/seres\/wp-content\/uploads\/sites\/87\/2023\/08\/IMG_7653-300x225.jpg",300,225,true],"medium_large":["https:\/\/portal.pi.gov.br\/seres\/wp-content\/uploads\/sites\/87\/2023\/08\/IMG_7653-768x576.jpg",768,576,true],"large":["https:\/\/portal.pi.gov.br\/seres\/wp-content\/uploads\/sites\/87\/2023\/08\/IMG_7653-1024x768.jpg",887,665,true],"sgg-420":["https:\/\/portal.pi.gov.br\/seres\/wp-content\/uploads\/sites\/87\/2023\/08\/IMG_7653-420x315.jpg",420,315,true],"sgg-540":["https:\/\/portal.pi.gov.br\/seres\/wp-content\/uploads\/sites\/87\/2023\/08\/IMG_7653-540x405.jpg",540,405,true],"sgg-780":["https:\/\/portal.pi.gov.br\/seres\/wp-content\/uploads\/sites\/87\/2023\/08\/IMG_7653-780x585.jpg",780,585,true],"1536x1536":["https:\/\/portal.pi.gov.br\/seres\/wp-content\/uploads\/sites\/87\/2023\/08\/IMG_7653-1536x1152.jpg",1536,1152,true],"2048x2048":["https:\/\/portal.pi.gov.br\/seres\/wp-content\/uploads\/sites\/87\/2023\/08\/IMG_7653-2048x1536.jpg",2048,1536,true],"homepage-slider":["https:\/\/portal.pi.gov.br\/seres\/wp-content\/uploads\/sites\/87\/2023\/08\/IMG_7653-1270x500.jpg",1270,500,true],"homepage-slider-small":["https:\/\/portal.pi.gov.br\/seres\/wp-content\/uploads\/sites\/87\/2023\/08\/IMG_7653-947x500.jpg",947,500,true],"page-top":["https:\/\/portal.pi.gov.br\/seres\/wp-content\/uploads\/sites\/87\/2023\/08\/IMG_7653-947x710.jpg",947,710,true],"page-small":["https:\/\/portal.pi.gov.br\/seres\/wp-content\/uploads\/sites\/87\/2023\/08\/IMG_7653-624x468.jpg",624,468,true],"loop-main":["https:\/\/portal.pi.gov.br\/seres\/wp-content\/uploads\/sites\/87\/2023\/08\/IMG_7653-365x240.jpg",365,240,true],"thumb-gallery-widget":["https:\/\/portal.pi.gov.br\/seres\/wp-content\/uploads\/sites\/87\/2023\/08\/IMG_7653-84x56.jpg",84,56,true]},"post_excerpt_stackable":"<p>A Secretaria de Estado das Rela\u00e7\u00f5es Sociais (Seres) promoveu, na ter\u00e7a-feira (29), por meio do Programa de Pr\u00f3-Equidade de G\u00eanero, Ra\u00e7a e Diversidade, uma palestra sobre preven\u00e7\u00e3o social do feminic\u00eddio. A palestra foi realizada na sede da secretaria e ministrada pela delegada e professora Eug\u00eania Villa. A palestra tamb\u00e9m abordou temas como viol\u00eancia contra a mulher, feminic\u00eddio e os objetivos do programa, que tem como finalidade, promover um ambiente de trabalho saud\u00e1vel, diverso e inclusivo dentro das organiza\u00e7\u00f5es p\u00fablicas. AA secret\u00e1ria das Rela\u00e7\u00f5es Sociais, N\u00fabia Lopes, destacou a import\u00e2ncia da pasta na mobiliza\u00e7\u00e3o e conscientiza\u00e7\u00e3o para o combate \u00e0 viol\u00eancia&hellip;<\/p>\n","category_list":"<a href=\"https:\/\/portal.pi.gov.br\/seres\/category\/noticias\/\" rel=\"category tag\">Not\u00edcias<\/a>, <a href=\"https:\/\/portal.pi.gov.br\/seres\/category\/sem-categoria\/\" rel=\"category tag\">Sem categoria<\/a>","author_info":{"name":"natalina","url":"https:\/\/portal.pi.gov.br\/seres\/author\/natalina\/"},"comments_num":"0 coment\u00e1rio","featured_image_urls_v2":{"full":["https:\/\/portal.pi.gov.br\/seres\/wp-content\/uploads\/sites\/87\/2023\/08\/IMG_7653-scaled.jpg",2560,1920,false],"thumbnail":["https:\/\/portal.pi.gov.br\/seres\/wp-content\/uploads\/sites\/87\/2023\/08\/IMG_7653-150x150.jpg",150,150,true],"medium":["https:\/\/portal.pi.gov.br\/seres\/wp-content\/uploads\/sites\/87\/2023\/08\/IMG_7653-300x225.jpg",300,225,true],"medium_large":["https:\/\/portal.pi.gov.br\/seres\/wp-content\/uploads\/sites\/87\/2023\/08\/IMG_7653-768x576.jpg",768,576,true],"large":["https:\/\/portal.pi.gov.br\/seres\/wp-content\/uploads\/sites\/87\/2023\/08\/IMG_7653-1024x768.jpg",887,665,true],"sgg-420":["https:\/\/portal.pi.gov.br\/seres\/wp-content\/uploads\/sites\/87\/2023\/08\/IMG_7653-420x315.jpg",420,315,true],"sgg-540":["https:\/\/portal.pi.gov.br\/seres\/wp-content\/uploads\/sites\/87\/2023\/08\/IMG_7653-540x405.jpg",540,405,true],"sgg-780":["https:\/\/portal.pi.gov.br\/seres\/wp-content\/uploads\/sites\/87\/2023\/08\/IMG_7653-780x585.jpg",780,585,true],"1536x1536":["https:\/\/portal.pi.gov.br\/seres\/wp-content\/uploads\/sites\/87\/2023\/08\/IMG_7653-1536x1152.jpg",1536,1152,true],"2048x2048":["https:\/\/portal.pi.gov.br\/seres\/wp-content\/uploads\/sites\/87\/2023\/08\/IMG_7653-2048x1536.jpg",2048,1536,true],"homepage-slider":["https:\/\/portal.pi.gov.br\/seres\/wp-content\/uploads\/sites\/87\/2023\/08\/IMG_7653-1270x500.jpg",1270,500,true],"homepage-slider-small":["https:\/\/portal.pi.gov.br\/seres\/wp-content\/uploads\/sites\/87\/2023\/08\/IMG_7653-947x500.jpg",947,500,true],"page-top":["https:\/\/portal.pi.gov.br\/seres\/wp-content\/uploads\/sites\/87\/2023\/08\/IMG_7653-947x710.jpg",947,710,true],"page-small":["https:\/\/portal.pi.gov.br\/seres\/wp-content\/uploads\/sites\/87\/2023\/08\/IMG_7653-624x468.jpg",624,468,true],"loop-main":["https:\/\/portal.pi.gov.br\/seres\/wp-content\/uploads\/sites\/87\/2023\/08\/IMG_7653-365x240.jpg",365,240,true],"thumb-gallery-widget":["https:\/\/portal.pi.gov.br\/seres\/wp-content\/uploads\/sites\/87\/2023\/08\/IMG_7653-84x56.jpg",84,56,true]},"post_excerpt_stackable_v2":"<p>A Secretaria de Estado das Rela\u00e7\u00f5es Sociais (Seres) promoveu, na ter\u00e7a-feira (29), por meio do Programa de Pr\u00f3-Equidade de G\u00eanero, Ra\u00e7a e Diversidade, uma palestra sobre preven\u00e7\u00e3o social do feminic\u00eddio. A palestra foi realizada na sede da secretaria e ministrada pela delegada e professora Eug\u00eania Villa. A palestra tamb\u00e9m abordou temas como viol\u00eancia contra a mulher, feminic\u00eddio e os objetivos do programa, que tem como finalidade, promover um ambiente de trabalho saud\u00e1vel, diverso e inclusivo dentro das organiza\u00e7\u00f5es p\u00fablicas. AA secret\u00e1ria das Rela\u00e7\u00f5es Sociais, N\u00fabia Lopes, destacou a import\u00e2ncia da pasta na mobiliza\u00e7\u00e3o e conscientiza\u00e7\u00e3o para o combate \u00e0 viol\u00eancia&hellip;<\/p>\n","category_list_v2":"<a href=\"https:\/\/portal.pi.gov.br\/seres\/category\/noticias\/\" rel=\"category tag\">Not\u00edcias<\/a>, <a href=\"https:\/\/portal.pi.gov.br\/seres\/category\/sem-categoria\/\" rel=\"category tag\">Sem categoria<\/a>","author_info_v2":{"name":"natalina","url":"https:\/\/portal.pi.gov.br\/seres\/author\/natalina\/"},"comments_num_v2":"0 coment\u00e1rio","jetpack_featured_media_url":"https:\/\/portal.pi.gov.br\/seres\/wp-content\/uploads\/sites\/87\/2023\/08\/IMG_7653-scaled.jpg","_links":{"self":[{"href":"https:\/\/portal.pi.gov.br\/seres\/wp-json\/wp\/v2\/posts\/1042"}],"collection":[{"href":"https:\/\/portal.pi.gov.br\/seres\/wp-json\/wp\/v2\/posts"}],"about":[{"href":"https:\/\/portal.pi.gov.br\/seres\/wp-json\/wp\/v2\/types\/post"}],"author":[{"embeddable":true,"href":"https:\/\/portal.pi.gov.br\/seres\/wp-json\/wp\/v2\/users\/1748"}],"replies":[{"embeddable":true,"href":"https:\/\/portal.pi.gov.br\/seres\/wp-json\/wp\/v2\/comments?post=1042"}],"version-history":[{"count":7,"href":"https:\/\/portal.pi.gov.br\/seres\/wp-json\/wp\/v2\/posts\/1042\/revisions"}],"predecessor-version":[{"id":1509,"href":"https:\/\/portal.pi.gov.br\/seres\/wp-json\/wp\/v2\/posts\/1042\/revisions\/1509"}],"wp:featuredmedia":[{"embeddable":true,"href":"https:\/\/portal.pi.gov.br\/seres\/wp-json\/wp\/v2\/media\/1043"}],"wp:attachment":[{"href":"https:\/\/portal.pi.gov.br\/seres\/wp-json\/wp\/v2\/media?parent=1042"}],"wp:term":[{"taxonomy":"category","embeddable":true,"href":"https:\/\/portal.pi.gov.br\/seres\/wp-json\/wp\/v2\/categories?post=1042"},{"taxonomy":"post_tag","embeddable":true,"href":"https:\/\/portal.pi.gov.br\/seres\/wp-json\/wp\/v2\/tags?post=1042"}],"curies":[{"name":"wp","href":"https:\/\/api.w.org\/{rel}","templated":true}]}}