{"id":1050,"date":"2023-08-30T23:22:39","date_gmt":"2023-08-31T02:22:39","guid":{"rendered":"https:\/\/portal.pi.gov.br\/seres\/?p=1050"},"modified":"2023-09-02T17:11:18","modified_gmt":"2023-09-02T20:11:18","slug":"governador-rafael-fonteles-inaugura-primeiro-museu-indigena-do-piaui","status":"publish","type":"post","link":"https:\/\/portal.pi.gov.br\/seres\/2023\/08\/30\/governador-rafael-fonteles-inaugura-primeiro-museu-indigena-do-piaui\/","title":{"rendered":"Governador Rafael Fonteles inaugura Primeiro Museu Ind\u00edgena do Piau\u00ed\u00a0"},"content":{"rendered":"\n<p><strong>&nbsp;O Museu An\u00edzia Maria dos Povos Tabajara e Tapuio-Itamaraty, fica localizado na comunidade Nazar\u00e9, em Lagoa de S\u00e3o Francisco.<\/strong><\/p>\n\n\n\n<p><\/p>\n\n\n\n<p>A Secret\u00e1ria de Estado das Rela\u00e7\u00f5es Sociais, N\u00fabia Lopes, participou nesta quarta-feira (30),&nbsp;da inaugura\u00e7\u00e3o do&nbsp;Museu An\u00edzia Maria dos Povos Tabajara e Tapuio-Itamaraty, o primeiro do Piau\u00ed dedicado \u00e0 cultura e ancestralidade dos povos ind\u00edgenas. O Museu com sede na comunidade Nazar\u00e9, em Lagoa de S\u00e3o Francisco, a 208 km de Teresina, traz registros importantes de povos origin\u00e1rios do territ\u00f3rio piauiense. A ministra dos Povos Ind\u00edgenas, S\u00f4nia Guajajara, e o governador Rafael Fonteles, participaram deste momento hist\u00f3rico.<\/p>\n\n\n<div class=\"wp-block-image\">\n<figure class=\"aligncenter size-full is-resized\"><img decoding=\"async\" loading=\"lazy\" src=\"https:\/\/portal.pi.gov.br\/seres\/wp-content\/uploads\/sites\/87\/2023\/08\/Foto-1.jpeg\" alt=\"\" class=\"wp-image-1060\" width=\"669\" height=\"446\" srcset=\"https:\/\/portal.pi.gov.br\/seres\/wp-content\/uploads\/sites\/87\/2023\/08\/Foto-1.jpeg 730w, https:\/\/portal.pi.gov.br\/seres\/wp-content\/uploads\/sites\/87\/2023\/08\/Foto-1-300x200.jpeg 300w, https:\/\/portal.pi.gov.br\/seres\/wp-content\/uploads\/sites\/87\/2023\/08\/Foto-1-420x280.jpeg 420w, https:\/\/portal.pi.gov.br\/seres\/wp-content\/uploads\/sites\/87\/2023\/08\/Foto-1-540x360.jpeg 540w, https:\/\/portal.pi.gov.br\/seres\/wp-content\/uploads\/sites\/87\/2023\/08\/Foto-1-624x416.jpeg 624w, https:\/\/portal.pi.gov.br\/seres\/wp-content\/uploads\/sites\/87\/2023\/08\/Foto-1-84x56.jpeg 84w\" sizes=\"(max-width: 669px) 100vw, 669px\" \/><\/figure><\/div>\n\n\n<p><\/p>\n\n\n\n<p>O governador Rafael destacou que o museu \u00e9 um reconhecimento da sociedade e dos pr\u00f3prios ind\u00edgenas sobre a import\u00e2ncia dos povos origin\u00e1rios na constru\u00e7\u00e3o do povo e das terras piauienses.<\/p>\n\n\n\n<p>\u201cSegundo o IBGE, temos no Piau\u00ed cerca de 7.200 ind\u00edgenas autodeclarados. Em 2010, eram apenas 2.600, o que significa que a popula\u00e7\u00e3o que se reconhece como ind\u00edgena passou certamente a ter uma autoestima mais elevada e se sente mais acolhida pelo pr\u00f3prio aparelho estatal e pela sociedade\u201d, frisou o governador.<\/p>\n\n\n\n<p><\/p>\n\n\n\n<p>Para a secret\u00e1ria N\u00fabia Lopes, que acompanhou todo o processo desde a assinatura at\u00e9 a constru\u00e7\u00e3o do museu, essa \u00e9 a realiza\u00e7\u00e3o de um sonho das comunidades.<\/p>\n\n\n\n<p>\u201cEstou muito feliz em participar da inaugura\u00e7\u00e3o do primeiro museu ind\u00edgena do Piau\u00ed, o Museu An\u00edzia Maria dos Povos Tabajara e Tapuio-Itamaraty. Essa \u00e9 a realiza\u00e7\u00e3o de um sonho das comunidades ind\u00edgenas do nosso estado, que come\u00e7ou com o do ex-governador Wellington Dias, hoje ministro do Desenvolvimento Social, e hoje estamos nesse dia hist\u00f3rico, entregando o museu juntamente a Ministra dos Povos Ind\u00edgenas, S\u00f4nia Guajajara, o governador Rafael Fonteles, &nbsp;o cacique Henrique Manoel, e diversas lideran\u00e7as ind\u00edgenas do Piau\u00ed. Esse \u00e9 momento hist\u00f3rico\u201d, destacou a secret\u00e1ria<\/p>\n\n\n<div class=\"wp-block-image\">\n<figure class=\"aligncenter size-full is-resized\"><img decoding=\"async\" loading=\"lazy\" src=\"https:\/\/portal.pi.gov.br\/seres\/wp-content\/uploads\/sites\/87\/2023\/08\/Foto-6.jpeg\" alt=\"\" class=\"wp-image-1063\" width=\"635\" height=\"476\" srcset=\"https:\/\/portal.pi.gov.br\/seres\/wp-content\/uploads\/sites\/87\/2023\/08\/Foto-6.jpeg 1024w, https:\/\/portal.pi.gov.br\/seres\/wp-content\/uploads\/sites\/87\/2023\/08\/Foto-6-300x225.jpeg 300w, https:\/\/portal.pi.gov.br\/seres\/wp-content\/uploads\/sites\/87\/2023\/08\/Foto-6-768x576.jpeg 768w, https:\/\/portal.pi.gov.br\/seres\/wp-content\/uploads\/sites\/87\/2023\/08\/Foto-6-420x315.jpeg 420w, https:\/\/portal.pi.gov.br\/seres\/wp-content\/uploads\/sites\/87\/2023\/08\/Foto-6-540x405.jpeg 540w, https:\/\/portal.pi.gov.br\/seres\/wp-content\/uploads\/sites\/87\/2023\/08\/Foto-6-780x585.jpeg 780w, https:\/\/portal.pi.gov.br\/seres\/wp-content\/uploads\/sites\/87\/2023\/08\/Foto-6-947x710.jpeg 947w, https:\/\/portal.pi.gov.br\/seres\/wp-content\/uploads\/sites\/87\/2023\/08\/Foto-6-624x468.jpeg 624w\" sizes=\"(max-width: 635px) 100vw, 635px\" \/><\/figure><\/div>\n\n\n<p>S\u00f4nia Guajajara destacou o simbolismo com a cria\u00e7\u00e3o do museu. \u201cO Piau\u00ed foi um dos \u00faltimos estados a reconhecer os povos origin\u00e1rios e a titular os territ\u00f3rios, ent\u00e3o, \u00e9 muito importante a constru\u00e7\u00e3o desse museu para manter viva a hist\u00f3ria dos povos ind\u00edgenas aqui no estado\u201d, afirmou.<\/p>\n\n\n\n<p>O cacique Henrique Manoel, l\u00edder da comunidade e diretor dos Povos Origin\u00e1rios da Secretaria da Assist\u00eancia Social, Trabalho e Direitos Humanos (Sasc), disse que o museu valoriza os ind\u00edgenas n\u00e3o s\u00f3 de Nazar\u00e9, mas de todo o Piau\u00ed. &nbsp;\u201c\u00c9 um sonho realizado, um motivo de grande alegria, pois o museu conta a nossa hist\u00f3ria\u201d, afirmou.<\/p>\n\n\n<div class=\"wp-block-image is-style-default\">\n<figure class=\"aligncenter size-large is-resized\"><img decoding=\"async\" loading=\"lazy\" src=\"https:\/\/portal.pi.gov.br\/seres\/wp-content\/uploads\/sites\/87\/2023\/08\/image00101-2048x1365-1-1024x683.jpeg\" alt=\"\" class=\"wp-image-1064\" width=\"664\" height=\"444\" srcset=\"https:\/\/portal.pi.gov.br\/seres\/wp-content\/uploads\/sites\/87\/2023\/08\/image00101-2048x1365-1-1024x683.jpeg 1024w, https:\/\/portal.pi.gov.br\/seres\/wp-content\/uploads\/sites\/87\/2023\/08\/image00101-2048x1365-1-300x200.jpeg 300w, https:\/\/portal.pi.gov.br\/seres\/wp-content\/uploads\/sites\/87\/2023\/08\/image00101-2048x1365-1-768x512.jpeg 768w, https:\/\/portal.pi.gov.br\/seres\/wp-content\/uploads\/sites\/87\/2023\/08\/image00101-2048x1365-1-420x280.jpeg 420w, https:\/\/portal.pi.gov.br\/seres\/wp-content\/uploads\/sites\/87\/2023\/08\/image00101-2048x1365-1-540x360.jpeg 540w, https:\/\/portal.pi.gov.br\/seres\/wp-content\/uploads\/sites\/87\/2023\/08\/image00101-2048x1365-1-780x520.jpeg 780w, https:\/\/portal.pi.gov.br\/seres\/wp-content\/uploads\/sites\/87\/2023\/08\/image00101-2048x1365-1-1536x1024.jpeg 1536w, https:\/\/portal.pi.gov.br\/seres\/wp-content\/uploads\/sites\/87\/2023\/08\/image00101-2048x1365-1-624x416.jpeg 624w, https:\/\/portal.pi.gov.br\/seres\/wp-content\/uploads\/sites\/87\/2023\/08\/image00101-2048x1365-1-84x56.jpeg 84w, https:\/\/portal.pi.gov.br\/seres\/wp-content\/uploads\/sites\/87\/2023\/08\/image00101-2048x1365-1.jpeg 2048w\" sizes=\"(max-width: 664px) 100vw, 664px\" \/><\/figure><\/div>\n\n\n<p>Foram investidos quase R$ 740 mil na obra, com recursos do Tesouro Estadual. O museu possui um espa\u00e7o de cerca de 380 m\u00b2 e disp\u00f5e de \u00e1rea de exposi\u00e7\u00e3o de artigos e itens da comunidade, sala administrativa, banheiros sociais e quarto de h\u00f3spedes. O museu possui um espa\u00e7o de cerca de 380 m\u00b2 e disp\u00f5e de \u00e1rea de exposi\u00e7\u00e3o de artigos e itens da comunidade, sala administrativa, banheiros sociais e quarto de h\u00f3spedes.<\/p>\n\n\n\n<p>Rep\u00f3rter: Natalina Alves<\/p>\n\n\n\n<p class=\"has-small-font-size\">Informa\u00e7\u00f5es: Governo do Estado <\/p>\n","protected":false},"excerpt":{"rendered":"<p>&nbsp;O Museu An\u00edzia Maria dos Povos Tabajara e Tapuio-Itamaraty, fica localizado na comunidade Nazar\u00e9, em Lagoa de S\u00e3o Francisco. A Secret\u00e1ria de Estado das Rela\u00e7\u00f5es Sociais, N\u00fabia Lopes, participou nesta [&hellip;]<\/p>\n","protected":false},"author":1748,"featured_media":1059,"comment_status":"closed","ping_status":"closed","sticky":false,"template":"","format":"standard","meta":[],"categories":[34,1],"tags":[],"featured_image_urls":{"full":["https:\/\/portal.pi.gov.br\/seres\/wp-content\/uploads\/sites\/87\/2023\/08\/Foto-2.jpeg",1024,768,false],"thumbnail":["https:\/\/portal.pi.gov.br\/seres\/wp-content\/uploads\/sites\/87\/2023\/08\/Foto-2-150x150.jpeg",150,150,true],"medium":["https:\/\/portal.pi.gov.br\/seres\/wp-content\/uploads\/sites\/87\/2023\/08\/Foto-2-300x225.jpeg",300,225,true],"medium_large":["https:\/\/portal.pi.gov.br\/seres\/wp-content\/uploads\/sites\/87\/2023\/08\/Foto-2-768x576.jpeg",768,576,true],"large":["https:\/\/portal.pi.gov.br\/seres\/wp-content\/uploads\/sites\/87\/2023\/08\/Foto-2.jpeg",887,665,false],"sgg-420":["https:\/\/portal.pi.gov.br\/seres\/wp-content\/uploads\/sites\/87\/2023\/08\/Foto-2-420x315.jpeg",420,315,true],"sgg-540":["https:\/\/portal.pi.gov.br\/seres\/wp-content\/uploads\/sites\/87\/2023\/08\/Foto-2-540x405.jpeg",540,405,true],"sgg-780":["https:\/\/portal.pi.gov.br\/seres\/wp-content\/uploads\/sites\/87\/2023\/08\/Foto-2-780x585.jpeg",780,585,true],"1536x1536":["https:\/\/portal.pi.gov.br\/seres\/wp-content\/uploads\/sites\/87\/2023\/08\/Foto-2.jpeg",1024,768,false],"2048x2048":["https:\/\/portal.pi.gov.br\/seres\/wp-content\/uploads\/sites\/87\/2023\/08\/Foto-2.jpeg",1024,768,false],"homepage-slider":["https:\/\/portal.pi.gov.br\/seres\/wp-content\/uploads\/sites\/87\/2023\/08\/Foto-2-1024x500.jpeg",1024,500,true],"homepage-slider-small":["https:\/\/portal.pi.gov.br\/seres\/wp-content\/uploads\/sites\/87\/2023\/08\/Foto-2-947x500.jpeg",947,500,true],"page-top":["https:\/\/portal.pi.gov.br\/seres\/wp-content\/uploads\/sites\/87\/2023\/08\/Foto-2-947x710.jpeg",947,710,true],"page-small":["https:\/\/portal.pi.gov.br\/seres\/wp-content\/uploads\/sites\/87\/2023\/08\/Foto-2-624x468.jpeg",624,468,true],"loop-main":["https:\/\/portal.pi.gov.br\/seres\/wp-content\/uploads\/sites\/87\/2023\/08\/Foto-2-365x240.jpeg",365,240,true],"thumb-gallery-widget":["https:\/\/portal.pi.gov.br\/seres\/wp-content\/uploads\/sites\/87\/2023\/08\/Foto-2-84x56.jpeg",84,56,true]},"post_excerpt_stackable":"<p>&nbsp;O Museu An\u00edzia Maria dos Povos Tabajara e Tapuio-Itamaraty, fica localizado na comunidade Nazar\u00e9, em Lagoa de S\u00e3o Francisco. A Secret\u00e1ria de Estado das Rela\u00e7\u00f5es Sociais, N\u00fabia Lopes, participou nesta quarta-feira (30),&nbsp;da inaugura\u00e7\u00e3o do&nbsp;Museu An\u00edzia Maria dos Povos Tabajara e Tapuio-Itamaraty, o primeiro do Piau\u00ed dedicado \u00e0 cultura e ancestralidade dos povos ind\u00edgenas. O Museu com sede na comunidade Nazar\u00e9, em Lagoa de S\u00e3o Francisco, a 208 km de Teresina, traz registros importantes de povos origin\u00e1rios do territ\u00f3rio piauiense. A ministra dos Povos Ind\u00edgenas, S\u00f4nia Guajajara, e o governador Rafael Fonteles, participaram deste momento hist\u00f3rico. O governador Rafael destacou que&hellip;<\/p>\n","category_list":"<a href=\"https:\/\/portal.pi.gov.br\/seres\/category\/noticias\/\" rel=\"category tag\">Not\u00edcias<\/a>, <a href=\"https:\/\/portal.pi.gov.br\/seres\/category\/sem-categoria\/\" rel=\"category tag\">Sem categoria<\/a>","author_info":{"name":"natalina","url":"https:\/\/portal.pi.gov.br\/seres\/author\/natalina\/"},"comments_num":"0 coment\u00e1rio","featured_image_urls_v2":{"full":["https:\/\/portal.pi.gov.br\/seres\/wp-content\/uploads\/sites\/87\/2023\/08\/Foto-2.jpeg",1024,768,false],"thumbnail":["https:\/\/portal.pi.gov.br\/seres\/wp-content\/uploads\/sites\/87\/2023\/08\/Foto-2-150x150.jpeg",150,150,true],"medium":["https:\/\/portal.pi.gov.br\/seres\/wp-content\/uploads\/sites\/87\/2023\/08\/Foto-2-300x225.jpeg",300,225,true],"medium_large":["https:\/\/portal.pi.gov.br\/seres\/wp-content\/uploads\/sites\/87\/2023\/08\/Foto-2-768x576.jpeg",768,576,true],"large":["https:\/\/portal.pi.gov.br\/seres\/wp-content\/uploads\/sites\/87\/2023\/08\/Foto-2.jpeg",887,665,false],"sgg-420":["https:\/\/portal.pi.gov.br\/seres\/wp-content\/uploads\/sites\/87\/2023\/08\/Foto-2-420x315.jpeg",420,315,true],"sgg-540":["https:\/\/portal.pi.gov.br\/seres\/wp-content\/uploads\/sites\/87\/2023\/08\/Foto-2-540x405.jpeg",540,405,true],"sgg-780":["https:\/\/portal.pi.gov.br\/seres\/wp-content\/uploads\/sites\/87\/2023\/08\/Foto-2-780x585.jpeg",780,585,true],"1536x1536":["https:\/\/portal.pi.gov.br\/seres\/wp-content\/uploads\/sites\/87\/2023\/08\/Foto-2.jpeg",1024,768,false],"2048x2048":["https:\/\/portal.pi.gov.br\/seres\/wp-content\/uploads\/sites\/87\/2023\/08\/Foto-2.jpeg",1024,768,false],"homepage-slider":["https:\/\/portal.pi.gov.br\/seres\/wp-content\/uploads\/sites\/87\/2023\/08\/Foto-2-1024x500.jpeg",1024,500,true],"homepage-slider-small":["https:\/\/portal.pi.gov.br\/seres\/wp-content\/uploads\/sites\/87\/2023\/08\/Foto-2-947x500.jpeg",947,500,true],"page-top":["https:\/\/portal.pi.gov.br\/seres\/wp-content\/uploads\/sites\/87\/2023\/08\/Foto-2-947x710.jpeg",947,710,true],"page-small":["https:\/\/portal.pi.gov.br\/seres\/wp-content\/uploads\/sites\/87\/2023\/08\/Foto-2-624x468.jpeg",624,468,true],"loop-main":["https:\/\/portal.pi.gov.br\/seres\/wp-content\/uploads\/sites\/87\/2023\/08\/Foto-2-365x240.jpeg",365,240,true],"thumb-gallery-widget":["https:\/\/portal.pi.gov.br\/seres\/wp-content\/uploads\/sites\/87\/2023\/08\/Foto-2-84x56.jpeg",84,56,true]},"post_excerpt_stackable_v2":"<p>&nbsp;O Museu An\u00edzia Maria dos Povos Tabajara e Tapuio-Itamaraty, fica localizado na comunidade Nazar\u00e9, em Lagoa de S\u00e3o Francisco. A Secret\u00e1ria de Estado das Rela\u00e7\u00f5es Sociais, N\u00fabia Lopes, participou nesta quarta-feira (30),&nbsp;da inaugura\u00e7\u00e3o do&nbsp;Museu An\u00edzia Maria dos Povos Tabajara e Tapuio-Itamaraty, o primeiro do Piau\u00ed dedicado \u00e0 cultura e ancestralidade dos povos ind\u00edgenas. O Museu com sede na comunidade Nazar\u00e9, em Lagoa de S\u00e3o Francisco, a 208 km de Teresina, traz registros importantes de povos origin\u00e1rios do territ\u00f3rio piauiense. A ministra dos Povos Ind\u00edgenas, S\u00f4nia Guajajara, e o governador Rafael Fonteles, participaram deste momento hist\u00f3rico. O governador Rafael destacou que&hellip;<\/p>\n","category_list_v2":"<a href=\"https:\/\/portal.pi.gov.br\/seres\/category\/noticias\/\" rel=\"category tag\">Not\u00edcias<\/a>, <a href=\"https:\/\/portal.pi.gov.br\/seres\/category\/sem-categoria\/\" rel=\"category tag\">Sem categoria<\/a>","author_info_v2":{"name":"natalina","url":"https:\/\/portal.pi.gov.br\/seres\/author\/natalina\/"},"comments_num_v2":"0 coment\u00e1rio","jetpack_featured_media_url":"https:\/\/portal.pi.gov.br\/seres\/wp-content\/uploads\/sites\/87\/2023\/08\/Foto-2.jpeg","_links":{"self":[{"href":"https:\/\/portal.pi.gov.br\/seres\/wp-json\/wp\/v2\/posts\/1050"}],"collection":[{"href":"https:\/\/portal.pi.gov.br\/seres\/wp-json\/wp\/v2\/posts"}],"about":[{"href":"https:\/\/portal.pi.gov.br\/seres\/wp-json\/wp\/v2\/types\/post"}],"author":[{"embeddable":true,"href":"https:\/\/portal.pi.gov.br\/seres\/wp-json\/wp\/v2\/users\/1748"}],"replies":[{"embeddable":true,"href":"https:\/\/portal.pi.gov.br\/seres\/wp-json\/wp\/v2\/comments?post=1050"}],"version-history":[{"count":10,"href":"https:\/\/portal.pi.gov.br\/seres\/wp-json\/wp\/v2\/posts\/1050\/revisions"}],"predecessor-version":[{"id":1076,"href":"https:\/\/portal.pi.gov.br\/seres\/wp-json\/wp\/v2\/posts\/1050\/revisions\/1076"}],"wp:featuredmedia":[{"embeddable":true,"href":"https:\/\/portal.pi.gov.br\/seres\/wp-json\/wp\/v2\/media\/1059"}],"wp:attachment":[{"href":"https:\/\/portal.pi.gov.br\/seres\/wp-json\/wp\/v2\/media?parent=1050"}],"wp:term":[{"taxonomy":"category","embeddable":true,"href":"https:\/\/portal.pi.gov.br\/seres\/wp-json\/wp\/v2\/categories?post=1050"},{"taxonomy":"post_tag","embeddable":true,"href":"https:\/\/portal.pi.gov.br\/seres\/wp-json\/wp\/v2\/tags?post=1050"}],"curies":[{"name":"wp","href":"https:\/\/api.w.org\/{rel}","templated":true}]}}