{"id":1168,"date":"2023-09-04T22:21:03","date_gmt":"2023-09-05T01:21:03","guid":{"rendered":"https:\/\/portal.pi.gov.br\/seres\/?p=1168"},"modified":"2023-10-04T21:17:34","modified_gmt":"2023-10-05T00:17:34","slug":"participacao-social-e-destaque-no-programa-brasil-sem-fome","status":"publish","type":"post","link":"https:\/\/portal.pi.gov.br\/seres\/2023\/09\/04\/participacao-social-e-destaque-no-programa-brasil-sem-fome\/","title":{"rendered":"Participa\u00e7\u00e3o Social \u00e9 destaque no Programa Brasil Sem fome"},"content":{"rendered":"\n<p>O Piau\u00ed \u00e9 o primeiro estado a aderir ao Plano Brasil Sem Fome, que abrange 32 outros programas, incluindo o Bolsa Fam\u00edlia. A finalidade \u00e9 a transfer\u00eancia de renda para que as fam\u00edlias possam comprar a alimenta\u00e7\u00e3o de qualidade e o dinheiro circular na economia. O projeto de combate \u00e0 fome tem como novidade o est\u00edmulo \u00e0 produ\u00e7\u00e3o.<\/p>\n\n\n\n<p><\/p>\n\n\n\n<p>O presidente Luiz In\u00e1cio Lula da Silva lan\u00e7ou na tarde desta quinta-feira (31), em Teresina, o Plano Brasil Sem Fome, que tem por objetivo tirar o Brasil do mapa da fome at\u00e9 2030. Em solenidade no Theresina Hall, ao lado do governador Rafael Fonteles e do ministro do Desenvolvimento Social e Combate \u00e0 Fome, Wellington Dias, o presidente assinou os decretos que cria e que regulamenta o Brasil Sem Fome e o tamb\u00e9m o decreto de convoca\u00e7\u00e3o da 6\u00aa Confer\u00eancia Nacional de Seguran\u00e7a Alimentar.<\/p>\n\n\n\n<p>No mesmo ato, o governador Rafael Fonteles assinou a ades\u00e3o do Piau\u00ed ao Plano Brasil Sem Fome. O evento contou com a presen\u00e7a de diversos ministros. O Plano cont\u00e9m mais de 100 metas e propostas de 24 minist\u00e9rios, que comp\u00f5em a C\u00e2mara Interministerial de Seguran\u00e7a Alimentar e Nutricional (Caisan).<\/p>\n\n\n\n<p><\/p>\n\n\n\n<p>O Piau\u00ed \u00e9 o primeiro estado a aderir ao Plano Brasil Sem Fome, que abrange 32 outros programas, incluindo o Bolsa Fam\u00edlia. A finalidade \u00e9 a transfer\u00eancia de renda para que as fam\u00edlias possam comprar a alimenta\u00e7\u00e3o de qualidade e o dinheiro circular na economia. O projeto de combate \u00e0 fome tem como novidade o est\u00edmulo \u00e0 produ\u00e7\u00e3o.<\/p>\n\n\n\n<figure class=\"wp-block-embed is-type-video is-provider-youtube wp-block-embed-youtube wp-embed-aspect-16-9 wp-has-aspect-ratio\"><div class=\"wp-block-embed__wrapper\">\n<iframe loading=\"lazy\" title=\"SnapInsta io Governo Federal lan\u00e7a Plano Brasil Sem Fome 1080p\" width=\"887\" height=\"499\" src=\"https:\/\/www.youtube.com\/embed\/IZlH3BciqYw?feature=oembed\" frameborder=\"0\" allow=\"accelerometer; autoplay; clipboard-write; encrypted-media; gyroscope; picture-in-picture; web-share\" allowfullscreen><\/iframe>\n<\/div><\/figure>\n","protected":false},"excerpt":{"rendered":"<p>O Piau\u00ed \u00e9 o primeiro estado a aderir ao Plano Brasil Sem Fome, que abrange 32 outros programas, incluindo o Bolsa Fam\u00edlia. A finalidade \u00e9 a transfer\u00eancia de renda para [&hellip;]<\/p>\n","protected":false},"author":1748,"featured_media":1170,"comment_status":"closed","ping_status":"closed","sticky":false,"template":"","format":"standard","meta":[],"categories":[35,34],"tags":[],"featured_image_urls":{"full":["https:\/\/portal.pi.gov.br\/seres\/wp-content\/uploads\/sites\/87\/2023\/09\/Snapinsta.app_372754799_994003328530807_1557272204542047808_n_1080.jpg",659,424,false],"thumbnail":["https:\/\/portal.pi.gov.br\/seres\/wp-content\/uploads\/sites\/87\/2023\/09\/Snapinsta.app_372754799_994003328530807_1557272204542047808_n_1080-150x150.jpg",150,150,true],"medium":["https:\/\/portal.pi.gov.br\/seres\/wp-content\/uploads\/sites\/87\/2023\/09\/Snapinsta.app_372754799_994003328530807_1557272204542047808_n_1080-300x193.jpg",300,193,true],"medium_large":["https:\/\/portal.pi.gov.br\/seres\/wp-content\/uploads\/sites\/87\/2023\/09\/Snapinsta.app_372754799_994003328530807_1557272204542047808_n_1080.jpg",659,424,false],"large":["https:\/\/portal.pi.gov.br\/seres\/wp-content\/uploads\/sites\/87\/2023\/09\/Snapinsta.app_372754799_994003328530807_1557272204542047808_n_1080.jpg",659,424,false],"sgg-420":["https:\/\/portal.pi.gov.br\/seres\/wp-content\/uploads\/sites\/87\/2023\/09\/Snapinsta.app_372754799_994003328530807_1557272204542047808_n_1080-420x270.jpg",420,270,true],"sgg-540":["https:\/\/portal.pi.gov.br\/seres\/wp-content\/uploads\/sites\/87\/2023\/09\/Snapinsta.app_372754799_994003328530807_1557272204542047808_n_1080-540x347.jpg",540,347,true],"sgg-780":["https:\/\/portal.pi.gov.br\/seres\/wp-content\/uploads\/sites\/87\/2023\/09\/Snapinsta.app_372754799_994003328530807_1557272204542047808_n_1080.jpg",659,424,false],"1536x1536":["https:\/\/portal.pi.gov.br\/seres\/wp-content\/uploads\/sites\/87\/2023\/09\/Snapinsta.app_372754799_994003328530807_1557272204542047808_n_1080.jpg",659,424,false],"2048x2048":["https:\/\/portal.pi.gov.br\/seres\/wp-content\/uploads\/sites\/87\/2023\/09\/Snapinsta.app_372754799_994003328530807_1557272204542047808_n_1080.jpg",659,424,false],"homepage-slider":["https:\/\/portal.pi.gov.br\/seres\/wp-content\/uploads\/sites\/87\/2023\/09\/Snapinsta.app_372754799_994003328530807_1557272204542047808_n_1080.jpg",659,424,false],"homepage-slider-small":["https:\/\/portal.pi.gov.br\/seres\/wp-content\/uploads\/sites\/87\/2023\/09\/Snapinsta.app_372754799_994003328530807_1557272204542047808_n_1080.jpg",659,424,false],"page-top":["https:\/\/portal.pi.gov.br\/seres\/wp-content\/uploads\/sites\/87\/2023\/09\/Snapinsta.app_372754799_994003328530807_1557272204542047808_n_1080.jpg",659,424,false],"page-small":["https:\/\/portal.pi.gov.br\/seres\/wp-content\/uploads\/sites\/87\/2023\/09\/Snapinsta.app_372754799_994003328530807_1557272204542047808_n_1080-624x401.jpg",624,401,true],"loop-main":["https:\/\/portal.pi.gov.br\/seres\/wp-content\/uploads\/sites\/87\/2023\/09\/Snapinsta.app_372754799_994003328530807_1557272204542047808_n_1080-365x240.jpg",365,240,true],"thumb-gallery-widget":["https:\/\/portal.pi.gov.br\/seres\/wp-content\/uploads\/sites\/87\/2023\/09\/Snapinsta.app_372754799_994003328530807_1557272204542047808_n_1080-84x56.jpg",84,56,true]},"post_excerpt_stackable":"<p>O Piau\u00ed \u00e9 o primeiro estado a aderir ao Plano Brasil Sem Fome, que abrange 32 outros programas, incluindo o Bolsa Fam\u00edlia. A finalidade \u00e9 a transfer\u00eancia de renda para que as fam\u00edlias possam comprar a alimenta\u00e7\u00e3o de qualidade e o dinheiro circular na economia. O projeto de combate \u00e0 fome tem como novidade o est\u00edmulo \u00e0 produ\u00e7\u00e3o. O presidente Luiz In\u00e1cio Lula da Silva lan\u00e7ou na tarde desta quinta-feira (31), em Teresina, o Plano Brasil Sem Fome, que tem por objetivo tirar o Brasil do mapa da fome at\u00e9 2030. Em solenidade no Theresina Hall, ao lado do governador&hellip;<\/p>\n","category_list":"<a href=\"https:\/\/portal.pi.gov.br\/seres\/category\/galeria-de-fotos\/\" rel=\"category tag\">Galeria de Fotos<\/a>, <a href=\"https:\/\/portal.pi.gov.br\/seres\/category\/noticias\/\" rel=\"category tag\">Not\u00edcias<\/a>","author_info":{"name":"natalina","url":"https:\/\/portal.pi.gov.br\/seres\/author\/natalina\/"},"comments_num":"0 coment\u00e1rio","featured_image_urls_v2":{"full":["https:\/\/portal.pi.gov.br\/seres\/wp-content\/uploads\/sites\/87\/2023\/09\/Snapinsta.app_372754799_994003328530807_1557272204542047808_n_1080.jpg",659,424,false],"thumbnail":["https:\/\/portal.pi.gov.br\/seres\/wp-content\/uploads\/sites\/87\/2023\/09\/Snapinsta.app_372754799_994003328530807_1557272204542047808_n_1080-150x150.jpg",150,150,true],"medium":["https:\/\/portal.pi.gov.br\/seres\/wp-content\/uploads\/sites\/87\/2023\/09\/Snapinsta.app_372754799_994003328530807_1557272204542047808_n_1080-300x193.jpg",300,193,true],"medium_large":["https:\/\/portal.pi.gov.br\/seres\/wp-content\/uploads\/sites\/87\/2023\/09\/Snapinsta.app_372754799_994003328530807_1557272204542047808_n_1080.jpg",659,424,false],"large":["https:\/\/portal.pi.gov.br\/seres\/wp-content\/uploads\/sites\/87\/2023\/09\/Snapinsta.app_372754799_994003328530807_1557272204542047808_n_1080.jpg",659,424,false],"sgg-420":["https:\/\/portal.pi.gov.br\/seres\/wp-content\/uploads\/sites\/87\/2023\/09\/Snapinsta.app_372754799_994003328530807_1557272204542047808_n_1080-420x270.jpg",420,270,true],"sgg-540":["https:\/\/portal.pi.gov.br\/seres\/wp-content\/uploads\/sites\/87\/2023\/09\/Snapinsta.app_372754799_994003328530807_1557272204542047808_n_1080-540x347.jpg",540,347,true],"sgg-780":["https:\/\/portal.pi.gov.br\/seres\/wp-content\/uploads\/sites\/87\/2023\/09\/Snapinsta.app_372754799_994003328530807_1557272204542047808_n_1080.jpg",659,424,false],"1536x1536":["https:\/\/portal.pi.gov.br\/seres\/wp-content\/uploads\/sites\/87\/2023\/09\/Snapinsta.app_372754799_994003328530807_1557272204542047808_n_1080.jpg",659,424,false],"2048x2048":["https:\/\/portal.pi.gov.br\/seres\/wp-content\/uploads\/sites\/87\/2023\/09\/Snapinsta.app_372754799_994003328530807_1557272204542047808_n_1080.jpg",659,424,false],"homepage-slider":["https:\/\/portal.pi.gov.br\/seres\/wp-content\/uploads\/sites\/87\/2023\/09\/Snapinsta.app_372754799_994003328530807_1557272204542047808_n_1080.jpg",659,424,false],"homepage-slider-small":["https:\/\/portal.pi.gov.br\/seres\/wp-content\/uploads\/sites\/87\/2023\/09\/Snapinsta.app_372754799_994003328530807_1557272204542047808_n_1080.jpg",659,424,false],"page-top":["https:\/\/portal.pi.gov.br\/seres\/wp-content\/uploads\/sites\/87\/2023\/09\/Snapinsta.app_372754799_994003328530807_1557272204542047808_n_1080.jpg",659,424,false],"page-small":["https:\/\/portal.pi.gov.br\/seres\/wp-content\/uploads\/sites\/87\/2023\/09\/Snapinsta.app_372754799_994003328530807_1557272204542047808_n_1080-624x401.jpg",624,401,true],"loop-main":["https:\/\/portal.pi.gov.br\/seres\/wp-content\/uploads\/sites\/87\/2023\/09\/Snapinsta.app_372754799_994003328530807_1557272204542047808_n_1080-365x240.jpg",365,240,true],"thumb-gallery-widget":["https:\/\/portal.pi.gov.br\/seres\/wp-content\/uploads\/sites\/87\/2023\/09\/Snapinsta.app_372754799_994003328530807_1557272204542047808_n_1080-84x56.jpg",84,56,true]},"post_excerpt_stackable_v2":"<p>O Piau\u00ed \u00e9 o primeiro estado a aderir ao Plano Brasil Sem Fome, que abrange 32 outros programas, incluindo o Bolsa Fam\u00edlia. A finalidade \u00e9 a transfer\u00eancia de renda para que as fam\u00edlias possam comprar a alimenta\u00e7\u00e3o de qualidade e o dinheiro circular na economia. O projeto de combate \u00e0 fome tem como novidade o est\u00edmulo \u00e0 produ\u00e7\u00e3o. O presidente Luiz In\u00e1cio Lula da Silva lan\u00e7ou na tarde desta quinta-feira (31), em Teresina, o Plano Brasil Sem Fome, que tem por objetivo tirar o Brasil do mapa da fome at\u00e9 2030. Em solenidade no Theresina Hall, ao lado do governador&hellip;<\/p>\n","category_list_v2":"<a href=\"https:\/\/portal.pi.gov.br\/seres\/category\/galeria-de-fotos\/\" rel=\"category tag\">Galeria de Fotos<\/a>, <a href=\"https:\/\/portal.pi.gov.br\/seres\/category\/noticias\/\" rel=\"category tag\">Not\u00edcias<\/a>","author_info_v2":{"name":"natalina","url":"https:\/\/portal.pi.gov.br\/seres\/author\/natalina\/"},"comments_num_v2":"0 coment\u00e1rio","jetpack_featured_media_url":"https:\/\/portal.pi.gov.br\/seres\/wp-content\/uploads\/sites\/87\/2023\/09\/Snapinsta.app_372754799_994003328530807_1557272204542047808_n_1080.jpg","_links":{"self":[{"href":"https:\/\/portal.pi.gov.br\/seres\/wp-json\/wp\/v2\/posts\/1168"}],"collection":[{"href":"https:\/\/portal.pi.gov.br\/seres\/wp-json\/wp\/v2\/posts"}],"about":[{"href":"https:\/\/portal.pi.gov.br\/seres\/wp-json\/wp\/v2\/types\/post"}],"author":[{"embeddable":true,"href":"https:\/\/portal.pi.gov.br\/seres\/wp-json\/wp\/v2\/users\/1748"}],"replies":[{"embeddable":true,"href":"https:\/\/portal.pi.gov.br\/seres\/wp-json\/wp\/v2\/comments?post=1168"}],"version-history":[{"count":3,"href":"https:\/\/portal.pi.gov.br\/seres\/wp-json\/wp\/v2\/posts\/1168\/revisions"}],"predecessor-version":[{"id":1451,"href":"https:\/\/portal.pi.gov.br\/seres\/wp-json\/wp\/v2\/posts\/1168\/revisions\/1451"}],"wp:featuredmedia":[{"embeddable":true,"href":"https:\/\/portal.pi.gov.br\/seres\/wp-json\/wp\/v2\/media\/1170"}],"wp:attachment":[{"href":"https:\/\/portal.pi.gov.br\/seres\/wp-json\/wp\/v2\/media?parent=1168"}],"wp:term":[{"taxonomy":"category","embeddable":true,"href":"https:\/\/portal.pi.gov.br\/seres\/wp-json\/wp\/v2\/categories?post=1168"},{"taxonomy":"post_tag","embeddable":true,"href":"https:\/\/portal.pi.gov.br\/seres\/wp-json\/wp\/v2\/tags?post=1168"}],"curies":[{"name":"wp","href":"https:\/\/api.w.org\/{rel}","templated":true}]}}