{"id":1204,"date":"2023-09-17T20:16:04","date_gmt":"2023-09-17T23:16:04","guid":{"rendered":"https:\/\/portal.pi.gov.br\/seres\/?p=1204"},"modified":"2023-10-05T12:14:02","modified_gmt":"2023-10-05T15:14:02","slug":"secretaria-das-relacoes-sociais-avalia-etapas-ja-concluidas-do-orcamento-participativo-opa-em-parnaiba","status":"publish","type":"post","link":"https:\/\/portal.pi.gov.br\/seres\/2023\/09\/17\/secretaria-das-relacoes-sociais-avalia-etapas-ja-concluidas-do-orcamento-participativo-opa-em-parnaiba\/","title":{"rendered":"Secretaria das Rela\u00e7\u00f5es Sociais avalia etapas j\u00e1 conclu\u00eddas do Or\u00e7amento Participativo (OPA) em Parna\u00edba"},"content":{"rendered":"\n<p><\/p>\n\n\n\n<p>A secret\u00e1ria das Rela\u00e7\u00f5es Sociais, N\u00fabia Lopes, reuniu-se, na ultima sexta-feira (15), com representantes de entidades comunit\u00e1rias do munic\u00edpio de Parna\u00edba. O objetivo foi fazer uma avalia\u00e7\u00e3o das etapas j\u00e1 conclu\u00eddas do Programa de Or\u00e7amento Participativo (OPA) na cidade.<\/p>\n\n\n\n<p>O munic\u00edpio que teve 21 propostas eleitas para serem executadas no ano de 2024 foi um dos pioneiros na implanta\u00e7\u00e3o do programa. La\u00e7ado em maio deste ano, o OPA previa R$ 10 milh\u00f5es para Parna\u00edba, por\u00e9m o Governo do Estado liberou mais R$ 1,6 milh\u00e3o para a cidade. <\/p>\n\n\n<div class=\"wp-block-image\">\n<figure class=\"aligncenter size-full is-resized\"><img decoding=\"async\" loading=\"lazy\" src=\"https:\/\/portal.pi.gov.br\/seres\/wp-content\/uploads\/sites\/87\/2023\/09\/Foto-2-1.jpeg\" alt=\"\" class=\"wp-image-1205\" width=\"565\" height=\"424\" srcset=\"https:\/\/portal.pi.gov.br\/seres\/wp-content\/uploads\/sites\/87\/2023\/09\/Foto-2-1.jpeg 1024w, https:\/\/portal.pi.gov.br\/seres\/wp-content\/uploads\/sites\/87\/2023\/09\/Foto-2-1-300x225.jpeg 300w, https:\/\/portal.pi.gov.br\/seres\/wp-content\/uploads\/sites\/87\/2023\/09\/Foto-2-1-768x576.jpeg 768w, https:\/\/portal.pi.gov.br\/seres\/wp-content\/uploads\/sites\/87\/2023\/09\/Foto-2-1-420x315.jpeg 420w, https:\/\/portal.pi.gov.br\/seres\/wp-content\/uploads\/sites\/87\/2023\/09\/Foto-2-1-540x405.jpeg 540w, https:\/\/portal.pi.gov.br\/seres\/wp-content\/uploads\/sites\/87\/2023\/09\/Foto-2-1-780x585.jpeg 780w, https:\/\/portal.pi.gov.br\/seres\/wp-content\/uploads\/sites\/87\/2023\/09\/Foto-2-1-947x710.jpeg 947w, https:\/\/portal.pi.gov.br\/seres\/wp-content\/uploads\/sites\/87\/2023\/09\/Foto-2-1-624x468.jpeg 624w\" sizes=\"(max-width: 565px) 100vw, 565px\" \/><figcaption class=\"wp-element-caption\"><em><sub>   Foto: Natalina Alves<\/sub><\/em><\/figcaption><\/figure><\/div>\n\n\n<p>Para N\u00fabia Lopes, esse \u00e9 um momento de escutar as lideran\u00e7as que participaram do processo, para que a pr\u00f3xima edi\u00e7\u00e3o do programa seja ainda melhor. \u201cTivemos um bom resultado das associa\u00e7\u00f5es comunit\u00e1rias, lideran\u00e7as e movimentos que se engajaram no processo do OPA, tanto em Teresina quanto aqui em Parna\u00edba, e estivemos aqui para ouvir as lideran\u00e7as que participaram do processo e tiveram suas propostas aprovadas. Ficamos bastante felizes e satisfeitos com a avalia\u00e7\u00e3o e o engajamento de todas as comunidades. Agora \u00e9 usar essas an\u00e1lises para melhorar cada vez mais o programa\u201d, destacou a gestora.<\/p>\n\n\n\n<p>O programa \u00e9 a primeira experi\u00eancia de democracia digital no estado e contou com engajamento e participa\u00e7\u00e3o dos bairros e comunidades. As vota\u00e7\u00f5es, encerradas no dia 18 de agosto, totalizaram 52.532 votos, que elegeram 88 propostas para compor o or\u00e7amento anual. Mais de 200 entidades de bairros participaram, mobilizando mais de 50 mil pessoas na fase de vota\u00e7\u00e3o.<\/p>\n\n\n\n<p>Entre as propostas eleitas est\u00e3o a constru\u00e7\u00e3o de sistema de abastecimento de \u00e1gua; galeria; cal\u00e7amento; pavimenta\u00e7\u00e3o asf\u00e1ltica e polo de artesanato. A Associa\u00e7\u00e3o Beneficente Crian\u00e7as e Jovens um Passo para o Futuro, da Comunidade Vazantinha, foi uma das entidades que tiveram as propostas aprovadas.<\/p>\n\n\n\n<p>De acordo com o presidente dessa associa\u00e7\u00e3o, a obra \u00e9 muito esperada por todos da comunidade. \u201cGra\u00e7a a deus nossa proposta foi aprovada, pois todos necessitam. Estamos muito contentes com essa obra que ser\u00e1 realizada em nossa comunidade, que com certeza vai gerar emprego e renda para as fam\u00edlias da comunidade e principalmente melhorando a vida da comunidade. &nbsp;S\u00f3 temos a agradecer ao governo do estado, \u00e0 secret\u00e1ria N\u00fabia que esteve sempre presente com a gente e a toda a equipe envolvida nesse importante trabalho\u201d, destacou o morador.<\/p>\n\n\n<div class=\"wp-block-image is-style-default\">\n<figure class=\"aligncenter size-full is-resized\"><img decoding=\"async\" loading=\"lazy\" src=\"https:\/\/portal.pi.gov.br\/seres\/wp-content\/uploads\/sites\/87\/2023\/09\/Foto-1-1.jpeg\" alt=\"\" class=\"wp-image-1210\" width=\"577\" height=\"433\" srcset=\"https:\/\/portal.pi.gov.br\/seres\/wp-content\/uploads\/sites\/87\/2023\/09\/Foto-1-1.jpeg 1024w, https:\/\/portal.pi.gov.br\/seres\/wp-content\/uploads\/sites\/87\/2023\/09\/Foto-1-1-300x225.jpeg 300w, https:\/\/portal.pi.gov.br\/seres\/wp-content\/uploads\/sites\/87\/2023\/09\/Foto-1-1-768x576.jpeg 768w, https:\/\/portal.pi.gov.br\/seres\/wp-content\/uploads\/sites\/87\/2023\/09\/Foto-1-1-420x315.jpeg 420w, https:\/\/portal.pi.gov.br\/seres\/wp-content\/uploads\/sites\/87\/2023\/09\/Foto-1-1-540x405.jpeg 540w, https:\/\/portal.pi.gov.br\/seres\/wp-content\/uploads\/sites\/87\/2023\/09\/Foto-1-1-780x585.jpeg 780w, https:\/\/portal.pi.gov.br\/seres\/wp-content\/uploads\/sites\/87\/2023\/09\/Foto-1-1-947x710.jpeg 947w, https:\/\/portal.pi.gov.br\/seres\/wp-content\/uploads\/sites\/87\/2023\/09\/Foto-1-1-624x468.jpeg 624w\" sizes=\"(max-width: 577px) 100vw, 577px\" \/><figcaption class=\"wp-element-caption\"><em><sub>   Foto: Natalina Alves<\/sub><\/em><\/figcaption><\/figure><\/div>\n\n\n<p>Para a presidente da Associa\u00e7\u00e3o de Amigos Moradores do Portinho, que ser\u00e1 contemplada com a obra de pavimenta\u00e7\u00e3o asf\u00e1ltica, falou da import\u00e2ncia da obra para as fam\u00edlias da comunidade. \u201d H\u00e1 anos que agente lula por essa pavimenta\u00e7\u00e3o e agora conseguimos. O OPA&nbsp; veio trazer essa for\u00e7a para nossa comunidade lutar e se manter unida e, assim, conseguir os votos para aprovar essa importante obra\u201d destacou a representante.<\/p>\n\n\n\n<figure class=\"wp-block-embed is-type-video is-provider-youtube wp-block-embed-youtube wp-embed-aspect-16-9 wp-has-aspect-ratio\"><div class=\"wp-block-embed__wrapper\">\n<iframe loading=\"lazy\" title=\"Programa de Or\u00e7amento Participativo(OPA)\" width=\"887\" height=\"499\" src=\"https:\/\/www.youtube.com\/embed\/0XLvu7dCz-c?feature=oembed\" frameborder=\"0\" allow=\"accelerometer; autoplay; clipboard-write; encrypted-media; gyroscope; picture-in-picture; web-share\" allowfullscreen><\/iframe>\n<\/div><\/figure>\n","protected":false},"excerpt":{"rendered":"<p>A secret\u00e1ria das Rela\u00e7\u00f5es Sociais, N\u00fabia Lopes, reuniu-se, na ultima sexta-feira (15), com representantes de entidades comunit\u00e1rias do munic\u00edpio de Parna\u00edba. O objetivo foi fazer uma avalia\u00e7\u00e3o das etapas j\u00e1 [&hellip;]<\/p>\n","protected":false},"author":1748,"featured_media":1208,"comment_status":"closed","ping_status":"closed","sticky":false,"template":"","format":"standard","meta":[],"categories":[34],"tags":[],"featured_image_urls":{"full":["https:\/\/portal.pi.gov.br\/seres\/wp-content\/uploads\/sites\/87\/2023\/09\/Foto-1.jpeg",1024,768,false],"thumbnail":["https:\/\/portal.pi.gov.br\/seres\/wp-content\/uploads\/sites\/87\/2023\/09\/Foto-1-150x150.jpeg",150,150,true],"medium":["https:\/\/portal.pi.gov.br\/seres\/wp-content\/uploads\/sites\/87\/2023\/09\/Foto-1-300x225.jpeg",300,225,true],"medium_large":["https:\/\/portal.pi.gov.br\/seres\/wp-content\/uploads\/sites\/87\/2023\/09\/Foto-1-768x576.jpeg",768,576,true],"large":["https:\/\/portal.pi.gov.br\/seres\/wp-content\/uploads\/sites\/87\/2023\/09\/Foto-1.jpeg",887,665,false],"sgg-420":["https:\/\/portal.pi.gov.br\/seres\/wp-content\/uploads\/sites\/87\/2023\/09\/Foto-1-420x315.jpeg",420,315,true],"sgg-540":["https:\/\/portal.pi.gov.br\/seres\/wp-content\/uploads\/sites\/87\/2023\/09\/Foto-1-540x405.jpeg",540,405,true],"sgg-780":["https:\/\/portal.pi.gov.br\/seres\/wp-content\/uploads\/sites\/87\/2023\/09\/Foto-1-780x585.jpeg",780,585,true],"1536x1536":["https:\/\/portal.pi.gov.br\/seres\/wp-content\/uploads\/sites\/87\/2023\/09\/Foto-1.jpeg",1024,768,false],"2048x2048":["https:\/\/portal.pi.gov.br\/seres\/wp-content\/uploads\/sites\/87\/2023\/09\/Foto-1.jpeg",1024,768,false],"homepage-slider":["https:\/\/portal.pi.gov.br\/seres\/wp-content\/uploads\/sites\/87\/2023\/09\/Foto-1-1024x500.jpeg",1024,500,true],"homepage-slider-small":["https:\/\/portal.pi.gov.br\/seres\/wp-content\/uploads\/sites\/87\/2023\/09\/Foto-1-947x500.jpeg",947,500,true],"page-top":["https:\/\/portal.pi.gov.br\/seres\/wp-content\/uploads\/sites\/87\/2023\/09\/Foto-1-947x710.jpeg",947,710,true],"page-small":["https:\/\/portal.pi.gov.br\/seres\/wp-content\/uploads\/sites\/87\/2023\/09\/Foto-1-624x468.jpeg",624,468,true],"loop-main":["https:\/\/portal.pi.gov.br\/seres\/wp-content\/uploads\/sites\/87\/2023\/09\/Foto-1-365x240.jpeg",365,240,true],"thumb-gallery-widget":["https:\/\/portal.pi.gov.br\/seres\/wp-content\/uploads\/sites\/87\/2023\/09\/Foto-1-84x56.jpeg",84,56,true]},"post_excerpt_stackable":"<p>A secret\u00e1ria das Rela\u00e7\u00f5es Sociais, N\u00fabia Lopes, reuniu-se, na ultima sexta-feira (15), com representantes de entidades comunit\u00e1rias do munic\u00edpio de Parna\u00edba. O objetivo foi fazer uma avalia\u00e7\u00e3o das etapas j\u00e1 conclu\u00eddas do Programa de Or\u00e7amento Participativo (OPA) na cidade. O munic\u00edpio que teve 21 propostas eleitas para serem executadas no ano de 2024 foi um dos pioneiros na implanta\u00e7\u00e3o do programa. La\u00e7ado em maio deste ano, o OPA previa R$ 10 milh\u00f5es para Parna\u00edba, por\u00e9m o Governo do Estado liberou mais R$ 1,6 milh\u00e3o para a cidade. Foto: Natalina Alves Para N\u00fabia Lopes, esse \u00e9 um momento de escutar as&hellip;<\/p>\n","category_list":"<a href=\"https:\/\/portal.pi.gov.br\/seres\/category\/noticias\/\" rel=\"category tag\">Not\u00edcias<\/a>","author_info":{"name":"natalina","url":"https:\/\/portal.pi.gov.br\/seres\/author\/natalina\/"},"comments_num":"0 coment\u00e1rio","featured_image_urls_v2":{"full":["https:\/\/portal.pi.gov.br\/seres\/wp-content\/uploads\/sites\/87\/2023\/09\/Foto-1.jpeg",1024,768,false],"thumbnail":["https:\/\/portal.pi.gov.br\/seres\/wp-content\/uploads\/sites\/87\/2023\/09\/Foto-1-150x150.jpeg",150,150,true],"medium":["https:\/\/portal.pi.gov.br\/seres\/wp-content\/uploads\/sites\/87\/2023\/09\/Foto-1-300x225.jpeg",300,225,true],"medium_large":["https:\/\/portal.pi.gov.br\/seres\/wp-content\/uploads\/sites\/87\/2023\/09\/Foto-1-768x576.jpeg",768,576,true],"large":["https:\/\/portal.pi.gov.br\/seres\/wp-content\/uploads\/sites\/87\/2023\/09\/Foto-1.jpeg",887,665,false],"sgg-420":["https:\/\/portal.pi.gov.br\/seres\/wp-content\/uploads\/sites\/87\/2023\/09\/Foto-1-420x315.jpeg",420,315,true],"sgg-540":["https:\/\/portal.pi.gov.br\/seres\/wp-content\/uploads\/sites\/87\/2023\/09\/Foto-1-540x405.jpeg",540,405,true],"sgg-780":["https:\/\/portal.pi.gov.br\/seres\/wp-content\/uploads\/sites\/87\/2023\/09\/Foto-1-780x585.jpeg",780,585,true],"1536x1536":["https:\/\/portal.pi.gov.br\/seres\/wp-content\/uploads\/sites\/87\/2023\/09\/Foto-1.jpeg",1024,768,false],"2048x2048":["https:\/\/portal.pi.gov.br\/seres\/wp-content\/uploads\/sites\/87\/2023\/09\/Foto-1.jpeg",1024,768,false],"homepage-slider":["https:\/\/portal.pi.gov.br\/seres\/wp-content\/uploads\/sites\/87\/2023\/09\/Foto-1-1024x500.jpeg",1024,500,true],"homepage-slider-small":["https:\/\/portal.pi.gov.br\/seres\/wp-content\/uploads\/sites\/87\/2023\/09\/Foto-1-947x500.jpeg",947,500,true],"page-top":["https:\/\/portal.pi.gov.br\/seres\/wp-content\/uploads\/sites\/87\/2023\/09\/Foto-1-947x710.jpeg",947,710,true],"page-small":["https:\/\/portal.pi.gov.br\/seres\/wp-content\/uploads\/sites\/87\/2023\/09\/Foto-1-624x468.jpeg",624,468,true],"loop-main":["https:\/\/portal.pi.gov.br\/seres\/wp-content\/uploads\/sites\/87\/2023\/09\/Foto-1-365x240.jpeg",365,240,true],"thumb-gallery-widget":["https:\/\/portal.pi.gov.br\/seres\/wp-content\/uploads\/sites\/87\/2023\/09\/Foto-1-84x56.jpeg",84,56,true]},"post_excerpt_stackable_v2":"<p>A secret\u00e1ria das Rela\u00e7\u00f5es Sociais, N\u00fabia Lopes, reuniu-se, na ultima sexta-feira (15), com representantes de entidades comunit\u00e1rias do munic\u00edpio de Parna\u00edba. O objetivo foi fazer uma avalia\u00e7\u00e3o das etapas j\u00e1 conclu\u00eddas do Programa de Or\u00e7amento Participativo (OPA) na cidade. O munic\u00edpio que teve 21 propostas eleitas para serem executadas no ano de 2024 foi um dos pioneiros na implanta\u00e7\u00e3o do programa. La\u00e7ado em maio deste ano, o OPA previa R$ 10 milh\u00f5es para Parna\u00edba, por\u00e9m o Governo do Estado liberou mais R$ 1,6 milh\u00e3o para a cidade. Foto: Natalina Alves Para N\u00fabia Lopes, esse \u00e9 um momento de escutar as&hellip;<\/p>\n","category_list_v2":"<a href=\"https:\/\/portal.pi.gov.br\/seres\/category\/noticias\/\" rel=\"category tag\">Not\u00edcias<\/a>","author_info_v2":{"name":"natalina","url":"https:\/\/portal.pi.gov.br\/seres\/author\/natalina\/"},"comments_num_v2":"0 coment\u00e1rio","jetpack_featured_media_url":"https:\/\/portal.pi.gov.br\/seres\/wp-content\/uploads\/sites\/87\/2023\/09\/Foto-1.jpeg","_links":{"self":[{"href":"https:\/\/portal.pi.gov.br\/seres\/wp-json\/wp\/v2\/posts\/1204"}],"collection":[{"href":"https:\/\/portal.pi.gov.br\/seres\/wp-json\/wp\/v2\/posts"}],"about":[{"href":"https:\/\/portal.pi.gov.br\/seres\/wp-json\/wp\/v2\/types\/post"}],"author":[{"embeddable":true,"href":"https:\/\/portal.pi.gov.br\/seres\/wp-json\/wp\/v2\/users\/1748"}],"replies":[{"embeddable":true,"href":"https:\/\/portal.pi.gov.br\/seres\/wp-json\/wp\/v2\/comments?post=1204"}],"version-history":[{"count":4,"href":"https:\/\/portal.pi.gov.br\/seres\/wp-json\/wp\/v2\/posts\/1204\/revisions"}],"predecessor-version":[{"id":1507,"href":"https:\/\/portal.pi.gov.br\/seres\/wp-json\/wp\/v2\/posts\/1204\/revisions\/1507"}],"wp:featuredmedia":[{"embeddable":true,"href":"https:\/\/portal.pi.gov.br\/seres\/wp-json\/wp\/v2\/media\/1208"}],"wp:attachment":[{"href":"https:\/\/portal.pi.gov.br\/seres\/wp-json\/wp\/v2\/media?parent=1204"}],"wp:term":[{"taxonomy":"category","embeddable":true,"href":"https:\/\/portal.pi.gov.br\/seres\/wp-json\/wp\/v2\/categories?post=1204"},{"taxonomy":"post_tag","embeddable":true,"href":"https:\/\/portal.pi.gov.br\/seres\/wp-json\/wp\/v2\/tags?post=1204"}],"curies":[{"name":"wp","href":"https:\/\/api.w.org\/{rel}","templated":true}]}}