{"id":1233,"date":"2023-09-20T22:15:27","date_gmt":"2023-09-21T01:15:27","guid":{"rendered":"https:\/\/portal.pi.gov.br\/seres\/?p=1233"},"modified":"2023-10-05T12:13:43","modified_gmt":"2023-10-05T15:13:43","slug":"secretaria-das-relacoes-sociais-realiza-seminario-estadual-sobre-marco-regulatorio-das-organizacoes-da-sociedade-civil","status":"publish","type":"post","link":"https:\/\/portal.pi.gov.br\/seres\/2023\/09\/20\/secretaria-das-relacoes-sociais-realiza-seminario-estadual-sobre-marco-regulatorio-das-organizacoes-da-sociedade-civil\/","title":{"rendered":"Secretaria das Rela\u00e7\u00f5es Sociais realiza Semin\u00e1rio Estadual  sobre Marco Regulat\u00f3rio das Organiza\u00e7\u00f5es da Sociedade Civil."},"content":{"rendered":"\n<p>A Secretaria de Estado das Rela\u00e7\u00f5es Sociais, realizou nesta quarta-feira (20) juntamente com o F\u00f3rum Piauiense de Conviv\u00eancia com o Semi\u00e1rido, o Semin\u00e1rio Estadual do Marco Regulat\u00f3rio das Organiza\u00e7\u00f5es da Sociedade Civil (MROSC) Lei n\u00b0 13.019, de 31 de julho de 2014.<\/p>\n\n\n<div class=\"wp-block-image\">\n<figure class=\"aligncenter size-large is-resized\"><img decoding=\"async\" loading=\"lazy\" src=\"https:\/\/portal.pi.gov.br\/seres\/wp-content\/uploads\/sites\/87\/2023\/09\/foto-2-2-1024x682.jpeg\" alt=\"\" class=\"wp-image-1378\" width=\"526\" height=\"350\" srcset=\"https:\/\/portal.pi.gov.br\/seres\/wp-content\/uploads\/sites\/87\/2023\/09\/foto-2-2-1024x682.jpeg 1024w, https:\/\/portal.pi.gov.br\/seres\/wp-content\/uploads\/sites\/87\/2023\/09\/foto-2-2-300x200.jpeg 300w, https:\/\/portal.pi.gov.br\/seres\/wp-content\/uploads\/sites\/87\/2023\/09\/foto-2-2-768x512.jpeg 768w, https:\/\/portal.pi.gov.br\/seres\/wp-content\/uploads\/sites\/87\/2023\/09\/foto-2-2-420x280.jpeg 420w, https:\/\/portal.pi.gov.br\/seres\/wp-content\/uploads\/sites\/87\/2023\/09\/foto-2-2-540x360.jpeg 540w, https:\/\/portal.pi.gov.br\/seres\/wp-content\/uploads\/sites\/87\/2023\/09\/foto-2-2-780x520.jpeg 780w, https:\/\/portal.pi.gov.br\/seres\/wp-content\/uploads\/sites\/87\/2023\/09\/foto-2-2-1536x1023.jpeg 1536w, https:\/\/portal.pi.gov.br\/seres\/wp-content\/uploads\/sites\/87\/2023\/09\/foto-2-2-947x631.jpeg 947w, https:\/\/portal.pi.gov.br\/seres\/wp-content\/uploads\/sites\/87\/2023\/09\/foto-2-2-624x416.jpeg 624w, https:\/\/portal.pi.gov.br\/seres\/wp-content\/uploads\/sites\/87\/2023\/09\/foto-2-2-84x56.jpeg 84w, https:\/\/portal.pi.gov.br\/seres\/wp-content\/uploads\/sites\/87\/2023\/09\/foto-2-2.jpeg 1600w\" sizes=\"(max-width: 526px) 100vw, 526px\" \/><figcaption class=\"wp-element-caption\"><em><sub>   Foto: Natalina Alves<\/sub><\/em><\/figcaption><\/figure><\/div>\n\n\n<p><\/p>\n\n\n\n<p>O evento contou com a presen\u00e7a do palestrante Daniel Rech, assessor jur\u00eddico da UNICOPAS, da UNICAFES e membro do Comit\u00ea facilitador da plataforma MROSC. O palestrante convidado fez uma an\u00e1lise do decreto de N\u00b0 17.083\/2017 &#8211; do Estado do Piau\u00ed e do decreto N\u00b0 16.802\/2017 do Munic\u00edpio de Teresina &#8211; PI.<\/p>\n\n\n<div class=\"wp-block-image\">\n<figure class=\"aligncenter size-large is-resized\"><img decoding=\"async\" loading=\"lazy\" src=\"https:\/\/portal.pi.gov.br\/seres\/wp-content\/uploads\/sites\/87\/2023\/09\/foto3-1024x683.jpeg\" alt=\"\" class=\"wp-image-1385\" width=\"572\" height=\"381\" srcset=\"https:\/\/portal.pi.gov.br\/seres\/wp-content\/uploads\/sites\/87\/2023\/09\/foto3-1024x683.jpeg 1024w, https:\/\/portal.pi.gov.br\/seres\/wp-content\/uploads\/sites\/87\/2023\/09\/foto3-300x200.jpeg 300w, https:\/\/portal.pi.gov.br\/seres\/wp-content\/uploads\/sites\/87\/2023\/09\/foto3-768x512.jpeg 768w, https:\/\/portal.pi.gov.br\/seres\/wp-content\/uploads\/sites\/87\/2023\/09\/foto3-420x280.jpeg 420w, https:\/\/portal.pi.gov.br\/seres\/wp-content\/uploads\/sites\/87\/2023\/09\/foto3-540x360.jpeg 540w, https:\/\/portal.pi.gov.br\/seres\/wp-content\/uploads\/sites\/87\/2023\/09\/foto3-780x520.jpeg 780w, https:\/\/portal.pi.gov.br\/seres\/wp-content\/uploads\/sites\/87\/2023\/09\/foto3-947x632.jpeg 947w, https:\/\/portal.pi.gov.br\/seres\/wp-content\/uploads\/sites\/87\/2023\/09\/foto3-624x416.jpeg 624w, https:\/\/portal.pi.gov.br\/seres\/wp-content\/uploads\/sites\/87\/2023\/09\/foto3-84x56.jpeg 84w, https:\/\/portal.pi.gov.br\/seres\/wp-content\/uploads\/sites\/87\/2023\/09\/foto3.jpeg 1280w\" sizes=\"(max-width: 572px) 100vw, 572px\" \/><figcaption class=\"wp-element-caption\"><em><sub>   Foto: Natalina Alves<\/sub><\/em><\/figcaption><\/figure><\/div>\n\n\n<p>Para a realiza\u00e7\u00e3o do semin\u00e1rio, contamos com a parceria da Secretaria de Agricultura Familiar (SAF) e da Procuradoria Geral do Estado (PGE).<\/p>\n\n\n<div class=\"wp-block-image\">\n<figure class=\"aligncenter size-large is-resized\"><img decoding=\"async\" loading=\"lazy\" src=\"https:\/\/portal.pi.gov.br\/seres\/wp-content\/uploads\/sites\/87\/2023\/09\/foto-4-2-1024x682.jpeg\" alt=\"\" class=\"wp-image-1382\" width=\"599\" height=\"399\" srcset=\"https:\/\/portal.pi.gov.br\/seres\/wp-content\/uploads\/sites\/87\/2023\/09\/foto-4-2-1024x682.jpeg 1024w, https:\/\/portal.pi.gov.br\/seres\/wp-content\/uploads\/sites\/87\/2023\/09\/foto-4-2-300x200.jpeg 300w, https:\/\/portal.pi.gov.br\/seres\/wp-content\/uploads\/sites\/87\/2023\/09\/foto-4-2-768x512.jpeg 768w, https:\/\/portal.pi.gov.br\/seres\/wp-content\/uploads\/sites\/87\/2023\/09\/foto-4-2-420x280.jpeg 420w, https:\/\/portal.pi.gov.br\/seres\/wp-content\/uploads\/sites\/87\/2023\/09\/foto-4-2-540x360.jpeg 540w, https:\/\/portal.pi.gov.br\/seres\/wp-content\/uploads\/sites\/87\/2023\/09\/foto-4-2-780x520.jpeg 780w, https:\/\/portal.pi.gov.br\/seres\/wp-content\/uploads\/sites\/87\/2023\/09\/foto-4-2-1536x1023.jpeg 1536w, https:\/\/portal.pi.gov.br\/seres\/wp-content\/uploads\/sites\/87\/2023\/09\/foto-4-2-947x631.jpeg 947w, https:\/\/portal.pi.gov.br\/seres\/wp-content\/uploads\/sites\/87\/2023\/09\/foto-4-2-624x416.jpeg 624w, https:\/\/portal.pi.gov.br\/seres\/wp-content\/uploads\/sites\/87\/2023\/09\/foto-4-2-84x56.jpeg 84w, https:\/\/portal.pi.gov.br\/seres\/wp-content\/uploads\/sites\/87\/2023\/09\/foto-4-2.jpeg 1600w\" sizes=\"(max-width: 599px) 100vw, 599px\" \/><figcaption class=\"wp-element-caption\"><em><sub>   Foto: Natalina Alves<\/sub><\/em><\/figcaption><\/figure><\/div>\n\n\n<p><strong>Marco Regulat\u00f3rio das Organiza\u00e7\u00f5es da Sociedade Civil<\/strong><\/p>\n\n\n\n<p>O MROSC \u00e9 uma agenda ampla que tem o objetivo aperfei\u00e7oar o ambiente jur\u00eddico e institucional relacionado \u00e0s Organiza\u00e7\u00f5es da Sociedade Civil e suas rela\u00e7\u00f5es com o estado.<\/p>\n\n\n\n<p>A Lei Federal n\u00b0 13.019, de 31 de julho de 2014, conhecida como Marco Regulat\u00f3rio das Organiza\u00e7\u00f5es da Sociedade Civil, definiu para todos os entes federados regras para a celebra\u00e7\u00e3o de parcerias nas quais a Administra\u00e7\u00e3o P\u00fablica e as Organiza\u00e7\u00f5es da Sociedade Civil cooperam para alcan\u00e7ar um interesse comum de finalidade p\u00fablica.<\/p>\n\n\n\n<p>Essa lei reconhece que as parcerias aproximam as pol\u00edticas p\u00fablicas das pessoas e das realidades locais, possibilitando a solu\u00e7\u00e3o de problemas sociais espec\u00edficos de forma criativa e inovadora. Por ter abrang\u00eancia nacional, a lei deve ser cumprida por todos os \u00d3rg\u00e3os e Entidades P\u00fablicas Federais, Estaduais, Distrital e Municipais, dos Poderes Executivo, Legislativo e Judici\u00e1rio.<\/p>\n\n\n<div class=\"wp-block-image\">\n<figure class=\"aligncenter size-large is-resized\"><img decoding=\"async\" loading=\"lazy\" src=\"https:\/\/portal.pi.gov.br\/seres\/wp-content\/uploads\/sites\/87\/2023\/09\/Foto-5-1024x683.jpeg\" alt=\"\" class=\"wp-image-1388\" width=\"558\" height=\"372\" srcset=\"https:\/\/portal.pi.gov.br\/seres\/wp-content\/uploads\/sites\/87\/2023\/09\/Foto-5-1024x683.jpeg 1024w, https:\/\/portal.pi.gov.br\/seres\/wp-content\/uploads\/sites\/87\/2023\/09\/Foto-5-300x200.jpeg 300w, https:\/\/portal.pi.gov.br\/seres\/wp-content\/uploads\/sites\/87\/2023\/09\/Foto-5-768x512.jpeg 768w, https:\/\/portal.pi.gov.br\/seres\/wp-content\/uploads\/sites\/87\/2023\/09\/Foto-5-420x280.jpeg 420w, https:\/\/portal.pi.gov.br\/seres\/wp-content\/uploads\/sites\/87\/2023\/09\/Foto-5-540x360.jpeg 540w, https:\/\/portal.pi.gov.br\/seres\/wp-content\/uploads\/sites\/87\/2023\/09\/Foto-5-780x520.jpeg 780w, https:\/\/portal.pi.gov.br\/seres\/wp-content\/uploads\/sites\/87\/2023\/09\/Foto-5-947x632.jpeg 947w, https:\/\/portal.pi.gov.br\/seres\/wp-content\/uploads\/sites\/87\/2023\/09\/Foto-5-624x416.jpeg 624w, https:\/\/portal.pi.gov.br\/seres\/wp-content\/uploads\/sites\/87\/2023\/09\/Foto-5-84x56.jpeg 84w, https:\/\/portal.pi.gov.br\/seres\/wp-content\/uploads\/sites\/87\/2023\/09\/Foto-5.jpeg 1280w\" sizes=\"(max-width: 558px) 100vw, 558px\" \/><figcaption class=\"wp-element-caption\"><em><sub>   Foto: Natalina Alves<\/sub><\/em><\/figcaption><\/figure><\/div>","protected":false},"excerpt":{"rendered":"<p>A Secretaria de Estado das Rela\u00e7\u00f5es Sociais, realizou nesta quarta-feira (20) juntamente com o F\u00f3rum Piauiense de Conviv\u00eancia com o Semi\u00e1rido, o Semin\u00e1rio Estadual do Marco Regulat\u00f3rio das Organiza\u00e7\u00f5es da [&hellip;]<\/p>\n","protected":false},"author":1748,"featured_media":1235,"comment_status":"closed","ping_status":"closed","sticky":false,"template":"","format":"standard","meta":[],"categories":[34],"tags":[],"featured_image_urls":{"full":["https:\/\/portal.pi.gov.br\/seres\/wp-content\/uploads\/sites\/87\/2023\/09\/Capa-Materia.jpeg",1600,1200,false],"thumbnail":["https:\/\/portal.pi.gov.br\/seres\/wp-content\/uploads\/sites\/87\/2023\/09\/Capa-Materia-150x150.jpeg",150,150,true],"medium":["https:\/\/portal.pi.gov.br\/seres\/wp-content\/uploads\/sites\/87\/2023\/09\/Capa-Materia-300x225.jpeg",300,225,true],"medium_large":["https:\/\/portal.pi.gov.br\/seres\/wp-content\/uploads\/sites\/87\/2023\/09\/Capa-Materia-768x576.jpeg",768,576,true],"large":["https:\/\/portal.pi.gov.br\/seres\/wp-content\/uploads\/sites\/87\/2023\/09\/Capa-Materia-1024x768.jpeg",887,665,true],"sgg-420":["https:\/\/portal.pi.gov.br\/seres\/wp-content\/uploads\/sites\/87\/2023\/09\/Capa-Materia-420x315.jpeg",420,315,true],"sgg-540":["https:\/\/portal.pi.gov.br\/seres\/wp-content\/uploads\/sites\/87\/2023\/09\/Capa-Materia-540x405.jpeg",540,405,true],"sgg-780":["https:\/\/portal.pi.gov.br\/seres\/wp-content\/uploads\/sites\/87\/2023\/09\/Capa-Materia-780x585.jpeg",780,585,true],"1536x1536":["https:\/\/portal.pi.gov.br\/seres\/wp-content\/uploads\/sites\/87\/2023\/09\/Capa-Materia-1536x1152.jpeg",1536,1152,true],"2048x2048":["https:\/\/portal.pi.gov.br\/seres\/wp-content\/uploads\/sites\/87\/2023\/09\/Capa-Materia.jpeg",1600,1200,false],"homepage-slider":["https:\/\/portal.pi.gov.br\/seres\/wp-content\/uploads\/sites\/87\/2023\/09\/Capa-Materia-1270x500.jpeg",1270,500,true],"homepage-slider-small":["https:\/\/portal.pi.gov.br\/seres\/wp-content\/uploads\/sites\/87\/2023\/09\/Capa-Materia-947x500.jpeg",947,500,true],"page-top":["https:\/\/portal.pi.gov.br\/seres\/wp-content\/uploads\/sites\/87\/2023\/09\/Capa-Materia-947x710.jpeg",947,710,true],"page-small":["https:\/\/portal.pi.gov.br\/seres\/wp-content\/uploads\/sites\/87\/2023\/09\/Capa-Materia-624x468.jpeg",624,468,true],"loop-main":["https:\/\/portal.pi.gov.br\/seres\/wp-content\/uploads\/sites\/87\/2023\/09\/Capa-Materia-365x240.jpeg",365,240,true],"thumb-gallery-widget":["https:\/\/portal.pi.gov.br\/seres\/wp-content\/uploads\/sites\/87\/2023\/09\/Capa-Materia-84x56.jpeg",84,56,true]},"post_excerpt_stackable":"<p>A Secretaria de Estado das Rela\u00e7\u00f5es Sociais, realizou nesta quarta-feira (20) juntamente com o F\u00f3rum Piauiense de Conviv\u00eancia com o Semi\u00e1rido, o Semin\u00e1rio Estadual do Marco Regulat\u00f3rio das Organiza\u00e7\u00f5es da Sociedade Civil (MROSC) Lei n\u00b0 13.019, de 31 de julho de 2014. Foto: Natalina Alves O evento contou com a presen\u00e7a do palestrante Daniel Rech, assessor jur\u00eddico da UNICOPAS, da UNICAFES e membro do Comit\u00ea facilitador da plataforma MROSC. O palestrante convidado fez uma an\u00e1lise do decreto de N\u00b0 17.083\/2017 &#8211; do Estado do Piau\u00ed e do decreto N\u00b0 16.802\/2017 do Munic\u00edpio de Teresina &#8211; PI. Foto: Natalina Alves Para&hellip;<\/p>\n","category_list":"<a href=\"https:\/\/portal.pi.gov.br\/seres\/category\/noticias\/\" rel=\"category tag\">Not\u00edcias<\/a>","author_info":{"name":"natalina","url":"https:\/\/portal.pi.gov.br\/seres\/author\/natalina\/"},"comments_num":"0 coment\u00e1rio","featured_image_urls_v2":{"full":["https:\/\/portal.pi.gov.br\/seres\/wp-content\/uploads\/sites\/87\/2023\/09\/Capa-Materia.jpeg",1600,1200,false],"thumbnail":["https:\/\/portal.pi.gov.br\/seres\/wp-content\/uploads\/sites\/87\/2023\/09\/Capa-Materia-150x150.jpeg",150,150,true],"medium":["https:\/\/portal.pi.gov.br\/seres\/wp-content\/uploads\/sites\/87\/2023\/09\/Capa-Materia-300x225.jpeg",300,225,true],"medium_large":["https:\/\/portal.pi.gov.br\/seres\/wp-content\/uploads\/sites\/87\/2023\/09\/Capa-Materia-768x576.jpeg",768,576,true],"large":["https:\/\/portal.pi.gov.br\/seres\/wp-content\/uploads\/sites\/87\/2023\/09\/Capa-Materia-1024x768.jpeg",887,665,true],"sgg-420":["https:\/\/portal.pi.gov.br\/seres\/wp-content\/uploads\/sites\/87\/2023\/09\/Capa-Materia-420x315.jpeg",420,315,true],"sgg-540":["https:\/\/portal.pi.gov.br\/seres\/wp-content\/uploads\/sites\/87\/2023\/09\/Capa-Materia-540x405.jpeg",540,405,true],"sgg-780":["https:\/\/portal.pi.gov.br\/seres\/wp-content\/uploads\/sites\/87\/2023\/09\/Capa-Materia-780x585.jpeg",780,585,true],"1536x1536":["https:\/\/portal.pi.gov.br\/seres\/wp-content\/uploads\/sites\/87\/2023\/09\/Capa-Materia-1536x1152.jpeg",1536,1152,true],"2048x2048":["https:\/\/portal.pi.gov.br\/seres\/wp-content\/uploads\/sites\/87\/2023\/09\/Capa-Materia.jpeg",1600,1200,false],"homepage-slider":["https:\/\/portal.pi.gov.br\/seres\/wp-content\/uploads\/sites\/87\/2023\/09\/Capa-Materia-1270x500.jpeg",1270,500,true],"homepage-slider-small":["https:\/\/portal.pi.gov.br\/seres\/wp-content\/uploads\/sites\/87\/2023\/09\/Capa-Materia-947x500.jpeg",947,500,true],"page-top":["https:\/\/portal.pi.gov.br\/seres\/wp-content\/uploads\/sites\/87\/2023\/09\/Capa-Materia-947x710.jpeg",947,710,true],"page-small":["https:\/\/portal.pi.gov.br\/seres\/wp-content\/uploads\/sites\/87\/2023\/09\/Capa-Materia-624x468.jpeg",624,468,true],"loop-main":["https:\/\/portal.pi.gov.br\/seres\/wp-content\/uploads\/sites\/87\/2023\/09\/Capa-Materia-365x240.jpeg",365,240,true],"thumb-gallery-widget":["https:\/\/portal.pi.gov.br\/seres\/wp-content\/uploads\/sites\/87\/2023\/09\/Capa-Materia-84x56.jpeg",84,56,true]},"post_excerpt_stackable_v2":"<p>A Secretaria de Estado das Rela\u00e7\u00f5es Sociais, realizou nesta quarta-feira (20) juntamente com o F\u00f3rum Piauiense de Conviv\u00eancia com o Semi\u00e1rido, o Semin\u00e1rio Estadual do Marco Regulat\u00f3rio das Organiza\u00e7\u00f5es da Sociedade Civil (MROSC) Lei n\u00b0 13.019, de 31 de julho de 2014. Foto: Natalina Alves O evento contou com a presen\u00e7a do palestrante Daniel Rech, assessor jur\u00eddico da UNICOPAS, da UNICAFES e membro do Comit\u00ea facilitador da plataforma MROSC. O palestrante convidado fez uma an\u00e1lise do decreto de N\u00b0 17.083\/2017 &#8211; do Estado do Piau\u00ed e do decreto N\u00b0 16.802\/2017 do Munic\u00edpio de Teresina &#8211; PI. Foto: Natalina Alves Para&hellip;<\/p>\n","category_list_v2":"<a href=\"https:\/\/portal.pi.gov.br\/seres\/category\/noticias\/\" rel=\"category tag\">Not\u00edcias<\/a>","author_info_v2":{"name":"natalina","url":"https:\/\/portal.pi.gov.br\/seres\/author\/natalina\/"},"comments_num_v2":"0 coment\u00e1rio","jetpack_featured_media_url":"https:\/\/portal.pi.gov.br\/seres\/wp-content\/uploads\/sites\/87\/2023\/09\/Capa-Materia.jpeg","_links":{"self":[{"href":"https:\/\/portal.pi.gov.br\/seres\/wp-json\/wp\/v2\/posts\/1233"}],"collection":[{"href":"https:\/\/portal.pi.gov.br\/seres\/wp-json\/wp\/v2\/posts"}],"about":[{"href":"https:\/\/portal.pi.gov.br\/seres\/wp-json\/wp\/v2\/types\/post"}],"author":[{"embeddable":true,"href":"https:\/\/portal.pi.gov.br\/seres\/wp-json\/wp\/v2\/users\/1748"}],"replies":[{"embeddable":true,"href":"https:\/\/portal.pi.gov.br\/seres\/wp-json\/wp\/v2\/comments?post=1233"}],"version-history":[{"count":16,"href":"https:\/\/portal.pi.gov.br\/seres\/wp-json\/wp\/v2\/posts\/1233\/revisions"}],"predecessor-version":[{"id":1506,"href":"https:\/\/portal.pi.gov.br\/seres\/wp-json\/wp\/v2\/posts\/1233\/revisions\/1506"}],"wp:featuredmedia":[{"embeddable":true,"href":"https:\/\/portal.pi.gov.br\/seres\/wp-json\/wp\/v2\/media\/1235"}],"wp:attachment":[{"href":"https:\/\/portal.pi.gov.br\/seres\/wp-json\/wp\/v2\/media?parent=1233"}],"wp:term":[{"taxonomy":"category","embeddable":true,"href":"https:\/\/portal.pi.gov.br\/seres\/wp-json\/wp\/v2\/categories?post=1233"},{"taxonomy":"post_tag","embeddable":true,"href":"https:\/\/portal.pi.gov.br\/seres\/wp-json\/wp\/v2\/tags?post=1233"}],"curies":[{"name":"wp","href":"https:\/\/api.w.org\/{rel}","templated":true}]}}