{"id":1406,"date":"2023-09-26T16:49:36","date_gmt":"2023-09-26T19:49:36","guid":{"rendered":"https:\/\/portal.pi.gov.br\/seres\/?p=1406"},"modified":"2023-09-27T13:01:40","modified_gmt":"2023-09-27T16:01:40","slug":"seres-participa-de-reuniao-de-divulgacao-dos-resultados-do-ppa-participativo","status":"publish","type":"post","link":"https:\/\/portal.pi.gov.br\/seres\/2023\/09\/26\/seres-participa-de-reuniao-de-divulgacao-dos-resultados-do-ppa-participativo\/","title":{"rendered":"Seres participa de reuni\u00e3o de divulga\u00e7\u00e3o dos resultados do PPA Participativo."},"content":{"rendered":"\n<p>O Governo do Estado do Piau\u00ed, por meio do Plano das Na\u00e7\u00f5es Unidas para o Desenvolvimento (PNUD) e da Secretaria do Planejamento, divulgou nesta ter\u00e7a-feira (26) os resultados das oficinas de consulta popular das plen\u00e1rias do Plano Plurianual Participativo (PPA) do Estado do Piau\u00ed. Os resultados foram apresentados de forma online pelo canal do YouTube do Governo do Estado.<\/p>\n\n\n\n<p>Para a secret\u00e1ria N\u00fabia Lopes, a pol\u00edtica estadual de participa\u00e7\u00e3o social est\u00e1 realmente acontecendo no estado e a ampla participa\u00e7\u00e3o social nas oficinas do PPA, foi um grande exemplo.<\/p>\n\n\n\n<p>&#8220;Tanto os conselhos territoriais como os conselhos de pol\u00edticas p\u00fablicas dos mais diversos territ\u00f3rios, participaram ativamente das oficinas. Percebemos o compromisso dos representantes das organiza\u00e7\u00f5es, conselhos, associa\u00e7\u00f5es e sindicatos, com as pol\u00edticas p\u00fablicas, pesando de fato em resolver situa\u00e7\u00f5es da sua comunidade, de seu territ\u00f3rio e de seu munic\u00edpio.  Foram plen\u00e1rias muito ricas e movimentadas e as propostas que foram feitas naquele momento de participa\u00e7\u00e3o, v\u00e3o definir  o direcionamento das pol\u00edticas p\u00fablicas para os pr\u00f3ximos quatro anos.  Entendemos que est\u00e1 aqui nesse momento dando a devolutiva sobre as propostas colocadas \u00e9 muito importante, e nos colocamos a disposi\u00e7\u00e3o para continuar com esse compromisso de est\u00e1 construindo coletivamente as pol\u00edticas p\u00fablicas e em especial o monitoramento  da implanta\u00e7\u00e3o nos pr\u00f3ximos quatro anos&#8221;, destacou a secret\u00e1ria.<\/p>\n\n\n<div class=\"wp-block-image\">\n<figure class=\"aligncenter size-large is-resized\"><img decoding=\"async\" loading=\"lazy\" src=\"https:\/\/portal.pi.gov.br\/seres\/wp-content\/uploads\/sites\/87\/2023\/09\/capa--1024x595.jpeg\" alt=\"\" class=\"wp-image-1408\" width=\"480\" height=\"279\" srcset=\"https:\/\/portal.pi.gov.br\/seres\/wp-content\/uploads\/sites\/87\/2023\/09\/capa--1024x595.jpeg 1024w, https:\/\/portal.pi.gov.br\/seres\/wp-content\/uploads\/sites\/87\/2023\/09\/capa--300x174.jpeg 300w, https:\/\/portal.pi.gov.br\/seres\/wp-content\/uploads\/sites\/87\/2023\/09\/capa--768x446.jpeg 768w, https:\/\/portal.pi.gov.br\/seres\/wp-content\/uploads\/sites\/87\/2023\/09\/capa--420x244.jpeg 420w, https:\/\/portal.pi.gov.br\/seres\/wp-content\/uploads\/sites\/87\/2023\/09\/capa--540x314.jpeg 540w, https:\/\/portal.pi.gov.br\/seres\/wp-content\/uploads\/sites\/87\/2023\/09\/capa--780x453.jpeg 780w, https:\/\/portal.pi.gov.br\/seres\/wp-content\/uploads\/sites\/87\/2023\/09\/capa--947x550.jpeg 947w, https:\/\/portal.pi.gov.br\/seres\/wp-content\/uploads\/sites\/87\/2023\/09\/capa--624x363.jpeg 624w, https:\/\/portal.pi.gov.br\/seres\/wp-content\/uploads\/sites\/87\/2023\/09\/capa-.jpeg 1280w\" sizes=\"(max-width: 480px) 100vw, 480px\" \/><\/figure><\/div>\n\n\n<p>As oficinas  que aconteceram nos dias 10,11 e 12 julho em Teresina, contaram com a presen\u00e7a de mais de 600 pessoas participaram das oficinas, e  funcionaram como audi\u00eancias p\u00fablicas com os conselhos de desenvolvimento territorial e demais participantes da sociedade civil. O objetivo foi ouvir a popula\u00e7\u00e3o e listar as a\u00e7\u00f5es priorit\u00e1rias definidas na elabora\u00e7\u00e3o do PPA Participativo.<\/p>\n\n\n\n<p><\/p>\n\n\n\n<p>\u201cA participa\u00e7\u00e3o dos territ\u00f3rios nos permite dar voz aos atores sociais que vivem a realidade do estado do Piau\u00ed em seus diversos munic\u00edpios\u201d, disse a secret\u00e1ria Rejane Tavares.<\/p>\n\n\n\n<p>O secret\u00e1rio Washington Bonfim  destacou o trabalho a SERES durante todo o processo. &#8221; O Plano de Governo desde o come\u00e7o tem sido pensado de forma participativa e  destacamos o papel fundamental da secretaria de Rela\u00e7\u00f5es Sociais, na mobiliza\u00e7\u00e3o e  interlocu\u00e7\u00e3o que  secret\u00e1ria N\u00fabia tem Feito&#8221;, afirmou. <\/p>\n\n\n\n<p><\/p>\n\n\n\n<p>Al\u00e9m disso o secret\u00e1rio tamb\u00e9m agradeceu a parceria t\u00e9cnica com o PNUD e ao trabalho de compila\u00e7\u00e3o de todas as sess\u00f5es e debates sobre cada um dos compromissos do Plano de Governo. \u201cDepois desse momento de valida\u00e7\u00e3o p\u00fablica e democr\u00e1tica, o governador indicou de maneira muito clara que todo o trabalho do seu governo seria orientado a partir do que foi registrado nesse plano, e desde janeiro essa tem sido a t\u00f4nica de todas as a\u00e7\u00f5es\u201d, afirmou. \u201cEsse planejamento como um todo est\u00e1 muito alinhado com o Plano Piau\u00ed 2030 e com os Objetivos de Desenvolvimento Sustent\u00e1vel\u201d, refor\u00e7ou.\u00a0<\/p>\n\n\n\n<p><\/p>\n\n\n\n<p><a href=\"https:\/\/app.powerbi.com\/view?r=eyJrIjoiOWI4ZmE0YzEtMTk1ZS00ZWUwLThiMzAtMDFjZTYxZTQ2YjI1IiwidCI6ImIwNTgyNWUyLTAyZGItNDI0YS04Y2UyLTA3OWJmMDE2ZDIwMCJ9\" data-type=\"URL\" data-id=\"https:\/\/app.powerbi.com\/view?r=eyJrIjoiOWI4ZmE0YzEtMTk1ZS00ZWUwLThiMzAtMDFjZTYxZTQ2YjI1IiwidCI6ImIwNTgyNWUyLTAyZGItNDI0YS04Y2UyLTA3OWJmMDE2ZDIwMCJ9\">Confira o resultado clicando aqui! <\/a><\/p>\n\n\n\n<p><\/p>\n\n\n\n<p> <\/p>\n\n\n\n<p><\/p>\n\n\n\n<p><\/p>\n\n\n\n<p><\/p>\n\n\n\n<p><\/p>\n","protected":false},"excerpt":{"rendered":"<p>O Governo do Estado do Piau\u00ed, por meio do Plano das Na\u00e7\u00f5es Unidas para o Desenvolvimento (PNUD) e da Secretaria do Planejamento, divulgou nesta ter\u00e7a-feira (26) os resultados das oficinas [&hellip;]<\/p>\n","protected":false},"author":1748,"featured_media":1408,"comment_status":"closed","ping_status":"closed","sticky":false,"template":"","format":"standard","meta":[],"categories":[1],"tags":[],"featured_image_urls":{"full":["https:\/\/portal.pi.gov.br\/seres\/wp-content\/uploads\/sites\/87\/2023\/09\/capa-.jpeg",1280,744,false],"thumbnail":["https:\/\/portal.pi.gov.br\/seres\/wp-content\/uploads\/sites\/87\/2023\/09\/capa--150x150.jpeg",150,150,true],"medium":["https:\/\/portal.pi.gov.br\/seres\/wp-content\/uploads\/sites\/87\/2023\/09\/capa--300x174.jpeg",300,174,true],"medium_large":["https:\/\/portal.pi.gov.br\/seres\/wp-content\/uploads\/sites\/87\/2023\/09\/capa--768x446.jpeg",768,446,true],"large":["https:\/\/portal.pi.gov.br\/seres\/wp-content\/uploads\/sites\/87\/2023\/09\/capa--1024x595.jpeg",887,515,true],"sgg-420":["https:\/\/portal.pi.gov.br\/seres\/wp-content\/uploads\/sites\/87\/2023\/09\/capa--420x244.jpeg",420,244,true],"sgg-540":["https:\/\/portal.pi.gov.br\/seres\/wp-content\/uploads\/sites\/87\/2023\/09\/capa--540x314.jpeg",540,314,true],"sgg-780":["https:\/\/portal.pi.gov.br\/seres\/wp-content\/uploads\/sites\/87\/2023\/09\/capa--780x453.jpeg",780,453,true],"1536x1536":["https:\/\/portal.pi.gov.br\/seres\/wp-content\/uploads\/sites\/87\/2023\/09\/capa-.jpeg",1280,744,false],"2048x2048":["https:\/\/portal.pi.gov.br\/seres\/wp-content\/uploads\/sites\/87\/2023\/09\/capa-.jpeg",1280,744,false],"homepage-slider":["https:\/\/portal.pi.gov.br\/seres\/wp-content\/uploads\/sites\/87\/2023\/09\/capa--1270x500.jpeg",1270,500,true],"homepage-slider-small":["https:\/\/portal.pi.gov.br\/seres\/wp-content\/uploads\/sites\/87\/2023\/09\/capa--947x500.jpeg",947,500,true],"page-top":["https:\/\/portal.pi.gov.br\/seres\/wp-content\/uploads\/sites\/87\/2023\/09\/capa--947x550.jpeg",947,550,true],"page-small":["https:\/\/portal.pi.gov.br\/seres\/wp-content\/uploads\/sites\/87\/2023\/09\/capa--624x363.jpeg",624,363,true],"loop-main":["https:\/\/portal.pi.gov.br\/seres\/wp-content\/uploads\/sites\/87\/2023\/09\/capa--365x240.jpeg",365,240,true],"thumb-gallery-widget":["https:\/\/portal.pi.gov.br\/seres\/wp-content\/uploads\/sites\/87\/2023\/09\/capa--84x56.jpeg",84,56,true]},"post_excerpt_stackable":"<p>O Governo do Estado do Piau\u00ed, por meio do Plano das Na\u00e7\u00f5es Unidas para o Desenvolvimento (PNUD) e da Secretaria do Planejamento, divulgou nesta ter\u00e7a-feira (26) os resultados das oficinas de consulta popular das plen\u00e1rias do Plano Plurianual Participativo (PPA) do Estado do Piau\u00ed. Os resultados foram apresentados de forma online pelo canal do YouTube do Governo do Estado. Para a secret\u00e1ria N\u00fabia Lopes, a pol\u00edtica estadual de participa\u00e7\u00e3o social est\u00e1 realmente acontecendo no estado e a ampla participa\u00e7\u00e3o social nas oficinas do PPA, foi um grande exemplo. &#8220;Tanto os conselhos territoriais como os conselhos de pol\u00edticas p\u00fablicas dos mais&hellip;<\/p>\n","category_list":"<a href=\"https:\/\/portal.pi.gov.br\/seres\/category\/sem-categoria\/\" rel=\"category tag\">Sem categoria<\/a>","author_info":{"name":"natalina","url":"https:\/\/portal.pi.gov.br\/seres\/author\/natalina\/"},"comments_num":"0 coment\u00e1rio","featured_image_urls_v2":{"full":["https:\/\/portal.pi.gov.br\/seres\/wp-content\/uploads\/sites\/87\/2023\/09\/capa-.jpeg",1280,744,false],"thumbnail":["https:\/\/portal.pi.gov.br\/seres\/wp-content\/uploads\/sites\/87\/2023\/09\/capa--150x150.jpeg",150,150,true],"medium":["https:\/\/portal.pi.gov.br\/seres\/wp-content\/uploads\/sites\/87\/2023\/09\/capa--300x174.jpeg",300,174,true],"medium_large":["https:\/\/portal.pi.gov.br\/seres\/wp-content\/uploads\/sites\/87\/2023\/09\/capa--768x446.jpeg",768,446,true],"large":["https:\/\/portal.pi.gov.br\/seres\/wp-content\/uploads\/sites\/87\/2023\/09\/capa--1024x595.jpeg",887,515,true],"sgg-420":["https:\/\/portal.pi.gov.br\/seres\/wp-content\/uploads\/sites\/87\/2023\/09\/capa--420x244.jpeg",420,244,true],"sgg-540":["https:\/\/portal.pi.gov.br\/seres\/wp-content\/uploads\/sites\/87\/2023\/09\/capa--540x314.jpeg",540,314,true],"sgg-780":["https:\/\/portal.pi.gov.br\/seres\/wp-content\/uploads\/sites\/87\/2023\/09\/capa--780x453.jpeg",780,453,true],"1536x1536":["https:\/\/portal.pi.gov.br\/seres\/wp-content\/uploads\/sites\/87\/2023\/09\/capa-.jpeg",1280,744,false],"2048x2048":["https:\/\/portal.pi.gov.br\/seres\/wp-content\/uploads\/sites\/87\/2023\/09\/capa-.jpeg",1280,744,false],"homepage-slider":["https:\/\/portal.pi.gov.br\/seres\/wp-content\/uploads\/sites\/87\/2023\/09\/capa--1270x500.jpeg",1270,500,true],"homepage-slider-small":["https:\/\/portal.pi.gov.br\/seres\/wp-content\/uploads\/sites\/87\/2023\/09\/capa--947x500.jpeg",947,500,true],"page-top":["https:\/\/portal.pi.gov.br\/seres\/wp-content\/uploads\/sites\/87\/2023\/09\/capa--947x550.jpeg",947,550,true],"page-small":["https:\/\/portal.pi.gov.br\/seres\/wp-content\/uploads\/sites\/87\/2023\/09\/capa--624x363.jpeg",624,363,true],"loop-main":["https:\/\/portal.pi.gov.br\/seres\/wp-content\/uploads\/sites\/87\/2023\/09\/capa--365x240.jpeg",365,240,true],"thumb-gallery-widget":["https:\/\/portal.pi.gov.br\/seres\/wp-content\/uploads\/sites\/87\/2023\/09\/capa--84x56.jpeg",84,56,true]},"post_excerpt_stackable_v2":"<p>O Governo do Estado do Piau\u00ed, por meio do Plano das Na\u00e7\u00f5es Unidas para o Desenvolvimento (PNUD) e da Secretaria do Planejamento, divulgou nesta ter\u00e7a-feira (26) os resultados das oficinas de consulta popular das plen\u00e1rias do Plano Plurianual Participativo (PPA) do Estado do Piau\u00ed. Os resultados foram apresentados de forma online pelo canal do YouTube do Governo do Estado. Para a secret\u00e1ria N\u00fabia Lopes, a pol\u00edtica estadual de participa\u00e7\u00e3o social est\u00e1 realmente acontecendo no estado e a ampla participa\u00e7\u00e3o social nas oficinas do PPA, foi um grande exemplo. &#8220;Tanto os conselhos territoriais como os conselhos de pol\u00edticas p\u00fablicas dos mais&hellip;<\/p>\n","category_list_v2":"<a href=\"https:\/\/portal.pi.gov.br\/seres\/category\/sem-categoria\/\" rel=\"category tag\">Sem categoria<\/a>","author_info_v2":{"name":"natalina","url":"https:\/\/portal.pi.gov.br\/seres\/author\/natalina\/"},"comments_num_v2":"0 coment\u00e1rio","jetpack_featured_media_url":"https:\/\/portal.pi.gov.br\/seres\/wp-content\/uploads\/sites\/87\/2023\/09\/capa-.jpeg","_links":{"self":[{"href":"https:\/\/portal.pi.gov.br\/seres\/wp-json\/wp\/v2\/posts\/1406"}],"collection":[{"href":"https:\/\/portal.pi.gov.br\/seres\/wp-json\/wp\/v2\/posts"}],"about":[{"href":"https:\/\/portal.pi.gov.br\/seres\/wp-json\/wp\/v2\/types\/post"}],"author":[{"embeddable":true,"href":"https:\/\/portal.pi.gov.br\/seres\/wp-json\/wp\/v2\/users\/1748"}],"replies":[{"embeddable":true,"href":"https:\/\/portal.pi.gov.br\/seres\/wp-json\/wp\/v2\/comments?post=1406"}],"version-history":[{"count":13,"href":"https:\/\/portal.pi.gov.br\/seres\/wp-json\/wp\/v2\/posts\/1406\/revisions"}],"predecessor-version":[{"id":1431,"href":"https:\/\/portal.pi.gov.br\/seres\/wp-json\/wp\/v2\/posts\/1406\/revisions\/1431"}],"wp:featuredmedia":[{"embeddable":true,"href":"https:\/\/portal.pi.gov.br\/seres\/wp-json\/wp\/v2\/media\/1408"}],"wp:attachment":[{"href":"https:\/\/portal.pi.gov.br\/seres\/wp-json\/wp\/v2\/media?parent=1406"}],"wp:term":[{"taxonomy":"category","embeddable":true,"href":"https:\/\/portal.pi.gov.br\/seres\/wp-json\/wp\/v2\/categories?post=1406"},{"taxonomy":"post_tag","embeddable":true,"href":"https:\/\/portal.pi.gov.br\/seres\/wp-json\/wp\/v2\/tags?post=1406"}],"curies":[{"name":"wp","href":"https:\/\/api.w.org\/{rel}","templated":true}]}}