{"id":1452,"date":"2023-10-04T21:21:03","date_gmt":"2023-10-05T00:21:03","guid":{"rendered":"https:\/\/portal.pi.gov.br\/seres\/?p=1452"},"modified":"2023-10-05T12:13:00","modified_gmt":"2023-10-05T15:13:00","slug":"secretaria-de-relacoes-sociais-participa-da-15a-conferencia-estadual-de-assistencia-social","status":"publish","type":"post","link":"https:\/\/portal.pi.gov.br\/seres\/2023\/10\/04\/secretaria-de-relacoes-sociais-participa-da-15a-conferencia-estadual-de-assistencia-social\/","title":{"rendered":"Seres participa da 15\u00aa Confer\u00eancia Estadual de Assist\u00eancia Social"},"content":{"rendered":"\n<p>Com o tema \u201cReconstru\u00e7\u00e3o do SUAS: o SUAS que temos e o SUAS que queremos\u201d, A Secretaria da Assist\u00eancia Social, Trabalho e Direitos Humanos (Sasc) em parceria com  o Conselho Estadual de Assist\u00eancia Social do Piau\u00ed realizam a 15\u00aa Confer\u00eancia Estadual de Assist\u00eancia Social, em Teresina. Mais de 600 pessoas de 221 munic\u00edpios participam do evento que acontece hoje(4) e  amanh\u00e3 (5) at\u00e9 as 17h.<\/p>\n\n\n<div class=\"wp-block-image\">\n<figure class=\"aligncenter size-large is-resized\"><img decoding=\"async\" loading=\"lazy\" src=\"https:\/\/portal.pi.gov.br\/seres\/wp-content\/uploads\/sites\/87\/2023\/10\/WhatsApp-Image-2023-10-04-at-10.49.43-1024x768.jpeg\" alt=\"\" class=\"wp-image-1465\" width=\"565\" height=\"424\" srcset=\"https:\/\/portal.pi.gov.br\/seres\/wp-content\/uploads\/sites\/87\/2023\/10\/WhatsApp-Image-2023-10-04-at-10.49.43-1024x768.jpeg 1024w, https:\/\/portal.pi.gov.br\/seres\/wp-content\/uploads\/sites\/87\/2023\/10\/WhatsApp-Image-2023-10-04-at-10.49.43-300x225.jpeg 300w, https:\/\/portal.pi.gov.br\/seres\/wp-content\/uploads\/sites\/87\/2023\/10\/WhatsApp-Image-2023-10-04-at-10.49.43-768x576.jpeg 768w, https:\/\/portal.pi.gov.br\/seres\/wp-content\/uploads\/sites\/87\/2023\/10\/WhatsApp-Image-2023-10-04-at-10.49.43-420x315.jpeg 420w, https:\/\/portal.pi.gov.br\/seres\/wp-content\/uploads\/sites\/87\/2023\/10\/WhatsApp-Image-2023-10-04-at-10.49.43-540x405.jpeg 540w, https:\/\/portal.pi.gov.br\/seres\/wp-content\/uploads\/sites\/87\/2023\/10\/WhatsApp-Image-2023-10-04-at-10.49.43-780x585.jpeg 780w, https:\/\/portal.pi.gov.br\/seres\/wp-content\/uploads\/sites\/87\/2023\/10\/WhatsApp-Image-2023-10-04-at-10.49.43-947x710.jpeg 947w, https:\/\/portal.pi.gov.br\/seres\/wp-content\/uploads\/sites\/87\/2023\/10\/WhatsApp-Image-2023-10-04-at-10.49.43-624x468.jpeg 624w, https:\/\/portal.pi.gov.br\/seres\/wp-content\/uploads\/sites\/87\/2023\/10\/WhatsApp-Image-2023-10-04-at-10.49.43.jpeg 1280w\" sizes=\"(max-width: 565px) 100vw, 565px\" \/><figcaption class=\"wp-element-caption\"><em><sub>   Foto: Natalina Alves<\/sub><\/em><\/figcaption><\/figure><\/div>\n\n\n<p>&#8220;Esse \u00e9 um momento muito importante de democracia e participa\u00e7\u00e3o social, onde os conselhos est\u00e3o articulando as pol\u00edticas e principalmente, fazendo com que aqueles que mais precisam sejam beneficiados com essas pol\u00edticas. Ent\u00e3o nos parabenizamos a   secret\u00e1ria da Assist\u00eancia Social, Trabalho e Direitos Humanos, Regina Sousa, e toda sua equipe, nosso governador Rafael Fonteles e nosso ministro Wellington Dias, que est\u00e1 a frente dessa grande miss\u00e3o do combate a pobreza e de coordenar toda essa pol\u00edtica nacional de assist\u00eancia social. Ent\u00e3o Viva a participa\u00e7\u00e3o social, viva o SUAS  e viva nosso povo&#8221;, destacou a secret\u00e1ria de Estado das Rela\u00e7\u00f5es Sociais, N\u00fabia Lopes,&nbsp;<\/p>\n\n\n\n<p><\/p>\n\n\n<div class=\"wp-block-image\">\n<figure class=\"aligncenter size-full is-resized\"><img decoding=\"async\" loading=\"lazy\" src=\"https:\/\/portal.pi.gov.br\/seres\/wp-content\/uploads\/sites\/87\/2023\/10\/56.jpeg\" alt=\"\" class=\"wp-image-1464\" width=\"573\" height=\"382\" srcset=\"https:\/\/portal.pi.gov.br\/seres\/wp-content\/uploads\/sites\/87\/2023\/10\/56.jpeg 1024w, https:\/\/portal.pi.gov.br\/seres\/wp-content\/uploads\/sites\/87\/2023\/10\/56-300x200.jpeg 300w, https:\/\/portal.pi.gov.br\/seres\/wp-content\/uploads\/sites\/87\/2023\/10\/56-768x512.jpeg 768w, https:\/\/portal.pi.gov.br\/seres\/wp-content\/uploads\/sites\/87\/2023\/10\/56-420x280.jpeg 420w, https:\/\/portal.pi.gov.br\/seres\/wp-content\/uploads\/sites\/87\/2023\/10\/56-540x360.jpeg 540w, https:\/\/portal.pi.gov.br\/seres\/wp-content\/uploads\/sites\/87\/2023\/10\/56-780x520.jpeg 780w, https:\/\/portal.pi.gov.br\/seres\/wp-content\/uploads\/sites\/87\/2023\/10\/56-947x632.jpeg 947w, https:\/\/portal.pi.gov.br\/seres\/wp-content\/uploads\/sites\/87\/2023\/10\/56-624x416.jpeg 624w, https:\/\/portal.pi.gov.br\/seres\/wp-content\/uploads\/sites\/87\/2023\/10\/56-84x56.jpeg 84w\" sizes=\"(max-width: 573px) 100vw, 573px\" \/><figcaption class=\"wp-element-caption\"><em><sub> Foto: Natalina Alves<\/sub><\/em><\/figcaption><\/figure><\/div>\n\n\n<p>Para a  secret\u00e1ria da Assist\u00eancia Social, Trabalho e Direitos Humanos, Regina Sousa, as confer\u00eancias s\u00e3o um f\u00f3rum de debate, o mais democr\u00e1tico, porque re\u00fane as vozes de todos os setores da sociedade. \u201c\u00c9 a voz de todo mundo, \u00e0s vezes, h\u00e1 discord\u00e2ncia, que vai se juntar em uma proposta \u00fanica para trabalhar para todos.\u201d<\/p>\n\n\n\n<p><\/p>\n\n\n\n<p><\/p>\n\n\n\n<p>A Confer\u00eancia iniciou com o credenciamento e uma apresenta\u00e7\u00e3o cultural. Em seguida, ocorreu a leitura e aprova\u00e7\u00e3o do regime interno, seguida de uma Palestra Magna \u2018\u2019Reconstru\u00e7\u00e3o do SUAS: o SUAS que temos e o SUAS que queremos\u2019\u2019.<\/p>\n\n\n\n<p>Neste primeiro dia foi apresentado um panorama das delibera\u00e7\u00f5es da \u00faltima confer\u00eancia, e realizado duas mesas de debate: Financiamento e or\u00e7amento de natureza obrigat\u00f3ria, como instrumento para uma gest\u00e3o de compromisso e responsabilidades dos entes federativos para garantia dos direitos socioassistenciais contemplando as especificidades regionais do pa\u00eds com a professora da Universidade Federal do Piau\u00ed (UFPI), Mauric\u00e9ia L\u00edgia, e Qualifica\u00e7\u00e3o e estrutura\u00e7\u00e3o das inst\u00e2ncias de Controle Social com diretrizes democr\u00e1ticas e participativas; com a professora Teresa Cristina, &nbsp;da UFPI. &nbsp;<\/p>\n\n\n\n<p>A presidente do Conselho Estadual de Assist\u00eancia Social, Stephanie Santos, falou sobre a import\u00e2ncia do momento e da oportunidade de propor e avaliar diretrizes. \u2018\u2019Esse momento \u00e9 de reconstru\u00e7\u00e3o e todos os atores envolvidos no desenvolvimento das a\u00e7\u00f5es dessa pol\u00edtica v\u00e3o ter a oportunidade de avaliar e propor diretrizes para o estado, para a uni\u00e3o e para os pr\u00f3ximos anos\u2019\u2019, frisou a presidente.<\/p>\n\n\n\n<p>&nbsp;O secret\u00e1rio nacional da Assist\u00eancia Social, Andr\u00e9 Quint\u00e3o falou um pouco sobre a reconstru\u00e7\u00e3o do SUAS. \u2018\u2019A reconstru\u00e7\u00e3o significa exatamente isso, n\u00f3s estabelecemos um padr\u00e3o de financiamento, de responsabilidade entre estados, munic\u00edpios e governo federal e de valoriza\u00e7\u00e3o das trabalhadoras e trabalhadores desse sistema, das entidades que prestam servi\u00e7os sem fins lucrativos, objetivando o acolhimento, a garantia do conv\u00edvio familiar e a renda, para que junto \u00e0s outras pol\u00edticas p\u00fablicas a gente possa superar a fome e a pobreza em nosso pa\u00eds,\u2019\u2019 explicou o secret\u00e1rio.<\/p>\n\n\n\n<p>A confer\u00eancia continua amanh\u00e3, come\u00e7ando com a mesa de abertura: Comemora\u00e7\u00e3o aos 30 anos da Lei Org\u00e2nica da Assist\u00eancia Social. Em seguida acontece a discuss\u00e3o dos 5 eixos, e ao final a apresenta\u00e7\u00e3o de propostas aprovadas no GT e plen\u00e1ria de escolhas dos delegados por segmentos.<\/p>\n\n\n\n<p><\/p>\n\n\n\n<p><strong>Rep\u00f3rter:<\/strong>\u00a0Natalina Alves <\/p>\n","protected":false},"excerpt":{"rendered":"<p>Com o tema \u201cReconstru\u00e7\u00e3o do SUAS: o SUAS que temos e o SUAS que queremos\u201d, A Secretaria da Assist\u00eancia Social, Trabalho e Direitos Humanos (Sasc) em parceria com o Conselho [&hellip;]<\/p>\n","protected":false},"author":1748,"featured_media":1456,"comment_status":"closed","ping_status":"closed","sticky":false,"template":"","format":"standard","meta":[],"categories":[34],"tags":[],"featured_image_urls":{"full":["https:\/\/portal.pi.gov.br\/seres\/wp-content\/uploads\/sites\/87\/2023\/10\/04.jpeg",1024,683,false],"thumbnail":["https:\/\/portal.pi.gov.br\/seres\/wp-content\/uploads\/sites\/87\/2023\/10\/04-150x150.jpeg",150,150,true],"medium":["https:\/\/portal.pi.gov.br\/seres\/wp-content\/uploads\/sites\/87\/2023\/10\/04-300x200.jpeg",300,200,true],"medium_large":["https:\/\/portal.pi.gov.br\/seres\/wp-content\/uploads\/sites\/87\/2023\/10\/04-768x512.jpeg",768,512,true],"large":["https:\/\/portal.pi.gov.br\/seres\/wp-content\/uploads\/sites\/87\/2023\/10\/04.jpeg",887,592,false],"sgg-420":["https:\/\/portal.pi.gov.br\/seres\/wp-content\/uploads\/sites\/87\/2023\/10\/04-420x280.jpeg",420,280,true],"sgg-540":["https:\/\/portal.pi.gov.br\/seres\/wp-content\/uploads\/sites\/87\/2023\/10\/04-540x360.jpeg",540,360,true],"sgg-780":["https:\/\/portal.pi.gov.br\/seres\/wp-content\/uploads\/sites\/87\/2023\/10\/04-780x520.jpeg",780,520,true],"1536x1536":["https:\/\/portal.pi.gov.br\/seres\/wp-content\/uploads\/sites\/87\/2023\/10\/04.jpeg",1024,683,false],"2048x2048":["https:\/\/portal.pi.gov.br\/seres\/wp-content\/uploads\/sites\/87\/2023\/10\/04.jpeg",1024,683,false],"homepage-slider":["https:\/\/portal.pi.gov.br\/seres\/wp-content\/uploads\/sites\/87\/2023\/10\/04-1024x500.jpeg",1024,500,true],"homepage-slider-small":["https:\/\/portal.pi.gov.br\/seres\/wp-content\/uploads\/sites\/87\/2023\/10\/04-947x500.jpeg",947,500,true],"page-top":["https:\/\/portal.pi.gov.br\/seres\/wp-content\/uploads\/sites\/87\/2023\/10\/04-947x632.jpeg",947,632,true],"page-small":["https:\/\/portal.pi.gov.br\/seres\/wp-content\/uploads\/sites\/87\/2023\/10\/04-624x416.jpeg",624,416,true],"loop-main":["https:\/\/portal.pi.gov.br\/seres\/wp-content\/uploads\/sites\/87\/2023\/10\/04-365x240.jpeg",365,240,true],"thumb-gallery-widget":["https:\/\/portal.pi.gov.br\/seres\/wp-content\/uploads\/sites\/87\/2023\/10\/04-84x56.jpeg",84,56,true]},"post_excerpt_stackable":"<p>Com o tema \u201cReconstru\u00e7\u00e3o do SUAS: o SUAS que temos e o SUAS que queremos\u201d, A Secretaria da Assist\u00eancia Social, Trabalho e Direitos Humanos (Sasc) em parceria com o Conselho Estadual de Assist\u00eancia Social do Piau\u00ed realizam a 15\u00aa Confer\u00eancia Estadual de Assist\u00eancia Social, em Teresina. Mais de 600 pessoas de 221 munic\u00edpios participam do evento que acontece hoje(4) e amanh\u00e3 (5) at\u00e9 as 17h. Foto: Natalina Alves &#8220;Esse \u00e9 um momento muito importante de democracia e participa\u00e7\u00e3o social, onde os conselhos est\u00e3o articulando as pol\u00edticas e principalmente, fazendo com que aqueles que mais precisam sejam beneficiados com essas pol\u00edticas.&hellip;<\/p>\n","category_list":"<a href=\"https:\/\/portal.pi.gov.br\/seres\/category\/noticias\/\" rel=\"category tag\">Not\u00edcias<\/a>","author_info":{"name":"natalina","url":"https:\/\/portal.pi.gov.br\/seres\/author\/natalina\/"},"comments_num":"0 coment\u00e1rio","featured_image_urls_v2":{"full":["https:\/\/portal.pi.gov.br\/seres\/wp-content\/uploads\/sites\/87\/2023\/10\/04.jpeg",1024,683,false],"thumbnail":["https:\/\/portal.pi.gov.br\/seres\/wp-content\/uploads\/sites\/87\/2023\/10\/04-150x150.jpeg",150,150,true],"medium":["https:\/\/portal.pi.gov.br\/seres\/wp-content\/uploads\/sites\/87\/2023\/10\/04-300x200.jpeg",300,200,true],"medium_large":["https:\/\/portal.pi.gov.br\/seres\/wp-content\/uploads\/sites\/87\/2023\/10\/04-768x512.jpeg",768,512,true],"large":["https:\/\/portal.pi.gov.br\/seres\/wp-content\/uploads\/sites\/87\/2023\/10\/04.jpeg",887,592,false],"sgg-420":["https:\/\/portal.pi.gov.br\/seres\/wp-content\/uploads\/sites\/87\/2023\/10\/04-420x280.jpeg",420,280,true],"sgg-540":["https:\/\/portal.pi.gov.br\/seres\/wp-content\/uploads\/sites\/87\/2023\/10\/04-540x360.jpeg",540,360,true],"sgg-780":["https:\/\/portal.pi.gov.br\/seres\/wp-content\/uploads\/sites\/87\/2023\/10\/04-780x520.jpeg",780,520,true],"1536x1536":["https:\/\/portal.pi.gov.br\/seres\/wp-content\/uploads\/sites\/87\/2023\/10\/04.jpeg",1024,683,false],"2048x2048":["https:\/\/portal.pi.gov.br\/seres\/wp-content\/uploads\/sites\/87\/2023\/10\/04.jpeg",1024,683,false],"homepage-slider":["https:\/\/portal.pi.gov.br\/seres\/wp-content\/uploads\/sites\/87\/2023\/10\/04-1024x500.jpeg",1024,500,true],"homepage-slider-small":["https:\/\/portal.pi.gov.br\/seres\/wp-content\/uploads\/sites\/87\/2023\/10\/04-947x500.jpeg",947,500,true],"page-top":["https:\/\/portal.pi.gov.br\/seres\/wp-content\/uploads\/sites\/87\/2023\/10\/04-947x632.jpeg",947,632,true],"page-small":["https:\/\/portal.pi.gov.br\/seres\/wp-content\/uploads\/sites\/87\/2023\/10\/04-624x416.jpeg",624,416,true],"loop-main":["https:\/\/portal.pi.gov.br\/seres\/wp-content\/uploads\/sites\/87\/2023\/10\/04-365x240.jpeg",365,240,true],"thumb-gallery-widget":["https:\/\/portal.pi.gov.br\/seres\/wp-content\/uploads\/sites\/87\/2023\/10\/04-84x56.jpeg",84,56,true]},"post_excerpt_stackable_v2":"<p>Com o tema \u201cReconstru\u00e7\u00e3o do SUAS: o SUAS que temos e o SUAS que queremos\u201d, A Secretaria da Assist\u00eancia Social, Trabalho e Direitos Humanos (Sasc) em parceria com o Conselho Estadual de Assist\u00eancia Social do Piau\u00ed realizam a 15\u00aa Confer\u00eancia Estadual de Assist\u00eancia Social, em Teresina. Mais de 600 pessoas de 221 munic\u00edpios participam do evento que acontece hoje(4) e amanh\u00e3 (5) at\u00e9 as 17h. Foto: Natalina Alves &#8220;Esse \u00e9 um momento muito importante de democracia e participa\u00e7\u00e3o social, onde os conselhos est\u00e3o articulando as pol\u00edticas e principalmente, fazendo com que aqueles que mais precisam sejam beneficiados com essas pol\u00edticas.&hellip;<\/p>\n","category_list_v2":"<a href=\"https:\/\/portal.pi.gov.br\/seres\/category\/noticias\/\" rel=\"category tag\">Not\u00edcias<\/a>","author_info_v2":{"name":"natalina","url":"https:\/\/portal.pi.gov.br\/seres\/author\/natalina\/"},"comments_num_v2":"0 coment\u00e1rio","jetpack_featured_media_url":"https:\/\/portal.pi.gov.br\/seres\/wp-content\/uploads\/sites\/87\/2023\/10\/04.jpeg","_links":{"self":[{"href":"https:\/\/portal.pi.gov.br\/seres\/wp-json\/wp\/v2\/posts\/1452"}],"collection":[{"href":"https:\/\/portal.pi.gov.br\/seres\/wp-json\/wp\/v2\/posts"}],"about":[{"href":"https:\/\/portal.pi.gov.br\/seres\/wp-json\/wp\/v2\/types\/post"}],"author":[{"embeddable":true,"href":"https:\/\/portal.pi.gov.br\/seres\/wp-json\/wp\/v2\/users\/1748"}],"replies":[{"embeddable":true,"href":"https:\/\/portal.pi.gov.br\/seres\/wp-json\/wp\/v2\/comments?post=1452"}],"version-history":[{"count":11,"href":"https:\/\/portal.pi.gov.br\/seres\/wp-json\/wp\/v2\/posts\/1452\/revisions"}],"predecessor-version":[{"id":1505,"href":"https:\/\/portal.pi.gov.br\/seres\/wp-json\/wp\/v2\/posts\/1452\/revisions\/1505"}],"wp:featuredmedia":[{"embeddable":true,"href":"https:\/\/portal.pi.gov.br\/seres\/wp-json\/wp\/v2\/media\/1456"}],"wp:attachment":[{"href":"https:\/\/portal.pi.gov.br\/seres\/wp-json\/wp\/v2\/media?parent=1452"}],"wp:term":[{"taxonomy":"category","embeddable":true,"href":"https:\/\/portal.pi.gov.br\/seres\/wp-json\/wp\/v2\/categories?post=1452"},{"taxonomy":"post_tag","embeddable":true,"href":"https:\/\/portal.pi.gov.br\/seres\/wp-json\/wp\/v2\/tags?post=1452"}],"curies":[{"name":"wp","href":"https:\/\/api.w.org\/{rel}","templated":true}]}}