{"id":1550,"date":"2023-10-11T21:13:27","date_gmt":"2023-10-12T00:13:27","guid":{"rendered":"https:\/\/portal.pi.gov.br\/seres\/?p=1550"},"modified":"2023-10-12T22:49:55","modified_gmt":"2023-10-13T01:49:55","slug":"secretaria-prestigia-abertura-do-xvi-encontro-nacional-de-estudantes-da-terceira-idade-de-instituicoes-de-ensino-superior","status":"publish","type":"post","link":"https:\/\/portal.pi.gov.br\/seres\/2023\/10\/11\/secretaria-prestigia-abertura-do-xvi-encontro-nacional-de-estudantes-da-terceira-idade-de-instituicoes-de-ensino-superior\/","title":{"rendered":"Secret\u00e1ria N\u00fabia Lopes prestigia abertura do XVI Encontro Nacional de Estudantes da Terceira Idade de Institui\u00e7\u00f5es de Ensino Superior"},"content":{"rendered":"\n<p>A secret\u00e1ria N\u00fabia Lopes, representou o governador Rafael Fonteles, na solenidade de abertura do XVI Encontro Nacional de Estudantes da Terceira Idade de Institui\u00e7\u00f5es de Ensino Superior, no Blue Tree Hotel. O encontro acontece nos dias 11, 12 e 13 de outubro.  O evento \u00e9 uma a\u00e7\u00e3o desenvolvida para impulsionar atividades pautadas nos eixos de ensino, pesquisa e extens\u00e3o, atrav\u00e9s da forma\u00e7\u00e3o continuada para idosos, e contar\u00e1 com a participa\u00e7\u00e3o de discentes da Universidade Aberta para a Terceira Idade (UNATI) do Rio de Janeiro, da Bahia, do Tocantins, entre outros estados.<\/p>\n\n\n<div class=\"wp-block-image\">\n<figure class=\"aligncenter size-large is-resized\"><img decoding=\"async\" loading=\"lazy\" src=\"https:\/\/portal.pi.gov.br\/seres\/wp-content\/uploads\/sites\/87\/2023\/10\/WhatsApp-Image-2023-10-11-at-19.52.15-2-1024x768.jpeg\" alt=\"\" class=\"wp-image-1551\" width=\"506\" height=\"380\" srcset=\"https:\/\/portal.pi.gov.br\/seres\/wp-content\/uploads\/sites\/87\/2023\/10\/WhatsApp-Image-2023-10-11-at-19.52.15-2-1024x768.jpeg 1024w, https:\/\/portal.pi.gov.br\/seres\/wp-content\/uploads\/sites\/87\/2023\/10\/WhatsApp-Image-2023-10-11-at-19.52.15-2-300x225.jpeg 300w, https:\/\/portal.pi.gov.br\/seres\/wp-content\/uploads\/sites\/87\/2023\/10\/WhatsApp-Image-2023-10-11-at-19.52.15-2-768x576.jpeg 768w, https:\/\/portal.pi.gov.br\/seres\/wp-content\/uploads\/sites\/87\/2023\/10\/WhatsApp-Image-2023-10-11-at-19.52.15-2-420x315.jpeg 420w, https:\/\/portal.pi.gov.br\/seres\/wp-content\/uploads\/sites\/87\/2023\/10\/WhatsApp-Image-2023-10-11-at-19.52.15-2-540x405.jpeg 540w, https:\/\/portal.pi.gov.br\/seres\/wp-content\/uploads\/sites\/87\/2023\/10\/WhatsApp-Image-2023-10-11-at-19.52.15-2-780x585.jpeg 780w, https:\/\/portal.pi.gov.br\/seres\/wp-content\/uploads\/sites\/87\/2023\/10\/WhatsApp-Image-2023-10-11-at-19.52.15-2-947x710.jpeg 947w, https:\/\/portal.pi.gov.br\/seres\/wp-content\/uploads\/sites\/87\/2023\/10\/WhatsApp-Image-2023-10-11-at-19.52.15-2-624x468.jpeg 624w, https:\/\/portal.pi.gov.br\/seres\/wp-content\/uploads\/sites\/87\/2023\/10\/WhatsApp-Image-2023-10-11-at-19.52.15-2.jpeg 1280w\" sizes=\"(max-width: 506px) 100vw, 506px\" \/><\/figure><\/div>\n\n\n<p><\/p>\n\n\n\n<p>O XVI Encontro Nacional de Estudantes e Coordenadores da Terceira Idad<strong>e <\/strong>trar\u00e1 aos participantes a oportunidade de capacitar estudantes e profissionais da \u00e1rea de educa\u00e7\u00e3o f\u00edsica para desempenhar um papel fundamental na melhoria do envelhecimento da popula\u00e7\u00e3o, afirma o coordenador da UNATI, Mois\u00e9s Mendes. \u201cDentro do contexto do F\u00f3rum Nacional, iremos proporcionar um espa\u00e7o de aprendizado e troca de conhecimentos voltados especificamente para os profissionais da educa\u00e7\u00e3o f\u00edsica. Pretendemos abordar temas cruciais, como a autonomia do idoso, a promo\u00e7\u00e3o da qualidade de vida e a import\u00e2ncia de se debater o envelhecimento de forma abrangente\u201d.<\/p>\n\n\n\n<p><\/p>\n\n\n<div class=\"wp-block-image\">\n<figure class=\"aligncenter size-full is-resized\"><img decoding=\"async\" loading=\"lazy\" src=\"https:\/\/portal.pi.gov.br\/seres\/wp-content\/uploads\/sites\/87\/2023\/10\/WhatsApp-Image-2023-10-11-at-19.52.14-1.jpeg\" alt=\"\" class=\"wp-image-1554\" width=\"488\" height=\"366\" srcset=\"https:\/\/portal.pi.gov.br\/seres\/wp-content\/uploads\/sites\/87\/2023\/10\/WhatsApp-Image-2023-10-11-at-19.52.14-1.jpeg 1024w, https:\/\/portal.pi.gov.br\/seres\/wp-content\/uploads\/sites\/87\/2023\/10\/WhatsApp-Image-2023-10-11-at-19.52.14-1-300x225.jpeg 300w, https:\/\/portal.pi.gov.br\/seres\/wp-content\/uploads\/sites\/87\/2023\/10\/WhatsApp-Image-2023-10-11-at-19.52.14-1-768x576.jpeg 768w, https:\/\/portal.pi.gov.br\/seres\/wp-content\/uploads\/sites\/87\/2023\/10\/WhatsApp-Image-2023-10-11-at-19.52.14-1-420x315.jpeg 420w, https:\/\/portal.pi.gov.br\/seres\/wp-content\/uploads\/sites\/87\/2023\/10\/WhatsApp-Image-2023-10-11-at-19.52.14-1-540x405.jpeg 540w, https:\/\/portal.pi.gov.br\/seres\/wp-content\/uploads\/sites\/87\/2023\/10\/WhatsApp-Image-2023-10-11-at-19.52.14-1-780x585.jpeg 780w, https:\/\/portal.pi.gov.br\/seres\/wp-content\/uploads\/sites\/87\/2023\/10\/WhatsApp-Image-2023-10-11-at-19.52.14-1-947x710.jpeg 947w, https:\/\/portal.pi.gov.br\/seres\/wp-content\/uploads\/sites\/87\/2023\/10\/WhatsApp-Image-2023-10-11-at-19.52.14-1-624x468.jpeg 624w\" sizes=\"(max-width: 488px) 100vw, 488px\" \/><\/figure><\/div>\n\n\n<p><\/p>\n\n\n\n<p>No Piau\u00ed, o desenvolvimento das atividades da UNATI\/UESPI possibilita aos alunos da terceira idade a aquisi\u00e7\u00e3o de novos conhecimentos, incentivando a troca de experi\u00eancias entre os participantes e a comunidade acad\u00eamica jovem. Al\u00e9m de cumprir parte do papel da extens\u00e3o universit\u00e1ria desenvolvida pela UESPI, a UNATI contribui na melhoria da qualidade de vida de pessoas na Terceira Idade.<\/p>\n\n\n<div class=\"wp-block-image\">\n<figure class=\"aligncenter size-large is-resized\"><img decoding=\"async\" loading=\"lazy\" src=\"https:\/\/portal.pi.gov.br\/seres\/wp-content\/uploads\/sites\/87\/2023\/10\/WhatsApp-Image-2023-10-11-at-19.52.15-1-1024x768.jpeg\" alt=\"\" class=\"wp-image-1552\" width=\"519\" height=\"389\" srcset=\"https:\/\/portal.pi.gov.br\/seres\/wp-content\/uploads\/sites\/87\/2023\/10\/WhatsApp-Image-2023-10-11-at-19.52.15-1-1024x768.jpeg 1024w, https:\/\/portal.pi.gov.br\/seres\/wp-content\/uploads\/sites\/87\/2023\/10\/WhatsApp-Image-2023-10-11-at-19.52.15-1-300x225.jpeg 300w, https:\/\/portal.pi.gov.br\/seres\/wp-content\/uploads\/sites\/87\/2023\/10\/WhatsApp-Image-2023-10-11-at-19.52.15-1-768x576.jpeg 768w, https:\/\/portal.pi.gov.br\/seres\/wp-content\/uploads\/sites\/87\/2023\/10\/WhatsApp-Image-2023-10-11-at-19.52.15-1-420x315.jpeg 420w, https:\/\/portal.pi.gov.br\/seres\/wp-content\/uploads\/sites\/87\/2023\/10\/WhatsApp-Image-2023-10-11-at-19.52.15-1-540x405.jpeg 540w, https:\/\/portal.pi.gov.br\/seres\/wp-content\/uploads\/sites\/87\/2023\/10\/WhatsApp-Image-2023-10-11-at-19.52.15-1-780x585.jpeg 780w, https:\/\/portal.pi.gov.br\/seres\/wp-content\/uploads\/sites\/87\/2023\/10\/WhatsApp-Image-2023-10-11-at-19.52.15-1-947x710.jpeg 947w, https:\/\/portal.pi.gov.br\/seres\/wp-content\/uploads\/sites\/87\/2023\/10\/WhatsApp-Image-2023-10-11-at-19.52.15-1-624x468.jpeg 624w, https:\/\/portal.pi.gov.br\/seres\/wp-content\/uploads\/sites\/87\/2023\/10\/WhatsApp-Image-2023-10-11-at-19.52.15-1.jpeg 1280w\" sizes=\"(max-width: 519px) 100vw, 519px\" \/><\/figure><\/div>\n\n\n<p>A programa\u00e7\u00e3o completa do f\u00f3rum j\u00e1 est\u00e1 dispon\u00edvel no site oficial da UESPI e as inscri\u00e7\u00f5es podem ser realizadas com o Coordenador da UNATI, Mois\u00e9s Mendes, ou atrav\u00e9s do preenchimento de um formul\u00e1rio presente em nosso perfil no Instagram: @forumncti. Mais informa\u00e7\u00f5es podem ser obtidas atrav\u00e9s do telefone (86) 9914-8000.<\/p>\n\n\n\n<p><\/p>\n\n\n\n<p><strong>Rep\u00f3rter:<\/strong>\u00a0 Cristiana Nunes<\/p>\n","protected":false},"excerpt":{"rendered":"<p>A secret\u00e1ria N\u00fabia Lopes, representou o governador Rafael Fonteles, na solenidade de abertura do XVI Encontro Nacional de Estudantes da Terceira Idade de Institui\u00e7\u00f5es de Ensino Superior, no Blue Tree [&hellip;]<\/p>\n","protected":false},"author":1748,"featured_media":1551,"comment_status":"closed","ping_status":"closed","sticky":false,"template":"","format":"standard","meta":[],"categories":[34],"tags":[],"featured_image_urls":{"full":["https:\/\/portal.pi.gov.br\/seres\/wp-content\/uploads\/sites\/87\/2023\/10\/WhatsApp-Image-2023-10-11-at-19.52.15-2.jpeg",1280,960,false],"thumbnail":["https:\/\/portal.pi.gov.br\/seres\/wp-content\/uploads\/sites\/87\/2023\/10\/WhatsApp-Image-2023-10-11-at-19.52.15-2-150x150.jpeg",150,150,true],"medium":["https:\/\/portal.pi.gov.br\/seres\/wp-content\/uploads\/sites\/87\/2023\/10\/WhatsApp-Image-2023-10-11-at-19.52.15-2-300x225.jpeg",300,225,true],"medium_large":["https:\/\/portal.pi.gov.br\/seres\/wp-content\/uploads\/sites\/87\/2023\/10\/WhatsApp-Image-2023-10-11-at-19.52.15-2-768x576.jpeg",768,576,true],"large":["https:\/\/portal.pi.gov.br\/seres\/wp-content\/uploads\/sites\/87\/2023\/10\/WhatsApp-Image-2023-10-11-at-19.52.15-2-1024x768.jpeg",887,665,true],"sgg-420":["https:\/\/portal.pi.gov.br\/seres\/wp-content\/uploads\/sites\/87\/2023\/10\/WhatsApp-Image-2023-10-11-at-19.52.15-2-420x315.jpeg",420,315,true],"sgg-540":["https:\/\/portal.pi.gov.br\/seres\/wp-content\/uploads\/sites\/87\/2023\/10\/WhatsApp-Image-2023-10-11-at-19.52.15-2-540x405.jpeg",540,405,true],"sgg-780":["https:\/\/portal.pi.gov.br\/seres\/wp-content\/uploads\/sites\/87\/2023\/10\/WhatsApp-Image-2023-10-11-at-19.52.15-2-780x585.jpeg",780,585,true],"1536x1536":["https:\/\/portal.pi.gov.br\/seres\/wp-content\/uploads\/sites\/87\/2023\/10\/WhatsApp-Image-2023-10-11-at-19.52.15-2.jpeg",1280,960,false],"2048x2048":["https:\/\/portal.pi.gov.br\/seres\/wp-content\/uploads\/sites\/87\/2023\/10\/WhatsApp-Image-2023-10-11-at-19.52.15-2.jpeg",1280,960,false],"homepage-slider":["https:\/\/portal.pi.gov.br\/seres\/wp-content\/uploads\/sites\/87\/2023\/10\/WhatsApp-Image-2023-10-11-at-19.52.15-2-1270x500.jpeg",1270,500,true],"homepage-slider-small":["https:\/\/portal.pi.gov.br\/seres\/wp-content\/uploads\/sites\/87\/2023\/10\/WhatsApp-Image-2023-10-11-at-19.52.15-2-947x500.jpeg",947,500,true],"page-top":["https:\/\/portal.pi.gov.br\/seres\/wp-content\/uploads\/sites\/87\/2023\/10\/WhatsApp-Image-2023-10-11-at-19.52.15-2-947x710.jpeg",947,710,true],"page-small":["https:\/\/portal.pi.gov.br\/seres\/wp-content\/uploads\/sites\/87\/2023\/10\/WhatsApp-Image-2023-10-11-at-19.52.15-2-624x468.jpeg",624,468,true],"loop-main":["https:\/\/portal.pi.gov.br\/seres\/wp-content\/uploads\/sites\/87\/2023\/10\/WhatsApp-Image-2023-10-11-at-19.52.15-2-365x240.jpeg",365,240,true],"thumb-gallery-widget":["https:\/\/portal.pi.gov.br\/seres\/wp-content\/uploads\/sites\/87\/2023\/10\/WhatsApp-Image-2023-10-11-at-19.52.15-2-84x56.jpeg",84,56,true]},"post_excerpt_stackable":"<p>A secret\u00e1ria N\u00fabia Lopes, representou o governador Rafael Fonteles, na solenidade de abertura do XVI Encontro Nacional de Estudantes da Terceira Idade de Institui\u00e7\u00f5es de Ensino Superior, no Blue Tree Hotel. O encontro acontece nos dias 11, 12 e 13 de outubro. O evento \u00e9 uma a\u00e7\u00e3o desenvolvida para impulsionar atividades pautadas nos eixos de ensino, pesquisa e extens\u00e3o, atrav\u00e9s da forma\u00e7\u00e3o continuada para idosos, e contar\u00e1 com a participa\u00e7\u00e3o de discentes da Universidade Aberta para a Terceira Idade (UNATI) do Rio de Janeiro, da Bahia, do Tocantins, entre outros estados. O XVI Encontro Nacional de Estudantes e Coordenadores da&hellip;<\/p>\n","category_list":"<a href=\"https:\/\/portal.pi.gov.br\/seres\/category\/noticias\/\" rel=\"category tag\">Not\u00edcias<\/a>","author_info":{"name":"natalina","url":"https:\/\/portal.pi.gov.br\/seres\/author\/natalina\/"},"comments_num":"0 coment\u00e1rio","featured_image_urls_v2":{"full":["https:\/\/portal.pi.gov.br\/seres\/wp-content\/uploads\/sites\/87\/2023\/10\/WhatsApp-Image-2023-10-11-at-19.52.15-2.jpeg",1280,960,false],"thumbnail":["https:\/\/portal.pi.gov.br\/seres\/wp-content\/uploads\/sites\/87\/2023\/10\/WhatsApp-Image-2023-10-11-at-19.52.15-2-150x150.jpeg",150,150,true],"medium":["https:\/\/portal.pi.gov.br\/seres\/wp-content\/uploads\/sites\/87\/2023\/10\/WhatsApp-Image-2023-10-11-at-19.52.15-2-300x225.jpeg",300,225,true],"medium_large":["https:\/\/portal.pi.gov.br\/seres\/wp-content\/uploads\/sites\/87\/2023\/10\/WhatsApp-Image-2023-10-11-at-19.52.15-2-768x576.jpeg",768,576,true],"large":["https:\/\/portal.pi.gov.br\/seres\/wp-content\/uploads\/sites\/87\/2023\/10\/WhatsApp-Image-2023-10-11-at-19.52.15-2-1024x768.jpeg",887,665,true],"sgg-420":["https:\/\/portal.pi.gov.br\/seres\/wp-content\/uploads\/sites\/87\/2023\/10\/WhatsApp-Image-2023-10-11-at-19.52.15-2-420x315.jpeg",420,315,true],"sgg-540":["https:\/\/portal.pi.gov.br\/seres\/wp-content\/uploads\/sites\/87\/2023\/10\/WhatsApp-Image-2023-10-11-at-19.52.15-2-540x405.jpeg",540,405,true],"sgg-780":["https:\/\/portal.pi.gov.br\/seres\/wp-content\/uploads\/sites\/87\/2023\/10\/WhatsApp-Image-2023-10-11-at-19.52.15-2-780x585.jpeg",780,585,true],"1536x1536":["https:\/\/portal.pi.gov.br\/seres\/wp-content\/uploads\/sites\/87\/2023\/10\/WhatsApp-Image-2023-10-11-at-19.52.15-2.jpeg",1280,960,false],"2048x2048":["https:\/\/portal.pi.gov.br\/seres\/wp-content\/uploads\/sites\/87\/2023\/10\/WhatsApp-Image-2023-10-11-at-19.52.15-2.jpeg",1280,960,false],"homepage-slider":["https:\/\/portal.pi.gov.br\/seres\/wp-content\/uploads\/sites\/87\/2023\/10\/WhatsApp-Image-2023-10-11-at-19.52.15-2-1270x500.jpeg",1270,500,true],"homepage-slider-small":["https:\/\/portal.pi.gov.br\/seres\/wp-content\/uploads\/sites\/87\/2023\/10\/WhatsApp-Image-2023-10-11-at-19.52.15-2-947x500.jpeg",947,500,true],"page-top":["https:\/\/portal.pi.gov.br\/seres\/wp-content\/uploads\/sites\/87\/2023\/10\/WhatsApp-Image-2023-10-11-at-19.52.15-2-947x710.jpeg",947,710,true],"page-small":["https:\/\/portal.pi.gov.br\/seres\/wp-content\/uploads\/sites\/87\/2023\/10\/WhatsApp-Image-2023-10-11-at-19.52.15-2-624x468.jpeg",624,468,true],"loop-main":["https:\/\/portal.pi.gov.br\/seres\/wp-content\/uploads\/sites\/87\/2023\/10\/WhatsApp-Image-2023-10-11-at-19.52.15-2-365x240.jpeg",365,240,true],"thumb-gallery-widget":["https:\/\/portal.pi.gov.br\/seres\/wp-content\/uploads\/sites\/87\/2023\/10\/WhatsApp-Image-2023-10-11-at-19.52.15-2-84x56.jpeg",84,56,true]},"post_excerpt_stackable_v2":"<p>A secret\u00e1ria N\u00fabia Lopes, representou o governador Rafael Fonteles, na solenidade de abertura do XVI Encontro Nacional de Estudantes da Terceira Idade de Institui\u00e7\u00f5es de Ensino Superior, no Blue Tree Hotel. O encontro acontece nos dias 11, 12 e 13 de outubro. O evento \u00e9 uma a\u00e7\u00e3o desenvolvida para impulsionar atividades pautadas nos eixos de ensino, pesquisa e extens\u00e3o, atrav\u00e9s da forma\u00e7\u00e3o continuada para idosos, e contar\u00e1 com a participa\u00e7\u00e3o de discentes da Universidade Aberta para a Terceira Idade (UNATI) do Rio de Janeiro, da Bahia, do Tocantins, entre outros estados. O XVI Encontro Nacional de Estudantes e Coordenadores da&hellip;<\/p>\n","category_list_v2":"<a href=\"https:\/\/portal.pi.gov.br\/seres\/category\/noticias\/\" rel=\"category tag\">Not\u00edcias<\/a>","author_info_v2":{"name":"natalina","url":"https:\/\/portal.pi.gov.br\/seres\/author\/natalina\/"},"comments_num_v2":"0 coment\u00e1rio","jetpack_featured_media_url":"https:\/\/portal.pi.gov.br\/seres\/wp-content\/uploads\/sites\/87\/2023\/10\/WhatsApp-Image-2023-10-11-at-19.52.15-2.jpeg","_links":{"self":[{"href":"https:\/\/portal.pi.gov.br\/seres\/wp-json\/wp\/v2\/posts\/1550"}],"collection":[{"href":"https:\/\/portal.pi.gov.br\/seres\/wp-json\/wp\/v2\/posts"}],"about":[{"href":"https:\/\/portal.pi.gov.br\/seres\/wp-json\/wp\/v2\/types\/post"}],"author":[{"embeddable":true,"href":"https:\/\/portal.pi.gov.br\/seres\/wp-json\/wp\/v2\/users\/1748"}],"replies":[{"embeddable":true,"href":"https:\/\/portal.pi.gov.br\/seres\/wp-json\/wp\/v2\/comments?post=1550"}],"version-history":[{"count":8,"href":"https:\/\/portal.pi.gov.br\/seres\/wp-json\/wp\/v2\/posts\/1550\/revisions"}],"predecessor-version":[{"id":1572,"href":"https:\/\/portal.pi.gov.br\/seres\/wp-json\/wp\/v2\/posts\/1550\/revisions\/1572"}],"wp:featuredmedia":[{"embeddable":true,"href":"https:\/\/portal.pi.gov.br\/seres\/wp-json\/wp\/v2\/media\/1551"}],"wp:attachment":[{"href":"https:\/\/portal.pi.gov.br\/seres\/wp-json\/wp\/v2\/media?parent=1550"}],"wp:term":[{"taxonomy":"category","embeddable":true,"href":"https:\/\/portal.pi.gov.br\/seres\/wp-json\/wp\/v2\/categories?post=1550"},{"taxonomy":"post_tag","embeddable":true,"href":"https:\/\/portal.pi.gov.br\/seres\/wp-json\/wp\/v2\/tags?post=1550"}],"curies":[{"name":"wp","href":"https:\/\/api.w.org\/{rel}","templated":true}]}}