{"id":1584,"date":"2023-10-13T11:46:03","date_gmt":"2023-10-13T14:46:03","guid":{"rendered":"https:\/\/portal.pi.gov.br\/seres\/?p=1584"},"modified":"2023-10-13T11:46:53","modified_gmt":"2023-10-13T14:46:53","slug":"jovens-de-movimentos-sociais-do-piaui-participam-de-acampamento-nacional-da-via-campesina-em-brasilia","status":"publish","type":"post","link":"https:\/\/portal.pi.gov.br\/seres\/2023\/10\/13\/jovens-de-movimentos-sociais-do-piaui-participam-de-acampamento-nacional-da-via-campesina-em-brasilia\/","title":{"rendered":"Jovens de movimentos sociais do Piau\u00ed participam de Acampamento Nacional da Via Campesina em Bras\u00edlia."},"content":{"rendered":"\n<p>Para apoiar os jovens do Movimento dos Trabalhadores Rurais Sem Terra (MST) e Movimento dos Pequenos Agricultores (MPA), a secretaria de Estado das Rela\u00e7\u00f5es Sociais (SERES) articulou o transporte, camisas e bon\u00e9s para 102 jovens participarem do acampamento Nacional da Juventude da Via Campesina, que acontece em Bras\u00edlia, de 13 a 17 de outubro de 2023.<\/p>\n\n\n\n<p>Na ocasi\u00e3o, ser\u00e1 discutida a conjuntura de luta pol\u00edtica e social para os jovens do campo, no Brasil. O objetivo do acampamento \u00e9 ser um espa\u00e7o de forma\u00e7\u00e3o da juventude para o trabalho de base nos movimentos populares do campo, das \u00e1guas e das florestas, al\u00e9m da necessidade da democratiza\u00e7\u00e3o da terra, a partir da Reforma Agr\u00e1ria, para combater a fome e garantir \u00e0 popula\u00e7\u00e3o dos territ\u00f3rios, sustentabilidade e qualidade de vida para todos.<\/p>\n\n\n<div class=\"wp-block-image\">\n<figure class=\"aligncenter size-large is-resized\"><img decoding=\"async\" loading=\"lazy\" src=\"https:\/\/portal.pi.gov.br\/seres\/wp-content\/uploads\/sites\/87\/2023\/10\/WhatsApp-Image-2023-10-13-at-11.14.01-1024x768.jpeg\" alt=\"\" class=\"wp-image-1585\" width=\"514\" height=\"386\" srcset=\"https:\/\/portal.pi.gov.br\/seres\/wp-content\/uploads\/sites\/87\/2023\/10\/WhatsApp-Image-2023-10-13-at-11.14.01-1024x768.jpeg 1024w, https:\/\/portal.pi.gov.br\/seres\/wp-content\/uploads\/sites\/87\/2023\/10\/WhatsApp-Image-2023-10-13-at-11.14.01-300x225.jpeg 300w, https:\/\/portal.pi.gov.br\/seres\/wp-content\/uploads\/sites\/87\/2023\/10\/WhatsApp-Image-2023-10-13-at-11.14.01-768x576.jpeg 768w, https:\/\/portal.pi.gov.br\/seres\/wp-content\/uploads\/sites\/87\/2023\/10\/WhatsApp-Image-2023-10-13-at-11.14.01-420x315.jpeg 420w, https:\/\/portal.pi.gov.br\/seres\/wp-content\/uploads\/sites\/87\/2023\/10\/WhatsApp-Image-2023-10-13-at-11.14.01-540x405.jpeg 540w, https:\/\/portal.pi.gov.br\/seres\/wp-content\/uploads\/sites\/87\/2023\/10\/WhatsApp-Image-2023-10-13-at-11.14.01-780x585.jpeg 780w, https:\/\/portal.pi.gov.br\/seres\/wp-content\/uploads\/sites\/87\/2023\/10\/WhatsApp-Image-2023-10-13-at-11.14.01-947x710.jpeg 947w, https:\/\/portal.pi.gov.br\/seres\/wp-content\/uploads\/sites\/87\/2023\/10\/WhatsApp-Image-2023-10-13-at-11.14.01-624x468.jpeg 624w, https:\/\/portal.pi.gov.br\/seres\/wp-content\/uploads\/sites\/87\/2023\/10\/WhatsApp-Image-2023-10-13-at-11.14.01.jpeg 1280w\" sizes=\"(max-width: 514px) 100vw, 514px\" \/><\/figure><\/div>\n\n\n<p>Representantes do movimento no Piau\u00ed agradeceram a parceria da equipe da Seres, que possibilitou o deslocamento dos movimentos sociais \u00e0 capital do pa\u00eds e ainda disponibilizou diversos materiais para os jovens, como camisetas, bon\u00e9s e len\u00e7os. \u201cO movimento social da Via Campesina agradece \u00e0 secretaria das Rela\u00e7\u00f5es Sociais, na pessoa da secret\u00e1ria N\u00fabia, por todo o apoio que tem nos dado durante todo esse per\u00edodo e agora na constru\u00e7\u00e3o do nosso Acampamento Nacional da Juventude da Via Campesina, que tem a Seres como uma parceira forte, uma das principais parceiras\u201d, ressaltou Francisco de Souza, do assentamento Lisboa, munic\u00edpio S\u00e3o Jo\u00e3o do Piau\u00ed e coordenador Nacional do MST.<\/p>\n\n\n\n<p>A secret\u00e1ria de Estado das Rela\u00e7\u00f5es Sociais, N\u00fabia Lopes, destacou a import\u00e2ncia do apoio \u00e0 pol\u00edtica de participa\u00e7\u00e3o social e aos movimentos sociais, \u201c\u00e9 com muita alegria que fazemos a entrega do nosso apoio, do nosso empenho. \u00c9 a juventude do Piau\u00ed que est\u00e1 indo representar o nosso estado na Via Campesina, em Bras\u00edlia, uma pauta importante da juventude. Agradecemos ao nosso governador Rafael Fonteles pelo total apoio \u00e0 causa\u201d.<\/p>\n\n\n\n<p>A Via Campesina \u00e9 um movimento internacional que coordena organiza\u00e7\u00f5es camponesas de pequenos e m\u00e9dios agricultores, trabalhadores agr\u00edcolas, mulheres rurais e comunidades ind\u00edgenas e negras da \u00c1sia, \u00c1frica, Am\u00e9rica e Europa. Uma das principais pol\u00edticas da Via Campesina \u00e9 a defesa da soberania alimentar, como o direito dos povos de decidir sobre sua pr\u00f3pria pol\u00edtica agr\u00edcola e alimentar. Isso inclui a prioridade para produ\u00e7\u00e3o de alimentos de boa qualidade e culturalmente apropriada, para o mercado interno.<\/p>\n\n\n<div class=\"wp-block-image\">\n<figure class=\"aligncenter size-large is-resized\"><img decoding=\"async\" loading=\"lazy\" src=\"https:\/\/portal.pi.gov.br\/seres\/wp-content\/uploads\/sites\/87\/2023\/10\/WhatsApp-Image-2023-10-13-at-11.09.23-1024x771.jpeg\" alt=\"\" class=\"wp-image-1586\" width=\"526\" height=\"396\" srcset=\"https:\/\/portal.pi.gov.br\/seres\/wp-content\/uploads\/sites\/87\/2023\/10\/WhatsApp-Image-2023-10-13-at-11.09.23-1024x771.jpeg 1024w, https:\/\/portal.pi.gov.br\/seres\/wp-content\/uploads\/sites\/87\/2023\/10\/WhatsApp-Image-2023-10-13-at-11.09.23-300x226.jpeg 300w, https:\/\/portal.pi.gov.br\/seres\/wp-content\/uploads\/sites\/87\/2023\/10\/WhatsApp-Image-2023-10-13-at-11.09.23-768x578.jpeg 768w, https:\/\/portal.pi.gov.br\/seres\/wp-content\/uploads\/sites\/87\/2023\/10\/WhatsApp-Image-2023-10-13-at-11.09.23-420x316.jpeg 420w, https:\/\/portal.pi.gov.br\/seres\/wp-content\/uploads\/sites\/87\/2023\/10\/WhatsApp-Image-2023-10-13-at-11.09.23-540x407.jpeg 540w, https:\/\/portal.pi.gov.br\/seres\/wp-content\/uploads\/sites\/87\/2023\/10\/WhatsApp-Image-2023-10-13-at-11.09.23-780x587.jpeg 780w, https:\/\/portal.pi.gov.br\/seres\/wp-content\/uploads\/sites\/87\/2023\/10\/WhatsApp-Image-2023-10-13-at-11.09.23-947x713.jpeg 947w, https:\/\/portal.pi.gov.br\/seres\/wp-content\/uploads\/sites\/87\/2023\/10\/WhatsApp-Image-2023-10-13-at-11.09.23-624x470.jpeg 624w, https:\/\/portal.pi.gov.br\/seres\/wp-content\/uploads\/sites\/87\/2023\/10\/WhatsApp-Image-2023-10-13-at-11.09.23.jpeg 1080w\" sizes=\"(max-width: 526px) 100vw, 526px\" \/><\/figure><\/div>\n\n\n<p>Fazem parte da Via Campesina o CIMI (Conselho Indiginista Mission\u00e1rio), CPT (Comiss\u00e3o Pastoral da Terra), FEAB (Federa\u00e7\u00e3o dos Estudantes de Agronomia do Brasil), MAB (Movimento dos Atingidos por Barragem), MPA (Movimento dos Pequenos Agricultores), MMC (Movimento de Mulheres Camponesas), IEEP (Instituto Equipe de Educadores Populares), MST e Escola Latino-Americana de Agroecologia. A Jornada de Agroecologia tamb\u00e9m conta com o apoio da Assesoar (Associa\u00e7\u00e3o de Estudos, Orienta\u00e7\u00e3o e Assist\u00eancia Rural) e da organiza\u00e7\u00e3o de direitos humanos Terra de Direitos.<\/p>\n\n\n\n<p>Rep\u00f3rter: Cristiana Nunes<\/p>\n","protected":false},"excerpt":{"rendered":"<p>Para apoiar os jovens do Movimento dos Trabalhadores Rurais Sem Terra (MST) e Movimento dos Pequenos Agricultores (MPA), a secretaria de Estado das Rela\u00e7\u00f5es Sociais (SERES) articulou o transporte, camisas [&hellip;]<\/p>\n","protected":false},"author":1748,"featured_media":1585,"comment_status":"closed","ping_status":"closed","sticky":false,"template":"","format":"standard","meta":[],"categories":[34],"tags":[49,47,41,50],"featured_image_urls":{"full":["https:\/\/portal.pi.gov.br\/seres\/wp-content\/uploads\/sites\/87\/2023\/10\/WhatsApp-Image-2023-10-13-at-11.14.01.jpeg",1280,960,false],"thumbnail":["https:\/\/portal.pi.gov.br\/seres\/wp-content\/uploads\/sites\/87\/2023\/10\/WhatsApp-Image-2023-10-13-at-11.14.01-150x150.jpeg",150,150,true],"medium":["https:\/\/portal.pi.gov.br\/seres\/wp-content\/uploads\/sites\/87\/2023\/10\/WhatsApp-Image-2023-10-13-at-11.14.01-300x225.jpeg",300,225,true],"medium_large":["https:\/\/portal.pi.gov.br\/seres\/wp-content\/uploads\/sites\/87\/2023\/10\/WhatsApp-Image-2023-10-13-at-11.14.01-768x576.jpeg",768,576,true],"large":["https:\/\/portal.pi.gov.br\/seres\/wp-content\/uploads\/sites\/87\/2023\/10\/WhatsApp-Image-2023-10-13-at-11.14.01-1024x768.jpeg",887,665,true],"sgg-420":["https:\/\/portal.pi.gov.br\/seres\/wp-content\/uploads\/sites\/87\/2023\/10\/WhatsApp-Image-2023-10-13-at-11.14.01-420x315.jpeg",420,315,true],"sgg-540":["https:\/\/portal.pi.gov.br\/seres\/wp-content\/uploads\/sites\/87\/2023\/10\/WhatsApp-Image-2023-10-13-at-11.14.01-540x405.jpeg",540,405,true],"sgg-780":["https:\/\/portal.pi.gov.br\/seres\/wp-content\/uploads\/sites\/87\/2023\/10\/WhatsApp-Image-2023-10-13-at-11.14.01-780x585.jpeg",780,585,true],"1536x1536":["https:\/\/portal.pi.gov.br\/seres\/wp-content\/uploads\/sites\/87\/2023\/10\/WhatsApp-Image-2023-10-13-at-11.14.01.jpeg",1280,960,false],"2048x2048":["https:\/\/portal.pi.gov.br\/seres\/wp-content\/uploads\/sites\/87\/2023\/10\/WhatsApp-Image-2023-10-13-at-11.14.01.jpeg",1280,960,false],"homepage-slider":["https:\/\/portal.pi.gov.br\/seres\/wp-content\/uploads\/sites\/87\/2023\/10\/WhatsApp-Image-2023-10-13-at-11.14.01-1270x500.jpeg",1270,500,true],"homepage-slider-small":["https:\/\/portal.pi.gov.br\/seres\/wp-content\/uploads\/sites\/87\/2023\/10\/WhatsApp-Image-2023-10-13-at-11.14.01-947x500.jpeg",947,500,true],"page-top":["https:\/\/portal.pi.gov.br\/seres\/wp-content\/uploads\/sites\/87\/2023\/10\/WhatsApp-Image-2023-10-13-at-11.14.01-947x710.jpeg",947,710,true],"page-small":["https:\/\/portal.pi.gov.br\/seres\/wp-content\/uploads\/sites\/87\/2023\/10\/WhatsApp-Image-2023-10-13-at-11.14.01-624x468.jpeg",624,468,true],"loop-main":["https:\/\/portal.pi.gov.br\/seres\/wp-content\/uploads\/sites\/87\/2023\/10\/WhatsApp-Image-2023-10-13-at-11.14.01-365x240.jpeg",365,240,true],"thumb-gallery-widget":["https:\/\/portal.pi.gov.br\/seres\/wp-content\/uploads\/sites\/87\/2023\/10\/WhatsApp-Image-2023-10-13-at-11.14.01-84x56.jpeg",84,56,true]},"post_excerpt_stackable":"<p>Para apoiar os jovens do Movimento dos Trabalhadores Rurais Sem Terra (MST) e Movimento dos Pequenos Agricultores (MPA), a secretaria de Estado das Rela\u00e7\u00f5es Sociais (SERES) articulou o transporte, camisas e bon\u00e9s para 102 jovens participarem do acampamento Nacional da Juventude da Via Campesina, que acontece em Bras\u00edlia, de 13 a 17 de outubro de 2023. Na ocasi\u00e3o, ser\u00e1 discutida a conjuntura de luta pol\u00edtica e social para os jovens do campo, no Brasil. O objetivo do acampamento \u00e9 ser um espa\u00e7o de forma\u00e7\u00e3o da juventude para o trabalho de base nos movimentos populares do campo, das \u00e1guas e das&hellip;<\/p>\n","category_list":"<a href=\"https:\/\/portal.pi.gov.br\/seres\/category\/noticias\/\" rel=\"category tag\">Not\u00edcias<\/a>","author_info":{"name":"natalina","url":"https:\/\/portal.pi.gov.br\/seres\/author\/natalina\/"},"comments_num":"0 coment\u00e1rio","featured_image_urls_v2":{"full":["https:\/\/portal.pi.gov.br\/seres\/wp-content\/uploads\/sites\/87\/2023\/10\/WhatsApp-Image-2023-10-13-at-11.14.01.jpeg",1280,960,false],"thumbnail":["https:\/\/portal.pi.gov.br\/seres\/wp-content\/uploads\/sites\/87\/2023\/10\/WhatsApp-Image-2023-10-13-at-11.14.01-150x150.jpeg",150,150,true],"medium":["https:\/\/portal.pi.gov.br\/seres\/wp-content\/uploads\/sites\/87\/2023\/10\/WhatsApp-Image-2023-10-13-at-11.14.01-300x225.jpeg",300,225,true],"medium_large":["https:\/\/portal.pi.gov.br\/seres\/wp-content\/uploads\/sites\/87\/2023\/10\/WhatsApp-Image-2023-10-13-at-11.14.01-768x576.jpeg",768,576,true],"large":["https:\/\/portal.pi.gov.br\/seres\/wp-content\/uploads\/sites\/87\/2023\/10\/WhatsApp-Image-2023-10-13-at-11.14.01-1024x768.jpeg",887,665,true],"sgg-420":["https:\/\/portal.pi.gov.br\/seres\/wp-content\/uploads\/sites\/87\/2023\/10\/WhatsApp-Image-2023-10-13-at-11.14.01-420x315.jpeg",420,315,true],"sgg-540":["https:\/\/portal.pi.gov.br\/seres\/wp-content\/uploads\/sites\/87\/2023\/10\/WhatsApp-Image-2023-10-13-at-11.14.01-540x405.jpeg",540,405,true],"sgg-780":["https:\/\/portal.pi.gov.br\/seres\/wp-content\/uploads\/sites\/87\/2023\/10\/WhatsApp-Image-2023-10-13-at-11.14.01-780x585.jpeg",780,585,true],"1536x1536":["https:\/\/portal.pi.gov.br\/seres\/wp-content\/uploads\/sites\/87\/2023\/10\/WhatsApp-Image-2023-10-13-at-11.14.01.jpeg",1280,960,false],"2048x2048":["https:\/\/portal.pi.gov.br\/seres\/wp-content\/uploads\/sites\/87\/2023\/10\/WhatsApp-Image-2023-10-13-at-11.14.01.jpeg",1280,960,false],"homepage-slider":["https:\/\/portal.pi.gov.br\/seres\/wp-content\/uploads\/sites\/87\/2023\/10\/WhatsApp-Image-2023-10-13-at-11.14.01-1270x500.jpeg",1270,500,true],"homepage-slider-small":["https:\/\/portal.pi.gov.br\/seres\/wp-content\/uploads\/sites\/87\/2023\/10\/WhatsApp-Image-2023-10-13-at-11.14.01-947x500.jpeg",947,500,true],"page-top":["https:\/\/portal.pi.gov.br\/seres\/wp-content\/uploads\/sites\/87\/2023\/10\/WhatsApp-Image-2023-10-13-at-11.14.01-947x710.jpeg",947,710,true],"page-small":["https:\/\/portal.pi.gov.br\/seres\/wp-content\/uploads\/sites\/87\/2023\/10\/WhatsApp-Image-2023-10-13-at-11.14.01-624x468.jpeg",624,468,true],"loop-main":["https:\/\/portal.pi.gov.br\/seres\/wp-content\/uploads\/sites\/87\/2023\/10\/WhatsApp-Image-2023-10-13-at-11.14.01-365x240.jpeg",365,240,true],"thumb-gallery-widget":["https:\/\/portal.pi.gov.br\/seres\/wp-content\/uploads\/sites\/87\/2023\/10\/WhatsApp-Image-2023-10-13-at-11.14.01-84x56.jpeg",84,56,true]},"post_excerpt_stackable_v2":"<p>Para apoiar os jovens do Movimento dos Trabalhadores Rurais Sem Terra (MST) e Movimento dos Pequenos Agricultores (MPA), a secretaria de Estado das Rela\u00e7\u00f5es Sociais (SERES) articulou o transporte, camisas e bon\u00e9s para 102 jovens participarem do acampamento Nacional da Juventude da Via Campesina, que acontece em Bras\u00edlia, de 13 a 17 de outubro de 2023. Na ocasi\u00e3o, ser\u00e1 discutida a conjuntura de luta pol\u00edtica e social para os jovens do campo, no Brasil. O objetivo do acampamento \u00e9 ser um espa\u00e7o de forma\u00e7\u00e3o da juventude para o trabalho de base nos movimentos populares do campo, das \u00e1guas e das&hellip;<\/p>\n","category_list_v2":"<a href=\"https:\/\/portal.pi.gov.br\/seres\/category\/noticias\/\" rel=\"category tag\">Not\u00edcias<\/a>","author_info_v2":{"name":"natalina","url":"https:\/\/portal.pi.gov.br\/seres\/author\/natalina\/"},"comments_num_v2":"0 coment\u00e1rio","jetpack_featured_media_url":"https:\/\/portal.pi.gov.br\/seres\/wp-content\/uploads\/sites\/87\/2023\/10\/WhatsApp-Image-2023-10-13-at-11.14.01.jpeg","_links":{"self":[{"href":"https:\/\/portal.pi.gov.br\/seres\/wp-json\/wp\/v2\/posts\/1584"}],"collection":[{"href":"https:\/\/portal.pi.gov.br\/seres\/wp-json\/wp\/v2\/posts"}],"about":[{"href":"https:\/\/portal.pi.gov.br\/seres\/wp-json\/wp\/v2\/types\/post"}],"author":[{"embeddable":true,"href":"https:\/\/portal.pi.gov.br\/seres\/wp-json\/wp\/v2\/users\/1748"}],"replies":[{"embeddable":true,"href":"https:\/\/portal.pi.gov.br\/seres\/wp-json\/wp\/v2\/comments?post=1584"}],"version-history":[{"count":2,"href":"https:\/\/portal.pi.gov.br\/seres\/wp-json\/wp\/v2\/posts\/1584\/revisions"}],"predecessor-version":[{"id":1588,"href":"https:\/\/portal.pi.gov.br\/seres\/wp-json\/wp\/v2\/posts\/1584\/revisions\/1588"}],"wp:featuredmedia":[{"embeddable":true,"href":"https:\/\/portal.pi.gov.br\/seres\/wp-json\/wp\/v2\/media\/1585"}],"wp:attachment":[{"href":"https:\/\/portal.pi.gov.br\/seres\/wp-json\/wp\/v2\/media?parent=1584"}],"wp:term":[{"taxonomy":"category","embeddable":true,"href":"https:\/\/portal.pi.gov.br\/seres\/wp-json\/wp\/v2\/categories?post=1584"},{"taxonomy":"post_tag","embeddable":true,"href":"https:\/\/portal.pi.gov.br\/seres\/wp-json\/wp\/v2\/tags?post=1584"}],"curies":[{"name":"wp","href":"https:\/\/api.w.org\/{rel}","templated":true}]}}