{"id":1595,"date":"2023-10-16T13:01:28","date_gmt":"2023-10-16T16:01:28","guid":{"rendered":"https:\/\/portal.pi.gov.br\/seres\/?p=1595"},"modified":"2023-10-16T14:50:56","modified_gmt":"2023-10-16T17:50:56","slug":"secretaria-nubia-lopes-participa-de-entrega-da-reforma-da-u-e-benjamin-batista-nesta-segunda-16","status":"publish","type":"post","link":"https:\/\/portal.pi.gov.br\/seres\/2023\/10\/16\/secretaria-nubia-lopes-participa-de-entrega-da-reforma-da-u-e-benjamin-batista-nesta-segunda-16\/","title":{"rendered":"Secret\u00e1ria N\u00fabia Lopes participa de entrega da reforma da U.E. Benjamin Batista, nesta segunda (16)"},"content":{"rendered":"\n<p>O Governo do Estado entregou a reforma, amplia\u00e7\u00e3o, moderniza\u00e7\u00e3o e climatiza\u00e7\u00e3o da Unidade Escolar Benjamin Batista, localizada no Centro Norte de Teresina. A solenidade foi realizada na manh\u00e3 desta segunda-feira (16), com a presen\u00e7a do governador Rafael Fonteles, da secret\u00e1ria de Estado das Rela\u00e7\u00f5es Sociais, N\u00fabia Lopes e do secret\u00e1rio de Estado da Educa\u00e7\u00e3o, Washington Bandeira.<\/p>\n\n\n<div class=\"wp-block-image\">\n<figure class=\"aligncenter size-large is-resized\"><img decoding=\"async\" loading=\"lazy\" src=\"https:\/\/portal.pi.gov.br\/seres\/wp-content\/uploads\/sites\/87\/2023\/10\/WhatsApp-Image-2023-10-16-at-12.03.27-1024x683.jpeg\" alt=\"\" class=\"wp-image-1596\" width=\"543\" height=\"362\" srcset=\"https:\/\/portal.pi.gov.br\/seres\/wp-content\/uploads\/sites\/87\/2023\/10\/WhatsApp-Image-2023-10-16-at-12.03.27-1024x683.jpeg 1024w, https:\/\/portal.pi.gov.br\/seres\/wp-content\/uploads\/sites\/87\/2023\/10\/WhatsApp-Image-2023-10-16-at-12.03.27-300x200.jpeg 300w, https:\/\/portal.pi.gov.br\/seres\/wp-content\/uploads\/sites\/87\/2023\/10\/WhatsApp-Image-2023-10-16-at-12.03.27-768x512.jpeg 768w, https:\/\/portal.pi.gov.br\/seres\/wp-content\/uploads\/sites\/87\/2023\/10\/WhatsApp-Image-2023-10-16-at-12.03.27-420x280.jpeg 420w, https:\/\/portal.pi.gov.br\/seres\/wp-content\/uploads\/sites\/87\/2023\/10\/WhatsApp-Image-2023-10-16-at-12.03.27-540x360.jpeg 540w, https:\/\/portal.pi.gov.br\/seres\/wp-content\/uploads\/sites\/87\/2023\/10\/WhatsApp-Image-2023-10-16-at-12.03.27-780x520.jpeg 780w, https:\/\/portal.pi.gov.br\/seres\/wp-content\/uploads\/sites\/87\/2023\/10\/WhatsApp-Image-2023-10-16-at-12.03.27-947x632.jpeg 947w, https:\/\/portal.pi.gov.br\/seres\/wp-content\/uploads\/sites\/87\/2023\/10\/WhatsApp-Image-2023-10-16-at-12.03.27-624x416.jpeg 624w, https:\/\/portal.pi.gov.br\/seres\/wp-content\/uploads\/sites\/87\/2023\/10\/WhatsApp-Image-2023-10-16-at-12.03.27-84x56.jpeg 84w, https:\/\/portal.pi.gov.br\/seres\/wp-content\/uploads\/sites\/87\/2023\/10\/WhatsApp-Image-2023-10-16-at-12.03.27.jpeg 1280w\" sizes=\"(max-width: 543px) 100vw, 543px\" \/><\/figure><\/div>\n\n\n<p>O investimento foi de R$ 3.462.995,63, para o benef\u00edcio dos mais de 564 estudantes do Ensino M\u00e9dio regular e do curso t\u00e9cnico de Marketing Digital, divididos em R$ 1.631.008,06, para a obra de reforma geral do pr\u00e9dio, que contempla a moderniza\u00e7\u00e3o e revestimento de 14 salas de aula (sendo 01 Sala de Media\u00e7\u00e3o Tecnol\u00f3gica), biblioteca, audit\u00f3rio, laborat\u00f3rio de inform\u00e1tica, laborat\u00f3rio de ci\u00eancias, cozinha\/cantina, p\u00e1tio coberto, quadra poliesportiva, \u00e1rea administrativa e banheiros, al\u00e9m de R$ 1.831.987,57, que inclui microcomputadores, condicionado de ar split, switch de distribui\u00e7\u00e3o e cole\u00e7\u00e3o de livros did\u00e1ticos, voltados ao Exame Nacional do Ensino M\u00e9dio (Enem).<\/p>\n\n\n<div class=\"wp-block-image\">\n<figure class=\"aligncenter size-large is-resized\"><img decoding=\"async\" loading=\"lazy\" src=\"https:\/\/portal.pi.gov.br\/seres\/wp-content\/uploads\/sites\/87\/2023\/10\/WhatsApp-Image-2023-10-16-at-12.03.28-1024x683.jpeg\" alt=\"\" class=\"wp-image-1598\" width=\"545\" height=\"363\" srcset=\"https:\/\/portal.pi.gov.br\/seres\/wp-content\/uploads\/sites\/87\/2023\/10\/WhatsApp-Image-2023-10-16-at-12.03.28-1024x683.jpeg 1024w, https:\/\/portal.pi.gov.br\/seres\/wp-content\/uploads\/sites\/87\/2023\/10\/WhatsApp-Image-2023-10-16-at-12.03.28-300x200.jpeg 300w, https:\/\/portal.pi.gov.br\/seres\/wp-content\/uploads\/sites\/87\/2023\/10\/WhatsApp-Image-2023-10-16-at-12.03.28-768x512.jpeg 768w, https:\/\/portal.pi.gov.br\/seres\/wp-content\/uploads\/sites\/87\/2023\/10\/WhatsApp-Image-2023-10-16-at-12.03.28-420x280.jpeg 420w, https:\/\/portal.pi.gov.br\/seres\/wp-content\/uploads\/sites\/87\/2023\/10\/WhatsApp-Image-2023-10-16-at-12.03.28-540x360.jpeg 540w, https:\/\/portal.pi.gov.br\/seres\/wp-content\/uploads\/sites\/87\/2023\/10\/WhatsApp-Image-2023-10-16-at-12.03.28-780x520.jpeg 780w, https:\/\/portal.pi.gov.br\/seres\/wp-content\/uploads\/sites\/87\/2023\/10\/WhatsApp-Image-2023-10-16-at-12.03.28-947x632.jpeg 947w, https:\/\/portal.pi.gov.br\/seres\/wp-content\/uploads\/sites\/87\/2023\/10\/WhatsApp-Image-2023-10-16-at-12.03.28-624x416.jpeg 624w, https:\/\/portal.pi.gov.br\/seres\/wp-content\/uploads\/sites\/87\/2023\/10\/WhatsApp-Image-2023-10-16-at-12.03.28-84x56.jpeg 84w, https:\/\/portal.pi.gov.br\/seres\/wp-content\/uploads\/sites\/87\/2023\/10\/WhatsApp-Image-2023-10-16-at-12.03.28.jpeg 1280w\" sizes=\"(max-width: 545px) 100vw, 545px\" \/><\/figure><\/div>\n\n\n<p>O governador Rafael Fonteles comemora a entrega de mais uma reforma. \u201cEstamos melhorando a infraestrutura f\u00edsica e tecnol\u00f3gica das escolas do estado de Piau\u00ed. S\u00e3o mais de 600 unidades e a gente j\u00e1 entregou, desde a \u00e9poca do Pro Piau\u00ed at\u00e9 hoje, mais de 150 unidades reformadas, ampliadas e modernizadas. E esse trabalho vai continuar at\u00e9 o pr\u00f3ximo ano, provavelmente at\u00e9 2025. Aqui, mais uma unidade importante, a Benjamin Batista, que \u00e9 no centro norte da cidade de Teresina, com um investimento superior a 3 milh\u00f5es de reais, quando eu contabilizo, tanto a parte de obra quanto a parte de equipamentos. Temos agora uma unidade totalmente adequada ao ensino de tempo integral, ao melhor processo de ensino\/aprendizagem, \u00e0 educa\u00e7\u00e3o profissional e t\u00e9cnica\u201d, comemorou.<\/p>\n\n\n\n<p>A secret\u00e1ria das Rela\u00e7\u00f5es Sociais, N\u00fabia Lopes, ressaltou a import\u00e2ncia do investimento em educa\u00e7\u00e3o, uma das prioridades do Governo do Estado. &#8220;A educa\u00e7\u00e3o \u00e9 fundamental para que possamos ter um estado cada vez mais avan\u00e7ado e essa melhoria \u00e9 muito importante para o rendimento dos alunos e o bem-estar de todos que frequentam a unidade. O governador Rafael Fonteles est\u00e1 entregando, hoje, uma escola totalmente reformada, com laborat\u00f3rios de inform\u00e1tica e  ci\u00eancias, biblioteca e audit\u00f3rio, todos os espa\u00e7os climatizados&#8221;.<\/p>\n\n\n<div class=\"wp-block-image\">\n<figure class=\"aligncenter size-large is-resized\"><img decoding=\"async\" loading=\"lazy\" src=\"https:\/\/portal.pi.gov.br\/seres\/wp-content\/uploads\/sites\/87\/2023\/10\/WhatsApp-Image-2023-10-16-at-12.03.28-1-1024x768.jpeg\" alt=\"\" class=\"wp-image-1599\" width=\"547\" height=\"410\" srcset=\"https:\/\/portal.pi.gov.br\/seres\/wp-content\/uploads\/sites\/87\/2023\/10\/WhatsApp-Image-2023-10-16-at-12.03.28-1-1024x768.jpeg 1024w, https:\/\/portal.pi.gov.br\/seres\/wp-content\/uploads\/sites\/87\/2023\/10\/WhatsApp-Image-2023-10-16-at-12.03.28-1-300x225.jpeg 300w, https:\/\/portal.pi.gov.br\/seres\/wp-content\/uploads\/sites\/87\/2023\/10\/WhatsApp-Image-2023-10-16-at-12.03.28-1-768x576.jpeg 768w, https:\/\/portal.pi.gov.br\/seres\/wp-content\/uploads\/sites\/87\/2023\/10\/WhatsApp-Image-2023-10-16-at-12.03.28-1-420x315.jpeg 420w, https:\/\/portal.pi.gov.br\/seres\/wp-content\/uploads\/sites\/87\/2023\/10\/WhatsApp-Image-2023-10-16-at-12.03.28-1-540x405.jpeg 540w, https:\/\/portal.pi.gov.br\/seres\/wp-content\/uploads\/sites\/87\/2023\/10\/WhatsApp-Image-2023-10-16-at-12.03.28-1-780x585.jpeg 780w, https:\/\/portal.pi.gov.br\/seres\/wp-content\/uploads\/sites\/87\/2023\/10\/WhatsApp-Image-2023-10-16-at-12.03.28-1-947x710.jpeg 947w, https:\/\/portal.pi.gov.br\/seres\/wp-content\/uploads\/sites\/87\/2023\/10\/WhatsApp-Image-2023-10-16-at-12.03.28-1-624x468.jpeg 624w, https:\/\/portal.pi.gov.br\/seres\/wp-content\/uploads\/sites\/87\/2023\/10\/WhatsApp-Image-2023-10-16-at-12.03.28-1.jpeg 1280w\" sizes=\"(max-width: 547px) 100vw, 547px\" \/><\/figure><\/div>\n\n\n<p>O secret\u00e1rio de Educa\u00e7\u00e3o, Washington Bandeira, destacou o envolvimento de todos os alunos da unidade com o processo de execu\u00e7\u00e3o dessa obra, \u201cOs estudantes, juntamente com os gestores da escola, com os professores e todos os profissionais da unidade s\u00e3o os grandes respons\u00e1veis por essa obra\u201d. Segundo Geovana Pereira da Penha, aluna do segundo ano na unidade, a reforma e os equipamentos s\u00e3o de extrema import\u00e2ncia para a amplia\u00e7\u00e3o das atividades direcionadas ao ENEM. \u201cSobre o audit\u00f3rio climatizado, foi uma reforma muito importante porque sem ele n\u00e3o pod\u00edamos bater as metas. Agora vamos nos esfor\u00e7ar, ainda mais, para atingirmos nossos objetivos. A escola ficou 100% melhor e eu tenho muito que agradecer\u201d, finalizou.<\/p>\n\n\n<div class=\"wp-block-image\">\n<figure class=\"aligncenter size-large is-resized\"><img decoding=\"async\" loading=\"lazy\" src=\"https:\/\/portal.pi.gov.br\/seres\/wp-content\/uploads\/sites\/87\/2023\/10\/WhatsApp-Image-2023-10-16-at-12.03.27-1-1024x683.jpeg\" alt=\"\" class=\"wp-image-1597\" width=\"554\" height=\"369\" srcset=\"https:\/\/portal.pi.gov.br\/seres\/wp-content\/uploads\/sites\/87\/2023\/10\/WhatsApp-Image-2023-10-16-at-12.03.27-1-1024x683.jpeg 1024w, https:\/\/portal.pi.gov.br\/seres\/wp-content\/uploads\/sites\/87\/2023\/10\/WhatsApp-Image-2023-10-16-at-12.03.27-1-300x200.jpeg 300w, https:\/\/portal.pi.gov.br\/seres\/wp-content\/uploads\/sites\/87\/2023\/10\/WhatsApp-Image-2023-10-16-at-12.03.27-1-768x512.jpeg 768w, https:\/\/portal.pi.gov.br\/seres\/wp-content\/uploads\/sites\/87\/2023\/10\/WhatsApp-Image-2023-10-16-at-12.03.27-1-420x280.jpeg 420w, https:\/\/portal.pi.gov.br\/seres\/wp-content\/uploads\/sites\/87\/2023\/10\/WhatsApp-Image-2023-10-16-at-12.03.27-1-540x360.jpeg 540w, https:\/\/portal.pi.gov.br\/seres\/wp-content\/uploads\/sites\/87\/2023\/10\/WhatsApp-Image-2023-10-16-at-12.03.27-1-780x520.jpeg 780w, https:\/\/portal.pi.gov.br\/seres\/wp-content\/uploads\/sites\/87\/2023\/10\/WhatsApp-Image-2023-10-16-at-12.03.27-1-947x632.jpeg 947w, https:\/\/portal.pi.gov.br\/seres\/wp-content\/uploads\/sites\/87\/2023\/10\/WhatsApp-Image-2023-10-16-at-12.03.27-1-624x416.jpeg 624w, https:\/\/portal.pi.gov.br\/seres\/wp-content\/uploads\/sites\/87\/2023\/10\/WhatsApp-Image-2023-10-16-at-12.03.27-1-84x56.jpeg 84w, https:\/\/portal.pi.gov.br\/seres\/wp-content\/uploads\/sites\/87\/2023\/10\/WhatsApp-Image-2023-10-16-at-12.03.27-1.jpeg 1280w\" sizes=\"(max-width: 554px) 100vw, 554px\" \/><\/figure><\/div>\n\n\n<p>Texto: Cristiana Nunes<\/p>\n","protected":false},"excerpt":{"rendered":"<p>O Governo do Estado entregou a reforma, amplia\u00e7\u00e3o, moderniza\u00e7\u00e3o e climatiza\u00e7\u00e3o da Unidade Escolar Benjamin Batista, localizada no Centro Norte de Teresina. A solenidade foi realizada na manh\u00e3 desta segunda-feira [&hellip;]<\/p>\n","protected":false},"author":1748,"featured_media":1598,"comment_status":"closed","ping_status":"closed","sticky":false,"template":"","format":"standard","meta":[],"categories":[34],"tags":[],"featured_image_urls":{"full":["https:\/\/portal.pi.gov.br\/seres\/wp-content\/uploads\/sites\/87\/2023\/10\/WhatsApp-Image-2023-10-16-at-12.03.28.jpeg",1280,854,false],"thumbnail":["https:\/\/portal.pi.gov.br\/seres\/wp-content\/uploads\/sites\/87\/2023\/10\/WhatsApp-Image-2023-10-16-at-12.03.28-150x150.jpeg",150,150,true],"medium":["https:\/\/portal.pi.gov.br\/seres\/wp-content\/uploads\/sites\/87\/2023\/10\/WhatsApp-Image-2023-10-16-at-12.03.28-300x200.jpeg",300,200,true],"medium_large":["https:\/\/portal.pi.gov.br\/seres\/wp-content\/uploads\/sites\/87\/2023\/10\/WhatsApp-Image-2023-10-16-at-12.03.28-768x512.jpeg",768,512,true],"large":["https:\/\/portal.pi.gov.br\/seres\/wp-content\/uploads\/sites\/87\/2023\/10\/WhatsApp-Image-2023-10-16-at-12.03.28-1024x683.jpeg",887,592,true],"sgg-420":["https:\/\/portal.pi.gov.br\/seres\/wp-content\/uploads\/sites\/87\/2023\/10\/WhatsApp-Image-2023-10-16-at-12.03.28-420x280.jpeg",420,280,true],"sgg-540":["https:\/\/portal.pi.gov.br\/seres\/wp-content\/uploads\/sites\/87\/2023\/10\/WhatsApp-Image-2023-10-16-at-12.03.28-540x360.jpeg",540,360,true],"sgg-780":["https:\/\/portal.pi.gov.br\/seres\/wp-content\/uploads\/sites\/87\/2023\/10\/WhatsApp-Image-2023-10-16-at-12.03.28-780x520.jpeg",780,520,true],"1536x1536":["https:\/\/portal.pi.gov.br\/seres\/wp-content\/uploads\/sites\/87\/2023\/10\/WhatsApp-Image-2023-10-16-at-12.03.28.jpeg",1280,854,false],"2048x2048":["https:\/\/portal.pi.gov.br\/seres\/wp-content\/uploads\/sites\/87\/2023\/10\/WhatsApp-Image-2023-10-16-at-12.03.28.jpeg",1280,854,false],"homepage-slider":["https:\/\/portal.pi.gov.br\/seres\/wp-content\/uploads\/sites\/87\/2023\/10\/WhatsApp-Image-2023-10-16-at-12.03.28-1270x500.jpeg",1270,500,true],"homepage-slider-small":["https:\/\/portal.pi.gov.br\/seres\/wp-content\/uploads\/sites\/87\/2023\/10\/WhatsApp-Image-2023-10-16-at-12.03.28-947x500.jpeg",947,500,true],"page-top":["https:\/\/portal.pi.gov.br\/seres\/wp-content\/uploads\/sites\/87\/2023\/10\/WhatsApp-Image-2023-10-16-at-12.03.28-947x632.jpeg",947,632,true],"page-small":["https:\/\/portal.pi.gov.br\/seres\/wp-content\/uploads\/sites\/87\/2023\/10\/WhatsApp-Image-2023-10-16-at-12.03.28-624x416.jpeg",624,416,true],"loop-main":["https:\/\/portal.pi.gov.br\/seres\/wp-content\/uploads\/sites\/87\/2023\/10\/WhatsApp-Image-2023-10-16-at-12.03.28-365x240.jpeg",365,240,true],"thumb-gallery-widget":["https:\/\/portal.pi.gov.br\/seres\/wp-content\/uploads\/sites\/87\/2023\/10\/WhatsApp-Image-2023-10-16-at-12.03.28-84x56.jpeg",84,56,true]},"post_excerpt_stackable":"<p>O Governo do Estado entregou a reforma, amplia\u00e7\u00e3o, moderniza\u00e7\u00e3o e climatiza\u00e7\u00e3o da Unidade Escolar Benjamin Batista, localizada no Centro Norte de Teresina. A solenidade foi realizada na manh\u00e3 desta segunda-feira (16), com a presen\u00e7a do governador Rafael Fonteles, da secret\u00e1ria de Estado das Rela\u00e7\u00f5es Sociais, N\u00fabia Lopes e do secret\u00e1rio de Estado da Educa\u00e7\u00e3o, Washington Bandeira. O investimento foi de R$ 3.462.995,63, para o benef\u00edcio dos mais de 564 estudantes do Ensino M\u00e9dio regular e do curso t\u00e9cnico de Marketing Digital, divididos em R$ 1.631.008,06, para a obra de reforma geral do pr\u00e9dio, que contempla a moderniza\u00e7\u00e3o e revestimento de&hellip;<\/p>\n","category_list":"<a href=\"https:\/\/portal.pi.gov.br\/seres\/category\/noticias\/\" rel=\"category tag\">Not\u00edcias<\/a>","author_info":{"name":"natalina","url":"https:\/\/portal.pi.gov.br\/seres\/author\/natalina\/"},"comments_num":"0 coment\u00e1rio","featured_image_urls_v2":{"full":["https:\/\/portal.pi.gov.br\/seres\/wp-content\/uploads\/sites\/87\/2023\/10\/WhatsApp-Image-2023-10-16-at-12.03.28.jpeg",1280,854,false],"thumbnail":["https:\/\/portal.pi.gov.br\/seres\/wp-content\/uploads\/sites\/87\/2023\/10\/WhatsApp-Image-2023-10-16-at-12.03.28-150x150.jpeg",150,150,true],"medium":["https:\/\/portal.pi.gov.br\/seres\/wp-content\/uploads\/sites\/87\/2023\/10\/WhatsApp-Image-2023-10-16-at-12.03.28-300x200.jpeg",300,200,true],"medium_large":["https:\/\/portal.pi.gov.br\/seres\/wp-content\/uploads\/sites\/87\/2023\/10\/WhatsApp-Image-2023-10-16-at-12.03.28-768x512.jpeg",768,512,true],"large":["https:\/\/portal.pi.gov.br\/seres\/wp-content\/uploads\/sites\/87\/2023\/10\/WhatsApp-Image-2023-10-16-at-12.03.28-1024x683.jpeg",887,592,true],"sgg-420":["https:\/\/portal.pi.gov.br\/seres\/wp-content\/uploads\/sites\/87\/2023\/10\/WhatsApp-Image-2023-10-16-at-12.03.28-420x280.jpeg",420,280,true],"sgg-540":["https:\/\/portal.pi.gov.br\/seres\/wp-content\/uploads\/sites\/87\/2023\/10\/WhatsApp-Image-2023-10-16-at-12.03.28-540x360.jpeg",540,360,true],"sgg-780":["https:\/\/portal.pi.gov.br\/seres\/wp-content\/uploads\/sites\/87\/2023\/10\/WhatsApp-Image-2023-10-16-at-12.03.28-780x520.jpeg",780,520,true],"1536x1536":["https:\/\/portal.pi.gov.br\/seres\/wp-content\/uploads\/sites\/87\/2023\/10\/WhatsApp-Image-2023-10-16-at-12.03.28.jpeg",1280,854,false],"2048x2048":["https:\/\/portal.pi.gov.br\/seres\/wp-content\/uploads\/sites\/87\/2023\/10\/WhatsApp-Image-2023-10-16-at-12.03.28.jpeg",1280,854,false],"homepage-slider":["https:\/\/portal.pi.gov.br\/seres\/wp-content\/uploads\/sites\/87\/2023\/10\/WhatsApp-Image-2023-10-16-at-12.03.28-1270x500.jpeg",1270,500,true],"homepage-slider-small":["https:\/\/portal.pi.gov.br\/seres\/wp-content\/uploads\/sites\/87\/2023\/10\/WhatsApp-Image-2023-10-16-at-12.03.28-947x500.jpeg",947,500,true],"page-top":["https:\/\/portal.pi.gov.br\/seres\/wp-content\/uploads\/sites\/87\/2023\/10\/WhatsApp-Image-2023-10-16-at-12.03.28-947x632.jpeg",947,632,true],"page-small":["https:\/\/portal.pi.gov.br\/seres\/wp-content\/uploads\/sites\/87\/2023\/10\/WhatsApp-Image-2023-10-16-at-12.03.28-624x416.jpeg",624,416,true],"loop-main":["https:\/\/portal.pi.gov.br\/seres\/wp-content\/uploads\/sites\/87\/2023\/10\/WhatsApp-Image-2023-10-16-at-12.03.28-365x240.jpeg",365,240,true],"thumb-gallery-widget":["https:\/\/portal.pi.gov.br\/seres\/wp-content\/uploads\/sites\/87\/2023\/10\/WhatsApp-Image-2023-10-16-at-12.03.28-84x56.jpeg",84,56,true]},"post_excerpt_stackable_v2":"<p>O Governo do Estado entregou a reforma, amplia\u00e7\u00e3o, moderniza\u00e7\u00e3o e climatiza\u00e7\u00e3o da Unidade Escolar Benjamin Batista, localizada no Centro Norte de Teresina. A solenidade foi realizada na manh\u00e3 desta segunda-feira (16), com a presen\u00e7a do governador Rafael Fonteles, da secret\u00e1ria de Estado das Rela\u00e7\u00f5es Sociais, N\u00fabia Lopes e do secret\u00e1rio de Estado da Educa\u00e7\u00e3o, Washington Bandeira. O investimento foi de R$ 3.462.995,63, para o benef\u00edcio dos mais de 564 estudantes do Ensino M\u00e9dio regular e do curso t\u00e9cnico de Marketing Digital, divididos em R$ 1.631.008,06, para a obra de reforma geral do pr\u00e9dio, que contempla a moderniza\u00e7\u00e3o e revestimento de&hellip;<\/p>\n","category_list_v2":"<a href=\"https:\/\/portal.pi.gov.br\/seres\/category\/noticias\/\" rel=\"category tag\">Not\u00edcias<\/a>","author_info_v2":{"name":"natalina","url":"https:\/\/portal.pi.gov.br\/seres\/author\/natalina\/"},"comments_num_v2":"0 coment\u00e1rio","jetpack_featured_media_url":"https:\/\/portal.pi.gov.br\/seres\/wp-content\/uploads\/sites\/87\/2023\/10\/WhatsApp-Image-2023-10-16-at-12.03.28.jpeg","_links":{"self":[{"href":"https:\/\/portal.pi.gov.br\/seres\/wp-json\/wp\/v2\/posts\/1595"}],"collection":[{"href":"https:\/\/portal.pi.gov.br\/seres\/wp-json\/wp\/v2\/posts"}],"about":[{"href":"https:\/\/portal.pi.gov.br\/seres\/wp-json\/wp\/v2\/types\/post"}],"author":[{"embeddable":true,"href":"https:\/\/portal.pi.gov.br\/seres\/wp-json\/wp\/v2\/users\/1748"}],"replies":[{"embeddable":true,"href":"https:\/\/portal.pi.gov.br\/seres\/wp-json\/wp\/v2\/comments?post=1595"}],"version-history":[{"count":3,"href":"https:\/\/portal.pi.gov.br\/seres\/wp-json\/wp\/v2\/posts\/1595\/revisions"}],"predecessor-version":[{"id":1606,"href":"https:\/\/portal.pi.gov.br\/seres\/wp-json\/wp\/v2\/posts\/1595\/revisions\/1606"}],"wp:featuredmedia":[{"embeddable":true,"href":"https:\/\/portal.pi.gov.br\/seres\/wp-json\/wp\/v2\/media\/1598"}],"wp:attachment":[{"href":"https:\/\/portal.pi.gov.br\/seres\/wp-json\/wp\/v2\/media?parent=1595"}],"wp:term":[{"taxonomy":"category","embeddable":true,"href":"https:\/\/portal.pi.gov.br\/seres\/wp-json\/wp\/v2\/categories?post=1595"},{"taxonomy":"post_tag","embeddable":true,"href":"https:\/\/portal.pi.gov.br\/seres\/wp-json\/wp\/v2\/tags?post=1595"}],"curies":[{"name":"wp","href":"https:\/\/api.w.org\/{rel}","templated":true}]}}