{"id":1607,"date":"2023-10-16T15:07:32","date_gmt":"2023-10-16T18:07:32","guid":{"rendered":"https:\/\/portal.pi.gov.br\/seres\/?p=1607"},"modified":"2023-10-16T15:11:40","modified_gmt":"2023-10-16T18:11:40","slug":"governo-do-estado-apresenta-programa-morar-bem-piaui-que-preve-cheque-moradia-de-ate-r10-mil","status":"publish","type":"post","link":"https:\/\/portal.pi.gov.br\/seres\/2023\/10\/16\/governo-do-estado-apresenta-programa-morar-bem-piaui-que-preve-cheque-moradia-de-ate-r10-mil\/","title":{"rendered":"Governo do Estado lan\u00e7a programa habitacional &#8211; Morar Bem Piau\u00ed que prev\u00ea cheque de at\u00e9 R$10 mil"},"content":{"rendered":"\n<p>A secret\u00e1ria das Rela\u00e7\u00f5es Sociais, N\u00fabia Lopes participou do lan\u00e7amento do programa habitacional de subs\u00eddio estadual, Morar Bem Piau\u00ed, apresentado pelo governador Rafael Fonteles e pelo diretor-presidente da Ag\u00eancia de Desenvolvimento Habitacional (ADH), nesta segunda-feira (16). Com fomento da Caixa Econ\u00f4mica Federal e em parceria com o Sindicato da Ind\u00fastria de Constru\u00e7\u00e3o Civil (Sinduscon), o programa prev\u00ea o subs\u00eddio de at\u00e9 R$ 10 mil para quem ganha de 1 a 6 sal\u00e1rios m\u00ednimos, a fim de diminuir o valor da entrada na compra de novos im\u00f3veis.<\/p>\n\n\n<div class=\"wp-block-image\">\n<figure class=\"aligncenter size-large is-resized\"><img decoding=\"async\" loading=\"lazy\" src=\"https:\/\/portal.pi.gov.br\/seres\/wp-content\/uploads\/sites\/87\/2023\/10\/WhatsApp-Image-2023-10-16-at-14.32.58-1024x683.jpeg\" alt=\"\" class=\"wp-image-1608\" width=\"512\" height=\"341\" srcset=\"https:\/\/portal.pi.gov.br\/seres\/wp-content\/uploads\/sites\/87\/2023\/10\/WhatsApp-Image-2023-10-16-at-14.32.58-1024x683.jpeg 1024w, https:\/\/portal.pi.gov.br\/seres\/wp-content\/uploads\/sites\/87\/2023\/10\/WhatsApp-Image-2023-10-16-at-14.32.58-300x200.jpeg 300w, https:\/\/portal.pi.gov.br\/seres\/wp-content\/uploads\/sites\/87\/2023\/10\/WhatsApp-Image-2023-10-16-at-14.32.58-768x512.jpeg 768w, https:\/\/portal.pi.gov.br\/seres\/wp-content\/uploads\/sites\/87\/2023\/10\/WhatsApp-Image-2023-10-16-at-14.32.58-420x280.jpeg 420w, https:\/\/portal.pi.gov.br\/seres\/wp-content\/uploads\/sites\/87\/2023\/10\/WhatsApp-Image-2023-10-16-at-14.32.58-540x360.jpeg 540w, https:\/\/portal.pi.gov.br\/seres\/wp-content\/uploads\/sites\/87\/2023\/10\/WhatsApp-Image-2023-10-16-at-14.32.58-780x520.jpeg 780w, https:\/\/portal.pi.gov.br\/seres\/wp-content\/uploads\/sites\/87\/2023\/10\/WhatsApp-Image-2023-10-16-at-14.32.58-947x632.jpeg 947w, https:\/\/portal.pi.gov.br\/seres\/wp-content\/uploads\/sites\/87\/2023\/10\/WhatsApp-Image-2023-10-16-at-14.32.58-624x416.jpeg 624w, https:\/\/portal.pi.gov.br\/seres\/wp-content\/uploads\/sites\/87\/2023\/10\/WhatsApp-Image-2023-10-16-at-14.32.58-84x56.jpeg 84w, https:\/\/portal.pi.gov.br\/seres\/wp-content\/uploads\/sites\/87\/2023\/10\/WhatsApp-Image-2023-10-16-at-14.32.58.jpeg 1280w\" sizes=\"(max-width: 512px) 100vw, 512px\" \/><\/figure><\/div>\n\n\n<p>O projeto de lei que cria o programa ser\u00e1 encaminhado para a Assembleia Legislativa do Piau\u00ed (ALEPI) para aprecia\u00e7\u00e3o e vota\u00e7\u00e3o. A previs\u00e3o or\u00e7ament\u00e1ria \u00e9 no valor de R$ 20 milh\u00f5es. Al\u00e9m do valor do cheque-moradia, o governo ir\u00e1 destinar im\u00f3veis do estado para habita\u00e7\u00e3o. Com o programa de subs\u00eddio habitacional, o Governo do Piau\u00ed pretende incentivar a aquisi\u00e7\u00e3o de novos im\u00f3veis, melhorando a qualidade de vida das fam\u00edlias e movimentar a economia com a constru\u00e7\u00e3o de novos empreendimentos habitacionais, gerando emprego e renda no estado.<\/p>\n\n\n<div class=\"wp-block-image\">\n<figure class=\"aligncenter size-large is-resized\"><img decoding=\"async\" loading=\"lazy\" src=\"https:\/\/portal.pi.gov.br\/seres\/wp-content\/uploads\/sites\/87\/2023\/10\/WhatsApp-Image-2023-10-16-at-14.32.53-1024x683.jpeg\" alt=\"\" class=\"wp-image-1609\" width=\"519\" height=\"346\" srcset=\"https:\/\/portal.pi.gov.br\/seres\/wp-content\/uploads\/sites\/87\/2023\/10\/WhatsApp-Image-2023-10-16-at-14.32.53-1024x683.jpeg 1024w, https:\/\/portal.pi.gov.br\/seres\/wp-content\/uploads\/sites\/87\/2023\/10\/WhatsApp-Image-2023-10-16-at-14.32.53-300x200.jpeg 300w, https:\/\/portal.pi.gov.br\/seres\/wp-content\/uploads\/sites\/87\/2023\/10\/WhatsApp-Image-2023-10-16-at-14.32.53-768x512.jpeg 768w, https:\/\/portal.pi.gov.br\/seres\/wp-content\/uploads\/sites\/87\/2023\/10\/WhatsApp-Image-2023-10-16-at-14.32.53-420x280.jpeg 420w, https:\/\/portal.pi.gov.br\/seres\/wp-content\/uploads\/sites\/87\/2023\/10\/WhatsApp-Image-2023-10-16-at-14.32.53-540x360.jpeg 540w, https:\/\/portal.pi.gov.br\/seres\/wp-content\/uploads\/sites\/87\/2023\/10\/WhatsApp-Image-2023-10-16-at-14.32.53-780x520.jpeg 780w, https:\/\/portal.pi.gov.br\/seres\/wp-content\/uploads\/sites\/87\/2023\/10\/WhatsApp-Image-2023-10-16-at-14.32.53-947x632.jpeg 947w, https:\/\/portal.pi.gov.br\/seres\/wp-content\/uploads\/sites\/87\/2023\/10\/WhatsApp-Image-2023-10-16-at-14.32.53-624x416.jpeg 624w, https:\/\/portal.pi.gov.br\/seres\/wp-content\/uploads\/sites\/87\/2023\/10\/WhatsApp-Image-2023-10-16-at-14.32.53-84x56.jpeg 84w, https:\/\/portal.pi.gov.br\/seres\/wp-content\/uploads\/sites\/87\/2023\/10\/WhatsApp-Image-2023-10-16-at-14.32.53.jpeg 1280w\" sizes=\"(max-width: 519px) 100vw, 519px\" \/><\/figure><\/div>\n\n\n<p>&#8220;A ADH tem a miss\u00e3o de desenvolver programas de habita\u00e7\u00e3o para melhorar e facilitar o acesso da popula\u00e7\u00e3o \u00e0 moradia pr\u00f3pria. O Morar Bem Piau\u00ed \u00e9 um importante passo para potencializar o j\u00e1 consolidado Minha Casa, Minha Vida. O Governo do Estado vai ajudar ainda mais possibilitando \u00e0 pessoa que quer ter sua casa pr\u00f3pria, uma ajuda na entrada do im\u00f3vel. \u00c9 um processo junto \u00e0 Caixa Econ\u00f4mica que vai fomentar as habita\u00e7\u00f5es dentro do estado\u201d, explicou Carlos Edilson, diretor-presidente da ADH.<\/p>\n\n\n<div class=\"wp-block-image\">\n<figure class=\"aligncenter size-large is-resized\"><img decoding=\"async\" loading=\"lazy\" src=\"https:\/\/portal.pi.gov.br\/seres\/wp-content\/uploads\/sites\/87\/2023\/10\/WhatsApp-Image-2023-10-16-at-14.32.24-1024x683.jpeg\" alt=\"\" class=\"wp-image-1610\" width=\"531\" height=\"354\" srcset=\"https:\/\/portal.pi.gov.br\/seres\/wp-content\/uploads\/sites\/87\/2023\/10\/WhatsApp-Image-2023-10-16-at-14.32.24-1024x683.jpeg 1024w, https:\/\/portal.pi.gov.br\/seres\/wp-content\/uploads\/sites\/87\/2023\/10\/WhatsApp-Image-2023-10-16-at-14.32.24-300x200.jpeg 300w, https:\/\/portal.pi.gov.br\/seres\/wp-content\/uploads\/sites\/87\/2023\/10\/WhatsApp-Image-2023-10-16-at-14.32.24-768x512.jpeg 768w, https:\/\/portal.pi.gov.br\/seres\/wp-content\/uploads\/sites\/87\/2023\/10\/WhatsApp-Image-2023-10-16-at-14.32.24-420x280.jpeg 420w, https:\/\/portal.pi.gov.br\/seres\/wp-content\/uploads\/sites\/87\/2023\/10\/WhatsApp-Image-2023-10-16-at-14.32.24-540x360.jpeg 540w, https:\/\/portal.pi.gov.br\/seres\/wp-content\/uploads\/sites\/87\/2023\/10\/WhatsApp-Image-2023-10-16-at-14.32.24-780x520.jpeg 780w, https:\/\/portal.pi.gov.br\/seres\/wp-content\/uploads\/sites\/87\/2023\/10\/WhatsApp-Image-2023-10-16-at-14.32.24-947x632.jpeg 947w, https:\/\/portal.pi.gov.br\/seres\/wp-content\/uploads\/sites\/87\/2023\/10\/WhatsApp-Image-2023-10-16-at-14.32.24-624x416.jpeg 624w, https:\/\/portal.pi.gov.br\/seres\/wp-content\/uploads\/sites\/87\/2023\/10\/WhatsApp-Image-2023-10-16-at-14.32.24-84x56.jpeg 84w, https:\/\/portal.pi.gov.br\/seres\/wp-content\/uploads\/sites\/87\/2023\/10\/WhatsApp-Image-2023-10-16-at-14.32.24.jpeg 1280w\" sizes=\"(max-width: 531px) 100vw, 531px\" \/><\/figure><\/div>\n\n\n<p>Jos\u00e9 Gomes, presidente do Sindicato dos Trabalhadores da Constru\u00e7\u00e3o Civil, avaliou o programa. \u201cEle \u00e9 bom, atende as necessidades, tanto de moradia como tamb\u00e9m da classe trabalhadora\u201d. &nbsp;An\u00edsia Teixeixa, coordenadora nacional do Movimento de Luta por Moradia, tamb\u00e9m elogiou a iniciativa. \u201cMuito bom, porque \u00e0s vezes, o trabalhador tem sal\u00e1rio e n\u00e3o \u00e9 suficiente para dar entrada no im\u00f3vel e agora, com essa ajuda do governo do Estado do Piau\u00ed, ficou muito mais acess\u00edvel, porque vai haver subs\u00eddio\u201d.<\/p>\n\n\n<div class=\"wp-block-image\">\n<figure class=\"aligncenter size-large is-resized\"><img decoding=\"async\" loading=\"lazy\" src=\"https:\/\/portal.pi.gov.br\/seres\/wp-content\/uploads\/sites\/87\/2023\/10\/WhatsApp-Image-2023-10-16-at-14.33.16-1024x768.jpeg\" alt=\"\" class=\"wp-image-1612\" width=\"533\" height=\"400\" srcset=\"https:\/\/portal.pi.gov.br\/seres\/wp-content\/uploads\/sites\/87\/2023\/10\/WhatsApp-Image-2023-10-16-at-14.33.16-1024x768.jpeg 1024w, https:\/\/portal.pi.gov.br\/seres\/wp-content\/uploads\/sites\/87\/2023\/10\/WhatsApp-Image-2023-10-16-at-14.33.16-300x225.jpeg 300w, https:\/\/portal.pi.gov.br\/seres\/wp-content\/uploads\/sites\/87\/2023\/10\/WhatsApp-Image-2023-10-16-at-14.33.16-768x576.jpeg 768w, https:\/\/portal.pi.gov.br\/seres\/wp-content\/uploads\/sites\/87\/2023\/10\/WhatsApp-Image-2023-10-16-at-14.33.16-420x315.jpeg 420w, https:\/\/portal.pi.gov.br\/seres\/wp-content\/uploads\/sites\/87\/2023\/10\/WhatsApp-Image-2023-10-16-at-14.33.16-540x405.jpeg 540w, https:\/\/portal.pi.gov.br\/seres\/wp-content\/uploads\/sites\/87\/2023\/10\/WhatsApp-Image-2023-10-16-at-14.33.16-780x585.jpeg 780w, https:\/\/portal.pi.gov.br\/seres\/wp-content\/uploads\/sites\/87\/2023\/10\/WhatsApp-Image-2023-10-16-at-14.33.16-947x710.jpeg 947w, https:\/\/portal.pi.gov.br\/seres\/wp-content\/uploads\/sites\/87\/2023\/10\/WhatsApp-Image-2023-10-16-at-14.33.16-624x468.jpeg 624w, https:\/\/portal.pi.gov.br\/seres\/wp-content\/uploads\/sites\/87\/2023\/10\/WhatsApp-Image-2023-10-16-at-14.33.16.jpeg 1280w\" sizes=\"(max-width: 533px) 100vw, 533px\" \/><\/figure><\/div>\n\n\n<p>A secret\u00e1ria N\u00fabia, ressaltou o compromisso do governador Rafael Fonteles com os trabalhadores do Piau\u00ed. \u201cNosso governador acerta mais uma vez quando ele enxerga a oportunidade para aquelas pessoas que querem ter sua casa pr\u00f3pria e n\u00e3o t\u00eam o valor da entrada para poder fazer o financiamento. Ent\u00e3o, o Morar Bem Piau\u00ed vem abrir portas para o acesso \u00e0 casa pr\u00f3pria, um anseio de muitos piauienses, que agora v\u00e3o ter essa oportunidade de adquirir um bem t\u00e3o importante, t\u00e3o essencial, que d\u00e1 dignidade aos cidad\u00e3os\u201d, finalizou.<\/p>\n\n\n<div class=\"wp-block-image\">\n<figure class=\"aligncenter size-large is-resized\"><img decoding=\"async\" loading=\"lazy\" src=\"https:\/\/portal.pi.gov.br\/seres\/wp-content\/uploads\/sites\/87\/2023\/10\/WhatsApp-Image-2023-10-16-at-14.32.19-1024x683.jpeg\" alt=\"\" class=\"wp-image-1611\" width=\"538\" height=\"359\" srcset=\"https:\/\/portal.pi.gov.br\/seres\/wp-content\/uploads\/sites\/87\/2023\/10\/WhatsApp-Image-2023-10-16-at-14.32.19-1024x683.jpeg 1024w, https:\/\/portal.pi.gov.br\/seres\/wp-content\/uploads\/sites\/87\/2023\/10\/WhatsApp-Image-2023-10-16-at-14.32.19-300x200.jpeg 300w, https:\/\/portal.pi.gov.br\/seres\/wp-content\/uploads\/sites\/87\/2023\/10\/WhatsApp-Image-2023-10-16-at-14.32.19-768x512.jpeg 768w, https:\/\/portal.pi.gov.br\/seres\/wp-content\/uploads\/sites\/87\/2023\/10\/WhatsApp-Image-2023-10-16-at-14.32.19-420x280.jpeg 420w, https:\/\/portal.pi.gov.br\/seres\/wp-content\/uploads\/sites\/87\/2023\/10\/WhatsApp-Image-2023-10-16-at-14.32.19-540x360.jpeg 540w, https:\/\/portal.pi.gov.br\/seres\/wp-content\/uploads\/sites\/87\/2023\/10\/WhatsApp-Image-2023-10-16-at-14.32.19-780x520.jpeg 780w, https:\/\/portal.pi.gov.br\/seres\/wp-content\/uploads\/sites\/87\/2023\/10\/WhatsApp-Image-2023-10-16-at-14.32.19-947x632.jpeg 947w, https:\/\/portal.pi.gov.br\/seres\/wp-content\/uploads\/sites\/87\/2023\/10\/WhatsApp-Image-2023-10-16-at-14.32.19-624x416.jpeg 624w, https:\/\/portal.pi.gov.br\/seres\/wp-content\/uploads\/sites\/87\/2023\/10\/WhatsApp-Image-2023-10-16-at-14.32.19-84x56.jpeg 84w, https:\/\/portal.pi.gov.br\/seres\/wp-content\/uploads\/sites\/87\/2023\/10\/WhatsApp-Image-2023-10-16-at-14.32.19.jpeg 1280w\" sizes=\"(max-width: 538px) 100vw, 538px\" \/><\/figure><\/div>\n\n\n<p>A solenidade contou com gestores, representantes do setor da constru\u00e7\u00e3o civil, executivos da Caixa Econ\u00f4mica Federal e entidades que representam a atividade industrial no Piau\u00ed.<\/p>\n\n\n\n<p>Texto: ADH e Cristiana Nunes<\/p>\n\n\n\n<p><\/p>\n","protected":false},"excerpt":{"rendered":"<p>A secret\u00e1ria das Rela\u00e7\u00f5es Sociais, N\u00fabia Lopes participou do lan\u00e7amento do programa habitacional de subs\u00eddio estadual, Morar Bem Piau\u00ed, apresentado pelo governador Rafael Fonteles e pelo diretor-presidente da Ag\u00eancia de [&hellip;]<\/p>\n","protected":false},"author":1748,"featured_media":1609,"comment_status":"closed","ping_status":"closed","sticky":false,"template":"","format":"standard","meta":[],"categories":[34],"tags":[],"featured_image_urls":{"full":["https:\/\/portal.pi.gov.br\/seres\/wp-content\/uploads\/sites\/87\/2023\/10\/WhatsApp-Image-2023-10-16-at-14.32.53.jpeg",1280,854,false],"thumbnail":["https:\/\/portal.pi.gov.br\/seres\/wp-content\/uploads\/sites\/87\/2023\/10\/WhatsApp-Image-2023-10-16-at-14.32.53-150x150.jpeg",150,150,true],"medium":["https:\/\/portal.pi.gov.br\/seres\/wp-content\/uploads\/sites\/87\/2023\/10\/WhatsApp-Image-2023-10-16-at-14.32.53-300x200.jpeg",300,200,true],"medium_large":["https:\/\/portal.pi.gov.br\/seres\/wp-content\/uploads\/sites\/87\/2023\/10\/WhatsApp-Image-2023-10-16-at-14.32.53-768x512.jpeg",768,512,true],"large":["https:\/\/portal.pi.gov.br\/seres\/wp-content\/uploads\/sites\/87\/2023\/10\/WhatsApp-Image-2023-10-16-at-14.32.53-1024x683.jpeg",887,592,true],"sgg-420":["https:\/\/portal.pi.gov.br\/seres\/wp-content\/uploads\/sites\/87\/2023\/10\/WhatsApp-Image-2023-10-16-at-14.32.53-420x280.jpeg",420,280,true],"sgg-540":["https:\/\/portal.pi.gov.br\/seres\/wp-content\/uploads\/sites\/87\/2023\/10\/WhatsApp-Image-2023-10-16-at-14.32.53-540x360.jpeg",540,360,true],"sgg-780":["https:\/\/portal.pi.gov.br\/seres\/wp-content\/uploads\/sites\/87\/2023\/10\/WhatsApp-Image-2023-10-16-at-14.32.53-780x520.jpeg",780,520,true],"1536x1536":["https:\/\/portal.pi.gov.br\/seres\/wp-content\/uploads\/sites\/87\/2023\/10\/WhatsApp-Image-2023-10-16-at-14.32.53.jpeg",1280,854,false],"2048x2048":["https:\/\/portal.pi.gov.br\/seres\/wp-content\/uploads\/sites\/87\/2023\/10\/WhatsApp-Image-2023-10-16-at-14.32.53.jpeg",1280,854,false],"homepage-slider":["https:\/\/portal.pi.gov.br\/seres\/wp-content\/uploads\/sites\/87\/2023\/10\/WhatsApp-Image-2023-10-16-at-14.32.53-1270x500.jpeg",1270,500,true],"homepage-slider-small":["https:\/\/portal.pi.gov.br\/seres\/wp-content\/uploads\/sites\/87\/2023\/10\/WhatsApp-Image-2023-10-16-at-14.32.53-947x500.jpeg",947,500,true],"page-top":["https:\/\/portal.pi.gov.br\/seres\/wp-content\/uploads\/sites\/87\/2023\/10\/WhatsApp-Image-2023-10-16-at-14.32.53-947x632.jpeg",947,632,true],"page-small":["https:\/\/portal.pi.gov.br\/seres\/wp-content\/uploads\/sites\/87\/2023\/10\/WhatsApp-Image-2023-10-16-at-14.32.53-624x416.jpeg",624,416,true],"loop-main":["https:\/\/portal.pi.gov.br\/seres\/wp-content\/uploads\/sites\/87\/2023\/10\/WhatsApp-Image-2023-10-16-at-14.32.53-365x240.jpeg",365,240,true],"thumb-gallery-widget":["https:\/\/portal.pi.gov.br\/seres\/wp-content\/uploads\/sites\/87\/2023\/10\/WhatsApp-Image-2023-10-16-at-14.32.53-84x56.jpeg",84,56,true]},"post_excerpt_stackable":"<p>A secret\u00e1ria das Rela\u00e7\u00f5es Sociais, N\u00fabia Lopes participou do lan\u00e7amento do programa habitacional de subs\u00eddio estadual, Morar Bem Piau\u00ed, apresentado pelo governador Rafael Fonteles e pelo diretor-presidente da Ag\u00eancia de Desenvolvimento Habitacional (ADH), nesta segunda-feira (16). Com fomento da Caixa Econ\u00f4mica Federal e em parceria com o Sindicato da Ind\u00fastria de Constru\u00e7\u00e3o Civil (Sinduscon), o programa prev\u00ea o subs\u00eddio de at\u00e9 R$ 10 mil para quem ganha de 1 a 6 sal\u00e1rios m\u00ednimos, a fim de diminuir o valor da entrada na compra de novos im\u00f3veis. O projeto de lei que cria o programa ser\u00e1 encaminhado para a Assembleia Legislativa&hellip;<\/p>\n","category_list":"<a href=\"https:\/\/portal.pi.gov.br\/seres\/category\/noticias\/\" rel=\"category tag\">Not\u00edcias<\/a>","author_info":{"name":"natalina","url":"https:\/\/portal.pi.gov.br\/seres\/author\/natalina\/"},"comments_num":"0 coment\u00e1rio","featured_image_urls_v2":{"full":["https:\/\/portal.pi.gov.br\/seres\/wp-content\/uploads\/sites\/87\/2023\/10\/WhatsApp-Image-2023-10-16-at-14.32.53.jpeg",1280,854,false],"thumbnail":["https:\/\/portal.pi.gov.br\/seres\/wp-content\/uploads\/sites\/87\/2023\/10\/WhatsApp-Image-2023-10-16-at-14.32.53-150x150.jpeg",150,150,true],"medium":["https:\/\/portal.pi.gov.br\/seres\/wp-content\/uploads\/sites\/87\/2023\/10\/WhatsApp-Image-2023-10-16-at-14.32.53-300x200.jpeg",300,200,true],"medium_large":["https:\/\/portal.pi.gov.br\/seres\/wp-content\/uploads\/sites\/87\/2023\/10\/WhatsApp-Image-2023-10-16-at-14.32.53-768x512.jpeg",768,512,true],"large":["https:\/\/portal.pi.gov.br\/seres\/wp-content\/uploads\/sites\/87\/2023\/10\/WhatsApp-Image-2023-10-16-at-14.32.53-1024x683.jpeg",887,592,true],"sgg-420":["https:\/\/portal.pi.gov.br\/seres\/wp-content\/uploads\/sites\/87\/2023\/10\/WhatsApp-Image-2023-10-16-at-14.32.53-420x280.jpeg",420,280,true],"sgg-540":["https:\/\/portal.pi.gov.br\/seres\/wp-content\/uploads\/sites\/87\/2023\/10\/WhatsApp-Image-2023-10-16-at-14.32.53-540x360.jpeg",540,360,true],"sgg-780":["https:\/\/portal.pi.gov.br\/seres\/wp-content\/uploads\/sites\/87\/2023\/10\/WhatsApp-Image-2023-10-16-at-14.32.53-780x520.jpeg",780,520,true],"1536x1536":["https:\/\/portal.pi.gov.br\/seres\/wp-content\/uploads\/sites\/87\/2023\/10\/WhatsApp-Image-2023-10-16-at-14.32.53.jpeg",1280,854,false],"2048x2048":["https:\/\/portal.pi.gov.br\/seres\/wp-content\/uploads\/sites\/87\/2023\/10\/WhatsApp-Image-2023-10-16-at-14.32.53.jpeg",1280,854,false],"homepage-slider":["https:\/\/portal.pi.gov.br\/seres\/wp-content\/uploads\/sites\/87\/2023\/10\/WhatsApp-Image-2023-10-16-at-14.32.53-1270x500.jpeg",1270,500,true],"homepage-slider-small":["https:\/\/portal.pi.gov.br\/seres\/wp-content\/uploads\/sites\/87\/2023\/10\/WhatsApp-Image-2023-10-16-at-14.32.53-947x500.jpeg",947,500,true],"page-top":["https:\/\/portal.pi.gov.br\/seres\/wp-content\/uploads\/sites\/87\/2023\/10\/WhatsApp-Image-2023-10-16-at-14.32.53-947x632.jpeg",947,632,true],"page-small":["https:\/\/portal.pi.gov.br\/seres\/wp-content\/uploads\/sites\/87\/2023\/10\/WhatsApp-Image-2023-10-16-at-14.32.53-624x416.jpeg",624,416,true],"loop-main":["https:\/\/portal.pi.gov.br\/seres\/wp-content\/uploads\/sites\/87\/2023\/10\/WhatsApp-Image-2023-10-16-at-14.32.53-365x240.jpeg",365,240,true],"thumb-gallery-widget":["https:\/\/portal.pi.gov.br\/seres\/wp-content\/uploads\/sites\/87\/2023\/10\/WhatsApp-Image-2023-10-16-at-14.32.53-84x56.jpeg",84,56,true]},"post_excerpt_stackable_v2":"<p>A secret\u00e1ria das Rela\u00e7\u00f5es Sociais, N\u00fabia Lopes participou do lan\u00e7amento do programa habitacional de subs\u00eddio estadual, Morar Bem Piau\u00ed, apresentado pelo governador Rafael Fonteles e pelo diretor-presidente da Ag\u00eancia de Desenvolvimento Habitacional (ADH), nesta segunda-feira (16). Com fomento da Caixa Econ\u00f4mica Federal e em parceria com o Sindicato da Ind\u00fastria de Constru\u00e7\u00e3o Civil (Sinduscon), o programa prev\u00ea o subs\u00eddio de at\u00e9 R$ 10 mil para quem ganha de 1 a 6 sal\u00e1rios m\u00ednimos, a fim de diminuir o valor da entrada na compra de novos im\u00f3veis. O projeto de lei que cria o programa ser\u00e1 encaminhado para a Assembleia Legislativa&hellip;<\/p>\n","category_list_v2":"<a href=\"https:\/\/portal.pi.gov.br\/seres\/category\/noticias\/\" rel=\"category tag\">Not\u00edcias<\/a>","author_info_v2":{"name":"natalina","url":"https:\/\/portal.pi.gov.br\/seres\/author\/natalina\/"},"comments_num_v2":"0 coment\u00e1rio","jetpack_featured_media_url":"https:\/\/portal.pi.gov.br\/seres\/wp-content\/uploads\/sites\/87\/2023\/10\/WhatsApp-Image-2023-10-16-at-14.32.53.jpeg","_links":{"self":[{"href":"https:\/\/portal.pi.gov.br\/seres\/wp-json\/wp\/v2\/posts\/1607"}],"collection":[{"href":"https:\/\/portal.pi.gov.br\/seres\/wp-json\/wp\/v2\/posts"}],"about":[{"href":"https:\/\/portal.pi.gov.br\/seres\/wp-json\/wp\/v2\/types\/post"}],"author":[{"embeddable":true,"href":"https:\/\/portal.pi.gov.br\/seres\/wp-json\/wp\/v2\/users\/1748"}],"replies":[{"embeddable":true,"href":"https:\/\/portal.pi.gov.br\/seres\/wp-json\/wp\/v2\/comments?post=1607"}],"version-history":[{"count":4,"href":"https:\/\/portal.pi.gov.br\/seres\/wp-json\/wp\/v2\/posts\/1607\/revisions"}],"predecessor-version":[{"id":1616,"href":"https:\/\/portal.pi.gov.br\/seres\/wp-json\/wp\/v2\/posts\/1607\/revisions\/1616"}],"wp:featuredmedia":[{"embeddable":true,"href":"https:\/\/portal.pi.gov.br\/seres\/wp-json\/wp\/v2\/media\/1609"}],"wp:attachment":[{"href":"https:\/\/portal.pi.gov.br\/seres\/wp-json\/wp\/v2\/media?parent=1607"}],"wp:term":[{"taxonomy":"category","embeddable":true,"href":"https:\/\/portal.pi.gov.br\/seres\/wp-json\/wp\/v2\/categories?post=1607"},{"taxonomy":"post_tag","embeddable":true,"href":"https:\/\/portal.pi.gov.br\/seres\/wp-json\/wp\/v2\/tags?post=1607"}],"curies":[{"name":"wp","href":"https:\/\/api.w.org\/{rel}","templated":true}]}}