{"id":1617,"date":"2023-10-17T16:24:12","date_gmt":"2023-10-17T19:24:12","guid":{"rendered":"https:\/\/portal.pi.gov.br\/seres\/?p=1617"},"modified":"2023-10-17T16:39:26","modified_gmt":"2023-10-17T19:39:26","slug":"secretaria-nubia-lopes-participa-do-forum-de-gestoras-que-discute-enfrentamento-da-violencia-contra-as-mulheres","status":"publish","type":"post","link":"https:\/\/portal.pi.gov.br\/seres\/2023\/10\/17\/secretaria-nubia-lopes-participa-do-forum-de-gestoras-que-discute-enfrentamento-da-violencia-contra-as-mulheres\/","title":{"rendered":"Secret\u00e1ria N\u00fabia Lopes participa do F\u00f3rum de Gestoras que discute enfrentamento da viol\u00eancia contra as mulheres"},"content":{"rendered":"\n<p>A secret\u00e1ria das Rela\u00e7\u00f5es Sociais, N\u00fabia Lopes, participou da mesa de abertura do 3\u00ba F\u00f3rum Estadual das Gestoras, realizado pela secretaria de Estado das Mulheres do Piau\u00ed (Sempi), na manh\u00e3 desta ter\u00e7a-feira (17). O evento, que segue at\u00e9 amanh\u00e3 (18), \u00e9&nbsp;voltado para as gestoras de Organismos de Pol\u00edticas para Mulheres (OPMs) e conta com a presen\u00e7a e participa\u00e7\u00e3o de uma equipe do Minist\u00e9rio das Mulheres.&nbsp;<\/p>\n\n\n<div class=\"wp-block-image\">\n<figure class=\"aligncenter size-large is-resized\"><img decoding=\"async\" loading=\"lazy\" src=\"https:\/\/portal.pi.gov.br\/seres\/wp-content\/uploads\/sites\/87\/2023\/10\/WhatsApp-Image-2023-10-17-at-13.15.59-1024x768.jpeg\" alt=\"\" class=\"wp-image-1623\" width=\"527\" height=\"395\" srcset=\"https:\/\/portal.pi.gov.br\/seres\/wp-content\/uploads\/sites\/87\/2023\/10\/WhatsApp-Image-2023-10-17-at-13.15.59-1024x768.jpeg 1024w, https:\/\/portal.pi.gov.br\/seres\/wp-content\/uploads\/sites\/87\/2023\/10\/WhatsApp-Image-2023-10-17-at-13.15.59-300x225.jpeg 300w, https:\/\/portal.pi.gov.br\/seres\/wp-content\/uploads\/sites\/87\/2023\/10\/WhatsApp-Image-2023-10-17-at-13.15.59-768x576.jpeg 768w, https:\/\/portal.pi.gov.br\/seres\/wp-content\/uploads\/sites\/87\/2023\/10\/WhatsApp-Image-2023-10-17-at-13.15.59-420x315.jpeg 420w, https:\/\/portal.pi.gov.br\/seres\/wp-content\/uploads\/sites\/87\/2023\/10\/WhatsApp-Image-2023-10-17-at-13.15.59-540x405.jpeg 540w, https:\/\/portal.pi.gov.br\/seres\/wp-content\/uploads\/sites\/87\/2023\/10\/WhatsApp-Image-2023-10-17-at-13.15.59-780x585.jpeg 780w, https:\/\/portal.pi.gov.br\/seres\/wp-content\/uploads\/sites\/87\/2023\/10\/WhatsApp-Image-2023-10-17-at-13.15.59-1536x1152.jpeg 1536w, https:\/\/portal.pi.gov.br\/seres\/wp-content\/uploads\/sites\/87\/2023\/10\/WhatsApp-Image-2023-10-17-at-13.15.59-947x710.jpeg 947w, https:\/\/portal.pi.gov.br\/seres\/wp-content\/uploads\/sites\/87\/2023\/10\/WhatsApp-Image-2023-10-17-at-13.15.59-624x468.jpeg 624w, https:\/\/portal.pi.gov.br\/seres\/wp-content\/uploads\/sites\/87\/2023\/10\/WhatsApp-Image-2023-10-17-at-13.15.59.jpeg 1600w\" sizes=\"(max-width: 527px) 100vw, 527px\" \/><\/figure><\/div>\n\n\n<p>De acordo com a secret\u00e1ria de Estado das Mulheres, Zenaide Lustosa, o evento foi&nbsp;ampliado para as gestoras estaduais, de modo a fortalecer a pol\u00edtica para as mulheres, compreendendo que existe uma transversalidade entre gest\u00e3o municipal, estadual e da Uni\u00e3o. \u201cVamos fortalecer e dialogar com todos os munic\u00edpios e apresentar que projetos s\u00e3o executados pelo Minist\u00e9rio e como os munic\u00edpios podem buscar esses projetos junto ao Governo Federal para que possamos avan\u00e7ar na autonomia econ\u00f4mica das mulheres e no enfrentamento \u00e0 viol\u00eancia\u201d, destacou a secret\u00e1ria.&nbsp;<\/p>\n\n\n<div class=\"wp-block-image\">\n<figure class=\"aligncenter size-full is-resized\"><img decoding=\"async\" loading=\"lazy\" src=\"https:\/\/portal.pi.gov.br\/seres\/wp-content\/uploads\/sites\/87\/2023\/10\/WhatsApp-Image-2023-10-17-at-13.15.58.jpeg\" alt=\"\" class=\"wp-image-1622\" width=\"539\" height=\"359\" srcset=\"https:\/\/portal.pi.gov.br\/seres\/wp-content\/uploads\/sites\/87\/2023\/10\/WhatsApp-Image-2023-10-17-at-13.15.58.jpeg 1024w, https:\/\/portal.pi.gov.br\/seres\/wp-content\/uploads\/sites\/87\/2023\/10\/WhatsApp-Image-2023-10-17-at-13.15.58-300x200.jpeg 300w, https:\/\/portal.pi.gov.br\/seres\/wp-content\/uploads\/sites\/87\/2023\/10\/WhatsApp-Image-2023-10-17-at-13.15.58-768x512.jpeg 768w, https:\/\/portal.pi.gov.br\/seres\/wp-content\/uploads\/sites\/87\/2023\/10\/WhatsApp-Image-2023-10-17-at-13.15.58-420x280.jpeg 420w, https:\/\/portal.pi.gov.br\/seres\/wp-content\/uploads\/sites\/87\/2023\/10\/WhatsApp-Image-2023-10-17-at-13.15.58-540x360.jpeg 540w, https:\/\/portal.pi.gov.br\/seres\/wp-content\/uploads\/sites\/87\/2023\/10\/WhatsApp-Image-2023-10-17-at-13.15.58-780x520.jpeg 780w, https:\/\/portal.pi.gov.br\/seres\/wp-content\/uploads\/sites\/87\/2023\/10\/WhatsApp-Image-2023-10-17-at-13.15.58-947x632.jpeg 947w, https:\/\/portal.pi.gov.br\/seres\/wp-content\/uploads\/sites\/87\/2023\/10\/WhatsApp-Image-2023-10-17-at-13.15.58-624x416.jpeg 624w, https:\/\/portal.pi.gov.br\/seres\/wp-content\/uploads\/sites\/87\/2023\/10\/WhatsApp-Image-2023-10-17-at-13.15.58-84x56.jpeg 84w\" sizes=\"(max-width: 539px) 100vw, 539px\" \/><\/figure><\/div>\n\n\n<p>\u00a0A secret\u00e1ria N\u00fabia Lopes destacou a import\u00e2ncia da uni\u00e3o das gestoras. \u201cN\u00f3s precisamos estar juntas para fortalecer essa a\u00e7\u00e3o em todas as secretarias, precisamos aderir ao programa ProEquidade do Governo do Estado. Na Seres, j\u00e1 realizamos v\u00e1rias\u00a0a\u00e7\u00f5es em prol das mulheres, em diversas \u00e1reas. \u00c9 preciso ter coragem para ocuparmos os espa\u00e7os que s\u00e3o nossos. \u00c9 muito importante a decis\u00e3o de cada um de estar onde quer\u201d.\u00a0<\/p>\n\n\n<div class=\"wp-block-image\">\n<figure class=\"aligncenter size-large is-resized\"><img decoding=\"async\" loading=\"lazy\" src=\"https:\/\/portal.pi.gov.br\/seres\/wp-content\/uploads\/sites\/87\/2023\/10\/WhatsApp-Image-2023-10-17-at-13.16.00-1024x768.jpeg\" alt=\"\" class=\"wp-image-1621\" width=\"552\" height=\"414\" srcset=\"https:\/\/portal.pi.gov.br\/seres\/wp-content\/uploads\/sites\/87\/2023\/10\/WhatsApp-Image-2023-10-17-at-13.16.00-1024x768.jpeg 1024w, https:\/\/portal.pi.gov.br\/seres\/wp-content\/uploads\/sites\/87\/2023\/10\/WhatsApp-Image-2023-10-17-at-13.16.00-300x225.jpeg 300w, https:\/\/portal.pi.gov.br\/seres\/wp-content\/uploads\/sites\/87\/2023\/10\/WhatsApp-Image-2023-10-17-at-13.16.00-768x576.jpeg 768w, https:\/\/portal.pi.gov.br\/seres\/wp-content\/uploads\/sites\/87\/2023\/10\/WhatsApp-Image-2023-10-17-at-13.16.00-420x315.jpeg 420w, https:\/\/portal.pi.gov.br\/seres\/wp-content\/uploads\/sites\/87\/2023\/10\/WhatsApp-Image-2023-10-17-at-13.16.00-540x405.jpeg 540w, https:\/\/portal.pi.gov.br\/seres\/wp-content\/uploads\/sites\/87\/2023\/10\/WhatsApp-Image-2023-10-17-at-13.16.00-780x585.jpeg 780w, https:\/\/portal.pi.gov.br\/seres\/wp-content\/uploads\/sites\/87\/2023\/10\/WhatsApp-Image-2023-10-17-at-13.16.00-1536x1152.jpeg 1536w, https:\/\/portal.pi.gov.br\/seres\/wp-content\/uploads\/sites\/87\/2023\/10\/WhatsApp-Image-2023-10-17-at-13.16.00-947x710.jpeg 947w, https:\/\/portal.pi.gov.br\/seres\/wp-content\/uploads\/sites\/87\/2023\/10\/WhatsApp-Image-2023-10-17-at-13.16.00-624x468.jpeg 624w, https:\/\/portal.pi.gov.br\/seres\/wp-content\/uploads\/sites\/87\/2023\/10\/WhatsApp-Image-2023-10-17-at-13.16.00.jpeg 1600w\" sizes=\"(max-width: 552px) 100vw, 552px\" \/><\/figure><\/div>\n\n\n<p>Na programa\u00e7\u00e3o merecem destaque: o painel \u201cArticula\u00e7\u00e3o entre os Organismos de Pol\u00edticas para Mulheres na gest\u00e3o p\u00fablica\u201d, conduzido pela secret\u00e1ria Nacional de Articula\u00e7\u00e3o Institucional, A\u00e7\u00f5es Tem\u00e1ticas e Participa\u00e7\u00e3o Popular do Minist\u00e9rio das Mulheres,&nbsp;Carmen Foro; e a roda de conversa sobre a\u00e7\u00f5es e linhas de atua\u00e7\u00e3o da Secretaria Nacional de Articula\u00e7\u00e3o Institucional, A\u00e7\u00f5es Tem\u00e1ticas e Participa\u00e7\u00e3o Popular, com a coordenadora-geral de Articula\u00e7\u00e3o dos OPMs e das Entidades da Administra\u00e7\u00e3o Federal do Minist\u00e9rio das Mulheres, Celia Watanabe.&nbsp;<\/p>\n\n\n<div class=\"wp-block-image\">\n<figure class=\"aligncenter size-large is-resized\"><img decoding=\"async\" loading=\"lazy\" src=\"https:\/\/portal.pi.gov.br\/seres\/wp-content\/uploads\/sites\/87\/2023\/10\/WhatsApp-Image-2023-10-17-at-13.16.00-1-1024x768.jpeg\" alt=\"\" class=\"wp-image-1620\" width=\"559\" height=\"419\" srcset=\"https:\/\/portal.pi.gov.br\/seres\/wp-content\/uploads\/sites\/87\/2023\/10\/WhatsApp-Image-2023-10-17-at-13.16.00-1-1024x768.jpeg 1024w, https:\/\/portal.pi.gov.br\/seres\/wp-content\/uploads\/sites\/87\/2023\/10\/WhatsApp-Image-2023-10-17-at-13.16.00-1-300x225.jpeg 300w, https:\/\/portal.pi.gov.br\/seres\/wp-content\/uploads\/sites\/87\/2023\/10\/WhatsApp-Image-2023-10-17-at-13.16.00-1-768x576.jpeg 768w, https:\/\/portal.pi.gov.br\/seres\/wp-content\/uploads\/sites\/87\/2023\/10\/WhatsApp-Image-2023-10-17-at-13.16.00-1-420x315.jpeg 420w, https:\/\/portal.pi.gov.br\/seres\/wp-content\/uploads\/sites\/87\/2023\/10\/WhatsApp-Image-2023-10-17-at-13.16.00-1-540x405.jpeg 540w, https:\/\/portal.pi.gov.br\/seres\/wp-content\/uploads\/sites\/87\/2023\/10\/WhatsApp-Image-2023-10-17-at-13.16.00-1-780x585.jpeg 780w, https:\/\/portal.pi.gov.br\/seres\/wp-content\/uploads\/sites\/87\/2023\/10\/WhatsApp-Image-2023-10-17-at-13.16.00-1-1536x1152.jpeg 1536w, https:\/\/portal.pi.gov.br\/seres\/wp-content\/uploads\/sites\/87\/2023\/10\/WhatsApp-Image-2023-10-17-at-13.16.00-1-947x710.jpeg 947w, https:\/\/portal.pi.gov.br\/seres\/wp-content\/uploads\/sites\/87\/2023\/10\/WhatsApp-Image-2023-10-17-at-13.16.00-1-624x468.jpeg 624w, https:\/\/portal.pi.gov.br\/seres\/wp-content\/uploads\/sites\/87\/2023\/10\/WhatsApp-Image-2023-10-17-at-13.16.00-1.jpeg 1600w\" sizes=\"(max-width: 559px) 100vw, 559px\" \/><\/figure><\/div>\n\n\n<p>Al\u00e9m disso, haver\u00e1 um panorama sobre a Pol\u00edtica de Enfrentamento \u00e0 Viol\u00eancia contra as Mulheres, uma roda de conversa sobre a Rede de Atendimento \u00e0s Mulheres em Situa\u00e7\u00e3o de Viol\u00eancia e um momento com o secret\u00e1rio de Seguran\u00e7a P\u00fablica, Chico Lucas, em que ele abordar\u00e1 o combate \u00e0 viol\u00eancia contra as mulheres a partir da perspectiva da pol\u00edtica de Seguran\u00e7a P\u00fablica.&nbsp;<\/p>\n","protected":false},"excerpt":{"rendered":"<p>A secret\u00e1ria das Rela\u00e7\u00f5es Sociais, N\u00fabia Lopes, participou da mesa de abertura do 3\u00ba F\u00f3rum Estadual das Gestoras, realizado pela secretaria de Estado das Mulheres do Piau\u00ed (Sempi), na manh\u00e3 [&hellip;]<\/p>\n","protected":false},"author":1748,"featured_media":1622,"comment_status":"closed","ping_status":"closed","sticky":false,"template":"","format":"standard","meta":[],"categories":[34],"tags":[51,53,41],"featured_image_urls":{"full":["https:\/\/portal.pi.gov.br\/seres\/wp-content\/uploads\/sites\/87\/2023\/10\/WhatsApp-Image-2023-10-17-at-13.15.58.jpeg",1024,683,false],"thumbnail":["https:\/\/portal.pi.gov.br\/seres\/wp-content\/uploads\/sites\/87\/2023\/10\/WhatsApp-Image-2023-10-17-at-13.15.58-150x150.jpeg",150,150,true],"medium":["https:\/\/portal.pi.gov.br\/seres\/wp-content\/uploads\/sites\/87\/2023\/10\/WhatsApp-Image-2023-10-17-at-13.15.58-300x200.jpeg",300,200,true],"medium_large":["https:\/\/portal.pi.gov.br\/seres\/wp-content\/uploads\/sites\/87\/2023\/10\/WhatsApp-Image-2023-10-17-at-13.15.58-768x512.jpeg",768,512,true],"large":["https:\/\/portal.pi.gov.br\/seres\/wp-content\/uploads\/sites\/87\/2023\/10\/WhatsApp-Image-2023-10-17-at-13.15.58.jpeg",887,592,false],"sgg-420":["https:\/\/portal.pi.gov.br\/seres\/wp-content\/uploads\/sites\/87\/2023\/10\/WhatsApp-Image-2023-10-17-at-13.15.58-420x280.jpeg",420,280,true],"sgg-540":["https:\/\/portal.pi.gov.br\/seres\/wp-content\/uploads\/sites\/87\/2023\/10\/WhatsApp-Image-2023-10-17-at-13.15.58-540x360.jpeg",540,360,true],"sgg-780":["https:\/\/portal.pi.gov.br\/seres\/wp-content\/uploads\/sites\/87\/2023\/10\/WhatsApp-Image-2023-10-17-at-13.15.58-780x520.jpeg",780,520,true],"1536x1536":["https:\/\/portal.pi.gov.br\/seres\/wp-content\/uploads\/sites\/87\/2023\/10\/WhatsApp-Image-2023-10-17-at-13.15.58.jpeg",1024,683,false],"2048x2048":["https:\/\/portal.pi.gov.br\/seres\/wp-content\/uploads\/sites\/87\/2023\/10\/WhatsApp-Image-2023-10-17-at-13.15.58.jpeg",1024,683,false],"homepage-slider":["https:\/\/portal.pi.gov.br\/seres\/wp-content\/uploads\/sites\/87\/2023\/10\/WhatsApp-Image-2023-10-17-at-13.15.58-1024x500.jpeg",1024,500,true],"homepage-slider-small":["https:\/\/portal.pi.gov.br\/seres\/wp-content\/uploads\/sites\/87\/2023\/10\/WhatsApp-Image-2023-10-17-at-13.15.58-947x500.jpeg",947,500,true],"page-top":["https:\/\/portal.pi.gov.br\/seres\/wp-content\/uploads\/sites\/87\/2023\/10\/WhatsApp-Image-2023-10-17-at-13.15.58-947x632.jpeg",947,632,true],"page-small":["https:\/\/portal.pi.gov.br\/seres\/wp-content\/uploads\/sites\/87\/2023\/10\/WhatsApp-Image-2023-10-17-at-13.15.58-624x416.jpeg",624,416,true],"loop-main":["https:\/\/portal.pi.gov.br\/seres\/wp-content\/uploads\/sites\/87\/2023\/10\/WhatsApp-Image-2023-10-17-at-13.15.58-365x240.jpeg",365,240,true],"thumb-gallery-widget":["https:\/\/portal.pi.gov.br\/seres\/wp-content\/uploads\/sites\/87\/2023\/10\/WhatsApp-Image-2023-10-17-at-13.15.58-84x56.jpeg",84,56,true]},"post_excerpt_stackable":"<p>A secret\u00e1ria das Rela\u00e7\u00f5es Sociais, N\u00fabia Lopes, participou da mesa de abertura do 3\u00ba F\u00f3rum Estadual das Gestoras, realizado pela secretaria de Estado das Mulheres do Piau\u00ed (Sempi), na manh\u00e3 desta ter\u00e7a-feira (17). O evento, que segue at\u00e9 amanh\u00e3 (18), \u00e9&nbsp;voltado para as gestoras de Organismos de Pol\u00edticas para Mulheres (OPMs) e conta com a presen\u00e7a e participa\u00e7\u00e3o de uma equipe do Minist\u00e9rio das Mulheres.&nbsp; De acordo com a secret\u00e1ria de Estado das Mulheres, Zenaide Lustosa, o evento foi&nbsp;ampliado para as gestoras estaduais, de modo a fortalecer a pol\u00edtica para as mulheres, compreendendo que existe uma transversalidade entre gest\u00e3o municipal,&hellip;<\/p>\n","category_list":"<a href=\"https:\/\/portal.pi.gov.br\/seres\/category\/noticias\/\" rel=\"category tag\">Not\u00edcias<\/a>","author_info":{"name":"natalina","url":"https:\/\/portal.pi.gov.br\/seres\/author\/natalina\/"},"comments_num":"0 coment\u00e1rio","featured_image_urls_v2":{"full":["https:\/\/portal.pi.gov.br\/seres\/wp-content\/uploads\/sites\/87\/2023\/10\/WhatsApp-Image-2023-10-17-at-13.15.58.jpeg",1024,683,false],"thumbnail":["https:\/\/portal.pi.gov.br\/seres\/wp-content\/uploads\/sites\/87\/2023\/10\/WhatsApp-Image-2023-10-17-at-13.15.58-150x150.jpeg",150,150,true],"medium":["https:\/\/portal.pi.gov.br\/seres\/wp-content\/uploads\/sites\/87\/2023\/10\/WhatsApp-Image-2023-10-17-at-13.15.58-300x200.jpeg",300,200,true],"medium_large":["https:\/\/portal.pi.gov.br\/seres\/wp-content\/uploads\/sites\/87\/2023\/10\/WhatsApp-Image-2023-10-17-at-13.15.58-768x512.jpeg",768,512,true],"large":["https:\/\/portal.pi.gov.br\/seres\/wp-content\/uploads\/sites\/87\/2023\/10\/WhatsApp-Image-2023-10-17-at-13.15.58.jpeg",887,592,false],"sgg-420":["https:\/\/portal.pi.gov.br\/seres\/wp-content\/uploads\/sites\/87\/2023\/10\/WhatsApp-Image-2023-10-17-at-13.15.58-420x280.jpeg",420,280,true],"sgg-540":["https:\/\/portal.pi.gov.br\/seres\/wp-content\/uploads\/sites\/87\/2023\/10\/WhatsApp-Image-2023-10-17-at-13.15.58-540x360.jpeg",540,360,true],"sgg-780":["https:\/\/portal.pi.gov.br\/seres\/wp-content\/uploads\/sites\/87\/2023\/10\/WhatsApp-Image-2023-10-17-at-13.15.58-780x520.jpeg",780,520,true],"1536x1536":["https:\/\/portal.pi.gov.br\/seres\/wp-content\/uploads\/sites\/87\/2023\/10\/WhatsApp-Image-2023-10-17-at-13.15.58.jpeg",1024,683,false],"2048x2048":["https:\/\/portal.pi.gov.br\/seres\/wp-content\/uploads\/sites\/87\/2023\/10\/WhatsApp-Image-2023-10-17-at-13.15.58.jpeg",1024,683,false],"homepage-slider":["https:\/\/portal.pi.gov.br\/seres\/wp-content\/uploads\/sites\/87\/2023\/10\/WhatsApp-Image-2023-10-17-at-13.15.58-1024x500.jpeg",1024,500,true],"homepage-slider-small":["https:\/\/portal.pi.gov.br\/seres\/wp-content\/uploads\/sites\/87\/2023\/10\/WhatsApp-Image-2023-10-17-at-13.15.58-947x500.jpeg",947,500,true],"page-top":["https:\/\/portal.pi.gov.br\/seres\/wp-content\/uploads\/sites\/87\/2023\/10\/WhatsApp-Image-2023-10-17-at-13.15.58-947x632.jpeg",947,632,true],"page-small":["https:\/\/portal.pi.gov.br\/seres\/wp-content\/uploads\/sites\/87\/2023\/10\/WhatsApp-Image-2023-10-17-at-13.15.58-624x416.jpeg",624,416,true],"loop-main":["https:\/\/portal.pi.gov.br\/seres\/wp-content\/uploads\/sites\/87\/2023\/10\/WhatsApp-Image-2023-10-17-at-13.15.58-365x240.jpeg",365,240,true],"thumb-gallery-widget":["https:\/\/portal.pi.gov.br\/seres\/wp-content\/uploads\/sites\/87\/2023\/10\/WhatsApp-Image-2023-10-17-at-13.15.58-84x56.jpeg",84,56,true]},"post_excerpt_stackable_v2":"<p>A secret\u00e1ria das Rela\u00e7\u00f5es Sociais, N\u00fabia Lopes, participou da mesa de abertura do 3\u00ba F\u00f3rum Estadual das Gestoras, realizado pela secretaria de Estado das Mulheres do Piau\u00ed (Sempi), na manh\u00e3 desta ter\u00e7a-feira (17). O evento, que segue at\u00e9 amanh\u00e3 (18), \u00e9&nbsp;voltado para as gestoras de Organismos de Pol\u00edticas para Mulheres (OPMs) e conta com a presen\u00e7a e participa\u00e7\u00e3o de uma equipe do Minist\u00e9rio das Mulheres.&nbsp; De acordo com a secret\u00e1ria de Estado das Mulheres, Zenaide Lustosa, o evento foi&nbsp;ampliado para as gestoras estaduais, de modo a fortalecer a pol\u00edtica para as mulheres, compreendendo que existe uma transversalidade entre gest\u00e3o municipal,&hellip;<\/p>\n","category_list_v2":"<a href=\"https:\/\/portal.pi.gov.br\/seres\/category\/noticias\/\" rel=\"category tag\">Not\u00edcias<\/a>","author_info_v2":{"name":"natalina","url":"https:\/\/portal.pi.gov.br\/seres\/author\/natalina\/"},"comments_num_v2":"0 coment\u00e1rio","jetpack_featured_media_url":"https:\/\/portal.pi.gov.br\/seres\/wp-content\/uploads\/sites\/87\/2023\/10\/WhatsApp-Image-2023-10-17-at-13.15.58.jpeg","_links":{"self":[{"href":"https:\/\/portal.pi.gov.br\/seres\/wp-json\/wp\/v2\/posts\/1617"}],"collection":[{"href":"https:\/\/portal.pi.gov.br\/seres\/wp-json\/wp\/v2\/posts"}],"about":[{"href":"https:\/\/portal.pi.gov.br\/seres\/wp-json\/wp\/v2\/types\/post"}],"author":[{"embeddable":true,"href":"https:\/\/portal.pi.gov.br\/seres\/wp-json\/wp\/v2\/users\/1748"}],"replies":[{"embeddable":true,"href":"https:\/\/portal.pi.gov.br\/seres\/wp-json\/wp\/v2\/comments?post=1617"}],"version-history":[{"count":2,"href":"https:\/\/portal.pi.gov.br\/seres\/wp-json\/wp\/v2\/posts\/1617\/revisions"}],"predecessor-version":[{"id":1626,"href":"https:\/\/portal.pi.gov.br\/seres\/wp-json\/wp\/v2\/posts\/1617\/revisions\/1626"}],"wp:featuredmedia":[{"embeddable":true,"href":"https:\/\/portal.pi.gov.br\/seres\/wp-json\/wp\/v2\/media\/1622"}],"wp:attachment":[{"href":"https:\/\/portal.pi.gov.br\/seres\/wp-json\/wp\/v2\/media?parent=1617"}],"wp:term":[{"taxonomy":"category","embeddable":true,"href":"https:\/\/portal.pi.gov.br\/seres\/wp-json\/wp\/v2\/categories?post=1617"},{"taxonomy":"post_tag","embeddable":true,"href":"https:\/\/portal.pi.gov.br\/seres\/wp-json\/wp\/v2\/tags?post=1617"}],"curies":[{"name":"wp","href":"https:\/\/api.w.org\/{rel}","templated":true}]}}