{"id":1627,"date":"2023-10-18T22:21:40","date_gmt":"2023-10-19T01:21:40","guid":{"rendered":"https:\/\/portal.pi.gov.br\/seres\/?p=1627"},"modified":"2023-10-20T18:05:53","modified_gmt":"2023-10-20T21:05:53","slug":"a-secretaria-nubia-lopes-participa-da-entrega-de-obras-no-litoral-com-o-governador-rafael-fonteles","status":"publish","type":"post","link":"https:\/\/portal.pi.gov.br\/seres\/2023\/10\/18\/a-secretaria-nubia-lopes-participa-da-entrega-de-obras-no-litoral-com-o-governador-rafael-fonteles\/","title":{"rendered":"A secret\u00e1ria N\u00fabia Lopes participa da entrega de obras no litoral com o governador Rafael Fonteles"},"content":{"rendered":"\n<p>Em celebra\u00e7\u00e3o ao Dia do Piau\u00ed, o governador Rafael Fonteles entregou in\u00fameras obras \u00e0 popula\u00e7\u00e3o da Plan\u00edcie litor\u00e2nea do estado, nesta quarta-feira (18). A secret\u00e1ria de Estado das Rela\u00e7\u00f5es Sociais, N\u00fabia Lopes, acompanhou toda a agenda. S\u00e3o obras de mobilidade urbana, que v\u00e3o desenvolver ainda mais o turismo e levar bem-estar social. Al\u00e9m da nova sede do Corpo de Bombeiros em Parna\u00edba, o governador inaugurou uma ciclovia e autorizou a licita\u00e7\u00e3o para revitaliza\u00e7\u00e3o da Lagoa do Portinho.<\/p>\n\n\n<div class=\"wp-block-image\">\n<figure class=\"aligncenter size-large is-resized\"><img decoding=\"async\" loading=\"lazy\" src=\"https:\/\/portal.pi.gov.br\/seres\/wp-content\/uploads\/sites\/87\/2023\/10\/WhatsApp-Image-2023-10-18-at-19.57.21-1024x682.jpeg\" alt=\"\" class=\"wp-image-1628\" width=\"510\" height=\"339\" srcset=\"https:\/\/portal.pi.gov.br\/seres\/wp-content\/uploads\/sites\/87\/2023\/10\/WhatsApp-Image-2023-10-18-at-19.57.21-1024x682.jpeg 1024w, https:\/\/portal.pi.gov.br\/seres\/wp-content\/uploads\/sites\/87\/2023\/10\/WhatsApp-Image-2023-10-18-at-19.57.21-300x200.jpeg 300w, https:\/\/portal.pi.gov.br\/seres\/wp-content\/uploads\/sites\/87\/2023\/10\/WhatsApp-Image-2023-10-18-at-19.57.21-768x512.jpeg 768w, https:\/\/portal.pi.gov.br\/seres\/wp-content\/uploads\/sites\/87\/2023\/10\/WhatsApp-Image-2023-10-18-at-19.57.21-420x280.jpeg 420w, https:\/\/portal.pi.gov.br\/seres\/wp-content\/uploads\/sites\/87\/2023\/10\/WhatsApp-Image-2023-10-18-at-19.57.21-540x360.jpeg 540w, https:\/\/portal.pi.gov.br\/seres\/wp-content\/uploads\/sites\/87\/2023\/10\/WhatsApp-Image-2023-10-18-at-19.57.21-780x520.jpeg 780w, https:\/\/portal.pi.gov.br\/seres\/wp-content\/uploads\/sites\/87\/2023\/10\/WhatsApp-Image-2023-10-18-at-19.57.21-1536x1023.jpeg 1536w, https:\/\/portal.pi.gov.br\/seres\/wp-content\/uploads\/sites\/87\/2023\/10\/WhatsApp-Image-2023-10-18-at-19.57.21-947x631.jpeg 947w, https:\/\/portal.pi.gov.br\/seres\/wp-content\/uploads\/sites\/87\/2023\/10\/WhatsApp-Image-2023-10-18-at-19.57.21-624x416.jpeg 624w, https:\/\/portal.pi.gov.br\/seres\/wp-content\/uploads\/sites\/87\/2023\/10\/WhatsApp-Image-2023-10-18-at-19.57.21-84x56.jpeg 84w, https:\/\/portal.pi.gov.br\/seres\/wp-content\/uploads\/sites\/87\/2023\/10\/WhatsApp-Image-2023-10-18-at-19.57.21.jpeg 1600w\" sizes=\"(max-width: 510px) 100vw, 510px\" \/><\/figure><\/div>\n\n\n<p>A programa\u00e7\u00e3o come\u00e7ou em Parna\u00edba com a inaugura\u00e7\u00e3o da ciclovia na Avenida do Contorno, no trecho entre a BR-343, que ser\u00e1 mais uma op\u00e7\u00e3o de lazer, exerc\u00edcio e sa\u00fade para a popula\u00e7\u00e3o parnaibana. Em sequ\u00eancia, o governador inaugurou a nova sede do 3\u00b0 Grupamento de Bombeiros Militar do Estado e realizou a entrega de 12 novas viaturas distribu\u00eddas entre os batalh\u00f5es 2\u00ba BPM, 24\u00ba BPM e 27\u00ba BPM que atuam na plan\u00edcie litor\u00e2nea.<\/p>\n\n\n<div class=\"wp-block-image\">\n<figure class=\"aligncenter size-large is-resized\"><img decoding=\"async\" loading=\"lazy\" src=\"https:\/\/portal.pi.gov.br\/seres\/wp-content\/uploads\/sites\/87\/2023\/10\/WhatsApp-Image-2023-10-18-at-15.09.17-1024x682.jpeg\" alt=\"\" class=\"wp-image-1636\" width=\"530\" height=\"353\" srcset=\"https:\/\/portal.pi.gov.br\/seres\/wp-content\/uploads\/sites\/87\/2023\/10\/WhatsApp-Image-2023-10-18-at-15.09.17-1024x682.jpeg 1024w, https:\/\/portal.pi.gov.br\/seres\/wp-content\/uploads\/sites\/87\/2023\/10\/WhatsApp-Image-2023-10-18-at-15.09.17-300x200.jpeg 300w, https:\/\/portal.pi.gov.br\/seres\/wp-content\/uploads\/sites\/87\/2023\/10\/WhatsApp-Image-2023-10-18-at-15.09.17-768x512.jpeg 768w, https:\/\/portal.pi.gov.br\/seres\/wp-content\/uploads\/sites\/87\/2023\/10\/WhatsApp-Image-2023-10-18-at-15.09.17-420x280.jpeg 420w, https:\/\/portal.pi.gov.br\/seres\/wp-content\/uploads\/sites\/87\/2023\/10\/WhatsApp-Image-2023-10-18-at-15.09.17-540x360.jpeg 540w, https:\/\/portal.pi.gov.br\/seres\/wp-content\/uploads\/sites\/87\/2023\/10\/WhatsApp-Image-2023-10-18-at-15.09.17-780x520.jpeg 780w, https:\/\/portal.pi.gov.br\/seres\/wp-content\/uploads\/sites\/87\/2023\/10\/WhatsApp-Image-2023-10-18-at-15.09.17-1536x1023.jpeg 1536w, https:\/\/portal.pi.gov.br\/seres\/wp-content\/uploads\/sites\/87\/2023\/10\/WhatsApp-Image-2023-10-18-at-15.09.17-947x631.jpeg 947w, https:\/\/portal.pi.gov.br\/seres\/wp-content\/uploads\/sites\/87\/2023\/10\/WhatsApp-Image-2023-10-18-at-15.09.17-624x416.jpeg 624w, https:\/\/portal.pi.gov.br\/seres\/wp-content\/uploads\/sites\/87\/2023\/10\/WhatsApp-Image-2023-10-18-at-15.09.17-84x56.jpeg 84w, https:\/\/portal.pi.gov.br\/seres\/wp-content\/uploads\/sites\/87\/2023\/10\/WhatsApp-Image-2023-10-18-at-15.09.17.jpeg 1600w\" sizes=\"(max-width: 530px) 100vw, 530px\" \/><\/figure><\/div>\n\n\n<p>Rafael Fonteles seguiu para as cidades de Ilha Grande e Lu\u00eds Correia inaugurando e fiscalizando obras. Em Ilha Grande, Rafael entregou as obras de urbaniza\u00e7\u00e3o do Porto dos Tatus. J\u00e1 em Lu\u00eds Correia, o governador inaugurou a reforma da sede do Piau\u00ed Acess\u00edvel e visitou as obras do Porto de Lu\u00eds Correia.<\/p>\n\n\n<div class=\"wp-block-image\">\n<figure class=\"aligncenter size-large is-resized\"><img decoding=\"async\" loading=\"lazy\" src=\"https:\/\/portal.pi.gov.br\/seres\/wp-content\/uploads\/sites\/87\/2023\/10\/WhatsApp-Image-2023-10-18-at-22.28.43-1024x683.jpeg\" alt=\"\" class=\"wp-image-1708\" width=\"557\" height=\"371\" srcset=\"https:\/\/portal.pi.gov.br\/seres\/wp-content\/uploads\/sites\/87\/2023\/10\/WhatsApp-Image-2023-10-18-at-22.28.43-1024x683.jpeg 1024w, https:\/\/portal.pi.gov.br\/seres\/wp-content\/uploads\/sites\/87\/2023\/10\/WhatsApp-Image-2023-10-18-at-22.28.43-300x200.jpeg 300w, https:\/\/portal.pi.gov.br\/seres\/wp-content\/uploads\/sites\/87\/2023\/10\/WhatsApp-Image-2023-10-18-at-22.28.43-768x512.jpeg 768w, https:\/\/portal.pi.gov.br\/seres\/wp-content\/uploads\/sites\/87\/2023\/10\/WhatsApp-Image-2023-10-18-at-22.28.43-420x280.jpeg 420w, https:\/\/portal.pi.gov.br\/seres\/wp-content\/uploads\/sites\/87\/2023\/10\/WhatsApp-Image-2023-10-18-at-22.28.43-540x360.jpeg 540w, https:\/\/portal.pi.gov.br\/seres\/wp-content\/uploads\/sites\/87\/2023\/10\/WhatsApp-Image-2023-10-18-at-22.28.43-780x520.jpeg 780w, https:\/\/portal.pi.gov.br\/seres\/wp-content\/uploads\/sites\/87\/2023\/10\/WhatsApp-Image-2023-10-18-at-22.28.43-1536x1024.jpeg 1536w, https:\/\/portal.pi.gov.br\/seres\/wp-content\/uploads\/sites\/87\/2023\/10\/WhatsApp-Image-2023-10-18-at-22.28.43-947x632.jpeg 947w, https:\/\/portal.pi.gov.br\/seres\/wp-content\/uploads\/sites\/87\/2023\/10\/WhatsApp-Image-2023-10-18-at-22.28.43-624x416.jpeg 624w, https:\/\/portal.pi.gov.br\/seres\/wp-content\/uploads\/sites\/87\/2023\/10\/WhatsApp-Image-2023-10-18-at-22.28.43-84x56.jpeg 84w, https:\/\/portal.pi.gov.br\/seres\/wp-content\/uploads\/sites\/87\/2023\/10\/WhatsApp-Image-2023-10-18-at-22.28.43.jpeg 1600w\" sizes=\"(max-width: 557px) 100vw, 557px\" \/><\/figure><\/div>\n\n\n<p>Em Ilha Grande houve a inaugura\u00e7\u00e3o da revitaliza\u00e7\u00e3o do Porto dos Tatus, importante local tur\u00edstico que serve como ponto de partida para o delta do Parna\u00edba. \u201cO munic\u00edpio de Ilha Grande fica dentro do delta do Parna\u00edba e agora conta com essa estrutura com mirante, com a lojinha do artesanato, espa\u00e7o para bar e restaurante. Daqui saem v\u00e1rias embarca\u00e7\u00f5es que v\u00e3o visitar o Delta do Parna\u00edba. Estivemos aqui alguns meses atr\u00e1s e prometemos que seria entregue no segundo semestre e estamos aqui entregando essa bela obra\u201d, destacou o governador.<\/p>\n\n\n<div class=\"wp-block-image\">\n<figure class=\"aligncenter size-large is-resized\"><img decoding=\"async\" loading=\"lazy\" src=\"https:\/\/portal.pi.gov.br\/seres\/wp-content\/uploads\/sites\/87\/2023\/10\/WhatsApp-Image-2023-10-18-at-16.57.21-1024x682.jpeg\" alt=\"\" class=\"wp-image-1633\" width=\"556\" height=\"370\" srcset=\"https:\/\/portal.pi.gov.br\/seres\/wp-content\/uploads\/sites\/87\/2023\/10\/WhatsApp-Image-2023-10-18-at-16.57.21-1024x682.jpeg 1024w, https:\/\/portal.pi.gov.br\/seres\/wp-content\/uploads\/sites\/87\/2023\/10\/WhatsApp-Image-2023-10-18-at-16.57.21-300x200.jpeg 300w, https:\/\/portal.pi.gov.br\/seres\/wp-content\/uploads\/sites\/87\/2023\/10\/WhatsApp-Image-2023-10-18-at-16.57.21-768x512.jpeg 768w, https:\/\/portal.pi.gov.br\/seres\/wp-content\/uploads\/sites\/87\/2023\/10\/WhatsApp-Image-2023-10-18-at-16.57.21-420x280.jpeg 420w, https:\/\/portal.pi.gov.br\/seres\/wp-content\/uploads\/sites\/87\/2023\/10\/WhatsApp-Image-2023-10-18-at-16.57.21-540x360.jpeg 540w, https:\/\/portal.pi.gov.br\/seres\/wp-content\/uploads\/sites\/87\/2023\/10\/WhatsApp-Image-2023-10-18-at-16.57.21-780x520.jpeg 780w, https:\/\/portal.pi.gov.br\/seres\/wp-content\/uploads\/sites\/87\/2023\/10\/WhatsApp-Image-2023-10-18-at-16.57.21-1536x1023.jpeg 1536w, https:\/\/portal.pi.gov.br\/seres\/wp-content\/uploads\/sites\/87\/2023\/10\/WhatsApp-Image-2023-10-18-at-16.57.21-947x631.jpeg 947w, https:\/\/portal.pi.gov.br\/seres\/wp-content\/uploads\/sites\/87\/2023\/10\/WhatsApp-Image-2023-10-18-at-16.57.21-624x416.jpeg 624w, https:\/\/portal.pi.gov.br\/seres\/wp-content\/uploads\/sites\/87\/2023\/10\/WhatsApp-Image-2023-10-18-at-16.57.21-84x56.jpeg 84w, https:\/\/portal.pi.gov.br\/seres\/wp-content\/uploads\/sites\/87\/2023\/10\/WhatsApp-Image-2023-10-18-at-16.57.21.jpeg 1600w\" sizes=\"(max-width: 556px) 100vw, 556px\" \/><\/figure><\/div>\n\n\n<p>No munic\u00edpio de Lu\u00eds Correia, o governador e sua comitiva fizeram uma visita \u00e0s obras de constru\u00e7\u00e3o do Porto e o chefe do executivo anunciou etapas que v\u00e3o seguir ap\u00f3s inaugurado o terminal portu\u00e1rio: a expans\u00e3o da dragagem e um projeto de expans\u00e3o para os novos ber\u00e7os e terminais do nosso porto, &#8220;teremos ao longo do tempo, outros sete ber\u00e7os de atraca\u00e7\u00e3o para terminais de gr\u00e3os, de min\u00e9rio, de cont\u00eainer e de cargas em geral\u201d, disse o chefe do executivo.<\/p>\n\n\n\n<p>Ainda em Lu\u00eds Correia, foi inaugurada a reforma da sede do Piau\u00ed Acess\u00edvel, um projeto que oferece banho de mar assistido para pessoas com defici\u00eancia ou com mobilidade reduzida, na praia de Atalaia. A secret\u00e1ria N\u00fabia Lopes destacou a import\u00e2ncia do espa\u00e7o em proporcionar momentos de lazer com muita seguran\u00e7a. &#8220;Agora temos uma estrutura fixa com atendimento di\u00e1rio, garantindo acessibilidade, respeito e dignidade \u00e0queles com defici\u00eancia f\u00edsica que visitam o nosso litoral&#8221;, comemorou.<\/p>\n\n\n<div class=\"wp-block-image\">\n<figure class=\"aligncenter size-large is-resized\"><img decoding=\"async\" loading=\"lazy\" src=\"https:\/\/portal.pi.gov.br\/seres\/wp-content\/uploads\/sites\/87\/2023\/10\/WhatsApp-Image-2023-10-18-at-22.56.14-1024x683.jpeg\" alt=\"\" class=\"wp-image-1707\" width=\"565\" height=\"377\" srcset=\"https:\/\/portal.pi.gov.br\/seres\/wp-content\/uploads\/sites\/87\/2023\/10\/WhatsApp-Image-2023-10-18-at-22.56.14-1024x683.jpeg 1024w, https:\/\/portal.pi.gov.br\/seres\/wp-content\/uploads\/sites\/87\/2023\/10\/WhatsApp-Image-2023-10-18-at-22.56.14-300x200.jpeg 300w, https:\/\/portal.pi.gov.br\/seres\/wp-content\/uploads\/sites\/87\/2023\/10\/WhatsApp-Image-2023-10-18-at-22.56.14-768x512.jpeg 768w, https:\/\/portal.pi.gov.br\/seres\/wp-content\/uploads\/sites\/87\/2023\/10\/WhatsApp-Image-2023-10-18-at-22.56.14-420x280.jpeg 420w, https:\/\/portal.pi.gov.br\/seres\/wp-content\/uploads\/sites\/87\/2023\/10\/WhatsApp-Image-2023-10-18-at-22.56.14-540x360.jpeg 540w, https:\/\/portal.pi.gov.br\/seres\/wp-content\/uploads\/sites\/87\/2023\/10\/WhatsApp-Image-2023-10-18-at-22.56.14-780x520.jpeg 780w, https:\/\/portal.pi.gov.br\/seres\/wp-content\/uploads\/sites\/87\/2023\/10\/WhatsApp-Image-2023-10-18-at-22.56.14-1536x1024.jpeg 1536w, https:\/\/portal.pi.gov.br\/seres\/wp-content\/uploads\/sites\/87\/2023\/10\/WhatsApp-Image-2023-10-18-at-22.56.14-2048x1365.jpeg 2048w, https:\/\/portal.pi.gov.br\/seres\/wp-content\/uploads\/sites\/87\/2023\/10\/WhatsApp-Image-2023-10-18-at-22.56.14-947x631.jpeg 947w, https:\/\/portal.pi.gov.br\/seres\/wp-content\/uploads\/sites\/87\/2023\/10\/WhatsApp-Image-2023-10-18-at-22.56.14-624x416.jpeg 624w, https:\/\/portal.pi.gov.br\/seres\/wp-content\/uploads\/sites\/87\/2023\/10\/WhatsApp-Image-2023-10-18-at-22.56.14-84x56.jpeg 84w\" sizes=\"(max-width: 565px) 100vw, 565px\" \/><\/figure><\/div>","protected":false},"excerpt":{"rendered":"<p>Em celebra\u00e7\u00e3o ao Dia do Piau\u00ed, o governador Rafael Fonteles entregou in\u00fameras obras \u00e0 popula\u00e7\u00e3o da Plan\u00edcie litor\u00e2nea do estado, nesta quarta-feira (18). A secret\u00e1ria de Estado das Rela\u00e7\u00f5es Sociais, [&hellip;]<\/p>\n","protected":false},"author":1748,"featured_media":1639,"comment_status":"closed","ping_status":"closed","sticky":false,"template":"","format":"standard","meta":[],"categories":[34],"tags":[54,58,56,57,55],"featured_image_urls":{"full":["https:\/\/portal.pi.gov.br\/seres\/wp-content\/uploads\/sites\/87\/2023\/10\/WhatsApp-Image-2023-10-18-at-22.14.04.jpeg",1600,1066,false],"thumbnail":["https:\/\/portal.pi.gov.br\/seres\/wp-content\/uploads\/sites\/87\/2023\/10\/WhatsApp-Image-2023-10-18-at-22.14.04-150x150.jpeg",150,150,true],"medium":["https:\/\/portal.pi.gov.br\/seres\/wp-content\/uploads\/sites\/87\/2023\/10\/WhatsApp-Image-2023-10-18-at-22.14.04-300x200.jpeg",300,200,true],"medium_large":["https:\/\/portal.pi.gov.br\/seres\/wp-content\/uploads\/sites\/87\/2023\/10\/WhatsApp-Image-2023-10-18-at-22.14.04-768x512.jpeg",768,512,true],"large":["https:\/\/portal.pi.gov.br\/seres\/wp-content\/uploads\/sites\/87\/2023\/10\/WhatsApp-Image-2023-10-18-at-22.14.04-1024x682.jpeg",887,591,true],"sgg-420":["https:\/\/portal.pi.gov.br\/seres\/wp-content\/uploads\/sites\/87\/2023\/10\/WhatsApp-Image-2023-10-18-at-22.14.04-420x280.jpeg",420,280,true],"sgg-540":["https:\/\/portal.pi.gov.br\/seres\/wp-content\/uploads\/sites\/87\/2023\/10\/WhatsApp-Image-2023-10-18-at-22.14.04-540x360.jpeg",540,360,true],"sgg-780":["https:\/\/portal.pi.gov.br\/seres\/wp-content\/uploads\/sites\/87\/2023\/10\/WhatsApp-Image-2023-10-18-at-22.14.04-780x520.jpeg",780,520,true],"1536x1536":["https:\/\/portal.pi.gov.br\/seres\/wp-content\/uploads\/sites\/87\/2023\/10\/WhatsApp-Image-2023-10-18-at-22.14.04-1536x1023.jpeg",1536,1023,true],"2048x2048":["https:\/\/portal.pi.gov.br\/seres\/wp-content\/uploads\/sites\/87\/2023\/10\/WhatsApp-Image-2023-10-18-at-22.14.04.jpeg",1600,1066,false],"homepage-slider":["https:\/\/portal.pi.gov.br\/seres\/wp-content\/uploads\/sites\/87\/2023\/10\/WhatsApp-Image-2023-10-18-at-22.14.04-1270x500.jpeg",1270,500,true],"homepage-slider-small":["https:\/\/portal.pi.gov.br\/seres\/wp-content\/uploads\/sites\/87\/2023\/10\/WhatsApp-Image-2023-10-18-at-22.14.04-947x500.jpeg",947,500,true],"page-top":["https:\/\/portal.pi.gov.br\/seres\/wp-content\/uploads\/sites\/87\/2023\/10\/WhatsApp-Image-2023-10-18-at-22.14.04-947x631.jpeg",947,631,true],"page-small":["https:\/\/portal.pi.gov.br\/seres\/wp-content\/uploads\/sites\/87\/2023\/10\/WhatsApp-Image-2023-10-18-at-22.14.04-624x416.jpeg",624,416,true],"loop-main":["https:\/\/portal.pi.gov.br\/seres\/wp-content\/uploads\/sites\/87\/2023\/10\/WhatsApp-Image-2023-10-18-at-22.14.04-365x240.jpeg",365,240,true],"thumb-gallery-widget":["https:\/\/portal.pi.gov.br\/seres\/wp-content\/uploads\/sites\/87\/2023\/10\/WhatsApp-Image-2023-10-18-at-22.14.04-84x56.jpeg",84,56,true]},"post_excerpt_stackable":"<p>Em celebra\u00e7\u00e3o ao Dia do Piau\u00ed, o governador Rafael Fonteles entregou in\u00fameras obras \u00e0 popula\u00e7\u00e3o da Plan\u00edcie litor\u00e2nea do estado, nesta quarta-feira (18). A secret\u00e1ria de Estado das Rela\u00e7\u00f5es Sociais, N\u00fabia Lopes, acompanhou toda a agenda. S\u00e3o obras de mobilidade urbana, que v\u00e3o desenvolver ainda mais o turismo e levar bem-estar social. Al\u00e9m da nova sede do Corpo de Bombeiros em Parna\u00edba, o governador inaugurou uma ciclovia e autorizou a licita\u00e7\u00e3o para revitaliza\u00e7\u00e3o da Lagoa do Portinho. A programa\u00e7\u00e3o come\u00e7ou em Parna\u00edba com a inaugura\u00e7\u00e3o da ciclovia na Avenida do Contorno, no trecho entre a BR-343, que ser\u00e1 mais uma&hellip;<\/p>\n","category_list":"<a href=\"https:\/\/portal.pi.gov.br\/seres\/category\/noticias\/\" rel=\"category tag\">Not\u00edcias<\/a>","author_info":{"name":"natalina","url":"https:\/\/portal.pi.gov.br\/seres\/author\/natalina\/"},"comments_num":"0 coment\u00e1rio","featured_image_urls_v2":{"full":["https:\/\/portal.pi.gov.br\/seres\/wp-content\/uploads\/sites\/87\/2023\/10\/WhatsApp-Image-2023-10-18-at-22.14.04.jpeg",1600,1066,false],"thumbnail":["https:\/\/portal.pi.gov.br\/seres\/wp-content\/uploads\/sites\/87\/2023\/10\/WhatsApp-Image-2023-10-18-at-22.14.04-150x150.jpeg",150,150,true],"medium":["https:\/\/portal.pi.gov.br\/seres\/wp-content\/uploads\/sites\/87\/2023\/10\/WhatsApp-Image-2023-10-18-at-22.14.04-300x200.jpeg",300,200,true],"medium_large":["https:\/\/portal.pi.gov.br\/seres\/wp-content\/uploads\/sites\/87\/2023\/10\/WhatsApp-Image-2023-10-18-at-22.14.04-768x512.jpeg",768,512,true],"large":["https:\/\/portal.pi.gov.br\/seres\/wp-content\/uploads\/sites\/87\/2023\/10\/WhatsApp-Image-2023-10-18-at-22.14.04-1024x682.jpeg",887,591,true],"sgg-420":["https:\/\/portal.pi.gov.br\/seres\/wp-content\/uploads\/sites\/87\/2023\/10\/WhatsApp-Image-2023-10-18-at-22.14.04-420x280.jpeg",420,280,true],"sgg-540":["https:\/\/portal.pi.gov.br\/seres\/wp-content\/uploads\/sites\/87\/2023\/10\/WhatsApp-Image-2023-10-18-at-22.14.04-540x360.jpeg",540,360,true],"sgg-780":["https:\/\/portal.pi.gov.br\/seres\/wp-content\/uploads\/sites\/87\/2023\/10\/WhatsApp-Image-2023-10-18-at-22.14.04-780x520.jpeg",780,520,true],"1536x1536":["https:\/\/portal.pi.gov.br\/seres\/wp-content\/uploads\/sites\/87\/2023\/10\/WhatsApp-Image-2023-10-18-at-22.14.04-1536x1023.jpeg",1536,1023,true],"2048x2048":["https:\/\/portal.pi.gov.br\/seres\/wp-content\/uploads\/sites\/87\/2023\/10\/WhatsApp-Image-2023-10-18-at-22.14.04.jpeg",1600,1066,false],"homepage-slider":["https:\/\/portal.pi.gov.br\/seres\/wp-content\/uploads\/sites\/87\/2023\/10\/WhatsApp-Image-2023-10-18-at-22.14.04-1270x500.jpeg",1270,500,true],"homepage-slider-small":["https:\/\/portal.pi.gov.br\/seres\/wp-content\/uploads\/sites\/87\/2023\/10\/WhatsApp-Image-2023-10-18-at-22.14.04-947x500.jpeg",947,500,true],"page-top":["https:\/\/portal.pi.gov.br\/seres\/wp-content\/uploads\/sites\/87\/2023\/10\/WhatsApp-Image-2023-10-18-at-22.14.04-947x631.jpeg",947,631,true],"page-small":["https:\/\/portal.pi.gov.br\/seres\/wp-content\/uploads\/sites\/87\/2023\/10\/WhatsApp-Image-2023-10-18-at-22.14.04-624x416.jpeg",624,416,true],"loop-main":["https:\/\/portal.pi.gov.br\/seres\/wp-content\/uploads\/sites\/87\/2023\/10\/WhatsApp-Image-2023-10-18-at-22.14.04-365x240.jpeg",365,240,true],"thumb-gallery-widget":["https:\/\/portal.pi.gov.br\/seres\/wp-content\/uploads\/sites\/87\/2023\/10\/WhatsApp-Image-2023-10-18-at-22.14.04-84x56.jpeg",84,56,true]},"post_excerpt_stackable_v2":"<p>Em celebra\u00e7\u00e3o ao Dia do Piau\u00ed, o governador Rafael Fonteles entregou in\u00fameras obras \u00e0 popula\u00e7\u00e3o da Plan\u00edcie litor\u00e2nea do estado, nesta quarta-feira (18). A secret\u00e1ria de Estado das Rela\u00e7\u00f5es Sociais, N\u00fabia Lopes, acompanhou toda a agenda. S\u00e3o obras de mobilidade urbana, que v\u00e3o desenvolver ainda mais o turismo e levar bem-estar social. Al\u00e9m da nova sede do Corpo de Bombeiros em Parna\u00edba, o governador inaugurou uma ciclovia e autorizou a licita\u00e7\u00e3o para revitaliza\u00e7\u00e3o da Lagoa do Portinho. A programa\u00e7\u00e3o come\u00e7ou em Parna\u00edba com a inaugura\u00e7\u00e3o da ciclovia na Avenida do Contorno, no trecho entre a BR-343, que ser\u00e1 mais uma&hellip;<\/p>\n","category_list_v2":"<a href=\"https:\/\/portal.pi.gov.br\/seres\/category\/noticias\/\" rel=\"category tag\">Not\u00edcias<\/a>","author_info_v2":{"name":"natalina","url":"https:\/\/portal.pi.gov.br\/seres\/author\/natalina\/"},"comments_num_v2":"0 coment\u00e1rio","jetpack_featured_media_url":"https:\/\/portal.pi.gov.br\/seres\/wp-content\/uploads\/sites\/87\/2023\/10\/WhatsApp-Image-2023-10-18-at-22.14.04.jpeg","_links":{"self":[{"href":"https:\/\/portal.pi.gov.br\/seres\/wp-json\/wp\/v2\/posts\/1627"}],"collection":[{"href":"https:\/\/portal.pi.gov.br\/seres\/wp-json\/wp\/v2\/posts"}],"about":[{"href":"https:\/\/portal.pi.gov.br\/seres\/wp-json\/wp\/v2\/types\/post"}],"author":[{"embeddable":true,"href":"https:\/\/portal.pi.gov.br\/seres\/wp-json\/wp\/v2\/users\/1748"}],"replies":[{"embeddable":true,"href":"https:\/\/portal.pi.gov.br\/seres\/wp-json\/wp\/v2\/comments?post=1627"}],"version-history":[{"count":3,"href":"https:\/\/portal.pi.gov.br\/seres\/wp-json\/wp\/v2\/posts\/1627\/revisions"}],"predecessor-version":[{"id":1709,"href":"https:\/\/portal.pi.gov.br\/seres\/wp-json\/wp\/v2\/posts\/1627\/revisions\/1709"}],"wp:featuredmedia":[{"embeddable":true,"href":"https:\/\/portal.pi.gov.br\/seres\/wp-json\/wp\/v2\/media\/1639"}],"wp:attachment":[{"href":"https:\/\/portal.pi.gov.br\/seres\/wp-json\/wp\/v2\/media?parent=1627"}],"wp:term":[{"taxonomy":"category","embeddable":true,"href":"https:\/\/portal.pi.gov.br\/seres\/wp-json\/wp\/v2\/categories?post=1627"},{"taxonomy":"post_tag","embeddable":true,"href":"https:\/\/portal.pi.gov.br\/seres\/wp-json\/wp\/v2\/tags?post=1627"}],"curies":[{"name":"wp","href":"https:\/\/api.w.org\/{rel}","templated":true}]}}