{"id":1671,"date":"2023-10-20T13:25:35","date_gmt":"2023-10-20T16:25:35","guid":{"rendered":"https:\/\/portal.pi.gov.br\/seres\/?p=1671"},"modified":"2023-10-23T12:41:59","modified_gmt":"2023-10-23T15:41:59","slug":"secretaria-nubia-lopes-participa-do-lancamento-do-programa-de-regularizacao-fundiaria-urbana","status":"publish","type":"post","link":"https:\/\/portal.pi.gov.br\/seres\/2023\/10\/20\/secretaria-nubia-lopes-participa-do-lancamento-do-programa-de-regularizacao-fundiaria-urbana\/","title":{"rendered":"Secret\u00e1ria N\u00fabia Lopes participa do lan\u00e7amento do Programa de Regulariza\u00e7\u00e3o Fundi\u00e1ria Urbana -PROUrbe"},"content":{"rendered":"\n<p>Na manh\u00e3 desta sexta-feira (20), o Governo do Estado, por meio da Secretaria da Administra\u00e7\u00e3o (Sead), lan\u00e7ou o Projeto de Regulariza\u00e7\u00e3o Fundi\u00e1ria Urbana Espec\u00edfica (PROUrbe), no Karnak. A secret\u00e1ria N\u00fabia Lopes participou da solenidade.<\/p>\n\n\n\n<p>&#8220;Queremos garantir dignidade e seguran\u00e7a a essas fam\u00edlias. Al\u00e9m disso, entendemos que \u00e9 uma medida que fomenta a economia, haja vista que um im\u00f3vel regularizado \u00e9 pass\u00edvel de financiamentos. Ent\u00e3o, \u00e9 um grande impacto econ\u00f4mico que ir\u00e1 retornar em mais investimentos e em melhor qualidade de vida \u00e0 popula\u00e7\u00e3o&#8221;, disse Rafael Fonteles.<\/p>\n\n\n<div class=\"wp-block-image\">\n<figure class=\"aligncenter size-large is-resized\"><img decoding=\"async\" loading=\"lazy\" src=\"https:\/\/portal.pi.gov.br\/seres\/wp-content\/uploads\/sites\/87\/2023\/10\/WhatsApp-Image-2023-10-20-at-12.34.59-1024x768.jpeg\" alt=\"\" class=\"wp-image-1675\" width=\"552\" height=\"414\" srcset=\"https:\/\/portal.pi.gov.br\/seres\/wp-content\/uploads\/sites\/87\/2023\/10\/WhatsApp-Image-2023-10-20-at-12.34.59-1024x768.jpeg 1024w, https:\/\/portal.pi.gov.br\/seres\/wp-content\/uploads\/sites\/87\/2023\/10\/WhatsApp-Image-2023-10-20-at-12.34.59-300x225.jpeg 300w, https:\/\/portal.pi.gov.br\/seres\/wp-content\/uploads\/sites\/87\/2023\/10\/WhatsApp-Image-2023-10-20-at-12.34.59-768x576.jpeg 768w, https:\/\/portal.pi.gov.br\/seres\/wp-content\/uploads\/sites\/87\/2023\/10\/WhatsApp-Image-2023-10-20-at-12.34.59-420x315.jpeg 420w, https:\/\/portal.pi.gov.br\/seres\/wp-content\/uploads\/sites\/87\/2023\/10\/WhatsApp-Image-2023-10-20-at-12.34.59-540x405.jpeg 540w, https:\/\/portal.pi.gov.br\/seres\/wp-content\/uploads\/sites\/87\/2023\/10\/WhatsApp-Image-2023-10-20-at-12.34.59-780x585.jpeg 780w, https:\/\/portal.pi.gov.br\/seres\/wp-content\/uploads\/sites\/87\/2023\/10\/WhatsApp-Image-2023-10-20-at-12.34.59-947x710.jpeg 947w, https:\/\/portal.pi.gov.br\/seres\/wp-content\/uploads\/sites\/87\/2023\/10\/WhatsApp-Image-2023-10-20-at-12.34.59-624x468.jpeg 624w, https:\/\/portal.pi.gov.br\/seres\/wp-content\/uploads\/sites\/87\/2023\/10\/WhatsApp-Image-2023-10-20-at-12.34.59.jpeg 1280w\" sizes=\"(max-width: 552px) 100vw, 552px\" \/><\/figure><\/div>\n\n\n<p>O PorUrbe faz parte da pol\u00edtica estadual de regulariza\u00e7\u00e3o fundi\u00e1ria urbana, institu\u00edda atrav\u00e9s da lei n\u00ba 8.153\/23, com o objetivo identificar as ocupa\u00e7\u00f5es individuais ou coletivas informais, consolidadas em im\u00f3veis p\u00fablicos estaduais e garantir a transfer\u00eancia da propriedade imobili\u00e1ria aos respectivos ocupantes.<\/p>\n\n\n\n<figure class=\"wp-block-gallery aligncenter has-nested-images columns-default is-cropped wp-block-gallery-1 is-layout-flex\"><\/figure>\n\n\n\n<p>Durante a solenidade foram entregues 4 mil t\u00edtulos de propriedades a moradores do residencial Jacinta Andrade, bairro que nasceu de ocupa\u00e7\u00e3o irregular em terrenos do Estado e foi regularizado. O objetivo do programa \u00e9 mapear \u00e1reas, em todo o estado, que se estabeleceram ocupa\u00e7\u00f5es de moradias para que sejam regularizadas.<\/p>\n\n\n\n<p>Segundo o secret\u00e1rio de Administra\u00e7\u00e3o, Samuel Nascimento, o PROUrbe nasce da necessidade por um procedimento menos burocr\u00e1tico e mais eficiente para resolver o problema da regulariza\u00e7\u00e3o fundi\u00e1ria de conjuntos habitacionais e das ocupa\u00e7\u00f5es informais consolidadas em seus im\u00f3veis urbanos. &#8220;Iremos mapear \u00e1reas, em todo o Piau\u00ed, em que se estabeleceram ocupa\u00e7\u00f5es de moradias, para que elas sejam regularizadas. Al\u00e9m de regularizar essa situa\u00e7\u00e3o, vamos atualizar o nosso invent\u00e1rio. Em resumo, o nosso objetivo \u00e9 garantir moradia digna a essas pessoas&#8221;, destacou o secret\u00e1rio. <\/p>\n\n\n<div class=\"wp-block-image\">\n<figure class=\"aligncenter size-large is-resized\"><img decoding=\"async\" loading=\"lazy\" src=\"https:\/\/portal.pi.gov.br\/seres\/wp-content\/uploads\/sites\/87\/2023\/10\/WhatsApp-Image-2023-10-20-at-12.35.33-1024x768.jpeg\" alt=\"\" class=\"wp-image-1673\" width=\"499\" height=\"374\" srcset=\"https:\/\/portal.pi.gov.br\/seres\/wp-content\/uploads\/sites\/87\/2023\/10\/WhatsApp-Image-2023-10-20-at-12.35.33-1024x768.jpeg 1024w, https:\/\/portal.pi.gov.br\/seres\/wp-content\/uploads\/sites\/87\/2023\/10\/WhatsApp-Image-2023-10-20-at-12.35.33-300x225.jpeg 300w, https:\/\/portal.pi.gov.br\/seres\/wp-content\/uploads\/sites\/87\/2023\/10\/WhatsApp-Image-2023-10-20-at-12.35.33-768x576.jpeg 768w, https:\/\/portal.pi.gov.br\/seres\/wp-content\/uploads\/sites\/87\/2023\/10\/WhatsApp-Image-2023-10-20-at-12.35.33-420x315.jpeg 420w, https:\/\/portal.pi.gov.br\/seres\/wp-content\/uploads\/sites\/87\/2023\/10\/WhatsApp-Image-2023-10-20-at-12.35.33-540x405.jpeg 540w, https:\/\/portal.pi.gov.br\/seres\/wp-content\/uploads\/sites\/87\/2023\/10\/WhatsApp-Image-2023-10-20-at-12.35.33-780x585.jpeg 780w, https:\/\/portal.pi.gov.br\/seres\/wp-content\/uploads\/sites\/87\/2023\/10\/WhatsApp-Image-2023-10-20-at-12.35.33-947x710.jpeg 947w, https:\/\/portal.pi.gov.br\/seres\/wp-content\/uploads\/sites\/87\/2023\/10\/WhatsApp-Image-2023-10-20-at-12.35.33-624x468.jpeg 624w, https:\/\/portal.pi.gov.br\/seres\/wp-content\/uploads\/sites\/87\/2023\/10\/WhatsApp-Image-2023-10-20-at-12.35.33.jpeg 1280w\" sizes=\"(max-width: 499px) 100vw, 499px\" \/><\/figure><\/div>\n\n\n<p><\/p>\n\n\n\n<p>Para o sucesso do programa, o Governo do Estado conta com a parceria do Tribunal de Justi\u00e7a do Piau\u00ed. O TJ-PI j\u00e1 havia relan\u00e7ado, em agosto deste ano, o Programa Regularizar, realizado em parceria com a Ag\u00eancia de Desenvolvimento Habitacional do Piau\u00ed (ADH). &#8220;\u00c9 uma a\u00e7\u00e3o que nos enche de orgulho, pois vem de uma uni\u00e3o de for\u00e7as que traz grandes benef\u00edcios \u00e0 popula\u00e7\u00e3o rural e urbana do Piau\u00ed&#8221;, disse o presidente do TJ-PI, desembargador Hilo de Almeida Sousa.<\/p>\n\n\n\n<p>Durante a solenidade, aconteceu a entrega simb\u00f3lica de 4 mil t\u00edtulos de propriedades de im\u00f3veis a moradores do residencial Jacinta Andrade, na zona norte de Teresina. O residencial, que \u00e9 oriundo de ocupa\u00e7\u00e3o irregular em terrenos do Estado, teve a sua situa\u00e7\u00e3o e a dos moradores regularizada.<\/p>\n","protected":false},"excerpt":{"rendered":"<p>Na manh\u00e3 desta sexta-feira (20), o Governo do Estado, por meio da Secretaria da Administra\u00e7\u00e3o (Sead), lan\u00e7ou o Projeto de Regulariza\u00e7\u00e3o Fundi\u00e1ria Urbana Espec\u00edfica (PROUrbe), no Karnak. A secret\u00e1ria N\u00fabia [&hellip;]<\/p>\n","protected":false},"author":1748,"featured_media":1675,"comment_status":"closed","ping_status":"closed","sticky":false,"template":"","format":"standard","meta":[],"categories":[34],"tags":[],"featured_image_urls":{"full":["https:\/\/portal.pi.gov.br\/seres\/wp-content\/uploads\/sites\/87\/2023\/10\/WhatsApp-Image-2023-10-20-at-12.34.59.jpeg",1280,960,false],"thumbnail":["https:\/\/portal.pi.gov.br\/seres\/wp-content\/uploads\/sites\/87\/2023\/10\/WhatsApp-Image-2023-10-20-at-12.34.59-150x150.jpeg",150,150,true],"medium":["https:\/\/portal.pi.gov.br\/seres\/wp-content\/uploads\/sites\/87\/2023\/10\/WhatsApp-Image-2023-10-20-at-12.34.59-300x225.jpeg",300,225,true],"medium_large":["https:\/\/portal.pi.gov.br\/seres\/wp-content\/uploads\/sites\/87\/2023\/10\/WhatsApp-Image-2023-10-20-at-12.34.59-768x576.jpeg",768,576,true],"large":["https:\/\/portal.pi.gov.br\/seres\/wp-content\/uploads\/sites\/87\/2023\/10\/WhatsApp-Image-2023-10-20-at-12.34.59-1024x768.jpeg",887,665,true],"sgg-420":["https:\/\/portal.pi.gov.br\/seres\/wp-content\/uploads\/sites\/87\/2023\/10\/WhatsApp-Image-2023-10-20-at-12.34.59-420x315.jpeg",420,315,true],"sgg-540":["https:\/\/portal.pi.gov.br\/seres\/wp-content\/uploads\/sites\/87\/2023\/10\/WhatsApp-Image-2023-10-20-at-12.34.59-540x405.jpeg",540,405,true],"sgg-780":["https:\/\/portal.pi.gov.br\/seres\/wp-content\/uploads\/sites\/87\/2023\/10\/WhatsApp-Image-2023-10-20-at-12.34.59-780x585.jpeg",780,585,true],"1536x1536":["https:\/\/portal.pi.gov.br\/seres\/wp-content\/uploads\/sites\/87\/2023\/10\/WhatsApp-Image-2023-10-20-at-12.34.59.jpeg",1280,960,false],"2048x2048":["https:\/\/portal.pi.gov.br\/seres\/wp-content\/uploads\/sites\/87\/2023\/10\/WhatsApp-Image-2023-10-20-at-12.34.59.jpeg",1280,960,false],"homepage-slider":["https:\/\/portal.pi.gov.br\/seres\/wp-content\/uploads\/sites\/87\/2023\/10\/WhatsApp-Image-2023-10-20-at-12.34.59-1270x500.jpeg",1270,500,true],"homepage-slider-small":["https:\/\/portal.pi.gov.br\/seres\/wp-content\/uploads\/sites\/87\/2023\/10\/WhatsApp-Image-2023-10-20-at-12.34.59-947x500.jpeg",947,500,true],"page-top":["https:\/\/portal.pi.gov.br\/seres\/wp-content\/uploads\/sites\/87\/2023\/10\/WhatsApp-Image-2023-10-20-at-12.34.59-947x710.jpeg",947,710,true],"page-small":["https:\/\/portal.pi.gov.br\/seres\/wp-content\/uploads\/sites\/87\/2023\/10\/WhatsApp-Image-2023-10-20-at-12.34.59-624x468.jpeg",624,468,true],"loop-main":["https:\/\/portal.pi.gov.br\/seres\/wp-content\/uploads\/sites\/87\/2023\/10\/WhatsApp-Image-2023-10-20-at-12.34.59-365x240.jpeg",365,240,true],"thumb-gallery-widget":["https:\/\/portal.pi.gov.br\/seres\/wp-content\/uploads\/sites\/87\/2023\/10\/WhatsApp-Image-2023-10-20-at-12.34.59-84x56.jpeg",84,56,true]},"post_excerpt_stackable":"<p>Na manh\u00e3 desta sexta-feira (20), o Governo do Estado, por meio da Secretaria da Administra\u00e7\u00e3o (Sead), lan\u00e7ou o Projeto de Regulariza\u00e7\u00e3o Fundi\u00e1ria Urbana Espec\u00edfica (PROUrbe), no Karnak. A secret\u00e1ria N\u00fabia Lopes participou da solenidade. &#8220;Queremos garantir dignidade e seguran\u00e7a a essas fam\u00edlias. Al\u00e9m disso, entendemos que \u00e9 uma medida que fomenta a economia, haja vista que um im\u00f3vel regularizado \u00e9 pass\u00edvel de financiamentos. Ent\u00e3o, \u00e9 um grande impacto econ\u00f4mico que ir\u00e1 retornar em mais investimentos e em melhor qualidade de vida \u00e0 popula\u00e7\u00e3o&#8221;, disse Rafael Fonteles. O PorUrbe faz parte da pol\u00edtica estadual de regulariza\u00e7\u00e3o fundi\u00e1ria urbana, institu\u00edda atrav\u00e9s da&hellip;<\/p>\n","category_list":"<a href=\"https:\/\/portal.pi.gov.br\/seres\/category\/noticias\/\" rel=\"category tag\">Not\u00edcias<\/a>","author_info":{"name":"natalina","url":"https:\/\/portal.pi.gov.br\/seres\/author\/natalina\/"},"comments_num":"0 coment\u00e1rio","featured_image_urls_v2":{"full":["https:\/\/portal.pi.gov.br\/seres\/wp-content\/uploads\/sites\/87\/2023\/10\/WhatsApp-Image-2023-10-20-at-12.34.59.jpeg",1280,960,false],"thumbnail":["https:\/\/portal.pi.gov.br\/seres\/wp-content\/uploads\/sites\/87\/2023\/10\/WhatsApp-Image-2023-10-20-at-12.34.59-150x150.jpeg",150,150,true],"medium":["https:\/\/portal.pi.gov.br\/seres\/wp-content\/uploads\/sites\/87\/2023\/10\/WhatsApp-Image-2023-10-20-at-12.34.59-300x225.jpeg",300,225,true],"medium_large":["https:\/\/portal.pi.gov.br\/seres\/wp-content\/uploads\/sites\/87\/2023\/10\/WhatsApp-Image-2023-10-20-at-12.34.59-768x576.jpeg",768,576,true],"large":["https:\/\/portal.pi.gov.br\/seres\/wp-content\/uploads\/sites\/87\/2023\/10\/WhatsApp-Image-2023-10-20-at-12.34.59-1024x768.jpeg",887,665,true],"sgg-420":["https:\/\/portal.pi.gov.br\/seres\/wp-content\/uploads\/sites\/87\/2023\/10\/WhatsApp-Image-2023-10-20-at-12.34.59-420x315.jpeg",420,315,true],"sgg-540":["https:\/\/portal.pi.gov.br\/seres\/wp-content\/uploads\/sites\/87\/2023\/10\/WhatsApp-Image-2023-10-20-at-12.34.59-540x405.jpeg",540,405,true],"sgg-780":["https:\/\/portal.pi.gov.br\/seres\/wp-content\/uploads\/sites\/87\/2023\/10\/WhatsApp-Image-2023-10-20-at-12.34.59-780x585.jpeg",780,585,true],"1536x1536":["https:\/\/portal.pi.gov.br\/seres\/wp-content\/uploads\/sites\/87\/2023\/10\/WhatsApp-Image-2023-10-20-at-12.34.59.jpeg",1280,960,false],"2048x2048":["https:\/\/portal.pi.gov.br\/seres\/wp-content\/uploads\/sites\/87\/2023\/10\/WhatsApp-Image-2023-10-20-at-12.34.59.jpeg",1280,960,false],"homepage-slider":["https:\/\/portal.pi.gov.br\/seres\/wp-content\/uploads\/sites\/87\/2023\/10\/WhatsApp-Image-2023-10-20-at-12.34.59-1270x500.jpeg",1270,500,true],"homepage-slider-small":["https:\/\/portal.pi.gov.br\/seres\/wp-content\/uploads\/sites\/87\/2023\/10\/WhatsApp-Image-2023-10-20-at-12.34.59-947x500.jpeg",947,500,true],"page-top":["https:\/\/portal.pi.gov.br\/seres\/wp-content\/uploads\/sites\/87\/2023\/10\/WhatsApp-Image-2023-10-20-at-12.34.59-947x710.jpeg",947,710,true],"page-small":["https:\/\/portal.pi.gov.br\/seres\/wp-content\/uploads\/sites\/87\/2023\/10\/WhatsApp-Image-2023-10-20-at-12.34.59-624x468.jpeg",624,468,true],"loop-main":["https:\/\/portal.pi.gov.br\/seres\/wp-content\/uploads\/sites\/87\/2023\/10\/WhatsApp-Image-2023-10-20-at-12.34.59-365x240.jpeg",365,240,true],"thumb-gallery-widget":["https:\/\/portal.pi.gov.br\/seres\/wp-content\/uploads\/sites\/87\/2023\/10\/WhatsApp-Image-2023-10-20-at-12.34.59-84x56.jpeg",84,56,true]},"post_excerpt_stackable_v2":"<p>Na manh\u00e3 desta sexta-feira (20), o Governo do Estado, por meio da Secretaria da Administra\u00e7\u00e3o (Sead), lan\u00e7ou o Projeto de Regulariza\u00e7\u00e3o Fundi\u00e1ria Urbana Espec\u00edfica (PROUrbe), no Karnak. A secret\u00e1ria N\u00fabia Lopes participou da solenidade. &#8220;Queremos garantir dignidade e seguran\u00e7a a essas fam\u00edlias. Al\u00e9m disso, entendemos que \u00e9 uma medida que fomenta a economia, haja vista que um im\u00f3vel regularizado \u00e9 pass\u00edvel de financiamentos. Ent\u00e3o, \u00e9 um grande impacto econ\u00f4mico que ir\u00e1 retornar em mais investimentos e em melhor qualidade de vida \u00e0 popula\u00e7\u00e3o&#8221;, disse Rafael Fonteles. O PorUrbe faz parte da pol\u00edtica estadual de regulariza\u00e7\u00e3o fundi\u00e1ria urbana, institu\u00edda atrav\u00e9s da&hellip;<\/p>\n","category_list_v2":"<a href=\"https:\/\/portal.pi.gov.br\/seres\/category\/noticias\/\" rel=\"category tag\">Not\u00edcias<\/a>","author_info_v2":{"name":"natalina","url":"https:\/\/portal.pi.gov.br\/seres\/author\/natalina\/"},"comments_num_v2":"0 coment\u00e1rio","jetpack_featured_media_url":"https:\/\/portal.pi.gov.br\/seres\/wp-content\/uploads\/sites\/87\/2023\/10\/WhatsApp-Image-2023-10-20-at-12.34.59.jpeg","_links":{"self":[{"href":"https:\/\/portal.pi.gov.br\/seres\/wp-json\/wp\/v2\/posts\/1671"}],"collection":[{"href":"https:\/\/portal.pi.gov.br\/seres\/wp-json\/wp\/v2\/posts"}],"about":[{"href":"https:\/\/portal.pi.gov.br\/seres\/wp-json\/wp\/v2\/types\/post"}],"author":[{"embeddable":true,"href":"https:\/\/portal.pi.gov.br\/seres\/wp-json\/wp\/v2\/users\/1748"}],"replies":[{"embeddable":true,"href":"https:\/\/portal.pi.gov.br\/seres\/wp-json\/wp\/v2\/comments?post=1671"}],"version-history":[{"count":12,"href":"https:\/\/portal.pi.gov.br\/seres\/wp-json\/wp\/v2\/posts\/1671\/revisions"}],"predecessor-version":[{"id":1726,"href":"https:\/\/portal.pi.gov.br\/seres\/wp-json\/wp\/v2\/posts\/1671\/revisions\/1726"}],"wp:featuredmedia":[{"embeddable":true,"href":"https:\/\/portal.pi.gov.br\/seres\/wp-json\/wp\/v2\/media\/1675"}],"wp:attachment":[{"href":"https:\/\/portal.pi.gov.br\/seres\/wp-json\/wp\/v2\/media?parent=1671"}],"wp:term":[{"taxonomy":"category","embeddable":true,"href":"https:\/\/portal.pi.gov.br\/seres\/wp-json\/wp\/v2\/categories?post=1671"},{"taxonomy":"post_tag","embeddable":true,"href":"https:\/\/portal.pi.gov.br\/seres\/wp-json\/wp\/v2\/tags?post=1671"}],"curies":[{"name":"wp","href":"https:\/\/api.w.org\/{rel}","templated":true}]}}