{"id":1728,"date":"2023-10-25T14:00:40","date_gmt":"2023-10-25T17:00:40","guid":{"rendered":"https:\/\/portal.pi.gov.br\/seres\/?p=1728"},"modified":"2023-10-25T20:18:10","modified_gmt":"2023-10-25T23:18:10","slug":"inclusao-e-acessibilidade-e-tema-de-reuniao-com-a-secretaria-nubia-lopes-e-a-apilspi","status":"publish","type":"post","link":"https:\/\/portal.pi.gov.br\/seres\/2023\/10\/25\/inclusao-e-acessibilidade-e-tema-de-reuniao-com-a-secretaria-nubia-lopes-e-a-apilspi\/","title":{"rendered":"Inclus\u00e3o e acessibilidade s\u00e3o temas de reuni\u00e3o entre secret\u00e1ria N\u00fabia Lopes e  APILSPI."},"content":{"rendered":"\n<p>A secret\u00e1ria de Estado das Rela\u00e7\u00f5es Sociais, N\u00fabia Lopes, recebeu na manh\u00e3 desta quarta-feira (25), o ouvidor da Defensoria P\u00fablica, Djan Moreira e representantes da Associa\u00e7\u00e3o dos Profissionais Tradutores e Int\u00e9rpretes de L\u00edngua de Sinais do Piau\u00ed \u2013 APILSPI, com demandas sobre inclus\u00e3o e acessibilidade de pessoas com defici\u00eancia auditiva dentro dos diversos \u00f3rg\u00e3os p\u00fablicos do Estado, al\u00e9m do pedido de concurso p\u00fablico para profissionais da \u00e1rea.<\/p>\n\n\n\n<p><\/p>\n\n\n\n<p>A presidente da APILSPI, Maria do Ros\u00e1rio Alves, salientou as dificuldades enfrentadas pelos surdos em atendimentos dentro de hospitais, \u00f3rg\u00e3os p\u00fablicos e quaisquer setores que requerem sigilo, com temas mais sens\u00edveis ou constrangedores, j\u00e1 que sempre precisam ser acompanhados por familiares ouvintes. \u00a0\u201cUma pessoa surda sempre precisa da m\u00e3e ou qualquer outra pessoa para explicar sintomas aos m\u00e9dicos e nunca tem direito a um atendimento individual, j\u00e1 que n\u00e3o h\u00e1 um int\u00e9rprete de libras dispon\u00edvel\u201d, explicou.<\/p>\n\n\n\n<p><\/p>\n\n\n\n<p>Outra solicita\u00e7\u00e3o da associa\u00e7\u00e3o foi em rela\u00e7\u00e3o \u00e0s crian\u00e7as surdas, nos munic\u00edpios do estado e tamb\u00e9m na capital, para uma assist\u00eancia dentro das escolas que foque no aprendizado da l\u00edngua de sinais e na tradu\u00e7\u00e3o simult\u00e2nea para os alunos. \u201cOutra quest\u00e3o importante para a crian\u00e7a surda \u00e9 a comunica\u00e7\u00e3o com os pais, al\u00e9m daquela dentro da sala de aula com professores. Os pais precisam ser inclu\u00eddos para o perfeito desenvolvimento dos seus filhos\u201d, ressaltou a presidente da APILSPI.<\/p>\n\n\n\n<p>Segundo a secret\u00e1ria N\u00fabia, a Associa\u00e7\u00e3o apresentou demandas importantes para o governo Rafael Fonteles, como a inclus\u00e3o e a acessibilidade em l\u00edngua de sinais. \u201c\u00c9 necess\u00e1rio que as entrevistas, jornais, institui\u00e7\u00f5es, escolas e \u00f3rg\u00e3os p\u00fablicos sejam acess\u00edveis, com tradutores de libras e que,tamb\u00e9m, os profissionais tenham essa habilidade para se comunicarem individualmente com o surdo, de forma independente. Muitas vezes o surdo tem essa dificuldade at\u00e9 com a pr\u00f3pria fam\u00edlia. Aqui na nossa secretaria n\u00f3s temos uma profissional da equipe que faz esse acolhimento, pois a nossa miss\u00e3o \u00e9 fazer a escuta de toda a sociedade civil organizada. N\u00e3o podemos deixar ningu\u00e9m para tr\u00e1s\u201d, destacou.<\/p>\n\n\n\n<p>O pedido de concurso p\u00fablico para os profissionais da \u00e1rea tamb\u00e9m est\u00e1 sendo encaminhado, de acordo com a secret\u00e1ria. \u201cPrecisamos destes profissionais nas institui\u00e7\u00f5es p\u00fablicas e nas escolas. Para o atendimento das crian\u00e7as h\u00e1 uma intersetorialidade, porque se trabalha na \u00e1rea da educa\u00e7\u00e3o, da sa\u00fade e da assist\u00eancia social. Precisamos deste olhar diferenciado para garantir o direito das crian\u00e7as e adolescentes\u201d, finalizou.<\/p>\n\n\n\n<p>A secret\u00e1ria de Estado das Rela\u00e7\u00f5es Sociais, N\u00fabia Lopes, recebeu na manh\u00e3 desta quarta-feira (25), o ouvidor da Defensoria P\u00fablica, Djan Moreira e representantes da Associa\u00e7\u00e3o dos Profissionais Tradutores e Int\u00e9rpretes de L\u00edngua de Sinais do Piau\u00ed \u2013 APILSPI, com demandas sobre inclus\u00e3o e acessibilidade de pessoas com defici\u00eancia auditiva dentro dos diversos \u00f3rg\u00e3os p\u00fablicos do Estado, al\u00e9m do pedido de concurso p\u00fablico para profissionais da \u00e1rea.<\/p>\n\n\n<div class=\"wp-block-image\">\n<figure class=\"aligncenter size-large is-resized\"><img decoding=\"async\" loading=\"lazy\" src=\"https:\/\/portal.pi.gov.br\/seres\/wp-content\/uploads\/sites\/87\/2023\/10\/WhatsApp-Image-2023-10-25-at-13.30.28-1024x768.jpeg\" alt=\"\" class=\"wp-image-1732\" width=\"475\" height=\"357\" srcset=\"https:\/\/portal.pi.gov.br\/seres\/wp-content\/uploads\/sites\/87\/2023\/10\/WhatsApp-Image-2023-10-25-at-13.30.28-1024x768.jpeg 1024w, https:\/\/portal.pi.gov.br\/seres\/wp-content\/uploads\/sites\/87\/2023\/10\/WhatsApp-Image-2023-10-25-at-13.30.28-300x225.jpeg 300w, https:\/\/portal.pi.gov.br\/seres\/wp-content\/uploads\/sites\/87\/2023\/10\/WhatsApp-Image-2023-10-25-at-13.30.28-768x576.jpeg 768w, https:\/\/portal.pi.gov.br\/seres\/wp-content\/uploads\/sites\/87\/2023\/10\/WhatsApp-Image-2023-10-25-at-13.30.28-420x315.jpeg 420w, https:\/\/portal.pi.gov.br\/seres\/wp-content\/uploads\/sites\/87\/2023\/10\/WhatsApp-Image-2023-10-25-at-13.30.28-540x405.jpeg 540w, https:\/\/portal.pi.gov.br\/seres\/wp-content\/uploads\/sites\/87\/2023\/10\/WhatsApp-Image-2023-10-25-at-13.30.28-780x585.jpeg 780w, https:\/\/portal.pi.gov.br\/seres\/wp-content\/uploads\/sites\/87\/2023\/10\/WhatsApp-Image-2023-10-25-at-13.30.28-1536x1152.jpeg 1536w, https:\/\/portal.pi.gov.br\/seres\/wp-content\/uploads\/sites\/87\/2023\/10\/WhatsApp-Image-2023-10-25-at-13.30.28-2048x1536.jpeg 2048w, https:\/\/portal.pi.gov.br\/seres\/wp-content\/uploads\/sites\/87\/2023\/10\/WhatsApp-Image-2023-10-25-at-13.30.28-947x710.jpeg 947w, https:\/\/portal.pi.gov.br\/seres\/wp-content\/uploads\/sites\/87\/2023\/10\/WhatsApp-Image-2023-10-25-at-13.30.28-624x468.jpeg 624w\" sizes=\"(max-width: 475px) 100vw, 475px\" \/><\/figure><\/div>\n\n\n<p>A presidente da APILSPI, Maria do Ros\u00e1rio Alves, salientou as dificuldades enfrentadas pelos surdos em atendimentos dentro de hospitais, \u00f3rg\u00e3os p\u00fablicos e quaisquer setores que requerem sigilo, com temas mais sens\u00edveis ou constrangedores, j\u00e1 que sempre precisam ser acompanhados por familiares ouvintes. &nbsp;\u201cUma pessoa surda sempre precisa da m\u00e3e ou qualquer outra pessoa para explicar sintomas aos m\u00e9dicos e nunca tem direito a um atendimento individual, j\u00e1 que n\u00e3o h\u00e1 um int\u00e9rprete de libras dispon\u00edvel\u201d, explicou.<\/p>\n\n\n<div class=\"wp-block-image\">\n<figure class=\"aligncenter size-large is-resized\"><img decoding=\"async\" loading=\"lazy\" src=\"https:\/\/portal.pi.gov.br\/seres\/wp-content\/uploads\/sites\/87\/2023\/10\/WhatsApp-Image-2023-10-25-at-13.29.36-1024x768.jpeg\" alt=\"\" class=\"wp-image-1730\" width=\"478\" height=\"359\" srcset=\"https:\/\/portal.pi.gov.br\/seres\/wp-content\/uploads\/sites\/87\/2023\/10\/WhatsApp-Image-2023-10-25-at-13.29.36-1024x768.jpeg 1024w, https:\/\/portal.pi.gov.br\/seres\/wp-content\/uploads\/sites\/87\/2023\/10\/WhatsApp-Image-2023-10-25-at-13.29.36-300x225.jpeg 300w, https:\/\/portal.pi.gov.br\/seres\/wp-content\/uploads\/sites\/87\/2023\/10\/WhatsApp-Image-2023-10-25-at-13.29.36-768x576.jpeg 768w, https:\/\/portal.pi.gov.br\/seres\/wp-content\/uploads\/sites\/87\/2023\/10\/WhatsApp-Image-2023-10-25-at-13.29.36-420x315.jpeg 420w, https:\/\/portal.pi.gov.br\/seres\/wp-content\/uploads\/sites\/87\/2023\/10\/WhatsApp-Image-2023-10-25-at-13.29.36-540x405.jpeg 540w, https:\/\/portal.pi.gov.br\/seres\/wp-content\/uploads\/sites\/87\/2023\/10\/WhatsApp-Image-2023-10-25-at-13.29.36-780x585.jpeg 780w, https:\/\/portal.pi.gov.br\/seres\/wp-content\/uploads\/sites\/87\/2023\/10\/WhatsApp-Image-2023-10-25-at-13.29.36-1536x1152.jpeg 1536w, https:\/\/portal.pi.gov.br\/seres\/wp-content\/uploads\/sites\/87\/2023\/10\/WhatsApp-Image-2023-10-25-at-13.29.36-2048x1536.jpeg 2048w, https:\/\/portal.pi.gov.br\/seres\/wp-content\/uploads\/sites\/87\/2023\/10\/WhatsApp-Image-2023-10-25-at-13.29.36-947x710.jpeg 947w, https:\/\/portal.pi.gov.br\/seres\/wp-content\/uploads\/sites\/87\/2023\/10\/WhatsApp-Image-2023-10-25-at-13.29.36-624x468.jpeg 624w\" sizes=\"(max-width: 478px) 100vw, 478px\" \/><\/figure><\/div>\n\n\n<p>Outra solicita\u00e7\u00e3o da associa\u00e7\u00e3o foi em rela\u00e7\u00e3o \u00e0s crian\u00e7as surdas, nos munic\u00edpios do estado e tamb\u00e9m na capital, para uma assist\u00eancia dentro das escolas que foque no aprendizado da l\u00edngua de sinais e na tradu\u00e7\u00e3o simult\u00e2nea para os alunos. \u201cOutra quest\u00e3o importante para a crian\u00e7a surda \u00e9 a comunica\u00e7\u00e3o com os pais, al\u00e9m daquela dentro da sala de aula com professores. Os pais precisam ser inclu\u00eddos para o perfeito desenvolvimento dos seus filhos\u201d, ressaltou a presidente da APILSPI.<\/p>\n\n\n<div class=\"wp-block-image\">\n<figure class=\"aligncenter size-large is-resized\"><img decoding=\"async\" loading=\"lazy\" src=\"https:\/\/portal.pi.gov.br\/seres\/wp-content\/uploads\/sites\/87\/2023\/10\/WhatsApp-Image-2023-10-25-at-13.27.54-1-1024x768.jpeg\" alt=\"\" class=\"wp-image-1731\" width=\"474\" height=\"356\" srcset=\"https:\/\/portal.pi.gov.br\/seres\/wp-content\/uploads\/sites\/87\/2023\/10\/WhatsApp-Image-2023-10-25-at-13.27.54-1-1024x768.jpeg 1024w, https:\/\/portal.pi.gov.br\/seres\/wp-content\/uploads\/sites\/87\/2023\/10\/WhatsApp-Image-2023-10-25-at-13.27.54-1-300x225.jpeg 300w, https:\/\/portal.pi.gov.br\/seres\/wp-content\/uploads\/sites\/87\/2023\/10\/WhatsApp-Image-2023-10-25-at-13.27.54-1-768x576.jpeg 768w, https:\/\/portal.pi.gov.br\/seres\/wp-content\/uploads\/sites\/87\/2023\/10\/WhatsApp-Image-2023-10-25-at-13.27.54-1-420x315.jpeg 420w, https:\/\/portal.pi.gov.br\/seres\/wp-content\/uploads\/sites\/87\/2023\/10\/WhatsApp-Image-2023-10-25-at-13.27.54-1-540x405.jpeg 540w, https:\/\/portal.pi.gov.br\/seres\/wp-content\/uploads\/sites\/87\/2023\/10\/WhatsApp-Image-2023-10-25-at-13.27.54-1-780x585.jpeg 780w, https:\/\/portal.pi.gov.br\/seres\/wp-content\/uploads\/sites\/87\/2023\/10\/WhatsApp-Image-2023-10-25-at-13.27.54-1-1536x1152.jpeg 1536w, https:\/\/portal.pi.gov.br\/seres\/wp-content\/uploads\/sites\/87\/2023\/10\/WhatsApp-Image-2023-10-25-at-13.27.54-1-2048x1536.jpeg 2048w, https:\/\/portal.pi.gov.br\/seres\/wp-content\/uploads\/sites\/87\/2023\/10\/WhatsApp-Image-2023-10-25-at-13.27.54-1-947x710.jpeg 947w, https:\/\/portal.pi.gov.br\/seres\/wp-content\/uploads\/sites\/87\/2023\/10\/WhatsApp-Image-2023-10-25-at-13.27.54-1-624x468.jpeg 624w\" sizes=\"(max-width: 474px) 100vw, 474px\" \/><\/figure><\/div>\n\n\n<p>Segundo a secret\u00e1ria N\u00fabia, a Associa\u00e7\u00e3o apresentou demandas importantes para o governo Rafael Fonteles, como a inclus\u00e3o e a acessibilidade em l\u00edngua de sinais. \u201c\u00c9 necess\u00e1rio que as entrevistas, jornais, institui\u00e7\u00f5es, escolas e \u00f3rg\u00e3os p\u00fablicos sejam acess\u00edveis, com tradutores de libras e que,tamb\u00e9m, os profissionais tenham essa habilidade para se comunicarem individualmente com o surdo, de forma independente. Muitas vezes o surdo tem essa dificuldade at\u00e9 com a pr\u00f3pria fam\u00edlia. Aqui na nossa secretaria n\u00f3s temos uma profissional da equipe que faz esse acolhimento, pois a nossa miss\u00e3o \u00e9 fazer a escuta de toda a sociedade civil organizada. N\u00e3o podemos deixar ningu\u00e9m para tr\u00e1s\u201d, destacou.<\/p>\n\n\n\n<p>O pedido de concurso p\u00fablico para os profissionais da \u00e1rea tamb\u00e9m est\u00e1 sendo encaminhado, de acordo com a secret\u00e1ria. \u201cPrecisamos destes profissionais nas institui\u00e7\u00f5es p\u00fablicas e nas escolas. Para o atendimento das crian\u00e7as h\u00e1 uma intersetorialidade, porque se trabalha na \u00e1rea da educa\u00e7\u00e3o, da sa\u00fade e da assist\u00eancia social. Precisamos deste olhar diferenciado para garantir o direito das crian\u00e7as e adolescentes\u201d, finalizou.<\/p>\n","protected":false},"excerpt":{"rendered":"<p>A secret\u00e1ria de Estado das Rela\u00e7\u00f5es Sociais, N\u00fabia Lopes, recebeu na manh\u00e3 desta quarta-feira (25), o ouvidor da Defensoria P\u00fablica, Djan Moreira e representantes da Associa\u00e7\u00e3o dos Profissionais Tradutores e [&hellip;]<\/p>\n","protected":false},"author":1748,"featured_media":1732,"comment_status":"closed","ping_status":"closed","sticky":false,"template":"","format":"standard","meta":[],"categories":[34],"tags":[61,60,41],"featured_image_urls":{"full":["https:\/\/portal.pi.gov.br\/seres\/wp-content\/uploads\/sites\/87\/2023\/10\/WhatsApp-Image-2023-10-25-at-13.30.28-scaled.jpeg",2560,1920,false],"thumbnail":["https:\/\/portal.pi.gov.br\/seres\/wp-content\/uploads\/sites\/87\/2023\/10\/WhatsApp-Image-2023-10-25-at-13.30.28-150x150.jpeg",150,150,true],"medium":["https:\/\/portal.pi.gov.br\/seres\/wp-content\/uploads\/sites\/87\/2023\/10\/WhatsApp-Image-2023-10-25-at-13.30.28-300x225.jpeg",300,225,true],"medium_large":["https:\/\/portal.pi.gov.br\/seres\/wp-content\/uploads\/sites\/87\/2023\/10\/WhatsApp-Image-2023-10-25-at-13.30.28-768x576.jpeg",768,576,true],"large":["https:\/\/portal.pi.gov.br\/seres\/wp-content\/uploads\/sites\/87\/2023\/10\/WhatsApp-Image-2023-10-25-at-13.30.28-1024x768.jpeg",887,665,true],"sgg-420":["https:\/\/portal.pi.gov.br\/seres\/wp-content\/uploads\/sites\/87\/2023\/10\/WhatsApp-Image-2023-10-25-at-13.30.28-420x315.jpeg",420,315,true],"sgg-540":["https:\/\/portal.pi.gov.br\/seres\/wp-content\/uploads\/sites\/87\/2023\/10\/WhatsApp-Image-2023-10-25-at-13.30.28-540x405.jpeg",540,405,true],"sgg-780":["https:\/\/portal.pi.gov.br\/seres\/wp-content\/uploads\/sites\/87\/2023\/10\/WhatsApp-Image-2023-10-25-at-13.30.28-780x585.jpeg",780,585,true],"1536x1536":["https:\/\/portal.pi.gov.br\/seres\/wp-content\/uploads\/sites\/87\/2023\/10\/WhatsApp-Image-2023-10-25-at-13.30.28-1536x1152.jpeg",1536,1152,true],"2048x2048":["https:\/\/portal.pi.gov.br\/seres\/wp-content\/uploads\/sites\/87\/2023\/10\/WhatsApp-Image-2023-10-25-at-13.30.28-2048x1536.jpeg",2048,1536,true],"homepage-slider":["https:\/\/portal.pi.gov.br\/seres\/wp-content\/uploads\/sites\/87\/2023\/10\/WhatsApp-Image-2023-10-25-at-13.30.28-1270x500.jpeg",1270,500,true],"homepage-slider-small":["https:\/\/portal.pi.gov.br\/seres\/wp-content\/uploads\/sites\/87\/2023\/10\/WhatsApp-Image-2023-10-25-at-13.30.28-947x500.jpeg",947,500,true],"page-top":["https:\/\/portal.pi.gov.br\/seres\/wp-content\/uploads\/sites\/87\/2023\/10\/WhatsApp-Image-2023-10-25-at-13.30.28-947x710.jpeg",947,710,true],"page-small":["https:\/\/portal.pi.gov.br\/seres\/wp-content\/uploads\/sites\/87\/2023\/10\/WhatsApp-Image-2023-10-25-at-13.30.28-624x468.jpeg",624,468,true],"loop-main":["https:\/\/portal.pi.gov.br\/seres\/wp-content\/uploads\/sites\/87\/2023\/10\/WhatsApp-Image-2023-10-25-at-13.30.28-365x240.jpeg",365,240,true],"thumb-gallery-widget":["https:\/\/portal.pi.gov.br\/seres\/wp-content\/uploads\/sites\/87\/2023\/10\/WhatsApp-Image-2023-10-25-at-13.30.28-84x56.jpeg",84,56,true]},"post_excerpt_stackable":"<p>A secret\u00e1ria de Estado das Rela\u00e7\u00f5es Sociais, N\u00fabia Lopes, recebeu na manh\u00e3 desta quarta-feira (25), o ouvidor da Defensoria P\u00fablica, Djan Moreira e representantes da Associa\u00e7\u00e3o dos Profissionais Tradutores e Int\u00e9rpretes de L\u00edngua de Sinais do Piau\u00ed \u2013 APILSPI, com demandas sobre inclus\u00e3o e acessibilidade de pessoas com defici\u00eancia auditiva dentro dos diversos \u00f3rg\u00e3os p\u00fablicos do Estado, al\u00e9m do pedido de concurso p\u00fablico para profissionais da \u00e1rea. A presidente da APILSPI, Maria do Ros\u00e1rio Alves, salientou as dificuldades enfrentadas pelos surdos em atendimentos dentro de hospitais, \u00f3rg\u00e3os p\u00fablicos e quaisquer setores que requerem sigilo, com temas mais sens\u00edveis ou constrangedores,&hellip;<\/p>\n","category_list":"<a href=\"https:\/\/portal.pi.gov.br\/seres\/category\/noticias\/\" rel=\"category tag\">Not\u00edcias<\/a>","author_info":{"name":"natalina","url":"https:\/\/portal.pi.gov.br\/seres\/author\/natalina\/"},"comments_num":"0 coment\u00e1rio","featured_image_urls_v2":{"full":["https:\/\/portal.pi.gov.br\/seres\/wp-content\/uploads\/sites\/87\/2023\/10\/WhatsApp-Image-2023-10-25-at-13.30.28-scaled.jpeg",2560,1920,false],"thumbnail":["https:\/\/portal.pi.gov.br\/seres\/wp-content\/uploads\/sites\/87\/2023\/10\/WhatsApp-Image-2023-10-25-at-13.30.28-150x150.jpeg",150,150,true],"medium":["https:\/\/portal.pi.gov.br\/seres\/wp-content\/uploads\/sites\/87\/2023\/10\/WhatsApp-Image-2023-10-25-at-13.30.28-300x225.jpeg",300,225,true],"medium_large":["https:\/\/portal.pi.gov.br\/seres\/wp-content\/uploads\/sites\/87\/2023\/10\/WhatsApp-Image-2023-10-25-at-13.30.28-768x576.jpeg",768,576,true],"large":["https:\/\/portal.pi.gov.br\/seres\/wp-content\/uploads\/sites\/87\/2023\/10\/WhatsApp-Image-2023-10-25-at-13.30.28-1024x768.jpeg",887,665,true],"sgg-420":["https:\/\/portal.pi.gov.br\/seres\/wp-content\/uploads\/sites\/87\/2023\/10\/WhatsApp-Image-2023-10-25-at-13.30.28-420x315.jpeg",420,315,true],"sgg-540":["https:\/\/portal.pi.gov.br\/seres\/wp-content\/uploads\/sites\/87\/2023\/10\/WhatsApp-Image-2023-10-25-at-13.30.28-540x405.jpeg",540,405,true],"sgg-780":["https:\/\/portal.pi.gov.br\/seres\/wp-content\/uploads\/sites\/87\/2023\/10\/WhatsApp-Image-2023-10-25-at-13.30.28-780x585.jpeg",780,585,true],"1536x1536":["https:\/\/portal.pi.gov.br\/seres\/wp-content\/uploads\/sites\/87\/2023\/10\/WhatsApp-Image-2023-10-25-at-13.30.28-1536x1152.jpeg",1536,1152,true],"2048x2048":["https:\/\/portal.pi.gov.br\/seres\/wp-content\/uploads\/sites\/87\/2023\/10\/WhatsApp-Image-2023-10-25-at-13.30.28-2048x1536.jpeg",2048,1536,true],"homepage-slider":["https:\/\/portal.pi.gov.br\/seres\/wp-content\/uploads\/sites\/87\/2023\/10\/WhatsApp-Image-2023-10-25-at-13.30.28-1270x500.jpeg",1270,500,true],"homepage-slider-small":["https:\/\/portal.pi.gov.br\/seres\/wp-content\/uploads\/sites\/87\/2023\/10\/WhatsApp-Image-2023-10-25-at-13.30.28-947x500.jpeg",947,500,true],"page-top":["https:\/\/portal.pi.gov.br\/seres\/wp-content\/uploads\/sites\/87\/2023\/10\/WhatsApp-Image-2023-10-25-at-13.30.28-947x710.jpeg",947,710,true],"page-small":["https:\/\/portal.pi.gov.br\/seres\/wp-content\/uploads\/sites\/87\/2023\/10\/WhatsApp-Image-2023-10-25-at-13.30.28-624x468.jpeg",624,468,true],"loop-main":["https:\/\/portal.pi.gov.br\/seres\/wp-content\/uploads\/sites\/87\/2023\/10\/WhatsApp-Image-2023-10-25-at-13.30.28-365x240.jpeg",365,240,true],"thumb-gallery-widget":["https:\/\/portal.pi.gov.br\/seres\/wp-content\/uploads\/sites\/87\/2023\/10\/WhatsApp-Image-2023-10-25-at-13.30.28-84x56.jpeg",84,56,true]},"post_excerpt_stackable_v2":"<p>A secret\u00e1ria de Estado das Rela\u00e7\u00f5es Sociais, N\u00fabia Lopes, recebeu na manh\u00e3 desta quarta-feira (25), o ouvidor da Defensoria P\u00fablica, Djan Moreira e representantes da Associa\u00e7\u00e3o dos Profissionais Tradutores e Int\u00e9rpretes de L\u00edngua de Sinais do Piau\u00ed \u2013 APILSPI, com demandas sobre inclus\u00e3o e acessibilidade de pessoas com defici\u00eancia auditiva dentro dos diversos \u00f3rg\u00e3os p\u00fablicos do Estado, al\u00e9m do pedido de concurso p\u00fablico para profissionais da \u00e1rea. A presidente da APILSPI, Maria do Ros\u00e1rio Alves, salientou as dificuldades enfrentadas pelos surdos em atendimentos dentro de hospitais, \u00f3rg\u00e3os p\u00fablicos e quaisquer setores que requerem sigilo, com temas mais sens\u00edveis ou constrangedores,&hellip;<\/p>\n","category_list_v2":"<a href=\"https:\/\/portal.pi.gov.br\/seres\/category\/noticias\/\" rel=\"category tag\">Not\u00edcias<\/a>","author_info_v2":{"name":"natalina","url":"https:\/\/portal.pi.gov.br\/seres\/author\/natalina\/"},"comments_num_v2":"0 coment\u00e1rio","jetpack_featured_media_url":"https:\/\/portal.pi.gov.br\/seres\/wp-content\/uploads\/sites\/87\/2023\/10\/WhatsApp-Image-2023-10-25-at-13.30.28-scaled.jpeg","_links":{"self":[{"href":"https:\/\/portal.pi.gov.br\/seres\/wp-json\/wp\/v2\/posts\/1728"}],"collection":[{"href":"https:\/\/portal.pi.gov.br\/seres\/wp-json\/wp\/v2\/posts"}],"about":[{"href":"https:\/\/portal.pi.gov.br\/seres\/wp-json\/wp\/v2\/types\/post"}],"author":[{"embeddable":true,"href":"https:\/\/portal.pi.gov.br\/seres\/wp-json\/wp\/v2\/users\/1748"}],"replies":[{"embeddable":true,"href":"https:\/\/portal.pi.gov.br\/seres\/wp-json\/wp\/v2\/comments?post=1728"}],"version-history":[{"count":5,"href":"https:\/\/portal.pi.gov.br\/seres\/wp-json\/wp\/v2\/posts\/1728\/revisions"}],"predecessor-version":[{"id":1744,"href":"https:\/\/portal.pi.gov.br\/seres\/wp-json\/wp\/v2\/posts\/1728\/revisions\/1744"}],"wp:featuredmedia":[{"embeddable":true,"href":"https:\/\/portal.pi.gov.br\/seres\/wp-json\/wp\/v2\/media\/1732"}],"wp:attachment":[{"href":"https:\/\/portal.pi.gov.br\/seres\/wp-json\/wp\/v2\/media?parent=1728"}],"wp:term":[{"taxonomy":"category","embeddable":true,"href":"https:\/\/portal.pi.gov.br\/seres\/wp-json\/wp\/v2\/categories?post=1728"},{"taxonomy":"post_tag","embeddable":true,"href":"https:\/\/portal.pi.gov.br\/seres\/wp-json\/wp\/v2\/tags?post=1728"}],"curies":[{"name":"wp","href":"https:\/\/api.w.org\/{rel}","templated":true}]}}