{"id":1737,"date":"2023-10-25T17:04:52","date_gmt":"2023-10-25T20:04:52","guid":{"rendered":"https:\/\/portal.pi.gov.br\/seres\/?p=1737"},"modified":"2023-10-25T17:09:03","modified_gmt":"2023-10-25T20:09:03","slug":"secretaria-nubia-lopes-recebe-comissao-da-associacao-dos-vazanteiros-de-santa-rosa","status":"publish","type":"post","link":"https:\/\/portal.pi.gov.br\/seres\/2023\/10\/25\/secretaria-nubia-lopes-recebe-comissao-da-associacao-dos-vazanteiros-de-santa-rosa\/","title":{"rendered":"Secret\u00e1ria N\u00fabia Lopes recebe comiss\u00e3o da Associa\u00e7\u00e3o dos Vazanteiros de Santa Rosa"},"content":{"rendered":"\n<p>A secret\u00e1ria N\u00fabia Lopes recebeu, nesta quarta-feira (25), uma comiss\u00e3o da Associa\u00e7\u00e3o dos Vazanteiros de Santa Rosa, zona norte de Teresina, em seu gabinete. O objetivo do encontro foi a articula\u00e7\u00e3o com o Instituto de Terras do Piau\u00ed &#8211; Interpi e com a Secretaria de Patrim\u00f4nio da Uni\u00e3o &#8211; SPU para a resolu\u00e7\u00e3o de posse de terra.<\/p>\n\n\n<div class=\"wp-block-image\">\n<figure class=\"aligncenter size-large is-resized\"><img decoding=\"async\" loading=\"lazy\" src=\"https:\/\/portal.pi.gov.br\/seres\/wp-content\/uploads\/sites\/87\/2023\/10\/WhatsApp-Image-2023-10-25-at-16.28.12-1024x768.jpeg\" alt=\"\" class=\"wp-image-1738\" width=\"519\" height=\"389\" srcset=\"https:\/\/portal.pi.gov.br\/seres\/wp-content\/uploads\/sites\/87\/2023\/10\/WhatsApp-Image-2023-10-25-at-16.28.12-1024x768.jpeg 1024w, https:\/\/portal.pi.gov.br\/seres\/wp-content\/uploads\/sites\/87\/2023\/10\/WhatsApp-Image-2023-10-25-at-16.28.12-300x225.jpeg 300w, https:\/\/portal.pi.gov.br\/seres\/wp-content\/uploads\/sites\/87\/2023\/10\/WhatsApp-Image-2023-10-25-at-16.28.12-768x576.jpeg 768w, https:\/\/portal.pi.gov.br\/seres\/wp-content\/uploads\/sites\/87\/2023\/10\/WhatsApp-Image-2023-10-25-at-16.28.12-420x315.jpeg 420w, https:\/\/portal.pi.gov.br\/seres\/wp-content\/uploads\/sites\/87\/2023\/10\/WhatsApp-Image-2023-10-25-at-16.28.12-540x405.jpeg 540w, https:\/\/portal.pi.gov.br\/seres\/wp-content\/uploads\/sites\/87\/2023\/10\/WhatsApp-Image-2023-10-25-at-16.28.12-780x585.jpeg 780w, https:\/\/portal.pi.gov.br\/seres\/wp-content\/uploads\/sites\/87\/2023\/10\/WhatsApp-Image-2023-10-25-at-16.28.12-1536x1152.jpeg 1536w, https:\/\/portal.pi.gov.br\/seres\/wp-content\/uploads\/sites\/87\/2023\/10\/WhatsApp-Image-2023-10-25-at-16.28.12-947x710.jpeg 947w, https:\/\/portal.pi.gov.br\/seres\/wp-content\/uploads\/sites\/87\/2023\/10\/WhatsApp-Image-2023-10-25-at-16.28.12-624x468.jpeg 624w, https:\/\/portal.pi.gov.br\/seres\/wp-content\/uploads\/sites\/87\/2023\/10\/WhatsApp-Image-2023-10-25-at-16.28.12.jpeg 1600w\" sizes=\"(max-width: 519px) 100vw, 519px\" \/><\/figure><\/div>\n\n\n<p>Segundo a Associa\u00e7\u00e3o, h\u00e1 71 fam\u00edlias trabalhando numa \u00e1rea de margem do rio Parna\u00edba, cuja propriedade legal \u00e9 da Uni\u00e3o, mas que h\u00e1 uma pessoa alegando a posse da terra, portanto \u00e9 preciso que o espa\u00e7o seja regularizado. &#8220;Estamos requerendo a concess\u00e3o das terras para nos sustentar. Temos a maior preocupa\u00e7\u00e3o com a \u00e1rea ambiental e cumpriremos tudo que for acordado para a regulariza\u00e7\u00e3o da terra&#8221;, declarou a representante da Associa\u00e7\u00e3o, Joselita Mascarenhas.<\/p>\n\n\n<div class=\"wp-block-image\">\n<figure class=\"aligncenter size-large is-resized\"><img decoding=\"async\" loading=\"lazy\" src=\"https:\/\/portal.pi.gov.br\/seres\/wp-content\/uploads\/sites\/87\/2023\/10\/WhatsApp-Image-2023-10-25-at-16.27.25-1024x768.jpeg\" alt=\"\" class=\"wp-image-1739\" width=\"526\" height=\"394\" srcset=\"https:\/\/portal.pi.gov.br\/seres\/wp-content\/uploads\/sites\/87\/2023\/10\/WhatsApp-Image-2023-10-25-at-16.27.25-1024x768.jpeg 1024w, https:\/\/portal.pi.gov.br\/seres\/wp-content\/uploads\/sites\/87\/2023\/10\/WhatsApp-Image-2023-10-25-at-16.27.25-300x225.jpeg 300w, https:\/\/portal.pi.gov.br\/seres\/wp-content\/uploads\/sites\/87\/2023\/10\/WhatsApp-Image-2023-10-25-at-16.27.25-768x576.jpeg 768w, https:\/\/portal.pi.gov.br\/seres\/wp-content\/uploads\/sites\/87\/2023\/10\/WhatsApp-Image-2023-10-25-at-16.27.25-420x315.jpeg 420w, https:\/\/portal.pi.gov.br\/seres\/wp-content\/uploads\/sites\/87\/2023\/10\/WhatsApp-Image-2023-10-25-at-16.27.25-540x405.jpeg 540w, https:\/\/portal.pi.gov.br\/seres\/wp-content\/uploads\/sites\/87\/2023\/10\/WhatsApp-Image-2023-10-25-at-16.27.25-780x585.jpeg 780w, https:\/\/portal.pi.gov.br\/seres\/wp-content\/uploads\/sites\/87\/2023\/10\/WhatsApp-Image-2023-10-25-at-16.27.25-947x710.jpeg 947w, https:\/\/portal.pi.gov.br\/seres\/wp-content\/uploads\/sites\/87\/2023\/10\/WhatsApp-Image-2023-10-25-at-16.27.25-624x468.jpeg 624w, https:\/\/portal.pi.gov.br\/seres\/wp-content\/uploads\/sites\/87\/2023\/10\/WhatsApp-Image-2023-10-25-at-16.27.25.jpeg 1280w\" sizes=\"(max-width: 526px) 100vw, 526px\" \/><\/figure><\/div>\n\n\n<p><br>Receber e acompanhar as demandas que atingem a popula\u00e7\u00e3o \u00e9 a miss\u00e3o da Secretaria das Rela\u00e7\u00f5es Sociais, afirmou a secret\u00e1ria N\u00fabia. &#8220;Abrimos as portas da nossa secretaria para acolher a popula\u00e7\u00e3o e dar encaminhamento \u00e0s suas solicita\u00e7\u00f5es. Vamos agora alinhar com os nossos parceiros, o Interpi e a SPU, para a solu\u00e7\u00e3o deste problema&#8221;, concluiu. Tamb\u00e9m participou da reuni\u00e3o Djan Monteiro, Ouvidor Geral da Defensoria P\u00fablica do Estado do Piau\u00ed e equipe.<\/p>\n\n\n<div class=\"wp-block-image\">\n<figure class=\"aligncenter size-large is-resized\"><img decoding=\"async\" loading=\"lazy\" src=\"https:\/\/portal.pi.gov.br\/seres\/wp-content\/uploads\/sites\/87\/2023\/10\/WhatsApp-Image-2023-10-25-at-16.28.38-1024x768.jpeg\" alt=\"\" class=\"wp-image-1740\" width=\"543\" height=\"407\" srcset=\"https:\/\/portal.pi.gov.br\/seres\/wp-content\/uploads\/sites\/87\/2023\/10\/WhatsApp-Image-2023-10-25-at-16.28.38-1024x768.jpeg 1024w, https:\/\/portal.pi.gov.br\/seres\/wp-content\/uploads\/sites\/87\/2023\/10\/WhatsApp-Image-2023-10-25-at-16.28.38-300x225.jpeg 300w, https:\/\/portal.pi.gov.br\/seres\/wp-content\/uploads\/sites\/87\/2023\/10\/WhatsApp-Image-2023-10-25-at-16.28.38-768x576.jpeg 768w, https:\/\/portal.pi.gov.br\/seres\/wp-content\/uploads\/sites\/87\/2023\/10\/WhatsApp-Image-2023-10-25-at-16.28.38-420x315.jpeg 420w, https:\/\/portal.pi.gov.br\/seres\/wp-content\/uploads\/sites\/87\/2023\/10\/WhatsApp-Image-2023-10-25-at-16.28.38-540x405.jpeg 540w, https:\/\/portal.pi.gov.br\/seres\/wp-content\/uploads\/sites\/87\/2023\/10\/WhatsApp-Image-2023-10-25-at-16.28.38-780x585.jpeg 780w, https:\/\/portal.pi.gov.br\/seres\/wp-content\/uploads\/sites\/87\/2023\/10\/WhatsApp-Image-2023-10-25-at-16.28.38-1536x1152.jpeg 1536w, https:\/\/portal.pi.gov.br\/seres\/wp-content\/uploads\/sites\/87\/2023\/10\/WhatsApp-Image-2023-10-25-at-16.28.38-947x710.jpeg 947w, https:\/\/portal.pi.gov.br\/seres\/wp-content\/uploads\/sites\/87\/2023\/10\/WhatsApp-Image-2023-10-25-at-16.28.38-624x468.jpeg 624w, https:\/\/portal.pi.gov.br\/seres\/wp-content\/uploads\/sites\/87\/2023\/10\/WhatsApp-Image-2023-10-25-at-16.28.38.jpeg 1600w\" sizes=\"(max-width: 543px) 100vw, 543px\" \/><\/figure><\/div>","protected":false},"excerpt":{"rendered":"<p>A secret\u00e1ria N\u00fabia Lopes recebeu, nesta quarta-feira (25), uma comiss\u00e3o da Associa\u00e7\u00e3o dos Vazanteiros de Santa Rosa, zona norte de Teresina, em seu gabinete. O objetivo do encontro foi a [&hellip;]<\/p>\n","protected":false},"author":1748,"featured_media":1740,"comment_status":"closed","ping_status":"closed","sticky":false,"template":"","format":"standard","meta":[],"categories":[34],"tags":[41],"featured_image_urls":{"full":["https:\/\/portal.pi.gov.br\/seres\/wp-content\/uploads\/sites\/87\/2023\/10\/WhatsApp-Image-2023-10-25-at-16.28.38.jpeg",1600,1200,false],"thumbnail":["https:\/\/portal.pi.gov.br\/seres\/wp-content\/uploads\/sites\/87\/2023\/10\/WhatsApp-Image-2023-10-25-at-16.28.38-150x150.jpeg",150,150,true],"medium":["https:\/\/portal.pi.gov.br\/seres\/wp-content\/uploads\/sites\/87\/2023\/10\/WhatsApp-Image-2023-10-25-at-16.28.38-300x225.jpeg",300,225,true],"medium_large":["https:\/\/portal.pi.gov.br\/seres\/wp-content\/uploads\/sites\/87\/2023\/10\/WhatsApp-Image-2023-10-25-at-16.28.38-768x576.jpeg",768,576,true],"large":["https:\/\/portal.pi.gov.br\/seres\/wp-content\/uploads\/sites\/87\/2023\/10\/WhatsApp-Image-2023-10-25-at-16.28.38-1024x768.jpeg",887,665,true],"sgg-420":["https:\/\/portal.pi.gov.br\/seres\/wp-content\/uploads\/sites\/87\/2023\/10\/WhatsApp-Image-2023-10-25-at-16.28.38-420x315.jpeg",420,315,true],"sgg-540":["https:\/\/portal.pi.gov.br\/seres\/wp-content\/uploads\/sites\/87\/2023\/10\/WhatsApp-Image-2023-10-25-at-16.28.38-540x405.jpeg",540,405,true],"sgg-780":["https:\/\/portal.pi.gov.br\/seres\/wp-content\/uploads\/sites\/87\/2023\/10\/WhatsApp-Image-2023-10-25-at-16.28.38-780x585.jpeg",780,585,true],"1536x1536":["https:\/\/portal.pi.gov.br\/seres\/wp-content\/uploads\/sites\/87\/2023\/10\/WhatsApp-Image-2023-10-25-at-16.28.38-1536x1152.jpeg",1536,1152,true],"2048x2048":["https:\/\/portal.pi.gov.br\/seres\/wp-content\/uploads\/sites\/87\/2023\/10\/WhatsApp-Image-2023-10-25-at-16.28.38.jpeg",1600,1200,false],"homepage-slider":["https:\/\/portal.pi.gov.br\/seres\/wp-content\/uploads\/sites\/87\/2023\/10\/WhatsApp-Image-2023-10-25-at-16.28.38-1270x500.jpeg",1270,500,true],"homepage-slider-small":["https:\/\/portal.pi.gov.br\/seres\/wp-content\/uploads\/sites\/87\/2023\/10\/WhatsApp-Image-2023-10-25-at-16.28.38-947x500.jpeg",947,500,true],"page-top":["https:\/\/portal.pi.gov.br\/seres\/wp-content\/uploads\/sites\/87\/2023\/10\/WhatsApp-Image-2023-10-25-at-16.28.38-947x710.jpeg",947,710,true],"page-small":["https:\/\/portal.pi.gov.br\/seres\/wp-content\/uploads\/sites\/87\/2023\/10\/WhatsApp-Image-2023-10-25-at-16.28.38-624x468.jpeg",624,468,true],"loop-main":["https:\/\/portal.pi.gov.br\/seres\/wp-content\/uploads\/sites\/87\/2023\/10\/WhatsApp-Image-2023-10-25-at-16.28.38-365x240.jpeg",365,240,true],"thumb-gallery-widget":["https:\/\/portal.pi.gov.br\/seres\/wp-content\/uploads\/sites\/87\/2023\/10\/WhatsApp-Image-2023-10-25-at-16.28.38-84x56.jpeg",84,56,true]},"post_excerpt_stackable":"<p>A secret\u00e1ria N\u00fabia Lopes recebeu, nesta quarta-feira (25), uma comiss\u00e3o da Associa\u00e7\u00e3o dos Vazanteiros de Santa Rosa, zona norte de Teresina, em seu gabinete. O objetivo do encontro foi a articula\u00e7\u00e3o com o Instituto de Terras do Piau\u00ed &#8211; Interpi e com a Secretaria de Patrim\u00f4nio da Uni\u00e3o &#8211; SPU para a resolu\u00e7\u00e3o de posse de terra. Segundo a Associa\u00e7\u00e3o, h\u00e1 71 fam\u00edlias trabalhando numa \u00e1rea de margem do rio Parna\u00edba, cuja propriedade legal \u00e9 da Uni\u00e3o, mas que h\u00e1 uma pessoa alegando a posse da terra, portanto \u00e9 preciso que o espa\u00e7o seja regularizado. &#8220;Estamos requerendo a concess\u00e3o das&hellip;<\/p>\n","category_list":"<a href=\"https:\/\/portal.pi.gov.br\/seres\/category\/noticias\/\" rel=\"category tag\">Not\u00edcias<\/a>","author_info":{"name":"natalina","url":"https:\/\/portal.pi.gov.br\/seres\/author\/natalina\/"},"comments_num":"0 coment\u00e1rio","featured_image_urls_v2":{"full":["https:\/\/portal.pi.gov.br\/seres\/wp-content\/uploads\/sites\/87\/2023\/10\/WhatsApp-Image-2023-10-25-at-16.28.38.jpeg",1600,1200,false],"thumbnail":["https:\/\/portal.pi.gov.br\/seres\/wp-content\/uploads\/sites\/87\/2023\/10\/WhatsApp-Image-2023-10-25-at-16.28.38-150x150.jpeg",150,150,true],"medium":["https:\/\/portal.pi.gov.br\/seres\/wp-content\/uploads\/sites\/87\/2023\/10\/WhatsApp-Image-2023-10-25-at-16.28.38-300x225.jpeg",300,225,true],"medium_large":["https:\/\/portal.pi.gov.br\/seres\/wp-content\/uploads\/sites\/87\/2023\/10\/WhatsApp-Image-2023-10-25-at-16.28.38-768x576.jpeg",768,576,true],"large":["https:\/\/portal.pi.gov.br\/seres\/wp-content\/uploads\/sites\/87\/2023\/10\/WhatsApp-Image-2023-10-25-at-16.28.38-1024x768.jpeg",887,665,true],"sgg-420":["https:\/\/portal.pi.gov.br\/seres\/wp-content\/uploads\/sites\/87\/2023\/10\/WhatsApp-Image-2023-10-25-at-16.28.38-420x315.jpeg",420,315,true],"sgg-540":["https:\/\/portal.pi.gov.br\/seres\/wp-content\/uploads\/sites\/87\/2023\/10\/WhatsApp-Image-2023-10-25-at-16.28.38-540x405.jpeg",540,405,true],"sgg-780":["https:\/\/portal.pi.gov.br\/seres\/wp-content\/uploads\/sites\/87\/2023\/10\/WhatsApp-Image-2023-10-25-at-16.28.38-780x585.jpeg",780,585,true],"1536x1536":["https:\/\/portal.pi.gov.br\/seres\/wp-content\/uploads\/sites\/87\/2023\/10\/WhatsApp-Image-2023-10-25-at-16.28.38-1536x1152.jpeg",1536,1152,true],"2048x2048":["https:\/\/portal.pi.gov.br\/seres\/wp-content\/uploads\/sites\/87\/2023\/10\/WhatsApp-Image-2023-10-25-at-16.28.38.jpeg",1600,1200,false],"homepage-slider":["https:\/\/portal.pi.gov.br\/seres\/wp-content\/uploads\/sites\/87\/2023\/10\/WhatsApp-Image-2023-10-25-at-16.28.38-1270x500.jpeg",1270,500,true],"homepage-slider-small":["https:\/\/portal.pi.gov.br\/seres\/wp-content\/uploads\/sites\/87\/2023\/10\/WhatsApp-Image-2023-10-25-at-16.28.38-947x500.jpeg",947,500,true],"page-top":["https:\/\/portal.pi.gov.br\/seres\/wp-content\/uploads\/sites\/87\/2023\/10\/WhatsApp-Image-2023-10-25-at-16.28.38-947x710.jpeg",947,710,true],"page-small":["https:\/\/portal.pi.gov.br\/seres\/wp-content\/uploads\/sites\/87\/2023\/10\/WhatsApp-Image-2023-10-25-at-16.28.38-624x468.jpeg",624,468,true],"loop-main":["https:\/\/portal.pi.gov.br\/seres\/wp-content\/uploads\/sites\/87\/2023\/10\/WhatsApp-Image-2023-10-25-at-16.28.38-365x240.jpeg",365,240,true],"thumb-gallery-widget":["https:\/\/portal.pi.gov.br\/seres\/wp-content\/uploads\/sites\/87\/2023\/10\/WhatsApp-Image-2023-10-25-at-16.28.38-84x56.jpeg",84,56,true]},"post_excerpt_stackable_v2":"<p>A secret\u00e1ria N\u00fabia Lopes recebeu, nesta quarta-feira (25), uma comiss\u00e3o da Associa\u00e7\u00e3o dos Vazanteiros de Santa Rosa, zona norte de Teresina, em seu gabinete. O objetivo do encontro foi a articula\u00e7\u00e3o com o Instituto de Terras do Piau\u00ed &#8211; Interpi e com a Secretaria de Patrim\u00f4nio da Uni\u00e3o &#8211; SPU para a resolu\u00e7\u00e3o de posse de terra. Segundo a Associa\u00e7\u00e3o, h\u00e1 71 fam\u00edlias trabalhando numa \u00e1rea de margem do rio Parna\u00edba, cuja propriedade legal \u00e9 da Uni\u00e3o, mas que h\u00e1 uma pessoa alegando a posse da terra, portanto \u00e9 preciso que o espa\u00e7o seja regularizado. &#8220;Estamos requerendo a concess\u00e3o das&hellip;<\/p>\n","category_list_v2":"<a href=\"https:\/\/portal.pi.gov.br\/seres\/category\/noticias\/\" rel=\"category tag\">Not\u00edcias<\/a>","author_info_v2":{"name":"natalina","url":"https:\/\/portal.pi.gov.br\/seres\/author\/natalina\/"},"comments_num_v2":"0 coment\u00e1rio","jetpack_featured_media_url":"https:\/\/portal.pi.gov.br\/seres\/wp-content\/uploads\/sites\/87\/2023\/10\/WhatsApp-Image-2023-10-25-at-16.28.38.jpeg","_links":{"self":[{"href":"https:\/\/portal.pi.gov.br\/seres\/wp-json\/wp\/v2\/posts\/1737"}],"collection":[{"href":"https:\/\/portal.pi.gov.br\/seres\/wp-json\/wp\/v2\/posts"}],"about":[{"href":"https:\/\/portal.pi.gov.br\/seres\/wp-json\/wp\/v2\/types\/post"}],"author":[{"embeddable":true,"href":"https:\/\/portal.pi.gov.br\/seres\/wp-json\/wp\/v2\/users\/1748"}],"replies":[{"embeddable":true,"href":"https:\/\/portal.pi.gov.br\/seres\/wp-json\/wp\/v2\/comments?post=1737"}],"version-history":[{"count":2,"href":"https:\/\/portal.pi.gov.br\/seres\/wp-json\/wp\/v2\/posts\/1737\/revisions"}],"predecessor-version":[{"id":1742,"href":"https:\/\/portal.pi.gov.br\/seres\/wp-json\/wp\/v2\/posts\/1737\/revisions\/1742"}],"wp:featuredmedia":[{"embeddable":true,"href":"https:\/\/portal.pi.gov.br\/seres\/wp-json\/wp\/v2\/media\/1740"}],"wp:attachment":[{"href":"https:\/\/portal.pi.gov.br\/seres\/wp-json\/wp\/v2\/media?parent=1737"}],"wp:term":[{"taxonomy":"category","embeddable":true,"href":"https:\/\/portal.pi.gov.br\/seres\/wp-json\/wp\/v2\/categories?post=1737"},{"taxonomy":"post_tag","embeddable":true,"href":"https:\/\/portal.pi.gov.br\/seres\/wp-json\/wp\/v2\/tags?post=1737"}],"curies":[{"name":"wp","href":"https:\/\/api.w.org\/{rel}","templated":true}]}}