{"id":1745,"date":"2023-10-26T12:29:23","date_gmt":"2023-10-26T15:29:23","guid":{"rendered":"https:\/\/portal.pi.gov.br\/seres\/?p=1745"},"modified":"2023-10-26T13:07:41","modified_gmt":"2023-10-26T16:07:41","slug":"secretaria-de-relacoes-sociais-participa-de-abertura-da-vi-conferencia-estadual-de-seguranca-alimentar","status":"publish","type":"post","link":"https:\/\/portal.pi.gov.br\/seres\/2023\/10\/26\/secretaria-de-relacoes-sociais-participa-de-abertura-da-vi-conferencia-estadual-de-seguranca-alimentar\/","title":{"rendered":"Secretaria de Rela\u00e7\u00f5es Sociais participa de abertura da VI Confer\u00eancia Estadual de Seguran\u00e7a Alimentar"},"content":{"rendered":"\n<p>A secret\u00e1ria das Rela\u00e7\u00f5es Sociais, N\u00fabia Lopes, prestigiou a abertura da VI Confer\u00eancia Estadual de Seguran\u00e7a Alimentar, com o tema &#8220;Erradicar a fome e garantir direitos com comida de verdade, democracia e equidade&#8221;, na manh\u00e3 desta quinta-feira (26). O evento segue durante todo o dia 26 e 27 de outubro e \u00e9 promovido pela Secretaria da Assist\u00eancia Social, Trabalho e Direitos Humanos \u2013 Sasc e pelo Conselho Estadual de Seguran\u00e7a Alimentar e Nutricional \u2013 Consea-PI.<\/p>\n\n\n<div class=\"wp-block-image\">\n<figure class=\"aligncenter size-large is-resized\"><img decoding=\"async\" loading=\"lazy\" src=\"https:\/\/portal.pi.gov.br\/seres\/wp-content\/uploads\/sites\/87\/2023\/10\/WhatsApp-Image-2023-10-26-at-11.42.21-1024x768.jpeg\" alt=\"\" class=\"wp-image-1746\" width=\"508\" height=\"381\" srcset=\"https:\/\/portal.pi.gov.br\/seres\/wp-content\/uploads\/sites\/87\/2023\/10\/WhatsApp-Image-2023-10-26-at-11.42.21-1024x768.jpeg 1024w, https:\/\/portal.pi.gov.br\/seres\/wp-content\/uploads\/sites\/87\/2023\/10\/WhatsApp-Image-2023-10-26-at-11.42.21-300x225.jpeg 300w, https:\/\/portal.pi.gov.br\/seres\/wp-content\/uploads\/sites\/87\/2023\/10\/WhatsApp-Image-2023-10-26-at-11.42.21-768x576.jpeg 768w, https:\/\/portal.pi.gov.br\/seres\/wp-content\/uploads\/sites\/87\/2023\/10\/WhatsApp-Image-2023-10-26-at-11.42.21-420x315.jpeg 420w, https:\/\/portal.pi.gov.br\/seres\/wp-content\/uploads\/sites\/87\/2023\/10\/WhatsApp-Image-2023-10-26-at-11.42.21-540x405.jpeg 540w, https:\/\/portal.pi.gov.br\/seres\/wp-content\/uploads\/sites\/87\/2023\/10\/WhatsApp-Image-2023-10-26-at-11.42.21-780x585.jpeg 780w, https:\/\/portal.pi.gov.br\/seres\/wp-content\/uploads\/sites\/87\/2023\/10\/WhatsApp-Image-2023-10-26-at-11.42.21-947x710.jpeg 947w, https:\/\/portal.pi.gov.br\/seres\/wp-content\/uploads\/sites\/87\/2023\/10\/WhatsApp-Image-2023-10-26-at-11.42.21-624x468.jpeg 624w, https:\/\/portal.pi.gov.br\/seres\/wp-content\/uploads\/sites\/87\/2023\/10\/WhatsApp-Image-2023-10-26-at-11.42.21.jpeg 1280w\" sizes=\"(max-width: 508px) 100vw, 508px\" \/><\/figure><\/div>\n\n\n<p>Elizabeta Recine, presidente do Consea Nacional, ressaltou que a confer\u00eancia do Piau\u00ed tem um significado especial \u201cporque o Conselho do Piau\u00ed estava desestruturado, n\u00e3o faz muito tempo, e hoje aqui h\u00e1 uma participa\u00e7\u00e3o importante de toda a diversidade da sociedade civil do Estado do Piau\u00ed e as confer\u00eancias municipais aconteceram, o que d\u00e1 a for\u00e7a desse movimento. Estou muito honrada de participar e tenho certeza que vai ser uma \u00f3tima confer\u00eancia, tanto para refletir o Piau\u00ed como para contribuir com a Confer\u00eancia Nacional\u201d, explicou.<\/p>\n\n\n<div class=\"wp-block-image\">\n<figure class=\"aligncenter size-large is-resized\"><img decoding=\"async\" loading=\"lazy\" src=\"https:\/\/portal.pi.gov.br\/seres\/wp-content\/uploads\/sites\/87\/2023\/10\/WhatsApp-Image-2023-10-26-at-11.42.28-1024x768.jpeg\" alt=\"\" class=\"wp-image-1750\" width=\"517\" height=\"388\" srcset=\"https:\/\/portal.pi.gov.br\/seres\/wp-content\/uploads\/sites\/87\/2023\/10\/WhatsApp-Image-2023-10-26-at-11.42.28-1024x768.jpeg 1024w, https:\/\/portal.pi.gov.br\/seres\/wp-content\/uploads\/sites\/87\/2023\/10\/WhatsApp-Image-2023-10-26-at-11.42.28-300x225.jpeg 300w, https:\/\/portal.pi.gov.br\/seres\/wp-content\/uploads\/sites\/87\/2023\/10\/WhatsApp-Image-2023-10-26-at-11.42.28-768x576.jpeg 768w, https:\/\/portal.pi.gov.br\/seres\/wp-content\/uploads\/sites\/87\/2023\/10\/WhatsApp-Image-2023-10-26-at-11.42.28-420x315.jpeg 420w, https:\/\/portal.pi.gov.br\/seres\/wp-content\/uploads\/sites\/87\/2023\/10\/WhatsApp-Image-2023-10-26-at-11.42.28-540x405.jpeg 540w, https:\/\/portal.pi.gov.br\/seres\/wp-content\/uploads\/sites\/87\/2023\/10\/WhatsApp-Image-2023-10-26-at-11.42.28-780x585.jpeg 780w, https:\/\/portal.pi.gov.br\/seres\/wp-content\/uploads\/sites\/87\/2023\/10\/WhatsApp-Image-2023-10-26-at-11.42.28-947x710.jpeg 947w, https:\/\/portal.pi.gov.br\/seres\/wp-content\/uploads\/sites\/87\/2023\/10\/WhatsApp-Image-2023-10-26-at-11.42.28-624x468.jpeg 624w, https:\/\/portal.pi.gov.br\/seres\/wp-content\/uploads\/sites\/87\/2023\/10\/WhatsApp-Image-2023-10-26-at-11.42.28.jpeg 1280w\" sizes=\"(max-width: 517px) 100vw, 517px\" \/><\/figure><\/div>\n\n\n<p>A presidente estadual do Consea, Norma Sueli Alberto, enfatizou a alegria de poder estar retomando a atividade de realizar a VI Confer\u00eancia Estadual de Seguran\u00e7a Alimentar e Nutricional. \u201cJ\u00e1 est\u00e1vamos h\u00e1 anos com o Consea-PI desativado, completamente desmobilizados no estado e o evento mostrou a for\u00e7a e a import\u00e2ncia dessa pauta que re\u00fane pessoas das diversas esferas: municipal, estadual e nacional e uma s\u00e9rie de atores e atrizes sociais muito estrat\u00e9gicos para revitalizarmos o Sistema Nacional de Seguran\u00e7a Alimentar e Nutricional, no \u00e2mbito do Piau\u00ed. Hoje temos um motivo de comemora\u00e7\u00e3o, mas tamb\u00e9m de reflex\u00e3o de como \u00e9 que est\u00e1 a nossa situa\u00e7\u00e3o de seguran\u00e7a alimentar e nutricional no estado e ainda vamos apontar propostas para o Governo implementar para enfrentarmos a fome e as diversas formas de m\u00e1 nutri\u00e7\u00e3o\u201d.<\/p>\n\n\n<div class=\"wp-block-image\">\n<figure class=\"aligncenter size-large is-resized\"><img decoding=\"async\" loading=\"lazy\" src=\"https:\/\/portal.pi.gov.br\/seres\/wp-content\/uploads\/sites\/87\/2023\/10\/WhatsApp-Image-2023-10-26-at-11.44.37-1024x768.jpeg\" alt=\"\" class=\"wp-image-1748\" width=\"528\" height=\"396\" srcset=\"https:\/\/portal.pi.gov.br\/seres\/wp-content\/uploads\/sites\/87\/2023\/10\/WhatsApp-Image-2023-10-26-at-11.44.37-1024x768.jpeg 1024w, https:\/\/portal.pi.gov.br\/seres\/wp-content\/uploads\/sites\/87\/2023\/10\/WhatsApp-Image-2023-10-26-at-11.44.37-300x225.jpeg 300w, https:\/\/portal.pi.gov.br\/seres\/wp-content\/uploads\/sites\/87\/2023\/10\/WhatsApp-Image-2023-10-26-at-11.44.37-768x576.jpeg 768w, https:\/\/portal.pi.gov.br\/seres\/wp-content\/uploads\/sites\/87\/2023\/10\/WhatsApp-Image-2023-10-26-at-11.44.37-420x315.jpeg 420w, https:\/\/portal.pi.gov.br\/seres\/wp-content\/uploads\/sites\/87\/2023\/10\/WhatsApp-Image-2023-10-26-at-11.44.37-540x405.jpeg 540w, https:\/\/portal.pi.gov.br\/seres\/wp-content\/uploads\/sites\/87\/2023\/10\/WhatsApp-Image-2023-10-26-at-11.44.37-780x585.jpeg 780w, https:\/\/portal.pi.gov.br\/seres\/wp-content\/uploads\/sites\/87\/2023\/10\/WhatsApp-Image-2023-10-26-at-11.44.37-947x710.jpeg 947w, https:\/\/portal.pi.gov.br\/seres\/wp-content\/uploads\/sites\/87\/2023\/10\/WhatsApp-Image-2023-10-26-at-11.44.37-624x468.jpeg 624w, https:\/\/portal.pi.gov.br\/seres\/wp-content\/uploads\/sites\/87\/2023\/10\/WhatsApp-Image-2023-10-26-at-11.44.37.jpeg 1280w\" sizes=\"(max-width: 528px) 100vw, 528px\" \/><\/figure><\/div>\n\n\n<p>O evento tamb\u00e9m celebra os 20 anos do Consea-PI e a secret\u00e1ria da Assist\u00eancia Social Trabalho e Direitos Humanos, Regina Souza, relatou a import\u00e2ncia de retomar as atividades do Conselho depois de alguns anos paradas. \u201cTudo foi desconstru\u00eddo, por isso o Brasil entrou no Mapa da Fome novamente. Estamos nos esfor\u00e7ando para esta retomada e as confer\u00eancias s\u00e3o necess\u00e1rias para fazer um novo programa, com outras realidades. S\u00e3o muitas a\u00e7\u00f5es, o Programa de Aquisi\u00e7\u00e3o de Alimentos\u00a0&#8211;\u00a0PAA foi reativado, foram retomadas as transfer\u00eancias de renda, valorizando n\u00e3o s\u00f3 o valor fixo, mas \u00e0s fam\u00edlias pela composi\u00e7\u00e3o da renda familiar. Tudo isso com a inten\u00e7\u00e3o de tirar o Brasil da fome. J\u00e1 sa\u00edmos do mapa mundial da fome uma vez e vamos conseguir sair de novo\u201d, declarou.<\/p>\n\n\n<div class=\"wp-block-image\">\n<figure class=\"aligncenter size-large is-resized\"><img decoding=\"async\" loading=\"lazy\" src=\"https:\/\/portal.pi.gov.br\/seres\/wp-content\/uploads\/sites\/87\/2023\/10\/WhatsApp-Image-2023-10-26-at-11.44.59-1024x768.jpeg\" alt=\"\" class=\"wp-image-1747\" width=\"549\" height=\"412\" srcset=\"https:\/\/portal.pi.gov.br\/seres\/wp-content\/uploads\/sites\/87\/2023\/10\/WhatsApp-Image-2023-10-26-at-11.44.59-1024x768.jpeg 1024w, https:\/\/portal.pi.gov.br\/seres\/wp-content\/uploads\/sites\/87\/2023\/10\/WhatsApp-Image-2023-10-26-at-11.44.59-300x225.jpeg 300w, https:\/\/portal.pi.gov.br\/seres\/wp-content\/uploads\/sites\/87\/2023\/10\/WhatsApp-Image-2023-10-26-at-11.44.59-768x576.jpeg 768w, https:\/\/portal.pi.gov.br\/seres\/wp-content\/uploads\/sites\/87\/2023\/10\/WhatsApp-Image-2023-10-26-at-11.44.59-420x315.jpeg 420w, https:\/\/portal.pi.gov.br\/seres\/wp-content\/uploads\/sites\/87\/2023\/10\/WhatsApp-Image-2023-10-26-at-11.44.59-540x405.jpeg 540w, https:\/\/portal.pi.gov.br\/seres\/wp-content\/uploads\/sites\/87\/2023\/10\/WhatsApp-Image-2023-10-26-at-11.44.59-780x585.jpeg 780w, https:\/\/portal.pi.gov.br\/seres\/wp-content\/uploads\/sites\/87\/2023\/10\/WhatsApp-Image-2023-10-26-at-11.44.59-947x710.jpeg 947w, https:\/\/portal.pi.gov.br\/seres\/wp-content\/uploads\/sites\/87\/2023\/10\/WhatsApp-Image-2023-10-26-at-11.44.59-624x468.jpeg 624w, https:\/\/portal.pi.gov.br\/seres\/wp-content\/uploads\/sites\/87\/2023\/10\/WhatsApp-Image-2023-10-26-at-11.44.59.jpeg 1280w\" sizes=\"(max-width: 549px) 100vw, 549px\" \/><\/figure><\/div>\n\n\n<p>A secret\u00e1ria N\u00fabia Lopes destacou a import\u00e2ncia do Consea. \u201cOs conselhos s\u00e3o espa\u00e7os que congregam uma variedade de representantes da sociedade civil, com o prop\u00f3sito de deliberar e oferecer diretrizes em rela\u00e7\u00e3o a diversas quest\u00f5es. S\u00e3o uma ferramenta destinada a assegurar a participa\u00e7\u00e3o ativa da popula\u00e7\u00e3o na administra\u00e7\u00e3o p\u00fablica. O Consea-PI desempenha um papel fundamental na supervis\u00e3o e execu\u00e7\u00e3o de pol\u00edticas voltadas para a produ\u00e7\u00e3o de alimentos saud\u00e1veis e na luta contra a fome e a desnutri\u00e7\u00e3o. Com a reativa\u00e7\u00e3o estamos juntos novamente contra a fome no nosso Estado&#8221;, concluiu.<\/p>\n\n\n<div class=\"wp-block-image\">\n<figure class=\"aligncenter size-large is-resized\"><img decoding=\"async\" loading=\"lazy\" src=\"https:\/\/portal.pi.gov.br\/seres\/wp-content\/uploads\/sites\/87\/2023\/10\/WhatsApp-Image-2023-10-26-at-11.44.02-1024x768.jpeg\" alt=\"\" class=\"wp-image-1749\" width=\"552\" height=\"415\" srcset=\"https:\/\/portal.pi.gov.br\/seres\/wp-content\/uploads\/sites\/87\/2023\/10\/WhatsApp-Image-2023-10-26-at-11.44.02-1024x768.jpeg 1024w, https:\/\/portal.pi.gov.br\/seres\/wp-content\/uploads\/sites\/87\/2023\/10\/WhatsApp-Image-2023-10-26-at-11.44.02-300x225.jpeg 300w, https:\/\/portal.pi.gov.br\/seres\/wp-content\/uploads\/sites\/87\/2023\/10\/WhatsApp-Image-2023-10-26-at-11.44.02-768x576.jpeg 768w, https:\/\/portal.pi.gov.br\/seres\/wp-content\/uploads\/sites\/87\/2023\/10\/WhatsApp-Image-2023-10-26-at-11.44.02-420x315.jpeg 420w, https:\/\/portal.pi.gov.br\/seres\/wp-content\/uploads\/sites\/87\/2023\/10\/WhatsApp-Image-2023-10-26-at-11.44.02-540x405.jpeg 540w, https:\/\/portal.pi.gov.br\/seres\/wp-content\/uploads\/sites\/87\/2023\/10\/WhatsApp-Image-2023-10-26-at-11.44.02-780x585.jpeg 780w, https:\/\/portal.pi.gov.br\/seres\/wp-content\/uploads\/sites\/87\/2023\/10\/WhatsApp-Image-2023-10-26-at-11.44.02-947x710.jpeg 947w, https:\/\/portal.pi.gov.br\/seres\/wp-content\/uploads\/sites\/87\/2023\/10\/WhatsApp-Image-2023-10-26-at-11.44.02-624x468.jpeg 624w, https:\/\/portal.pi.gov.br\/seres\/wp-content\/uploads\/sites\/87\/2023\/10\/WhatsApp-Image-2023-10-26-at-11.44.02.jpeg 1280w\" sizes=\"(max-width: 552px) 100vw, 552px\" \/><\/figure><\/div>","protected":false},"excerpt":{"rendered":"<p>A secret\u00e1ria das Rela\u00e7\u00f5es Sociais, N\u00fabia Lopes, prestigiou a abertura da VI Confer\u00eancia Estadual de Seguran\u00e7a Alimentar, com o tema &#8220;Erradicar a fome e garantir direitos com comida de verdade, [&hellip;]<\/p>\n","protected":false},"author":1748,"featured_media":1746,"comment_status":"closed","ping_status":"closed","sticky":false,"template":"","format":"standard","meta":[],"categories":[34],"tags":[],"featured_image_urls":{"full":["https:\/\/portal.pi.gov.br\/seres\/wp-content\/uploads\/sites\/87\/2023\/10\/WhatsApp-Image-2023-10-26-at-11.42.21.jpeg",1280,960,false],"thumbnail":["https:\/\/portal.pi.gov.br\/seres\/wp-content\/uploads\/sites\/87\/2023\/10\/WhatsApp-Image-2023-10-26-at-11.42.21-150x150.jpeg",150,150,true],"medium":["https:\/\/portal.pi.gov.br\/seres\/wp-content\/uploads\/sites\/87\/2023\/10\/WhatsApp-Image-2023-10-26-at-11.42.21-300x225.jpeg",300,225,true],"medium_large":["https:\/\/portal.pi.gov.br\/seres\/wp-content\/uploads\/sites\/87\/2023\/10\/WhatsApp-Image-2023-10-26-at-11.42.21-768x576.jpeg",768,576,true],"large":["https:\/\/portal.pi.gov.br\/seres\/wp-content\/uploads\/sites\/87\/2023\/10\/WhatsApp-Image-2023-10-26-at-11.42.21-1024x768.jpeg",887,665,true],"sgg-420":["https:\/\/portal.pi.gov.br\/seres\/wp-content\/uploads\/sites\/87\/2023\/10\/WhatsApp-Image-2023-10-26-at-11.42.21-420x315.jpeg",420,315,true],"sgg-540":["https:\/\/portal.pi.gov.br\/seres\/wp-content\/uploads\/sites\/87\/2023\/10\/WhatsApp-Image-2023-10-26-at-11.42.21-540x405.jpeg",540,405,true],"sgg-780":["https:\/\/portal.pi.gov.br\/seres\/wp-content\/uploads\/sites\/87\/2023\/10\/WhatsApp-Image-2023-10-26-at-11.42.21-780x585.jpeg",780,585,true],"1536x1536":["https:\/\/portal.pi.gov.br\/seres\/wp-content\/uploads\/sites\/87\/2023\/10\/WhatsApp-Image-2023-10-26-at-11.42.21.jpeg",1280,960,false],"2048x2048":["https:\/\/portal.pi.gov.br\/seres\/wp-content\/uploads\/sites\/87\/2023\/10\/WhatsApp-Image-2023-10-26-at-11.42.21.jpeg",1280,960,false],"homepage-slider":["https:\/\/portal.pi.gov.br\/seres\/wp-content\/uploads\/sites\/87\/2023\/10\/WhatsApp-Image-2023-10-26-at-11.42.21-1270x500.jpeg",1270,500,true],"homepage-slider-small":["https:\/\/portal.pi.gov.br\/seres\/wp-content\/uploads\/sites\/87\/2023\/10\/WhatsApp-Image-2023-10-26-at-11.42.21-947x500.jpeg",947,500,true],"page-top":["https:\/\/portal.pi.gov.br\/seres\/wp-content\/uploads\/sites\/87\/2023\/10\/WhatsApp-Image-2023-10-26-at-11.42.21-947x710.jpeg",947,710,true],"page-small":["https:\/\/portal.pi.gov.br\/seres\/wp-content\/uploads\/sites\/87\/2023\/10\/WhatsApp-Image-2023-10-26-at-11.42.21-624x468.jpeg",624,468,true],"loop-main":["https:\/\/portal.pi.gov.br\/seres\/wp-content\/uploads\/sites\/87\/2023\/10\/WhatsApp-Image-2023-10-26-at-11.42.21-365x240.jpeg",365,240,true],"thumb-gallery-widget":["https:\/\/portal.pi.gov.br\/seres\/wp-content\/uploads\/sites\/87\/2023\/10\/WhatsApp-Image-2023-10-26-at-11.42.21-84x56.jpeg",84,56,true]},"post_excerpt_stackable":"<p>A secret\u00e1ria das Rela\u00e7\u00f5es Sociais, N\u00fabia Lopes, prestigiou a abertura da VI Confer\u00eancia Estadual de Seguran\u00e7a Alimentar, com o tema &#8220;Erradicar a fome e garantir direitos com comida de verdade, democracia e equidade&#8221;, na manh\u00e3 desta quinta-feira (26). O evento segue durante todo o dia 26 e 27 de outubro e \u00e9 promovido pela Secretaria da Assist\u00eancia Social, Trabalho e Direitos Humanos \u2013 Sasc e pelo Conselho Estadual de Seguran\u00e7a Alimentar e Nutricional \u2013 Consea-PI. Elizabeta Recine, presidente do Consea Nacional, ressaltou que a confer\u00eancia do Piau\u00ed tem um significado especial \u201cporque o Conselho do Piau\u00ed estava desestruturado, n\u00e3o faz&hellip;<\/p>\n","category_list":"<a href=\"https:\/\/portal.pi.gov.br\/seres\/category\/noticias\/\" rel=\"category tag\">Not\u00edcias<\/a>","author_info":{"name":"natalina","url":"https:\/\/portal.pi.gov.br\/seres\/author\/natalina\/"},"comments_num":"0 coment\u00e1rio","featured_image_urls_v2":{"full":["https:\/\/portal.pi.gov.br\/seres\/wp-content\/uploads\/sites\/87\/2023\/10\/WhatsApp-Image-2023-10-26-at-11.42.21.jpeg",1280,960,false],"thumbnail":["https:\/\/portal.pi.gov.br\/seres\/wp-content\/uploads\/sites\/87\/2023\/10\/WhatsApp-Image-2023-10-26-at-11.42.21-150x150.jpeg",150,150,true],"medium":["https:\/\/portal.pi.gov.br\/seres\/wp-content\/uploads\/sites\/87\/2023\/10\/WhatsApp-Image-2023-10-26-at-11.42.21-300x225.jpeg",300,225,true],"medium_large":["https:\/\/portal.pi.gov.br\/seres\/wp-content\/uploads\/sites\/87\/2023\/10\/WhatsApp-Image-2023-10-26-at-11.42.21-768x576.jpeg",768,576,true],"large":["https:\/\/portal.pi.gov.br\/seres\/wp-content\/uploads\/sites\/87\/2023\/10\/WhatsApp-Image-2023-10-26-at-11.42.21-1024x768.jpeg",887,665,true],"sgg-420":["https:\/\/portal.pi.gov.br\/seres\/wp-content\/uploads\/sites\/87\/2023\/10\/WhatsApp-Image-2023-10-26-at-11.42.21-420x315.jpeg",420,315,true],"sgg-540":["https:\/\/portal.pi.gov.br\/seres\/wp-content\/uploads\/sites\/87\/2023\/10\/WhatsApp-Image-2023-10-26-at-11.42.21-540x405.jpeg",540,405,true],"sgg-780":["https:\/\/portal.pi.gov.br\/seres\/wp-content\/uploads\/sites\/87\/2023\/10\/WhatsApp-Image-2023-10-26-at-11.42.21-780x585.jpeg",780,585,true],"1536x1536":["https:\/\/portal.pi.gov.br\/seres\/wp-content\/uploads\/sites\/87\/2023\/10\/WhatsApp-Image-2023-10-26-at-11.42.21.jpeg",1280,960,false],"2048x2048":["https:\/\/portal.pi.gov.br\/seres\/wp-content\/uploads\/sites\/87\/2023\/10\/WhatsApp-Image-2023-10-26-at-11.42.21.jpeg",1280,960,false],"homepage-slider":["https:\/\/portal.pi.gov.br\/seres\/wp-content\/uploads\/sites\/87\/2023\/10\/WhatsApp-Image-2023-10-26-at-11.42.21-1270x500.jpeg",1270,500,true],"homepage-slider-small":["https:\/\/portal.pi.gov.br\/seres\/wp-content\/uploads\/sites\/87\/2023\/10\/WhatsApp-Image-2023-10-26-at-11.42.21-947x500.jpeg",947,500,true],"page-top":["https:\/\/portal.pi.gov.br\/seres\/wp-content\/uploads\/sites\/87\/2023\/10\/WhatsApp-Image-2023-10-26-at-11.42.21-947x710.jpeg",947,710,true],"page-small":["https:\/\/portal.pi.gov.br\/seres\/wp-content\/uploads\/sites\/87\/2023\/10\/WhatsApp-Image-2023-10-26-at-11.42.21-624x468.jpeg",624,468,true],"loop-main":["https:\/\/portal.pi.gov.br\/seres\/wp-content\/uploads\/sites\/87\/2023\/10\/WhatsApp-Image-2023-10-26-at-11.42.21-365x240.jpeg",365,240,true],"thumb-gallery-widget":["https:\/\/portal.pi.gov.br\/seres\/wp-content\/uploads\/sites\/87\/2023\/10\/WhatsApp-Image-2023-10-26-at-11.42.21-84x56.jpeg",84,56,true]},"post_excerpt_stackable_v2":"<p>A secret\u00e1ria das Rela\u00e7\u00f5es Sociais, N\u00fabia Lopes, prestigiou a abertura da VI Confer\u00eancia Estadual de Seguran\u00e7a Alimentar, com o tema &#8220;Erradicar a fome e garantir direitos com comida de verdade, democracia e equidade&#8221;, na manh\u00e3 desta quinta-feira (26). O evento segue durante todo o dia 26 e 27 de outubro e \u00e9 promovido pela Secretaria da Assist\u00eancia Social, Trabalho e Direitos Humanos \u2013 Sasc e pelo Conselho Estadual de Seguran\u00e7a Alimentar e Nutricional \u2013 Consea-PI. Elizabeta Recine, presidente do Consea Nacional, ressaltou que a confer\u00eancia do Piau\u00ed tem um significado especial \u201cporque o Conselho do Piau\u00ed estava desestruturado, n\u00e3o faz&hellip;<\/p>\n","category_list_v2":"<a href=\"https:\/\/portal.pi.gov.br\/seres\/category\/noticias\/\" rel=\"category tag\">Not\u00edcias<\/a>","author_info_v2":{"name":"natalina","url":"https:\/\/portal.pi.gov.br\/seres\/author\/natalina\/"},"comments_num_v2":"0 coment\u00e1rio","jetpack_featured_media_url":"https:\/\/portal.pi.gov.br\/seres\/wp-content\/uploads\/sites\/87\/2023\/10\/WhatsApp-Image-2023-10-26-at-11.42.21.jpeg","_links":{"self":[{"href":"https:\/\/portal.pi.gov.br\/seres\/wp-json\/wp\/v2\/posts\/1745"}],"collection":[{"href":"https:\/\/portal.pi.gov.br\/seres\/wp-json\/wp\/v2\/posts"}],"about":[{"href":"https:\/\/portal.pi.gov.br\/seres\/wp-json\/wp\/v2\/types\/post"}],"author":[{"embeddable":true,"href":"https:\/\/portal.pi.gov.br\/seres\/wp-json\/wp\/v2\/users\/1748"}],"replies":[{"embeddable":true,"href":"https:\/\/portal.pi.gov.br\/seres\/wp-json\/wp\/v2\/comments?post=1745"}],"version-history":[{"count":2,"href":"https:\/\/portal.pi.gov.br\/seres\/wp-json\/wp\/v2\/posts\/1745\/revisions"}],"predecessor-version":[{"id":1752,"href":"https:\/\/portal.pi.gov.br\/seres\/wp-json\/wp\/v2\/posts\/1745\/revisions\/1752"}],"wp:featuredmedia":[{"embeddable":true,"href":"https:\/\/portal.pi.gov.br\/seres\/wp-json\/wp\/v2\/media\/1746"}],"wp:attachment":[{"href":"https:\/\/portal.pi.gov.br\/seres\/wp-json\/wp\/v2\/media?parent=1745"}],"wp:term":[{"taxonomy":"category","embeddable":true,"href":"https:\/\/portal.pi.gov.br\/seres\/wp-json\/wp\/v2\/categories?post=1745"},{"taxonomy":"post_tag","embeddable":true,"href":"https:\/\/portal.pi.gov.br\/seres\/wp-json\/wp\/v2\/tags?post=1745"}],"curies":[{"name":"wp","href":"https:\/\/api.w.org\/{rel}","templated":true}]}}