{"id":1803,"date":"2023-10-30T14:19:52","date_gmt":"2023-10-30T17:19:52","guid":{"rendered":"https:\/\/portal.pi.gov.br\/seres\/?p=1803"},"modified":"2023-11-06T13:15:06","modified_gmt":"2023-11-06T16:15:06","slug":"seres-celebra-o-dia-do-servidor-com-palestra-e-brindes","status":"publish","type":"post","link":"https:\/\/portal.pi.gov.br\/seres\/2023\/10\/30\/seres-celebra-o-dia-do-servidor-com-palestra-e-brindes\/","title":{"rendered":"Seres celebra o Dia do servidor com palestra e brindes"},"content":{"rendered":"\n<p>Para celebrar o Dia do Servidor P\u00fablico, a secretaria das Rela\u00e7\u00f5es Sociais \u2013 Seres \u2013 presenteou a equipe com canecas comemorativas e trouxe a enfermeira Nancy Batista para uma palestra sobre a preven\u00e7\u00e3o do c\u00e2ncer de mama. Uma manh\u00e3 descontra\u00edda, com um bate papo informativo sobre sa\u00fade, encerrando as a\u00e7\u00f5es do Comit\u00ea ProEquidade da Seres, no Outubro Rosa.<\/p>\n\n\n<div class=\"wp-block-image\">\n<figure class=\"aligncenter size-full is-resized\"><img decoding=\"async\" loading=\"lazy\" src=\"https:\/\/portal.pi.gov.br\/seres\/wp-content\/uploads\/sites\/87\/2023\/10\/WhatsApp-Image-2023-10-30-at-10.56.41.jpeg\" alt=\"\" class=\"wp-image-1796\" width=\"458\" height=\"344\" srcset=\"https:\/\/portal.pi.gov.br\/seres\/wp-content\/uploads\/sites\/87\/2023\/10\/WhatsApp-Image-2023-10-30-at-10.56.41.jpeg 1024w, https:\/\/portal.pi.gov.br\/seres\/wp-content\/uploads\/sites\/87\/2023\/10\/WhatsApp-Image-2023-10-30-at-10.56.41-300x225.jpeg 300w, https:\/\/portal.pi.gov.br\/seres\/wp-content\/uploads\/sites\/87\/2023\/10\/WhatsApp-Image-2023-10-30-at-10.56.41-768x576.jpeg 768w, https:\/\/portal.pi.gov.br\/seres\/wp-content\/uploads\/sites\/87\/2023\/10\/WhatsApp-Image-2023-10-30-at-10.56.41-420x315.jpeg 420w, https:\/\/portal.pi.gov.br\/seres\/wp-content\/uploads\/sites\/87\/2023\/10\/WhatsApp-Image-2023-10-30-at-10.56.41-540x405.jpeg 540w, https:\/\/portal.pi.gov.br\/seres\/wp-content\/uploads\/sites\/87\/2023\/10\/WhatsApp-Image-2023-10-30-at-10.56.41-780x585.jpeg 780w, https:\/\/portal.pi.gov.br\/seres\/wp-content\/uploads\/sites\/87\/2023\/10\/WhatsApp-Image-2023-10-30-at-10.56.41-947x710.jpeg 947w, https:\/\/portal.pi.gov.br\/seres\/wp-content\/uploads\/sites\/87\/2023\/10\/WhatsApp-Image-2023-10-30-at-10.56.41-624x468.jpeg 624w\" sizes=\"(max-width: 458px) 100vw, 458px\" \/><\/figure><\/div>\n\n\n<p>Segundo a secret\u00e1ria N\u00fabia Lopes, o servidor(a) p\u00fablico(a) escolheu a miss\u00e3o de se dedicar ao atendimento da popula\u00e7\u00e3o nas mais diversas \u00e1reas em todas as institui\u00e7\u00f5es p\u00fablicas. \u201c\u00c9 preciso valorizar o servidor e a servidora, viabilizando melhores condi\u00e7\u00f5es de trabalho. Porque quem trabalha feliz, produz muito mais\u201d, disse a secret\u00e1ria da Seres.<\/p>\n\n\n<div class=\"wp-block-image\">\n<figure class=\"aligncenter size-full is-resized\"><img decoding=\"async\" loading=\"lazy\" src=\"https:\/\/portal.pi.gov.br\/seres\/wp-content\/uploads\/sites\/87\/2023\/10\/WhatsApp-Image-2023-10-30-at-13.41.20.jpeg\" alt=\"\" class=\"wp-image-1798\" width=\"464\" height=\"309\" srcset=\"https:\/\/portal.pi.gov.br\/seres\/wp-content\/uploads\/sites\/87\/2023\/10\/WhatsApp-Image-2023-10-30-at-13.41.20.jpeg 1024w, https:\/\/portal.pi.gov.br\/seres\/wp-content\/uploads\/sites\/87\/2023\/10\/WhatsApp-Image-2023-10-30-at-13.41.20-300x200.jpeg 300w, https:\/\/portal.pi.gov.br\/seres\/wp-content\/uploads\/sites\/87\/2023\/10\/WhatsApp-Image-2023-10-30-at-13.41.20-768x512.jpeg 768w, https:\/\/portal.pi.gov.br\/seres\/wp-content\/uploads\/sites\/87\/2023\/10\/WhatsApp-Image-2023-10-30-at-13.41.20-420x280.jpeg 420w, https:\/\/portal.pi.gov.br\/seres\/wp-content\/uploads\/sites\/87\/2023\/10\/WhatsApp-Image-2023-10-30-at-13.41.20-540x360.jpeg 540w, https:\/\/portal.pi.gov.br\/seres\/wp-content\/uploads\/sites\/87\/2023\/10\/WhatsApp-Image-2023-10-30-at-13.41.20-780x520.jpeg 780w, https:\/\/portal.pi.gov.br\/seres\/wp-content\/uploads\/sites\/87\/2023\/10\/WhatsApp-Image-2023-10-30-at-13.41.20-947x632.jpeg 947w, https:\/\/portal.pi.gov.br\/seres\/wp-content\/uploads\/sites\/87\/2023\/10\/WhatsApp-Image-2023-10-30-at-13.41.20-624x416.jpeg 624w, https:\/\/portal.pi.gov.br\/seres\/wp-content\/uploads\/sites\/87\/2023\/10\/WhatsApp-Image-2023-10-30-at-13.41.20-84x56.jpeg 84w\" sizes=\"(max-width: 464px) 100vw, 464px\" \/><\/figure><\/div>\n\n\n<p>A palestrante, al\u00e9m da aula sobre o c\u00e2ncer de mama e as maneiras de se prevenir a doen\u00e7a, trouxe as terapias com \u00f3leos essenciais, ventosas e massagens que s\u00e3o um apoio ao tratamento da dor, ansiedade, depress\u00e3o, stress e in\u00fameras outras doen\u00e7as t\u00e3o presentes no nosso dia-a-dia. \u201cN\u00f3s, mulheres, cuidamos dos filhos, dos pais, do marido, dos afazeres dom\u00e9sticos, mas precisamos cuidar tamb\u00e9m de n\u00f3s mesmas. Precisamos nos descobrir, nos reinventar e lidar com nossas pr\u00f3prias dores. Tudo isso faz parte do processo de cura\u201d, explicou a enfermeira Nancy Batista.<\/p>\n\n\n<div class=\"wp-block-image\">\n<figure class=\"aligncenter size-full is-resized\"><img decoding=\"async\" loading=\"lazy\" src=\"https:\/\/portal.pi.gov.br\/seres\/wp-content\/uploads\/sites\/87\/2023\/10\/WhatsApp-Image-2023-10-30-at-13.41.49.jpeg\" alt=\"\" class=\"wp-image-1799\" width=\"466\" height=\"350\" srcset=\"https:\/\/portal.pi.gov.br\/seres\/wp-content\/uploads\/sites\/87\/2023\/10\/WhatsApp-Image-2023-10-30-at-13.41.49.jpeg 1024w, https:\/\/portal.pi.gov.br\/seres\/wp-content\/uploads\/sites\/87\/2023\/10\/WhatsApp-Image-2023-10-30-at-13.41.49-300x225.jpeg 300w, https:\/\/portal.pi.gov.br\/seres\/wp-content\/uploads\/sites\/87\/2023\/10\/WhatsApp-Image-2023-10-30-at-13.41.49-768x576.jpeg 768w, https:\/\/portal.pi.gov.br\/seres\/wp-content\/uploads\/sites\/87\/2023\/10\/WhatsApp-Image-2023-10-30-at-13.41.49-420x315.jpeg 420w, https:\/\/portal.pi.gov.br\/seres\/wp-content\/uploads\/sites\/87\/2023\/10\/WhatsApp-Image-2023-10-30-at-13.41.49-540x405.jpeg 540w, https:\/\/portal.pi.gov.br\/seres\/wp-content\/uploads\/sites\/87\/2023\/10\/WhatsApp-Image-2023-10-30-at-13.41.49-780x585.jpeg 780w, https:\/\/portal.pi.gov.br\/seres\/wp-content\/uploads\/sites\/87\/2023\/10\/WhatsApp-Image-2023-10-30-at-13.41.49-947x710.jpeg 947w, https:\/\/portal.pi.gov.br\/seres\/wp-content\/uploads\/sites\/87\/2023\/10\/WhatsApp-Image-2023-10-30-at-13.41.49-624x468.jpeg 624w\" sizes=\"(max-width: 466px) 100vw, 466px\" \/><\/figure><\/div>\n\n\n<p>A secret\u00e1ria N\u00fabia elogiou o trabalho da enfermeira que \u00e9 uma das pioneiras em Teresina a trabalhar com terapias no SUS. \u201cPrecisamos estimular cada uma de n\u00f3s para que possamos nos cuidar. Agrade\u00e7o a sua disponibilidade para a palestra de hoje e o seu compromisso com nossa popula\u00e7\u00e3o e desejo que consiga levar a sua mensagem, o seu trabalho a muito mais pessoas e que possa nos inspirar com a sua miss\u00e3o\u201d, agradeceu a secret\u00e1ria. &nbsp;A palestra foi finalizada com um caf\u00e9 da manh\u00e3 e atendimentos terap\u00eauticos aos servidores.<\/p>\n\n\n<div class=\"wp-block-image\">\n<figure class=\"aligncenter size-full is-resized\"><img decoding=\"async\" loading=\"lazy\" src=\"https:\/\/portal.pi.gov.br\/seres\/wp-content\/uploads\/sites\/87\/2023\/10\/WhatsApp-Image-2023-10-30-at-10.56.41-1.jpeg\" alt=\"\" class=\"wp-image-1797\" width=\"466\" height=\"350\" srcset=\"https:\/\/portal.pi.gov.br\/seres\/wp-content\/uploads\/sites\/87\/2023\/10\/WhatsApp-Image-2023-10-30-at-10.56.41-1.jpeg 1024w, https:\/\/portal.pi.gov.br\/seres\/wp-content\/uploads\/sites\/87\/2023\/10\/WhatsApp-Image-2023-10-30-at-10.56.41-1-300x225.jpeg 300w, https:\/\/portal.pi.gov.br\/seres\/wp-content\/uploads\/sites\/87\/2023\/10\/WhatsApp-Image-2023-10-30-at-10.56.41-1-768x576.jpeg 768w, https:\/\/portal.pi.gov.br\/seres\/wp-content\/uploads\/sites\/87\/2023\/10\/WhatsApp-Image-2023-10-30-at-10.56.41-1-420x315.jpeg 420w, https:\/\/portal.pi.gov.br\/seres\/wp-content\/uploads\/sites\/87\/2023\/10\/WhatsApp-Image-2023-10-30-at-10.56.41-1-540x405.jpeg 540w, https:\/\/portal.pi.gov.br\/seres\/wp-content\/uploads\/sites\/87\/2023\/10\/WhatsApp-Image-2023-10-30-at-10.56.41-1-780x585.jpeg 780w, https:\/\/portal.pi.gov.br\/seres\/wp-content\/uploads\/sites\/87\/2023\/10\/WhatsApp-Image-2023-10-30-at-10.56.41-1-947x710.jpeg 947w, https:\/\/portal.pi.gov.br\/seres\/wp-content\/uploads\/sites\/87\/2023\/10\/WhatsApp-Image-2023-10-30-at-10.56.41-1-624x468.jpeg 624w\" sizes=\"(max-width: 466px) 100vw, 466px\" \/><\/figure><\/div>","protected":false},"excerpt":{"rendered":"<p>Para celebrar o Dia do Servidor P\u00fablico, a secretaria das Rela\u00e7\u00f5es Sociais \u2013 Seres \u2013 presenteou a equipe com canecas comemorativas e trouxe a enfermeira Nancy Batista para uma palestra [&hellip;]<\/p>\n","protected":false},"author":1748,"featured_media":1799,"comment_status":"closed","ping_status":"closed","sticky":false,"template":"","format":"standard","meta":[],"categories":[34],"tags":[],"featured_image_urls":{"full":["https:\/\/portal.pi.gov.br\/seres\/wp-content\/uploads\/sites\/87\/2023\/10\/WhatsApp-Image-2023-10-30-at-13.41.49.jpeg",1024,768,false],"thumbnail":["https:\/\/portal.pi.gov.br\/seres\/wp-content\/uploads\/sites\/87\/2023\/10\/WhatsApp-Image-2023-10-30-at-13.41.49-150x150.jpeg",150,150,true],"medium":["https:\/\/portal.pi.gov.br\/seres\/wp-content\/uploads\/sites\/87\/2023\/10\/WhatsApp-Image-2023-10-30-at-13.41.49-300x225.jpeg",300,225,true],"medium_large":["https:\/\/portal.pi.gov.br\/seres\/wp-content\/uploads\/sites\/87\/2023\/10\/WhatsApp-Image-2023-10-30-at-13.41.49-768x576.jpeg",768,576,true],"large":["https:\/\/portal.pi.gov.br\/seres\/wp-content\/uploads\/sites\/87\/2023\/10\/WhatsApp-Image-2023-10-30-at-13.41.49.jpeg",887,665,false],"sgg-420":["https:\/\/portal.pi.gov.br\/seres\/wp-content\/uploads\/sites\/87\/2023\/10\/WhatsApp-Image-2023-10-30-at-13.41.49-420x315.jpeg",420,315,true],"sgg-540":["https:\/\/portal.pi.gov.br\/seres\/wp-content\/uploads\/sites\/87\/2023\/10\/WhatsApp-Image-2023-10-30-at-13.41.49-540x405.jpeg",540,405,true],"sgg-780":["https:\/\/portal.pi.gov.br\/seres\/wp-content\/uploads\/sites\/87\/2023\/10\/WhatsApp-Image-2023-10-30-at-13.41.49-780x585.jpeg",780,585,true],"1536x1536":["https:\/\/portal.pi.gov.br\/seres\/wp-content\/uploads\/sites\/87\/2023\/10\/WhatsApp-Image-2023-10-30-at-13.41.49.jpeg",1024,768,false],"2048x2048":["https:\/\/portal.pi.gov.br\/seres\/wp-content\/uploads\/sites\/87\/2023\/10\/WhatsApp-Image-2023-10-30-at-13.41.49.jpeg",1024,768,false],"homepage-slider":["https:\/\/portal.pi.gov.br\/seres\/wp-content\/uploads\/sites\/87\/2023\/10\/WhatsApp-Image-2023-10-30-at-13.41.49-1024x500.jpeg",1024,500,true],"homepage-slider-small":["https:\/\/portal.pi.gov.br\/seres\/wp-content\/uploads\/sites\/87\/2023\/10\/WhatsApp-Image-2023-10-30-at-13.41.49-947x500.jpeg",947,500,true],"page-top":["https:\/\/portal.pi.gov.br\/seres\/wp-content\/uploads\/sites\/87\/2023\/10\/WhatsApp-Image-2023-10-30-at-13.41.49-947x710.jpeg",947,710,true],"page-small":["https:\/\/portal.pi.gov.br\/seres\/wp-content\/uploads\/sites\/87\/2023\/10\/WhatsApp-Image-2023-10-30-at-13.41.49-624x468.jpeg",624,468,true],"loop-main":["https:\/\/portal.pi.gov.br\/seres\/wp-content\/uploads\/sites\/87\/2023\/10\/WhatsApp-Image-2023-10-30-at-13.41.49-365x240.jpeg",365,240,true],"thumb-gallery-widget":["https:\/\/portal.pi.gov.br\/seres\/wp-content\/uploads\/sites\/87\/2023\/10\/WhatsApp-Image-2023-10-30-at-13.41.49-84x56.jpeg",84,56,true]},"post_excerpt_stackable":"<p>Para celebrar o Dia do Servidor P\u00fablico, a secretaria das Rela\u00e7\u00f5es Sociais \u2013 Seres \u2013 presenteou a equipe com canecas comemorativas e trouxe a enfermeira Nancy Batista para uma palestra sobre a preven\u00e7\u00e3o do c\u00e2ncer de mama. Uma manh\u00e3 descontra\u00edda, com um bate papo informativo sobre sa\u00fade, encerrando as a\u00e7\u00f5es do Comit\u00ea ProEquidade da Seres, no Outubro Rosa. Segundo a secret\u00e1ria N\u00fabia Lopes, o servidor(a) p\u00fablico(a) escolheu a miss\u00e3o de se dedicar ao atendimento da popula\u00e7\u00e3o nas mais diversas \u00e1reas em todas as institui\u00e7\u00f5es p\u00fablicas. \u201c\u00c9 preciso valorizar o servidor e a servidora, viabilizando melhores condi\u00e7\u00f5es de trabalho. Porque quem&hellip;<\/p>\n","category_list":"<a href=\"https:\/\/portal.pi.gov.br\/seres\/category\/noticias\/\" rel=\"category tag\">Not\u00edcias<\/a>","author_info":{"name":"natalina","url":"https:\/\/portal.pi.gov.br\/seres\/author\/natalina\/"},"comments_num":"0 coment\u00e1rio","featured_image_urls_v2":{"full":["https:\/\/portal.pi.gov.br\/seres\/wp-content\/uploads\/sites\/87\/2023\/10\/WhatsApp-Image-2023-10-30-at-13.41.49.jpeg",1024,768,false],"thumbnail":["https:\/\/portal.pi.gov.br\/seres\/wp-content\/uploads\/sites\/87\/2023\/10\/WhatsApp-Image-2023-10-30-at-13.41.49-150x150.jpeg",150,150,true],"medium":["https:\/\/portal.pi.gov.br\/seres\/wp-content\/uploads\/sites\/87\/2023\/10\/WhatsApp-Image-2023-10-30-at-13.41.49-300x225.jpeg",300,225,true],"medium_large":["https:\/\/portal.pi.gov.br\/seres\/wp-content\/uploads\/sites\/87\/2023\/10\/WhatsApp-Image-2023-10-30-at-13.41.49-768x576.jpeg",768,576,true],"large":["https:\/\/portal.pi.gov.br\/seres\/wp-content\/uploads\/sites\/87\/2023\/10\/WhatsApp-Image-2023-10-30-at-13.41.49.jpeg",887,665,false],"sgg-420":["https:\/\/portal.pi.gov.br\/seres\/wp-content\/uploads\/sites\/87\/2023\/10\/WhatsApp-Image-2023-10-30-at-13.41.49-420x315.jpeg",420,315,true],"sgg-540":["https:\/\/portal.pi.gov.br\/seres\/wp-content\/uploads\/sites\/87\/2023\/10\/WhatsApp-Image-2023-10-30-at-13.41.49-540x405.jpeg",540,405,true],"sgg-780":["https:\/\/portal.pi.gov.br\/seres\/wp-content\/uploads\/sites\/87\/2023\/10\/WhatsApp-Image-2023-10-30-at-13.41.49-780x585.jpeg",780,585,true],"1536x1536":["https:\/\/portal.pi.gov.br\/seres\/wp-content\/uploads\/sites\/87\/2023\/10\/WhatsApp-Image-2023-10-30-at-13.41.49.jpeg",1024,768,false],"2048x2048":["https:\/\/portal.pi.gov.br\/seres\/wp-content\/uploads\/sites\/87\/2023\/10\/WhatsApp-Image-2023-10-30-at-13.41.49.jpeg",1024,768,false],"homepage-slider":["https:\/\/portal.pi.gov.br\/seres\/wp-content\/uploads\/sites\/87\/2023\/10\/WhatsApp-Image-2023-10-30-at-13.41.49-1024x500.jpeg",1024,500,true],"homepage-slider-small":["https:\/\/portal.pi.gov.br\/seres\/wp-content\/uploads\/sites\/87\/2023\/10\/WhatsApp-Image-2023-10-30-at-13.41.49-947x500.jpeg",947,500,true],"page-top":["https:\/\/portal.pi.gov.br\/seres\/wp-content\/uploads\/sites\/87\/2023\/10\/WhatsApp-Image-2023-10-30-at-13.41.49-947x710.jpeg",947,710,true],"page-small":["https:\/\/portal.pi.gov.br\/seres\/wp-content\/uploads\/sites\/87\/2023\/10\/WhatsApp-Image-2023-10-30-at-13.41.49-624x468.jpeg",624,468,true],"loop-main":["https:\/\/portal.pi.gov.br\/seres\/wp-content\/uploads\/sites\/87\/2023\/10\/WhatsApp-Image-2023-10-30-at-13.41.49-365x240.jpeg",365,240,true],"thumb-gallery-widget":["https:\/\/portal.pi.gov.br\/seres\/wp-content\/uploads\/sites\/87\/2023\/10\/WhatsApp-Image-2023-10-30-at-13.41.49-84x56.jpeg",84,56,true]},"post_excerpt_stackable_v2":"<p>Para celebrar o Dia do Servidor P\u00fablico, a secretaria das Rela\u00e7\u00f5es Sociais \u2013 Seres \u2013 presenteou a equipe com canecas comemorativas e trouxe a enfermeira Nancy Batista para uma palestra sobre a preven\u00e7\u00e3o do c\u00e2ncer de mama. Uma manh\u00e3 descontra\u00edda, com um bate papo informativo sobre sa\u00fade, encerrando as a\u00e7\u00f5es do Comit\u00ea ProEquidade da Seres, no Outubro Rosa. Segundo a secret\u00e1ria N\u00fabia Lopes, o servidor(a) p\u00fablico(a) escolheu a miss\u00e3o de se dedicar ao atendimento da popula\u00e7\u00e3o nas mais diversas \u00e1reas em todas as institui\u00e7\u00f5es p\u00fablicas. \u201c\u00c9 preciso valorizar o servidor e a servidora, viabilizando melhores condi\u00e7\u00f5es de trabalho. Porque quem&hellip;<\/p>\n","category_list_v2":"<a href=\"https:\/\/portal.pi.gov.br\/seres\/category\/noticias\/\" rel=\"category tag\">Not\u00edcias<\/a>","author_info_v2":{"name":"natalina","url":"https:\/\/portal.pi.gov.br\/seres\/author\/natalina\/"},"comments_num_v2":"0 coment\u00e1rio","jetpack_featured_media_url":"https:\/\/portal.pi.gov.br\/seres\/wp-content\/uploads\/sites\/87\/2023\/10\/WhatsApp-Image-2023-10-30-at-13.41.49.jpeg","_links":{"self":[{"href":"https:\/\/portal.pi.gov.br\/seres\/wp-json\/wp\/v2\/posts\/1803"}],"collection":[{"href":"https:\/\/portal.pi.gov.br\/seres\/wp-json\/wp\/v2\/posts"}],"about":[{"href":"https:\/\/portal.pi.gov.br\/seres\/wp-json\/wp\/v2\/types\/post"}],"author":[{"embeddable":true,"href":"https:\/\/portal.pi.gov.br\/seres\/wp-json\/wp\/v2\/users\/1748"}],"replies":[{"embeddable":true,"href":"https:\/\/portal.pi.gov.br\/seres\/wp-json\/wp\/v2\/comments?post=1803"}],"version-history":[{"count":2,"href":"https:\/\/portal.pi.gov.br\/seres\/wp-json\/wp\/v2\/posts\/1803\/revisions"}],"predecessor-version":[{"id":1817,"href":"https:\/\/portal.pi.gov.br\/seres\/wp-json\/wp\/v2\/posts\/1803\/revisions\/1817"}],"wp:featuredmedia":[{"embeddable":true,"href":"https:\/\/portal.pi.gov.br\/seres\/wp-json\/wp\/v2\/media\/1799"}],"wp:attachment":[{"href":"https:\/\/portal.pi.gov.br\/seres\/wp-json\/wp\/v2\/media?parent=1803"}],"wp:term":[{"taxonomy":"category","embeddable":true,"href":"https:\/\/portal.pi.gov.br\/seres\/wp-json\/wp\/v2\/categories?post=1803"},{"taxonomy":"post_tag","embeddable":true,"href":"https:\/\/portal.pi.gov.br\/seres\/wp-json\/wp\/v2\/tags?post=1803"}],"curies":[{"name":"wp","href":"https:\/\/api.w.org\/{rel}","templated":true}]}}