{"id":1807,"date":"2023-11-06T12:50:33","date_gmt":"2023-11-06T15:50:33","guid":{"rendered":"https:\/\/portal.pi.gov.br\/seres\/?p=1807"},"modified":"2023-11-06T13:26:31","modified_gmt":"2023-11-06T16:26:31","slug":"seres-apoia-do-seminario-de-saude-indigena-do-piaui","status":"publish","type":"post","link":"https:\/\/portal.pi.gov.br\/seres\/2023\/11\/06\/seres-apoia-do-seminario-de-saude-indigena-do-piaui\/","title":{"rendered":"Seres apoia o Semin\u00e1rio de Sa\u00fade Ind\u00edgena do Piau\u00ed"},"content":{"rendered":"<div class=\"wp-block-image\">\n<figure class=\"aligncenter size-large is-resized\"><img decoding=\"async\" loading=\"lazy\" src=\"https:\/\/portal.pi.gov.br\/seres\/wp-content\/uploads\/sites\/87\/2023\/11\/WhatsApp-Image-2023-11-06-at-12.16.55-1024x768.jpeg\" alt=\"\" class=\"wp-image-1808\" width=\"477\" height=\"358\" srcset=\"https:\/\/portal.pi.gov.br\/seres\/wp-content\/uploads\/sites\/87\/2023\/11\/WhatsApp-Image-2023-11-06-at-12.16.55-1024x768.jpeg 1024w, https:\/\/portal.pi.gov.br\/seres\/wp-content\/uploads\/sites\/87\/2023\/11\/WhatsApp-Image-2023-11-06-at-12.16.55-300x225.jpeg 300w, https:\/\/portal.pi.gov.br\/seres\/wp-content\/uploads\/sites\/87\/2023\/11\/WhatsApp-Image-2023-11-06-at-12.16.55-768x576.jpeg 768w, https:\/\/portal.pi.gov.br\/seres\/wp-content\/uploads\/sites\/87\/2023\/11\/WhatsApp-Image-2023-11-06-at-12.16.55-420x315.jpeg 420w, https:\/\/portal.pi.gov.br\/seres\/wp-content\/uploads\/sites\/87\/2023\/11\/WhatsApp-Image-2023-11-06-at-12.16.55-540x405.jpeg 540w, https:\/\/portal.pi.gov.br\/seres\/wp-content\/uploads\/sites\/87\/2023\/11\/WhatsApp-Image-2023-11-06-at-12.16.55-780x585.jpeg 780w, https:\/\/portal.pi.gov.br\/seres\/wp-content\/uploads\/sites\/87\/2023\/11\/WhatsApp-Image-2023-11-06-at-12.16.55-1536x1152.jpeg 1536w, https:\/\/portal.pi.gov.br\/seres\/wp-content\/uploads\/sites\/87\/2023\/11\/WhatsApp-Image-2023-11-06-at-12.16.55-947x710.jpeg 947w, https:\/\/portal.pi.gov.br\/seres\/wp-content\/uploads\/sites\/87\/2023\/11\/WhatsApp-Image-2023-11-06-at-12.16.55-624x468.jpeg 624w, https:\/\/portal.pi.gov.br\/seres\/wp-content\/uploads\/sites\/87\/2023\/11\/WhatsApp-Image-2023-11-06-at-12.16.55.jpeg 1600w\" sizes=\"(max-width: 477px) 100vw, 477px\" \/><\/figure><\/div>\n\n\n<p>Equipe da secretaria das Rela\u00e7\u00f5es Sociais (Seres) participa do Semin\u00e1rio de Sa\u00fade Ind\u00edgena: Di\u00e1logos para a Implanta\u00e7\u00e3o da Sa\u00fade dos Povos Origin\u00e1rios no Piau\u00ed, realizado nesta segunda-feira (6), que re\u00fane representantes de dez munic\u00edpios piauienses, entre lideran\u00e7as ind\u00edgenas e gestores municipais de sa\u00fade. A programa\u00e7\u00e3o conta com a apresenta\u00e7\u00e3o do Panorama Estadual dos Povos Origin\u00e1rios no Estado,&nbsp;&nbsp;que trata da import\u00e2ncia da medicina tradicional, al\u00e9m de exposi\u00e7\u00e3o das lideran\u00e7as ind\u00edgenas sobre a sa\u00fade em suas localidades e de experi\u00eancias e usos de plantas medicinais.<\/p>\n\n\n<div class=\"wp-block-image\">\n<figure class=\"aligncenter size-full is-resized\"><img decoding=\"async\" loading=\"lazy\" src=\"https:\/\/portal.pi.gov.br\/seres\/wp-content\/uploads\/sites\/87\/2023\/11\/WhatsApp-Image-2023-11-06-at-10.05.53.jpeg\" alt=\"\" class=\"wp-image-1813\" width=\"478\" height=\"358\" srcset=\"https:\/\/portal.pi.gov.br\/seres\/wp-content\/uploads\/sites\/87\/2023\/11\/WhatsApp-Image-2023-11-06-at-10.05.53.jpeg 1024w, https:\/\/portal.pi.gov.br\/seres\/wp-content\/uploads\/sites\/87\/2023\/11\/WhatsApp-Image-2023-11-06-at-10.05.53-300x225.jpeg 300w, https:\/\/portal.pi.gov.br\/seres\/wp-content\/uploads\/sites\/87\/2023\/11\/WhatsApp-Image-2023-11-06-at-10.05.53-768x576.jpeg 768w, https:\/\/portal.pi.gov.br\/seres\/wp-content\/uploads\/sites\/87\/2023\/11\/WhatsApp-Image-2023-11-06-at-10.05.53-420x315.jpeg 420w, https:\/\/portal.pi.gov.br\/seres\/wp-content\/uploads\/sites\/87\/2023\/11\/WhatsApp-Image-2023-11-06-at-10.05.53-540x405.jpeg 540w, https:\/\/portal.pi.gov.br\/seres\/wp-content\/uploads\/sites\/87\/2023\/11\/WhatsApp-Image-2023-11-06-at-10.05.53-780x585.jpeg 780w, https:\/\/portal.pi.gov.br\/seres\/wp-content\/uploads\/sites\/87\/2023\/11\/WhatsApp-Image-2023-11-06-at-10.05.53-947x710.jpeg 947w, https:\/\/portal.pi.gov.br\/seres\/wp-content\/uploads\/sites\/87\/2023\/11\/WhatsApp-Image-2023-11-06-at-10.05.53-624x468.jpeg 624w\" sizes=\"(max-width: 478px) 100vw, 478px\" \/><\/figure><\/div>\n\n\n<p>O semin\u00e1rio discute, tamb\u00e9m, as Pol\u00edticas Nacionais de Sa\u00fade voltadas \u00e0s popula\u00e7\u00f5es ind\u00edgenas com o objetivo de concretizar um plano de trabalho junto \u00e0s prefeituras municipais e gestores de sa\u00fade no estado. A equipe da Seres, presente no evento, conta com o diretor de Rela\u00e7\u00f5es Sindicais, Josivaldo Martins, com o diretor de Rela\u00e7\u00f5es Sociais e Populares,&nbsp;Claudimir Vieira Gularte, com Joselita de Moura Santos, J\u00e9ssica Ellen Cruz e Misael Oliveira.<\/p>\n\n\n<div class=\"wp-block-image\">\n<figure class=\"aligncenter size-large is-resized\"><img decoding=\"async\" loading=\"lazy\" src=\"https:\/\/portal.pi.gov.br\/seres\/wp-content\/uploads\/sites\/87\/2023\/11\/WhatsApp-Image-2023-11-06-at-12.16.34-1024x768.jpeg\" alt=\"\" class=\"wp-image-1810\" width=\"481\" height=\"361\" srcset=\"https:\/\/portal.pi.gov.br\/seres\/wp-content\/uploads\/sites\/87\/2023\/11\/WhatsApp-Image-2023-11-06-at-12.16.34-1024x768.jpeg 1024w, https:\/\/portal.pi.gov.br\/seres\/wp-content\/uploads\/sites\/87\/2023\/11\/WhatsApp-Image-2023-11-06-at-12.16.34-300x225.jpeg 300w, https:\/\/portal.pi.gov.br\/seres\/wp-content\/uploads\/sites\/87\/2023\/11\/WhatsApp-Image-2023-11-06-at-12.16.34-768x576.jpeg 768w, https:\/\/portal.pi.gov.br\/seres\/wp-content\/uploads\/sites\/87\/2023\/11\/WhatsApp-Image-2023-11-06-at-12.16.34-420x315.jpeg 420w, https:\/\/portal.pi.gov.br\/seres\/wp-content\/uploads\/sites\/87\/2023\/11\/WhatsApp-Image-2023-11-06-at-12.16.34-540x405.jpeg 540w, https:\/\/portal.pi.gov.br\/seres\/wp-content\/uploads\/sites\/87\/2023\/11\/WhatsApp-Image-2023-11-06-at-12.16.34-780x585.jpeg 780w, https:\/\/portal.pi.gov.br\/seres\/wp-content\/uploads\/sites\/87\/2023\/11\/WhatsApp-Image-2023-11-06-at-12.16.34-1536x1152.jpeg 1536w, https:\/\/portal.pi.gov.br\/seres\/wp-content\/uploads\/sites\/87\/2023\/11\/WhatsApp-Image-2023-11-06-at-12.16.34-947x710.jpeg 947w, https:\/\/portal.pi.gov.br\/seres\/wp-content\/uploads\/sites\/87\/2023\/11\/WhatsApp-Image-2023-11-06-at-12.16.34-624x468.jpeg 624w, https:\/\/portal.pi.gov.br\/seres\/wp-content\/uploads\/sites\/87\/2023\/11\/WhatsApp-Image-2023-11-06-at-12.16.34.jpeg 1600w\" sizes=\"(max-width: 481px) 100vw, 481px\" \/><\/figure><\/div>\n\n\n<p>Segundo dados do Censo 2022, do Instituto Brasileiro de Geografia e Estat\u00edstica (IBGE), o Piau\u00ed&nbsp;teve um&nbsp;crescimento de 144%&nbsp;da popula\u00e7\u00e3o ind\u00edgena autodeclarada. Em 2010 eram 2.944 pessoas e em 2022, 7.198 moradores.&nbsp;&nbsp;O Cacique Henrique Manoel, diretor dos Povos Origin\u00e1rios da Sasc, destacou o momento de escuta das lideran\u00e7as ind\u00edgenas sobre a situa\u00e7\u00e3o atual nas suas comunidades, durante o semin\u00e1rio. \u201c\u00c9 um momento muito importante porque vamos tirar os encaminhamentos para a amplia\u00e7\u00e3o da sa\u00fade ind\u00edgena no Piau\u00ed\u201d, declarou.<\/p>\n\n\n<div class=\"wp-block-image\">\n<figure class=\"aligncenter size-full is-resized\"><img decoding=\"async\" loading=\"lazy\" src=\"https:\/\/portal.pi.gov.br\/seres\/wp-content\/uploads\/sites\/87\/2023\/11\/WhatsApp-Image-2023-11-06-at-10.05.54-2.jpeg\" alt=\"\" class=\"wp-image-1811\" width=\"480\" height=\"360\" srcset=\"https:\/\/portal.pi.gov.br\/seres\/wp-content\/uploads\/sites\/87\/2023\/11\/WhatsApp-Image-2023-11-06-at-10.05.54-2.jpeg 1024w, https:\/\/portal.pi.gov.br\/seres\/wp-content\/uploads\/sites\/87\/2023\/11\/WhatsApp-Image-2023-11-06-at-10.05.54-2-300x225.jpeg 300w, https:\/\/portal.pi.gov.br\/seres\/wp-content\/uploads\/sites\/87\/2023\/11\/WhatsApp-Image-2023-11-06-at-10.05.54-2-768x576.jpeg 768w, https:\/\/portal.pi.gov.br\/seres\/wp-content\/uploads\/sites\/87\/2023\/11\/WhatsApp-Image-2023-11-06-at-10.05.54-2-420x315.jpeg 420w, https:\/\/portal.pi.gov.br\/seres\/wp-content\/uploads\/sites\/87\/2023\/11\/WhatsApp-Image-2023-11-06-at-10.05.54-2-540x405.jpeg 540w, https:\/\/portal.pi.gov.br\/seres\/wp-content\/uploads\/sites\/87\/2023\/11\/WhatsApp-Image-2023-11-06-at-10.05.54-2-780x585.jpeg 780w, https:\/\/portal.pi.gov.br\/seres\/wp-content\/uploads\/sites\/87\/2023\/11\/WhatsApp-Image-2023-11-06-at-10.05.54-2-947x710.jpeg 947w, https:\/\/portal.pi.gov.br\/seres\/wp-content\/uploads\/sites\/87\/2023\/11\/WhatsApp-Image-2023-11-06-at-10.05.54-2-624x468.jpeg 624w\" sizes=\"(max-width: 480px) 100vw, 480px\" \/><\/figure><\/div>\n\n\n<p>Dirceu Camp\u00ealo, superintendente da Rede de M\u00e9dia e Alta Complexidade da Secretaria de Estado da Sa\u00fade, destacou a import\u00e2ncia da abordagem da tem\u00e1tica a respeito da sa\u00fade ind\u00edgena, tanto na preven\u00e7\u00e3o quanto do tratamento em si. \u201cPara os povos origin\u00e1rios, que proporcionalmente t\u00eam um quantitativo elevado no Piau\u00ed, precisamos dedicar esfor\u00e7os para que a sa\u00fade dessa popula\u00e7\u00e3o seja tratada de maneira diferenciada, para atender a sua singularidade e para que seja inserida no contexto da sa\u00fade p\u00fablica do SUS, com todos os seus princ\u00edpios que regem o SUS\u201d, ressaltou.<\/p>\n\n\n<div class=\"wp-block-image\">\n<figure class=\"aligncenter size-full is-resized\"><img decoding=\"async\" loading=\"lazy\" src=\"https:\/\/portal.pi.gov.br\/seres\/wp-content\/uploads\/sites\/87\/2023\/11\/WhatsApp-Image-2023-11-06-at-10.05.53-1.jpeg\" alt=\"\" class=\"wp-image-1814\" width=\"478\" height=\"359\" srcset=\"https:\/\/portal.pi.gov.br\/seres\/wp-content\/uploads\/sites\/87\/2023\/11\/WhatsApp-Image-2023-11-06-at-10.05.53-1.jpeg 1024w, https:\/\/portal.pi.gov.br\/seres\/wp-content\/uploads\/sites\/87\/2023\/11\/WhatsApp-Image-2023-11-06-at-10.05.53-1-300x225.jpeg 300w, https:\/\/portal.pi.gov.br\/seres\/wp-content\/uploads\/sites\/87\/2023\/11\/WhatsApp-Image-2023-11-06-at-10.05.53-1-768x576.jpeg 768w, https:\/\/portal.pi.gov.br\/seres\/wp-content\/uploads\/sites\/87\/2023\/11\/WhatsApp-Image-2023-11-06-at-10.05.53-1-420x315.jpeg 420w, https:\/\/portal.pi.gov.br\/seres\/wp-content\/uploads\/sites\/87\/2023\/11\/WhatsApp-Image-2023-11-06-at-10.05.53-1-540x405.jpeg 540w, https:\/\/portal.pi.gov.br\/seres\/wp-content\/uploads\/sites\/87\/2023\/11\/WhatsApp-Image-2023-11-06-at-10.05.53-1-780x585.jpeg 780w, https:\/\/portal.pi.gov.br\/seres\/wp-content\/uploads\/sites\/87\/2023\/11\/WhatsApp-Image-2023-11-06-at-10.05.53-1-947x710.jpeg 947w, https:\/\/portal.pi.gov.br\/seres\/wp-content\/uploads\/sites\/87\/2023\/11\/WhatsApp-Image-2023-11-06-at-10.05.53-1-624x468.jpeg 624w\" sizes=\"(max-width: 478px) 100vw, 478px\" \/><\/figure><\/div>\n\n\n<p>Para o diretor da Seres Claudimir, o semin\u00e1rio \u00e9 um divisor de \u00e1guas por ser o primeiro sobre Sa\u00fade Ind\u00edgena do Piau\u00ed. \u201c\u00c9 importante compreender que, para os povos ind\u00edgenas, discutir sa\u00fade \u00e9 mais do que simplesmente a sa\u00fade, \u00e9 discutir a sustentabilidade dessa e das futuras gera\u00e7\u00f5es. \u00c9 uma esp\u00e9cie de reencontro com a nossa hist\u00f3ria, para a constru\u00e7\u00e3o de um novo modelo de sociedade. O Governo do Estado vem ampliando mudan\u00e7as, inclusive em Piripiri j\u00e1 temos a primeira unidade de Sa\u00fade Ind\u00edgena, totalmente tecnol\u00f3gica. Muito provavelmente saia deste semin\u00e1rio uma carta de compromisso dos remanescentes dos povos origin\u00e1rios, pedindo a amplia\u00e7\u00e3o de a\u00e7\u00f5es e de pol\u00edticas p\u00fablicas para o fortalecimento da cultura ind\u00edgena a partir dos pr\u00f3prios territ\u00f3rios ind\u00edgenas\u201d, destacou.<\/p>\n\n\n<div class=\"wp-block-image\">\n<figure class=\"aligncenter size-full is-resized\"><img decoding=\"async\" loading=\"lazy\" src=\"https:\/\/portal.pi.gov.br\/seres\/wp-content\/uploads\/sites\/87\/2023\/11\/WhatsApp-Image-2023-11-06-at-10.05.54.jpeg\" alt=\"\" class=\"wp-image-1812\" width=\"468\" height=\"351\" srcset=\"https:\/\/portal.pi.gov.br\/seres\/wp-content\/uploads\/sites\/87\/2023\/11\/WhatsApp-Image-2023-11-06-at-10.05.54.jpeg 1024w, https:\/\/portal.pi.gov.br\/seres\/wp-content\/uploads\/sites\/87\/2023\/11\/WhatsApp-Image-2023-11-06-at-10.05.54-300x225.jpeg 300w, https:\/\/portal.pi.gov.br\/seres\/wp-content\/uploads\/sites\/87\/2023\/11\/WhatsApp-Image-2023-11-06-at-10.05.54-768x576.jpeg 768w, https:\/\/portal.pi.gov.br\/seres\/wp-content\/uploads\/sites\/87\/2023\/11\/WhatsApp-Image-2023-11-06-at-10.05.54-420x315.jpeg 420w, https:\/\/portal.pi.gov.br\/seres\/wp-content\/uploads\/sites\/87\/2023\/11\/WhatsApp-Image-2023-11-06-at-10.05.54-540x405.jpeg 540w, https:\/\/portal.pi.gov.br\/seres\/wp-content\/uploads\/sites\/87\/2023\/11\/WhatsApp-Image-2023-11-06-at-10.05.54-780x585.jpeg 780w, https:\/\/portal.pi.gov.br\/seres\/wp-content\/uploads\/sites\/87\/2023\/11\/WhatsApp-Image-2023-11-06-at-10.05.54-947x710.jpeg 947w, https:\/\/portal.pi.gov.br\/seres\/wp-content\/uploads\/sites\/87\/2023\/11\/WhatsApp-Image-2023-11-06-at-10.05.54-624x468.jpeg 624w\" sizes=\"(max-width: 468px) 100vw, 468px\" \/><\/figure><\/div>\n\n\n<p>O evento \u00e9 uma parceria entre a Secretaria de Estado da Assist\u00eancia Social, Trabalho e Direitos Humanos (Sasc) e a Secretaria de Estado da Sa\u00fade (Sesapi) e conta com apoio da Secretaria Nacional de Sa\u00fade Ind\u00edgena (SESAI) do Minist\u00e9rio da Sa\u00fade e das Prefeituras Municipais e da Secretaria de Estado das Rela\u00e7\u00f5es Sociais.\u00a0<\/p>\n","protected":false},"excerpt":{"rendered":"<p>Equipe da secretaria das Rela\u00e7\u00f5es Sociais (Seres) participa do Semin\u00e1rio de Sa\u00fade Ind\u00edgena: Di\u00e1logos para a Implanta\u00e7\u00e3o da Sa\u00fade dos Povos Origin\u00e1rios no Piau\u00ed, realizado nesta segunda-feira (6), que re\u00fane [&hellip;]<\/p>\n","protected":false},"author":1748,"featured_media":1808,"comment_status":"closed","ping_status":"closed","sticky":false,"template":"","format":"standard","meta":[],"categories":[34],"tags":[],"featured_image_urls":{"full":["https:\/\/portal.pi.gov.br\/seres\/wp-content\/uploads\/sites\/87\/2023\/11\/WhatsApp-Image-2023-11-06-at-12.16.55.jpeg",1600,1200,false],"thumbnail":["https:\/\/portal.pi.gov.br\/seres\/wp-content\/uploads\/sites\/87\/2023\/11\/WhatsApp-Image-2023-11-06-at-12.16.55-150x150.jpeg",150,150,true],"medium":["https:\/\/portal.pi.gov.br\/seres\/wp-content\/uploads\/sites\/87\/2023\/11\/WhatsApp-Image-2023-11-06-at-12.16.55-300x225.jpeg",300,225,true],"medium_large":["https:\/\/portal.pi.gov.br\/seres\/wp-content\/uploads\/sites\/87\/2023\/11\/WhatsApp-Image-2023-11-06-at-12.16.55-768x576.jpeg",768,576,true],"large":["https:\/\/portal.pi.gov.br\/seres\/wp-content\/uploads\/sites\/87\/2023\/11\/WhatsApp-Image-2023-11-06-at-12.16.55-1024x768.jpeg",887,665,true],"sgg-420":["https:\/\/portal.pi.gov.br\/seres\/wp-content\/uploads\/sites\/87\/2023\/11\/WhatsApp-Image-2023-11-06-at-12.16.55-420x315.jpeg",420,315,true],"sgg-540":["https:\/\/portal.pi.gov.br\/seres\/wp-content\/uploads\/sites\/87\/2023\/11\/WhatsApp-Image-2023-11-06-at-12.16.55-540x405.jpeg",540,405,true],"sgg-780":["https:\/\/portal.pi.gov.br\/seres\/wp-content\/uploads\/sites\/87\/2023\/11\/WhatsApp-Image-2023-11-06-at-12.16.55-780x585.jpeg",780,585,true],"1536x1536":["https:\/\/portal.pi.gov.br\/seres\/wp-content\/uploads\/sites\/87\/2023\/11\/WhatsApp-Image-2023-11-06-at-12.16.55-1536x1152.jpeg",1536,1152,true],"2048x2048":["https:\/\/portal.pi.gov.br\/seres\/wp-content\/uploads\/sites\/87\/2023\/11\/WhatsApp-Image-2023-11-06-at-12.16.55.jpeg",1600,1200,false],"homepage-slider":["https:\/\/portal.pi.gov.br\/seres\/wp-content\/uploads\/sites\/87\/2023\/11\/WhatsApp-Image-2023-11-06-at-12.16.55-1270x500.jpeg",1270,500,true],"homepage-slider-small":["https:\/\/portal.pi.gov.br\/seres\/wp-content\/uploads\/sites\/87\/2023\/11\/WhatsApp-Image-2023-11-06-at-12.16.55-947x500.jpeg",947,500,true],"page-top":["https:\/\/portal.pi.gov.br\/seres\/wp-content\/uploads\/sites\/87\/2023\/11\/WhatsApp-Image-2023-11-06-at-12.16.55-947x710.jpeg",947,710,true],"page-small":["https:\/\/portal.pi.gov.br\/seres\/wp-content\/uploads\/sites\/87\/2023\/11\/WhatsApp-Image-2023-11-06-at-12.16.55-624x468.jpeg",624,468,true],"loop-main":["https:\/\/portal.pi.gov.br\/seres\/wp-content\/uploads\/sites\/87\/2023\/11\/WhatsApp-Image-2023-11-06-at-12.16.55-365x240.jpeg",365,240,true],"thumb-gallery-widget":["https:\/\/portal.pi.gov.br\/seres\/wp-content\/uploads\/sites\/87\/2023\/11\/WhatsApp-Image-2023-11-06-at-12.16.55-84x56.jpeg",84,56,true]},"post_excerpt_stackable":"<p>Equipe da secretaria das Rela\u00e7\u00f5es Sociais (Seres) participa do Semin\u00e1rio de Sa\u00fade Ind\u00edgena: Di\u00e1logos para a Implanta\u00e7\u00e3o da Sa\u00fade dos Povos Origin\u00e1rios no Piau\u00ed, realizado nesta segunda-feira (6), que re\u00fane representantes de dez munic\u00edpios piauienses, entre lideran\u00e7as ind\u00edgenas e gestores municipais de sa\u00fade. A programa\u00e7\u00e3o conta com a apresenta\u00e7\u00e3o do Panorama Estadual dos Povos Origin\u00e1rios no Estado,&nbsp;&nbsp;que trata da import\u00e2ncia da medicina tradicional, al\u00e9m de exposi\u00e7\u00e3o das lideran\u00e7as ind\u00edgenas sobre a sa\u00fade em suas localidades e de experi\u00eancias e usos de plantas medicinais. O semin\u00e1rio discute, tamb\u00e9m, as Pol\u00edticas Nacionais de Sa\u00fade voltadas \u00e0s popula\u00e7\u00f5es ind\u00edgenas com o objetivo de&hellip;<\/p>\n","category_list":"<a href=\"https:\/\/portal.pi.gov.br\/seres\/category\/noticias\/\" rel=\"category tag\">Not\u00edcias<\/a>","author_info":{"name":"natalina","url":"https:\/\/portal.pi.gov.br\/seres\/author\/natalina\/"},"comments_num":"0 coment\u00e1rio","featured_image_urls_v2":{"full":["https:\/\/portal.pi.gov.br\/seres\/wp-content\/uploads\/sites\/87\/2023\/11\/WhatsApp-Image-2023-11-06-at-12.16.55.jpeg",1600,1200,false],"thumbnail":["https:\/\/portal.pi.gov.br\/seres\/wp-content\/uploads\/sites\/87\/2023\/11\/WhatsApp-Image-2023-11-06-at-12.16.55-150x150.jpeg",150,150,true],"medium":["https:\/\/portal.pi.gov.br\/seres\/wp-content\/uploads\/sites\/87\/2023\/11\/WhatsApp-Image-2023-11-06-at-12.16.55-300x225.jpeg",300,225,true],"medium_large":["https:\/\/portal.pi.gov.br\/seres\/wp-content\/uploads\/sites\/87\/2023\/11\/WhatsApp-Image-2023-11-06-at-12.16.55-768x576.jpeg",768,576,true],"large":["https:\/\/portal.pi.gov.br\/seres\/wp-content\/uploads\/sites\/87\/2023\/11\/WhatsApp-Image-2023-11-06-at-12.16.55-1024x768.jpeg",887,665,true],"sgg-420":["https:\/\/portal.pi.gov.br\/seres\/wp-content\/uploads\/sites\/87\/2023\/11\/WhatsApp-Image-2023-11-06-at-12.16.55-420x315.jpeg",420,315,true],"sgg-540":["https:\/\/portal.pi.gov.br\/seres\/wp-content\/uploads\/sites\/87\/2023\/11\/WhatsApp-Image-2023-11-06-at-12.16.55-540x405.jpeg",540,405,true],"sgg-780":["https:\/\/portal.pi.gov.br\/seres\/wp-content\/uploads\/sites\/87\/2023\/11\/WhatsApp-Image-2023-11-06-at-12.16.55-780x585.jpeg",780,585,true],"1536x1536":["https:\/\/portal.pi.gov.br\/seres\/wp-content\/uploads\/sites\/87\/2023\/11\/WhatsApp-Image-2023-11-06-at-12.16.55-1536x1152.jpeg",1536,1152,true],"2048x2048":["https:\/\/portal.pi.gov.br\/seres\/wp-content\/uploads\/sites\/87\/2023\/11\/WhatsApp-Image-2023-11-06-at-12.16.55.jpeg",1600,1200,false],"homepage-slider":["https:\/\/portal.pi.gov.br\/seres\/wp-content\/uploads\/sites\/87\/2023\/11\/WhatsApp-Image-2023-11-06-at-12.16.55-1270x500.jpeg",1270,500,true],"homepage-slider-small":["https:\/\/portal.pi.gov.br\/seres\/wp-content\/uploads\/sites\/87\/2023\/11\/WhatsApp-Image-2023-11-06-at-12.16.55-947x500.jpeg",947,500,true],"page-top":["https:\/\/portal.pi.gov.br\/seres\/wp-content\/uploads\/sites\/87\/2023\/11\/WhatsApp-Image-2023-11-06-at-12.16.55-947x710.jpeg",947,710,true],"page-small":["https:\/\/portal.pi.gov.br\/seres\/wp-content\/uploads\/sites\/87\/2023\/11\/WhatsApp-Image-2023-11-06-at-12.16.55-624x468.jpeg",624,468,true],"loop-main":["https:\/\/portal.pi.gov.br\/seres\/wp-content\/uploads\/sites\/87\/2023\/11\/WhatsApp-Image-2023-11-06-at-12.16.55-365x240.jpeg",365,240,true],"thumb-gallery-widget":["https:\/\/portal.pi.gov.br\/seres\/wp-content\/uploads\/sites\/87\/2023\/11\/WhatsApp-Image-2023-11-06-at-12.16.55-84x56.jpeg",84,56,true]},"post_excerpt_stackable_v2":"<p>Equipe da secretaria das Rela\u00e7\u00f5es Sociais (Seres) participa do Semin\u00e1rio de Sa\u00fade Ind\u00edgena: Di\u00e1logos para a Implanta\u00e7\u00e3o da Sa\u00fade dos Povos Origin\u00e1rios no Piau\u00ed, realizado nesta segunda-feira (6), que re\u00fane representantes de dez munic\u00edpios piauienses, entre lideran\u00e7as ind\u00edgenas e gestores municipais de sa\u00fade. A programa\u00e7\u00e3o conta com a apresenta\u00e7\u00e3o do Panorama Estadual dos Povos Origin\u00e1rios no Estado,&nbsp;&nbsp;que trata da import\u00e2ncia da medicina tradicional, al\u00e9m de exposi\u00e7\u00e3o das lideran\u00e7as ind\u00edgenas sobre a sa\u00fade em suas localidades e de experi\u00eancias e usos de plantas medicinais. O semin\u00e1rio discute, tamb\u00e9m, as Pol\u00edticas Nacionais de Sa\u00fade voltadas \u00e0s popula\u00e7\u00f5es ind\u00edgenas com o objetivo de&hellip;<\/p>\n","category_list_v2":"<a href=\"https:\/\/portal.pi.gov.br\/seres\/category\/noticias\/\" rel=\"category tag\">Not\u00edcias<\/a>","author_info_v2":{"name":"natalina","url":"https:\/\/portal.pi.gov.br\/seres\/author\/natalina\/"},"comments_num_v2":"0 coment\u00e1rio","jetpack_featured_media_url":"https:\/\/portal.pi.gov.br\/seres\/wp-content\/uploads\/sites\/87\/2023\/11\/WhatsApp-Image-2023-11-06-at-12.16.55.jpeg","_links":{"self":[{"href":"https:\/\/portal.pi.gov.br\/seres\/wp-json\/wp\/v2\/posts\/1807"}],"collection":[{"href":"https:\/\/portal.pi.gov.br\/seres\/wp-json\/wp\/v2\/posts"}],"about":[{"href":"https:\/\/portal.pi.gov.br\/seres\/wp-json\/wp\/v2\/types\/post"}],"author":[{"embeddable":true,"href":"https:\/\/portal.pi.gov.br\/seres\/wp-json\/wp\/v2\/users\/1748"}],"replies":[{"embeddable":true,"href":"https:\/\/portal.pi.gov.br\/seres\/wp-json\/wp\/v2\/comments?post=1807"}],"version-history":[{"count":4,"href":"https:\/\/portal.pi.gov.br\/seres\/wp-json\/wp\/v2\/posts\/1807\/revisions"}],"predecessor-version":[{"id":1820,"href":"https:\/\/portal.pi.gov.br\/seres\/wp-json\/wp\/v2\/posts\/1807\/revisions\/1820"}],"wp:featuredmedia":[{"embeddable":true,"href":"https:\/\/portal.pi.gov.br\/seres\/wp-json\/wp\/v2\/media\/1808"}],"wp:attachment":[{"href":"https:\/\/portal.pi.gov.br\/seres\/wp-json\/wp\/v2\/media?parent=1807"}],"wp:term":[{"taxonomy":"category","embeddable":true,"href":"https:\/\/portal.pi.gov.br\/seres\/wp-json\/wp\/v2\/categories?post=1807"},{"taxonomy":"post_tag","embeddable":true,"href":"https:\/\/portal.pi.gov.br\/seres\/wp-json\/wp\/v2\/tags?post=1807"}],"curies":[{"name":"wp","href":"https:\/\/api.w.org\/{rel}","templated":true}]}}