{"id":1822,"date":"2023-11-06T23:20:23","date_gmt":"2023-11-07T02:20:23","guid":{"rendered":"https:\/\/portal.pi.gov.br\/seres\/?p=1822"},"modified":"2023-11-07T10:45:34","modified_gmt":"2023-11-07T13:45:34","slug":"a-secretaria-de-estado-das-relacoes-sociais-seres-marca-presenca-na-22a-conferencia-do-observatorio-internacional-de-democracia-participativa-oidp-no-rio-de-janeiro","status":"publish","type":"post","link":"https:\/\/portal.pi.gov.br\/seres\/2023\/11\/06\/a-secretaria-de-estado-das-relacoes-sociais-seres-marca-presenca-na-22a-conferencia-do-observatorio-internacional-de-democracia-participativa-oidp-no-rio-de-janeiro\/","title":{"rendered":"A Secretaria de Estado das Rela\u00e7\u00f5es Sociais (Seres) marca presen\u00e7a na 22\u00aa Confer\u00eancia do Observat\u00f3rio Internacional de Democracia Participativa (OIDP), no Rio de Janeiro"},"content":{"rendered":"\n<p>A Secret\u00e1ria de Estado das Rela\u00e7\u00f5es Sociais, N\u00fabia Lopes e a Diretora de Participa\u00e7\u00e3o Social, Juciara Linhares, est\u00e3o participando da 22\u00aa Confer\u00eancia Anual do Observat\u00f3rio Internacional de Democracia Participativa (OIDP), que acontece de 6 a 8 de novembro de 2023 na Cidade das Artes, Rio de Janeiro.<\/p>\n\n\n<div class=\"wp-block-image\">\n<figure class=\"aligncenter size-large is-resized\"><img decoding=\"async\" loading=\"lazy\" src=\"https:\/\/portal.pi.gov.br\/seres\/wp-content\/uploads\/sites\/87\/2023\/11\/WhatsApp-Image-2023-11-06-at-11.21.14-1024x768.jpeg\" alt=\"\" class=\"wp-image-1825\" width=\"479\" height=\"359\" srcset=\"https:\/\/portal.pi.gov.br\/seres\/wp-content\/uploads\/sites\/87\/2023\/11\/WhatsApp-Image-2023-11-06-at-11.21.14-1024x768.jpeg 1024w, https:\/\/portal.pi.gov.br\/seres\/wp-content\/uploads\/sites\/87\/2023\/11\/WhatsApp-Image-2023-11-06-at-11.21.14-300x225.jpeg 300w, https:\/\/portal.pi.gov.br\/seres\/wp-content\/uploads\/sites\/87\/2023\/11\/WhatsApp-Image-2023-11-06-at-11.21.14-768x576.jpeg 768w, https:\/\/portal.pi.gov.br\/seres\/wp-content\/uploads\/sites\/87\/2023\/11\/WhatsApp-Image-2023-11-06-at-11.21.14-420x315.jpeg 420w, https:\/\/portal.pi.gov.br\/seres\/wp-content\/uploads\/sites\/87\/2023\/11\/WhatsApp-Image-2023-11-06-at-11.21.14-540x405.jpeg 540w, https:\/\/portal.pi.gov.br\/seres\/wp-content\/uploads\/sites\/87\/2023\/11\/WhatsApp-Image-2023-11-06-at-11.21.14-780x585.jpeg 780w, https:\/\/portal.pi.gov.br\/seres\/wp-content\/uploads\/sites\/87\/2023\/11\/WhatsApp-Image-2023-11-06-at-11.21.14-1536x1152.jpeg 1536w, https:\/\/portal.pi.gov.br\/seres\/wp-content\/uploads\/sites\/87\/2023\/11\/WhatsApp-Image-2023-11-06-at-11.21.14-947x710.jpeg 947w, https:\/\/portal.pi.gov.br\/seres\/wp-content\/uploads\/sites\/87\/2023\/11\/WhatsApp-Image-2023-11-06-at-11.21.14-624x468.jpeg 624w, https:\/\/portal.pi.gov.br\/seres\/wp-content\/uploads\/sites\/87\/2023\/11\/WhatsApp-Image-2023-11-06-at-11.21.14.jpeg 1600w\" sizes=\"(max-width: 479px) 100vw, 479px\" \/><\/figure><\/div>\n\n\n<p>Com o objetivo de discutir a constru\u00e7\u00e3o de democracias verdadeiramente representativas, assegurar a soberania popular e possibilitar o debate p\u00fablico, a confer\u00eancia re\u00fane representantes do Brasil e de diversos pa\u00edses do mundo.<\/p>\n\n\n\n<p>A secret\u00e1ria N\u00fabia Lopes destacou a import\u00e2ncia da troca de experi\u00eancias durante o evento. &#8220;N\u00f3s estamos representando o Piau\u00ed, com outros estados do nosso pa\u00eds e tamb\u00e9m do mundo, de mais 47 pa\u00edses, interagindo sobre democracia participativa, or\u00e7amento popular, cidades inclusivas, participa\u00e7\u00e3o popular, definindo or\u00e7amento p\u00fablico para melhorar a vida das pessoas. Estamos reafirmando o compromisso do governador Rafael Fonteles com a pol\u00edtica de participa\u00e7\u00e3o social&#8221;, declarou.<\/p>\n\n\n<div class=\"wp-block-image\">\n<figure class=\"aligncenter size-large is-resized\"><img decoding=\"async\" loading=\"lazy\" src=\"https:\/\/portal.pi.gov.br\/seres\/wp-content\/uploads\/sites\/87\/2023\/11\/WhatsApp-Image-2023-11-06-at-21.36.07-1024x768.jpeg\" alt=\"\" class=\"wp-image-1824\" width=\"491\" height=\"368\" srcset=\"https:\/\/portal.pi.gov.br\/seres\/wp-content\/uploads\/sites\/87\/2023\/11\/WhatsApp-Image-2023-11-06-at-21.36.07-1024x768.jpeg 1024w, https:\/\/portal.pi.gov.br\/seres\/wp-content\/uploads\/sites\/87\/2023\/11\/WhatsApp-Image-2023-11-06-at-21.36.07-300x225.jpeg 300w, https:\/\/portal.pi.gov.br\/seres\/wp-content\/uploads\/sites\/87\/2023\/11\/WhatsApp-Image-2023-11-06-at-21.36.07-768x576.jpeg 768w, https:\/\/portal.pi.gov.br\/seres\/wp-content\/uploads\/sites\/87\/2023\/11\/WhatsApp-Image-2023-11-06-at-21.36.07-420x315.jpeg 420w, https:\/\/portal.pi.gov.br\/seres\/wp-content\/uploads\/sites\/87\/2023\/11\/WhatsApp-Image-2023-11-06-at-21.36.07-540x405.jpeg 540w, https:\/\/portal.pi.gov.br\/seres\/wp-content\/uploads\/sites\/87\/2023\/11\/WhatsApp-Image-2023-11-06-at-21.36.07-780x585.jpeg 780w, https:\/\/portal.pi.gov.br\/seres\/wp-content\/uploads\/sites\/87\/2023\/11\/WhatsApp-Image-2023-11-06-at-21.36.07-1536x1152.jpeg 1536w, https:\/\/portal.pi.gov.br\/seres\/wp-content\/uploads\/sites\/87\/2023\/11\/WhatsApp-Image-2023-11-06-at-21.36.07-947x710.jpeg 947w, https:\/\/portal.pi.gov.br\/seres\/wp-content\/uploads\/sites\/87\/2023\/11\/WhatsApp-Image-2023-11-06-at-21.36.07-624x468.jpeg 624w, https:\/\/portal.pi.gov.br\/seres\/wp-content\/uploads\/sites\/87\/2023\/11\/WhatsApp-Image-2023-11-06-at-21.36.07.jpeg 1600w\" sizes=\"(max-width: 491px) 100vw, 491px\" \/><\/figure><\/div>\n\n\n<p>A parceria com o Governo Federal, que defende a decis\u00e3o de cada cidad\u00e3o na constru\u00e7\u00e3o de pol\u00edticas p\u00fablicas para desenvolver a comunidade, a cidade onde vive \u00e9 uma das diretrizes seguidas na confer\u00eancia. &#8220;N\u00f3s estamos muito felizes de participar desse momento de retomada da democracia participativa. Vamos levar bons aprendizados, boas experi\u00eancias para o nosso estado, assim como apresentamos aqui, no di\u00e1logo que estamos fazendo com as outras delega\u00e7\u00f5es, o nosso or\u00e7amento participativo, o OPA, que tem sido muito bem recebido e \u00e9 uma combina\u00e7\u00e3o de or\u00e7amento participativo presencial com plataforma digital&#8221;, ressaltou.<\/p>\n\n\n\n<p>A democracia participativa \u00e9 um instrumento fundamental para garantir a legitimidade das decis\u00f5es e a\u00e7\u00f5es pol\u00edticas, bem como para construir sociedades mais diversificadas e inclusivas, capazes de promover uma melhor qualidade de vida para todos. Os cidad\u00e3os devem ter acesso e participar dos processos decis\u00f3rios em condi\u00e7\u00f5es de igualdade e por meio de mecanismos eficazes de controle e participa\u00e7\u00e3o social.<\/p>\n\n\n<div class=\"wp-block-image\">\n<figure class=\"aligncenter size-large is-resized\"><img decoding=\"async\" loading=\"lazy\" src=\"https:\/\/portal.pi.gov.br\/seres\/wp-content\/uploads\/sites\/87\/2023\/11\/WhatsApp-Image-2023-11-06-at-11.21.27-1024x768.jpeg\" alt=\"\" class=\"wp-image-1823\" width=\"492\" height=\"369\" srcset=\"https:\/\/portal.pi.gov.br\/seres\/wp-content\/uploads\/sites\/87\/2023\/11\/WhatsApp-Image-2023-11-06-at-11.21.27-1024x768.jpeg 1024w, https:\/\/portal.pi.gov.br\/seres\/wp-content\/uploads\/sites\/87\/2023\/11\/WhatsApp-Image-2023-11-06-at-11.21.27-300x225.jpeg 300w, https:\/\/portal.pi.gov.br\/seres\/wp-content\/uploads\/sites\/87\/2023\/11\/WhatsApp-Image-2023-11-06-at-11.21.27-768x576.jpeg 768w, https:\/\/portal.pi.gov.br\/seres\/wp-content\/uploads\/sites\/87\/2023\/11\/WhatsApp-Image-2023-11-06-at-11.21.27-420x315.jpeg 420w, https:\/\/portal.pi.gov.br\/seres\/wp-content\/uploads\/sites\/87\/2023\/11\/WhatsApp-Image-2023-11-06-at-11.21.27-540x405.jpeg 540w, https:\/\/portal.pi.gov.br\/seres\/wp-content\/uploads\/sites\/87\/2023\/11\/WhatsApp-Image-2023-11-06-at-11.21.27-780x585.jpeg 780w, https:\/\/portal.pi.gov.br\/seres\/wp-content\/uploads\/sites\/87\/2023\/11\/WhatsApp-Image-2023-11-06-at-11.21.27-1536x1152.jpeg 1536w, https:\/\/portal.pi.gov.br\/seres\/wp-content\/uploads\/sites\/87\/2023\/11\/WhatsApp-Image-2023-11-06-at-11.21.27-947x710.jpeg 947w, https:\/\/portal.pi.gov.br\/seres\/wp-content\/uploads\/sites\/87\/2023\/11\/WhatsApp-Image-2023-11-06-at-11.21.27-624x468.jpeg 624w, https:\/\/portal.pi.gov.br\/seres\/wp-content\/uploads\/sites\/87\/2023\/11\/WhatsApp-Image-2023-11-06-at-11.21.27.jpeg 1600w\" sizes=\"(max-width: 492px) 100vw, 492px\" \/><\/figure><\/div>\n\n\n<p>Segundo a diretora Juciara Linhares, as discuss\u00f5es da confer\u00eancia giram em torno de um \u00fanico prop\u00f3sito, que \u00e9 fortalecer a participa\u00e7\u00e3o popular dentro das pr\u00e1ticas que v\u00eam se desenvolvendo durante toda a gest\u00e3o que est\u00e1 iniciando agora no governo Lula e com o governo Rafael Fonteles, em n\u00edvel estadual. &#8220;Esse \u00e9 o momento de dialogarmos com pessoas de todo o mundo e de todas as esferas de poder: nacional, estadual e municipal. Um momento para adquirir conhecimento com pessoas das universidades, gestores, sociedade civil, membros de conselhos, para que, a partir da\u00ed, todos possamos ampliar e fortalecer tanto a democracia participativa como o controle social, al\u00e9m de ampliar, cada vez mais, os mecanismos de participa\u00e7\u00e3o social&#8221;, concluiu.<br><\/p>\n\n\n\n<p>Participaram da abertura do evento: Eduardo Paes, Prefeito do Rio de Janeiro e Presidente do IOPD; \u00c9ric Piolle, Prefeito de Grenoble e CoPresidente do IOPD; Marc Serra, Secret\u00e1rio Geral Interino do OIDP e Presidente da \u00c1rea de A\u00e7\u00e3o Clim\u00e1tica e Deputado para a Inova\u00e7\u00e3o Democr\u00e1tica e Participa\u00e7\u00e3o no Conselho Provincial de Barcelona e, tamb\u00e9m, delega\u00e7\u00f5es de diversos pa\u00edses.<\/p>\n","protected":false},"excerpt":{"rendered":"<p>A Secret\u00e1ria de Estado das Rela\u00e7\u00f5es Sociais, N\u00fabia Lopes e a Diretora de Participa\u00e7\u00e3o Social, Juciara Linhares, est\u00e3o participando da 22\u00aa Confer\u00eancia Anual do Observat\u00f3rio Internacional de Democracia Participativa (OIDP), [&hellip;]<\/p>\n","protected":false},"author":1748,"featured_media":1825,"comment_status":"closed","ping_status":"closed","sticky":false,"template":"","format":"standard","meta":[],"categories":[34],"tags":[62,47,41],"featured_image_urls":{"full":["https:\/\/portal.pi.gov.br\/seres\/wp-content\/uploads\/sites\/87\/2023\/11\/WhatsApp-Image-2023-11-06-at-11.21.14.jpeg",1600,1200,false],"thumbnail":["https:\/\/portal.pi.gov.br\/seres\/wp-content\/uploads\/sites\/87\/2023\/11\/WhatsApp-Image-2023-11-06-at-11.21.14-150x150.jpeg",150,150,true],"medium":["https:\/\/portal.pi.gov.br\/seres\/wp-content\/uploads\/sites\/87\/2023\/11\/WhatsApp-Image-2023-11-06-at-11.21.14-300x225.jpeg",300,225,true],"medium_large":["https:\/\/portal.pi.gov.br\/seres\/wp-content\/uploads\/sites\/87\/2023\/11\/WhatsApp-Image-2023-11-06-at-11.21.14-768x576.jpeg",768,576,true],"large":["https:\/\/portal.pi.gov.br\/seres\/wp-content\/uploads\/sites\/87\/2023\/11\/WhatsApp-Image-2023-11-06-at-11.21.14-1024x768.jpeg",887,665,true],"sgg-420":["https:\/\/portal.pi.gov.br\/seres\/wp-content\/uploads\/sites\/87\/2023\/11\/WhatsApp-Image-2023-11-06-at-11.21.14-420x315.jpeg",420,315,true],"sgg-540":["https:\/\/portal.pi.gov.br\/seres\/wp-content\/uploads\/sites\/87\/2023\/11\/WhatsApp-Image-2023-11-06-at-11.21.14-540x405.jpeg",540,405,true],"sgg-780":["https:\/\/portal.pi.gov.br\/seres\/wp-content\/uploads\/sites\/87\/2023\/11\/WhatsApp-Image-2023-11-06-at-11.21.14-780x585.jpeg",780,585,true],"1536x1536":["https:\/\/portal.pi.gov.br\/seres\/wp-content\/uploads\/sites\/87\/2023\/11\/WhatsApp-Image-2023-11-06-at-11.21.14-1536x1152.jpeg",1536,1152,true],"2048x2048":["https:\/\/portal.pi.gov.br\/seres\/wp-content\/uploads\/sites\/87\/2023\/11\/WhatsApp-Image-2023-11-06-at-11.21.14.jpeg",1600,1200,false],"homepage-slider":["https:\/\/portal.pi.gov.br\/seres\/wp-content\/uploads\/sites\/87\/2023\/11\/WhatsApp-Image-2023-11-06-at-11.21.14-1270x500.jpeg",1270,500,true],"homepage-slider-small":["https:\/\/portal.pi.gov.br\/seres\/wp-content\/uploads\/sites\/87\/2023\/11\/WhatsApp-Image-2023-11-06-at-11.21.14-947x500.jpeg",947,500,true],"page-top":["https:\/\/portal.pi.gov.br\/seres\/wp-content\/uploads\/sites\/87\/2023\/11\/WhatsApp-Image-2023-11-06-at-11.21.14-947x710.jpeg",947,710,true],"page-small":["https:\/\/portal.pi.gov.br\/seres\/wp-content\/uploads\/sites\/87\/2023\/11\/WhatsApp-Image-2023-11-06-at-11.21.14-624x468.jpeg",624,468,true],"loop-main":["https:\/\/portal.pi.gov.br\/seres\/wp-content\/uploads\/sites\/87\/2023\/11\/WhatsApp-Image-2023-11-06-at-11.21.14-365x240.jpeg",365,240,true],"thumb-gallery-widget":["https:\/\/portal.pi.gov.br\/seres\/wp-content\/uploads\/sites\/87\/2023\/11\/WhatsApp-Image-2023-11-06-at-11.21.14-84x56.jpeg",84,56,true]},"post_excerpt_stackable":"<p>A Secret\u00e1ria de Estado das Rela\u00e7\u00f5es Sociais, N\u00fabia Lopes e a Diretora de Participa\u00e7\u00e3o Social, Juciara Linhares, est\u00e3o participando da 22\u00aa Confer\u00eancia Anual do Observat\u00f3rio Internacional de Democracia Participativa (OIDP), que acontece de 6 a 8 de novembro de 2023 na Cidade das Artes, Rio de Janeiro. Com o objetivo de discutir a constru\u00e7\u00e3o de democracias verdadeiramente representativas, assegurar a soberania popular e possibilitar o debate p\u00fablico, a confer\u00eancia re\u00fane representantes do Brasil e de diversos pa\u00edses do mundo. A secret\u00e1ria N\u00fabia Lopes destacou a import\u00e2ncia da troca de experi\u00eancias durante o evento. &#8220;N\u00f3s estamos representando o Piau\u00ed, com outros&hellip;<\/p>\n","category_list":"<a href=\"https:\/\/portal.pi.gov.br\/seres\/category\/noticias\/\" rel=\"category tag\">Not\u00edcias<\/a>","author_info":{"name":"natalina","url":"https:\/\/portal.pi.gov.br\/seres\/author\/natalina\/"},"comments_num":"0 coment\u00e1rio","featured_image_urls_v2":{"full":["https:\/\/portal.pi.gov.br\/seres\/wp-content\/uploads\/sites\/87\/2023\/11\/WhatsApp-Image-2023-11-06-at-11.21.14.jpeg",1600,1200,false],"thumbnail":["https:\/\/portal.pi.gov.br\/seres\/wp-content\/uploads\/sites\/87\/2023\/11\/WhatsApp-Image-2023-11-06-at-11.21.14-150x150.jpeg",150,150,true],"medium":["https:\/\/portal.pi.gov.br\/seres\/wp-content\/uploads\/sites\/87\/2023\/11\/WhatsApp-Image-2023-11-06-at-11.21.14-300x225.jpeg",300,225,true],"medium_large":["https:\/\/portal.pi.gov.br\/seres\/wp-content\/uploads\/sites\/87\/2023\/11\/WhatsApp-Image-2023-11-06-at-11.21.14-768x576.jpeg",768,576,true],"large":["https:\/\/portal.pi.gov.br\/seres\/wp-content\/uploads\/sites\/87\/2023\/11\/WhatsApp-Image-2023-11-06-at-11.21.14-1024x768.jpeg",887,665,true],"sgg-420":["https:\/\/portal.pi.gov.br\/seres\/wp-content\/uploads\/sites\/87\/2023\/11\/WhatsApp-Image-2023-11-06-at-11.21.14-420x315.jpeg",420,315,true],"sgg-540":["https:\/\/portal.pi.gov.br\/seres\/wp-content\/uploads\/sites\/87\/2023\/11\/WhatsApp-Image-2023-11-06-at-11.21.14-540x405.jpeg",540,405,true],"sgg-780":["https:\/\/portal.pi.gov.br\/seres\/wp-content\/uploads\/sites\/87\/2023\/11\/WhatsApp-Image-2023-11-06-at-11.21.14-780x585.jpeg",780,585,true],"1536x1536":["https:\/\/portal.pi.gov.br\/seres\/wp-content\/uploads\/sites\/87\/2023\/11\/WhatsApp-Image-2023-11-06-at-11.21.14-1536x1152.jpeg",1536,1152,true],"2048x2048":["https:\/\/portal.pi.gov.br\/seres\/wp-content\/uploads\/sites\/87\/2023\/11\/WhatsApp-Image-2023-11-06-at-11.21.14.jpeg",1600,1200,false],"homepage-slider":["https:\/\/portal.pi.gov.br\/seres\/wp-content\/uploads\/sites\/87\/2023\/11\/WhatsApp-Image-2023-11-06-at-11.21.14-1270x500.jpeg",1270,500,true],"homepage-slider-small":["https:\/\/portal.pi.gov.br\/seres\/wp-content\/uploads\/sites\/87\/2023\/11\/WhatsApp-Image-2023-11-06-at-11.21.14-947x500.jpeg",947,500,true],"page-top":["https:\/\/portal.pi.gov.br\/seres\/wp-content\/uploads\/sites\/87\/2023\/11\/WhatsApp-Image-2023-11-06-at-11.21.14-947x710.jpeg",947,710,true],"page-small":["https:\/\/portal.pi.gov.br\/seres\/wp-content\/uploads\/sites\/87\/2023\/11\/WhatsApp-Image-2023-11-06-at-11.21.14-624x468.jpeg",624,468,true],"loop-main":["https:\/\/portal.pi.gov.br\/seres\/wp-content\/uploads\/sites\/87\/2023\/11\/WhatsApp-Image-2023-11-06-at-11.21.14-365x240.jpeg",365,240,true],"thumb-gallery-widget":["https:\/\/portal.pi.gov.br\/seres\/wp-content\/uploads\/sites\/87\/2023\/11\/WhatsApp-Image-2023-11-06-at-11.21.14-84x56.jpeg",84,56,true]},"post_excerpt_stackable_v2":"<p>A Secret\u00e1ria de Estado das Rela\u00e7\u00f5es Sociais, N\u00fabia Lopes e a Diretora de Participa\u00e7\u00e3o Social, Juciara Linhares, est\u00e3o participando da 22\u00aa Confer\u00eancia Anual do Observat\u00f3rio Internacional de Democracia Participativa (OIDP), que acontece de 6 a 8 de novembro de 2023 na Cidade das Artes, Rio de Janeiro. Com o objetivo de discutir a constru\u00e7\u00e3o de democracias verdadeiramente representativas, assegurar a soberania popular e possibilitar o debate p\u00fablico, a confer\u00eancia re\u00fane representantes do Brasil e de diversos pa\u00edses do mundo. A secret\u00e1ria N\u00fabia Lopes destacou a import\u00e2ncia da troca de experi\u00eancias durante o evento. &#8220;N\u00f3s estamos representando o Piau\u00ed, com outros&hellip;<\/p>\n","category_list_v2":"<a href=\"https:\/\/portal.pi.gov.br\/seres\/category\/noticias\/\" rel=\"category tag\">Not\u00edcias<\/a>","author_info_v2":{"name":"natalina","url":"https:\/\/portal.pi.gov.br\/seres\/author\/natalina\/"},"comments_num_v2":"0 coment\u00e1rio","jetpack_featured_media_url":"https:\/\/portal.pi.gov.br\/seres\/wp-content\/uploads\/sites\/87\/2023\/11\/WhatsApp-Image-2023-11-06-at-11.21.14.jpeg","_links":{"self":[{"href":"https:\/\/portal.pi.gov.br\/seres\/wp-json\/wp\/v2\/posts\/1822"}],"collection":[{"href":"https:\/\/portal.pi.gov.br\/seres\/wp-json\/wp\/v2\/posts"}],"about":[{"href":"https:\/\/portal.pi.gov.br\/seres\/wp-json\/wp\/v2\/types\/post"}],"author":[{"embeddable":true,"href":"https:\/\/portal.pi.gov.br\/seres\/wp-json\/wp\/v2\/users\/1748"}],"replies":[{"embeddable":true,"href":"https:\/\/portal.pi.gov.br\/seres\/wp-json\/wp\/v2\/comments?post=1822"}],"version-history":[{"count":5,"href":"https:\/\/portal.pi.gov.br\/seres\/wp-json\/wp\/v2\/posts\/1822\/revisions"}],"predecessor-version":[{"id":1831,"href":"https:\/\/portal.pi.gov.br\/seres\/wp-json\/wp\/v2\/posts\/1822\/revisions\/1831"}],"wp:featuredmedia":[{"embeddable":true,"href":"https:\/\/portal.pi.gov.br\/seres\/wp-json\/wp\/v2\/media\/1825"}],"wp:attachment":[{"href":"https:\/\/portal.pi.gov.br\/seres\/wp-json\/wp\/v2\/media?parent=1822"}],"wp:term":[{"taxonomy":"category","embeddable":true,"href":"https:\/\/portal.pi.gov.br\/seres\/wp-json\/wp\/v2\/categories?post=1822"},{"taxonomy":"post_tag","embeddable":true,"href":"https:\/\/portal.pi.gov.br\/seres\/wp-json\/wp\/v2\/tags?post=1822"}],"curies":[{"name":"wp","href":"https:\/\/api.w.org\/{rel}","templated":true}]}}