{"id":1835,"date":"2023-11-07T22:10:33","date_gmt":"2023-11-08T01:10:33","guid":{"rendered":"https:\/\/portal.pi.gov.br\/seres\/?p=1835"},"modified":"2023-11-09T11:53:07","modified_gmt":"2023-11-09T14:53:07","slug":"secretaria-nubia-lopes-dialoga-experiencia-de-orcamento-participativo-em-conferencia-no-rio-de-janeiro","status":"publish","type":"post","link":"https:\/\/portal.pi.gov.br\/seres\/2023\/11\/07\/secretaria-nubia-lopes-dialoga-experiencia-de-orcamento-participativo-em-conferencia-no-rio-de-janeiro\/","title":{"rendered":"Secret\u00e1ria N\u00fabia Lopes dialoga sobre experi\u00eancia do or\u00e7amento participativo &#8211; OPA &#8211; em confer\u00eancia  internacional no Rio de Janeiro"},"content":{"rendered":"\n<p>No segundo dia da 22\u00aa Confer\u00eancia do Observat\u00f3rio Internacional de Democracia Participativa, realizada no Rio de Janeiro, a secret\u00e1ria das Rela\u00e7\u00f5es Sociais, N\u00fabia Lopes, e a diretora de Participa\u00e7\u00e3o Social, Juciara Linhares, participaram de uma s\u00e9rie de palestras e debates sobre inclus\u00e3o e diversidade, or\u00e7amentos participativos, planejamento participativo e responsabilidade social. O evento segue at\u00e9 esta quarta-feira (8), com extensa programa\u00e7\u00e3o sobre processos democr\u00e1ticos.<\/p>\n\n\n<div class=\"wp-block-image\">\n<figure class=\"aligncenter size-large is-resized\"><img decoding=\"async\" loading=\"lazy\" src=\"https:\/\/portal.pi.gov.br\/seres\/wp-content\/uploads\/sites\/87\/2023\/11\/WhatsApp-Image-2023-11-07-at-15.56.33-1024x768.jpeg\" alt=\"\" class=\"wp-image-1837\" width=\"470\" height=\"353\" srcset=\"https:\/\/portal.pi.gov.br\/seres\/wp-content\/uploads\/sites\/87\/2023\/11\/WhatsApp-Image-2023-11-07-at-15.56.33-1024x768.jpeg 1024w, https:\/\/portal.pi.gov.br\/seres\/wp-content\/uploads\/sites\/87\/2023\/11\/WhatsApp-Image-2023-11-07-at-15.56.33-300x225.jpeg 300w, https:\/\/portal.pi.gov.br\/seres\/wp-content\/uploads\/sites\/87\/2023\/11\/WhatsApp-Image-2023-11-07-at-15.56.33-768x576.jpeg 768w, https:\/\/portal.pi.gov.br\/seres\/wp-content\/uploads\/sites\/87\/2023\/11\/WhatsApp-Image-2023-11-07-at-15.56.33-420x315.jpeg 420w, https:\/\/portal.pi.gov.br\/seres\/wp-content\/uploads\/sites\/87\/2023\/11\/WhatsApp-Image-2023-11-07-at-15.56.33-540x405.jpeg 540w, https:\/\/portal.pi.gov.br\/seres\/wp-content\/uploads\/sites\/87\/2023\/11\/WhatsApp-Image-2023-11-07-at-15.56.33-780x585.jpeg 780w, https:\/\/portal.pi.gov.br\/seres\/wp-content\/uploads\/sites\/87\/2023\/11\/WhatsApp-Image-2023-11-07-at-15.56.33-1536x1152.jpeg 1536w, https:\/\/portal.pi.gov.br\/seres\/wp-content\/uploads\/sites\/87\/2023\/11\/WhatsApp-Image-2023-11-07-at-15.56.33-947x710.jpeg 947w, https:\/\/portal.pi.gov.br\/seres\/wp-content\/uploads\/sites\/87\/2023\/11\/WhatsApp-Image-2023-11-07-at-15.56.33-624x468.jpeg 624w, https:\/\/portal.pi.gov.br\/seres\/wp-content\/uploads\/sites\/87\/2023\/11\/WhatsApp-Image-2023-11-07-at-15.56.33.jpeg 1600w\" sizes=\"(max-width: 470px) 100vw, 470px\" \/><\/figure><\/div>\n\n\n<p>A democracia participativa e deliberativa \u00e9 um instrumento crucial para a constru\u00e7\u00e3o de uma cidade diversa e inclusiva que promova uma melhor qualidade de vida para todos. Para serem democr\u00e1ticos, os meios de participa\u00e7\u00e3o devem tamb\u00e9m ser acess\u00edveis a toda a popula\u00e7\u00e3o.<\/p>\n\n\n\n<p><br>Al\u00e9m disso, os cidad\u00e3os devem ter acesso e intervir em todas as atividades e projetos do governo para poderem exercer plenamente o seu direito de participa\u00e7\u00e3o. Assim, a transpar\u00eancia governamental e os processos participativos desempenham um papel de extrema import\u00e2ncia em um governo democr\u00e1tico representativo.<\/p>\n\n\n\n<p><br>Ubiratan de Souza, economista, diretor de Planejamento e Or\u00e7amento Participativo da Secretaria Nacional de Participa\u00e7\u00e3o Social da Secretaria Geral da Presid\u00eancia do Brasil, foi um dos participantes do debate sobre &#8220;Or\u00e7amentos Participativos de escala nacional: modelos e desafios&#8221;.<\/p>\n\n\n\n<p><br>Segundo ele, foi uma experi\u00eancia extremamente rica, j\u00e1 que representantes de v\u00e1rios lugares do mundo e do Brasil, compartilharam suas realidades. &#8220;Pudemos expor a experi\u00eancia do PPA (Plano Plurianual) Participativo do governo do presidente Lula. Esse programa est\u00e1 no Congresso Nacional, foi entregue no dia 31 de agosto, e agora n\u00f3s estamos fazendo debates e semin\u00e1rios para intercambiar&#8221;, explicou.<\/p>\n\n\n<div class=\"wp-block-image\">\n<figure class=\"aligncenter size-large is-resized\"><img decoding=\"async\" loading=\"lazy\" src=\"https:\/\/portal.pi.gov.br\/seres\/wp-content\/uploads\/sites\/87\/2023\/11\/WhatsApp-Image-2023-11-07-at-15.47.37-1024x768.jpeg\" alt=\"\" class=\"wp-image-1836\" width=\"469\" height=\"352\" srcset=\"https:\/\/portal.pi.gov.br\/seres\/wp-content\/uploads\/sites\/87\/2023\/11\/WhatsApp-Image-2023-11-07-at-15.47.37-1024x768.jpeg 1024w, https:\/\/portal.pi.gov.br\/seres\/wp-content\/uploads\/sites\/87\/2023\/11\/WhatsApp-Image-2023-11-07-at-15.47.37-300x225.jpeg 300w, https:\/\/portal.pi.gov.br\/seres\/wp-content\/uploads\/sites\/87\/2023\/11\/WhatsApp-Image-2023-11-07-at-15.47.37-768x576.jpeg 768w, https:\/\/portal.pi.gov.br\/seres\/wp-content\/uploads\/sites\/87\/2023\/11\/WhatsApp-Image-2023-11-07-at-15.47.37-420x315.jpeg 420w, https:\/\/portal.pi.gov.br\/seres\/wp-content\/uploads\/sites\/87\/2023\/11\/WhatsApp-Image-2023-11-07-at-15.47.37-540x405.jpeg 540w, https:\/\/portal.pi.gov.br\/seres\/wp-content\/uploads\/sites\/87\/2023\/11\/WhatsApp-Image-2023-11-07-at-15.47.37-780x585.jpeg 780w, https:\/\/portal.pi.gov.br\/seres\/wp-content\/uploads\/sites\/87\/2023\/11\/WhatsApp-Image-2023-11-07-at-15.47.37-1536x1152.jpeg 1536w, https:\/\/portal.pi.gov.br\/seres\/wp-content\/uploads\/sites\/87\/2023\/11\/WhatsApp-Image-2023-11-07-at-15.47.37-947x710.jpeg 947w, https:\/\/portal.pi.gov.br\/seres\/wp-content\/uploads\/sites\/87\/2023\/11\/WhatsApp-Image-2023-11-07-at-15.47.37-624x468.jpeg 624w, https:\/\/portal.pi.gov.br\/seres\/wp-content\/uploads\/sites\/87\/2023\/11\/WhatsApp-Image-2023-11-07-at-15.47.37.jpeg 1600w\" sizes=\"(max-width: 469px) 100vw, 469px\" \/><\/figure><\/div>\n\n\n<p>Renato Sim\u00f5es, secret\u00e1rio nacional de Participa\u00e7\u00e3o Social da Presid\u00eancia da Rep\u00fablica destacou a volta do Brasil \u00e0 rela\u00e7\u00e3o democr\u00e1tica com gest\u00f5es estaduais e municipais e agradeceu a parceria com o Piau\u00ed, por meio da secretaria de Estado das Rela\u00e7\u00f5es Sociais. &#8220;Os estados avan\u00e7aram nos conselhos, nas confer\u00eancias, na promo\u00e7\u00e3o de audi\u00eancias p\u00fablicas, de planejamento e or\u00e7amento participativo. O presidente Lula, ao voltar e trazer com ele essa democracia participativa como objetivo do seu governo, tem muito a ensinar e aprender com estados e munic\u00edpios. Da\u00ed a import\u00e2ncia desse interc\u00e2mbio internacional que estamos fazendo aqui no Rio de Janeiro. Esperamos que o Piau\u00ed, atrav\u00e9s da secret\u00e1ria N\u00fabia, esteja sempre conosco no desenvolvimento de mais e melhor participa\u00e7\u00e3o social no pa\u00eds. Estamos juntos, vamos seguir fortes pela pol\u00edtica nacional e estadual de participa\u00e7\u00e3o social&#8221;, concluiu.<\/p>\n","protected":false},"excerpt":{"rendered":"<p>No segundo dia da 22\u00aa Confer\u00eancia do Observat\u00f3rio Internacional de Democracia Participativa, realizada no Rio de Janeiro, a secret\u00e1ria das Rela\u00e7\u00f5es Sociais, N\u00fabia Lopes, e a diretora de Participa\u00e7\u00e3o Social, [&hellip;]<\/p>\n","protected":false},"author":1748,"featured_media":1837,"comment_status":"closed","ping_status":"closed","sticky":false,"template":"","format":"standard","meta":[],"categories":[34],"tags":[62,47],"featured_image_urls":{"full":["https:\/\/portal.pi.gov.br\/seres\/wp-content\/uploads\/sites\/87\/2023\/11\/WhatsApp-Image-2023-11-07-at-15.56.33.jpeg",1600,1200,false],"thumbnail":["https:\/\/portal.pi.gov.br\/seres\/wp-content\/uploads\/sites\/87\/2023\/11\/WhatsApp-Image-2023-11-07-at-15.56.33-150x150.jpeg",150,150,true],"medium":["https:\/\/portal.pi.gov.br\/seres\/wp-content\/uploads\/sites\/87\/2023\/11\/WhatsApp-Image-2023-11-07-at-15.56.33-300x225.jpeg",300,225,true],"medium_large":["https:\/\/portal.pi.gov.br\/seres\/wp-content\/uploads\/sites\/87\/2023\/11\/WhatsApp-Image-2023-11-07-at-15.56.33-768x576.jpeg",768,576,true],"large":["https:\/\/portal.pi.gov.br\/seres\/wp-content\/uploads\/sites\/87\/2023\/11\/WhatsApp-Image-2023-11-07-at-15.56.33-1024x768.jpeg",887,665,true],"sgg-420":["https:\/\/portal.pi.gov.br\/seres\/wp-content\/uploads\/sites\/87\/2023\/11\/WhatsApp-Image-2023-11-07-at-15.56.33-420x315.jpeg",420,315,true],"sgg-540":["https:\/\/portal.pi.gov.br\/seres\/wp-content\/uploads\/sites\/87\/2023\/11\/WhatsApp-Image-2023-11-07-at-15.56.33-540x405.jpeg",540,405,true],"sgg-780":["https:\/\/portal.pi.gov.br\/seres\/wp-content\/uploads\/sites\/87\/2023\/11\/WhatsApp-Image-2023-11-07-at-15.56.33-780x585.jpeg",780,585,true],"1536x1536":["https:\/\/portal.pi.gov.br\/seres\/wp-content\/uploads\/sites\/87\/2023\/11\/WhatsApp-Image-2023-11-07-at-15.56.33-1536x1152.jpeg",1536,1152,true],"2048x2048":["https:\/\/portal.pi.gov.br\/seres\/wp-content\/uploads\/sites\/87\/2023\/11\/WhatsApp-Image-2023-11-07-at-15.56.33.jpeg",1600,1200,false],"homepage-slider":["https:\/\/portal.pi.gov.br\/seres\/wp-content\/uploads\/sites\/87\/2023\/11\/WhatsApp-Image-2023-11-07-at-15.56.33-1270x500.jpeg",1270,500,true],"homepage-slider-small":["https:\/\/portal.pi.gov.br\/seres\/wp-content\/uploads\/sites\/87\/2023\/11\/WhatsApp-Image-2023-11-07-at-15.56.33-947x500.jpeg",947,500,true],"page-top":["https:\/\/portal.pi.gov.br\/seres\/wp-content\/uploads\/sites\/87\/2023\/11\/WhatsApp-Image-2023-11-07-at-15.56.33-947x710.jpeg",947,710,true],"page-small":["https:\/\/portal.pi.gov.br\/seres\/wp-content\/uploads\/sites\/87\/2023\/11\/WhatsApp-Image-2023-11-07-at-15.56.33-624x468.jpeg",624,468,true],"loop-main":["https:\/\/portal.pi.gov.br\/seres\/wp-content\/uploads\/sites\/87\/2023\/11\/WhatsApp-Image-2023-11-07-at-15.56.33-365x240.jpeg",365,240,true],"thumb-gallery-widget":["https:\/\/portal.pi.gov.br\/seres\/wp-content\/uploads\/sites\/87\/2023\/11\/WhatsApp-Image-2023-11-07-at-15.56.33-84x56.jpeg",84,56,true]},"post_excerpt_stackable":"<p>No segundo dia da 22\u00aa Confer\u00eancia do Observat\u00f3rio Internacional de Democracia Participativa, realizada no Rio de Janeiro, a secret\u00e1ria das Rela\u00e7\u00f5es Sociais, N\u00fabia Lopes, e a diretora de Participa\u00e7\u00e3o Social, Juciara Linhares, participaram de uma s\u00e9rie de palestras e debates sobre inclus\u00e3o e diversidade, or\u00e7amentos participativos, planejamento participativo e responsabilidade social. O evento segue at\u00e9 esta quarta-feira (8), com extensa programa\u00e7\u00e3o sobre processos democr\u00e1ticos. A democracia participativa e deliberativa \u00e9 um instrumento crucial para a constru\u00e7\u00e3o de uma cidade diversa e inclusiva que promova uma melhor qualidade de vida para todos. Para serem democr\u00e1ticos, os meios de participa\u00e7\u00e3o devem tamb\u00e9m&hellip;<\/p>\n","category_list":"<a href=\"https:\/\/portal.pi.gov.br\/seres\/category\/noticias\/\" rel=\"category tag\">Not\u00edcias<\/a>","author_info":{"name":"natalina","url":"https:\/\/portal.pi.gov.br\/seres\/author\/natalina\/"},"comments_num":"0 coment\u00e1rio","featured_image_urls_v2":{"full":["https:\/\/portal.pi.gov.br\/seres\/wp-content\/uploads\/sites\/87\/2023\/11\/WhatsApp-Image-2023-11-07-at-15.56.33.jpeg",1600,1200,false],"thumbnail":["https:\/\/portal.pi.gov.br\/seres\/wp-content\/uploads\/sites\/87\/2023\/11\/WhatsApp-Image-2023-11-07-at-15.56.33-150x150.jpeg",150,150,true],"medium":["https:\/\/portal.pi.gov.br\/seres\/wp-content\/uploads\/sites\/87\/2023\/11\/WhatsApp-Image-2023-11-07-at-15.56.33-300x225.jpeg",300,225,true],"medium_large":["https:\/\/portal.pi.gov.br\/seres\/wp-content\/uploads\/sites\/87\/2023\/11\/WhatsApp-Image-2023-11-07-at-15.56.33-768x576.jpeg",768,576,true],"large":["https:\/\/portal.pi.gov.br\/seres\/wp-content\/uploads\/sites\/87\/2023\/11\/WhatsApp-Image-2023-11-07-at-15.56.33-1024x768.jpeg",887,665,true],"sgg-420":["https:\/\/portal.pi.gov.br\/seres\/wp-content\/uploads\/sites\/87\/2023\/11\/WhatsApp-Image-2023-11-07-at-15.56.33-420x315.jpeg",420,315,true],"sgg-540":["https:\/\/portal.pi.gov.br\/seres\/wp-content\/uploads\/sites\/87\/2023\/11\/WhatsApp-Image-2023-11-07-at-15.56.33-540x405.jpeg",540,405,true],"sgg-780":["https:\/\/portal.pi.gov.br\/seres\/wp-content\/uploads\/sites\/87\/2023\/11\/WhatsApp-Image-2023-11-07-at-15.56.33-780x585.jpeg",780,585,true],"1536x1536":["https:\/\/portal.pi.gov.br\/seres\/wp-content\/uploads\/sites\/87\/2023\/11\/WhatsApp-Image-2023-11-07-at-15.56.33-1536x1152.jpeg",1536,1152,true],"2048x2048":["https:\/\/portal.pi.gov.br\/seres\/wp-content\/uploads\/sites\/87\/2023\/11\/WhatsApp-Image-2023-11-07-at-15.56.33.jpeg",1600,1200,false],"homepage-slider":["https:\/\/portal.pi.gov.br\/seres\/wp-content\/uploads\/sites\/87\/2023\/11\/WhatsApp-Image-2023-11-07-at-15.56.33-1270x500.jpeg",1270,500,true],"homepage-slider-small":["https:\/\/portal.pi.gov.br\/seres\/wp-content\/uploads\/sites\/87\/2023\/11\/WhatsApp-Image-2023-11-07-at-15.56.33-947x500.jpeg",947,500,true],"page-top":["https:\/\/portal.pi.gov.br\/seres\/wp-content\/uploads\/sites\/87\/2023\/11\/WhatsApp-Image-2023-11-07-at-15.56.33-947x710.jpeg",947,710,true],"page-small":["https:\/\/portal.pi.gov.br\/seres\/wp-content\/uploads\/sites\/87\/2023\/11\/WhatsApp-Image-2023-11-07-at-15.56.33-624x468.jpeg",624,468,true],"loop-main":["https:\/\/portal.pi.gov.br\/seres\/wp-content\/uploads\/sites\/87\/2023\/11\/WhatsApp-Image-2023-11-07-at-15.56.33-365x240.jpeg",365,240,true],"thumb-gallery-widget":["https:\/\/portal.pi.gov.br\/seres\/wp-content\/uploads\/sites\/87\/2023\/11\/WhatsApp-Image-2023-11-07-at-15.56.33-84x56.jpeg",84,56,true]},"post_excerpt_stackable_v2":"<p>No segundo dia da 22\u00aa Confer\u00eancia do Observat\u00f3rio Internacional de Democracia Participativa, realizada no Rio de Janeiro, a secret\u00e1ria das Rela\u00e7\u00f5es Sociais, N\u00fabia Lopes, e a diretora de Participa\u00e7\u00e3o Social, Juciara Linhares, participaram de uma s\u00e9rie de palestras e debates sobre inclus\u00e3o e diversidade, or\u00e7amentos participativos, planejamento participativo e responsabilidade social. O evento segue at\u00e9 esta quarta-feira (8), com extensa programa\u00e7\u00e3o sobre processos democr\u00e1ticos. A democracia participativa e deliberativa \u00e9 um instrumento crucial para a constru\u00e7\u00e3o de uma cidade diversa e inclusiva que promova uma melhor qualidade de vida para todos. Para serem democr\u00e1ticos, os meios de participa\u00e7\u00e3o devem tamb\u00e9m&hellip;<\/p>\n","category_list_v2":"<a href=\"https:\/\/portal.pi.gov.br\/seres\/category\/noticias\/\" rel=\"category tag\">Not\u00edcias<\/a>","author_info_v2":{"name":"natalina","url":"https:\/\/portal.pi.gov.br\/seres\/author\/natalina\/"},"comments_num_v2":"0 coment\u00e1rio","jetpack_featured_media_url":"https:\/\/portal.pi.gov.br\/seres\/wp-content\/uploads\/sites\/87\/2023\/11\/WhatsApp-Image-2023-11-07-at-15.56.33.jpeg","_links":{"self":[{"href":"https:\/\/portal.pi.gov.br\/seres\/wp-json\/wp\/v2\/posts\/1835"}],"collection":[{"href":"https:\/\/portal.pi.gov.br\/seres\/wp-json\/wp\/v2\/posts"}],"about":[{"href":"https:\/\/portal.pi.gov.br\/seres\/wp-json\/wp\/v2\/types\/post"}],"author":[{"embeddable":true,"href":"https:\/\/portal.pi.gov.br\/seres\/wp-json\/wp\/v2\/users\/1748"}],"replies":[{"embeddable":true,"href":"https:\/\/portal.pi.gov.br\/seres\/wp-json\/wp\/v2\/comments?post=1835"}],"version-history":[{"count":5,"href":"https:\/\/portal.pi.gov.br\/seres\/wp-json\/wp\/v2\/posts\/1835\/revisions"}],"predecessor-version":[{"id":1843,"href":"https:\/\/portal.pi.gov.br\/seres\/wp-json\/wp\/v2\/posts\/1835\/revisions\/1843"}],"wp:featuredmedia":[{"embeddable":true,"href":"https:\/\/portal.pi.gov.br\/seres\/wp-json\/wp\/v2\/media\/1837"}],"wp:attachment":[{"href":"https:\/\/portal.pi.gov.br\/seres\/wp-json\/wp\/v2\/media?parent=1835"}],"wp:term":[{"taxonomy":"category","embeddable":true,"href":"https:\/\/portal.pi.gov.br\/seres\/wp-json\/wp\/v2\/categories?post=1835"},{"taxonomy":"post_tag","embeddable":true,"href":"https:\/\/portal.pi.gov.br\/seres\/wp-json\/wp\/v2\/tags?post=1835"}],"curies":[{"name":"wp","href":"https:\/\/api.w.org\/{rel}","templated":true}]}}