{"id":1845,"date":"2023-11-14T14:28:56","date_gmt":"2023-11-14T17:28:56","guid":{"rendered":"https:\/\/portal.pi.gov.br\/seres\/?p=1845"},"modified":"2023-11-14T14:28:57","modified_gmt":"2023-11-14T17:28:57","slug":"governo-lanca-plano-safra-2023-2024-com-presenca-de-ministros","status":"publish","type":"post","link":"https:\/\/portal.pi.gov.br\/seres\/2023\/11\/14\/governo-lanca-plano-safra-2023-2024-com-presenca-de-ministros\/","title":{"rendered":"Governo lan\u00e7a Plano Safra 2023\/2024 com presen\u00e7a de ministros"},"content":{"rendered":"\n<p>O Plano Safra, programa do governo federal destinado ao cr\u00e9dito rural para agricultura familiar, foi lan\u00e7ado no Piau\u00ed, na ter\u00e7a-feira (14), com a presen\u00e7a dos ministros do Desenvolvimento Agr\u00e1rio e Agricultura Familiar, Paulo Teixeira, e do Desenvolvimento e Assist\u00eancia Social, Fam\u00edlia e Combate \u00e0 Fome, Wellington Dias, e do governador Rafael Fonteles. A solenidade foi realizada no Pal\u00e1cio do Karnak e contou com a presen\u00e7a da secret\u00e1ria de Estado das Rela\u00e7\u00f5es Sociais, N\u00fabia Lopes e, tamb\u00e9m, de representantes dos movimentos sociais.<\/p>\n\n\n<div class=\"wp-block-image\">\n<figure class=\"aligncenter size-large is-resized\"><img decoding=\"async\" loading=\"lazy\" src=\"https:\/\/portal.pi.gov.br\/seres\/wp-content\/uploads\/sites\/87\/2023\/11\/WhatsApp-Image-2023-11-14-at-13.15.37-1024x768.jpeg\" alt=\"\" class=\"wp-image-1846\" width=\"442\" height=\"332\" srcset=\"https:\/\/portal.pi.gov.br\/seres\/wp-content\/uploads\/sites\/87\/2023\/11\/WhatsApp-Image-2023-11-14-at-13.15.37-1024x768.jpeg 1024w, https:\/\/portal.pi.gov.br\/seres\/wp-content\/uploads\/sites\/87\/2023\/11\/WhatsApp-Image-2023-11-14-at-13.15.37-300x225.jpeg 300w, https:\/\/portal.pi.gov.br\/seres\/wp-content\/uploads\/sites\/87\/2023\/11\/WhatsApp-Image-2023-11-14-at-13.15.37-768x576.jpeg 768w, https:\/\/portal.pi.gov.br\/seres\/wp-content\/uploads\/sites\/87\/2023\/11\/WhatsApp-Image-2023-11-14-at-13.15.37-420x315.jpeg 420w, https:\/\/portal.pi.gov.br\/seres\/wp-content\/uploads\/sites\/87\/2023\/11\/WhatsApp-Image-2023-11-14-at-13.15.37-540x405.jpeg 540w, https:\/\/portal.pi.gov.br\/seres\/wp-content\/uploads\/sites\/87\/2023\/11\/WhatsApp-Image-2023-11-14-at-13.15.37-780x585.jpeg 780w, https:\/\/portal.pi.gov.br\/seres\/wp-content\/uploads\/sites\/87\/2023\/11\/WhatsApp-Image-2023-11-14-at-13.15.37-947x710.jpeg 947w, https:\/\/portal.pi.gov.br\/seres\/wp-content\/uploads\/sites\/87\/2023\/11\/WhatsApp-Image-2023-11-14-at-13.15.37-624x468.jpeg 624w, https:\/\/portal.pi.gov.br\/seres\/wp-content\/uploads\/sites\/87\/2023\/11\/WhatsApp-Image-2023-11-14-at-13.15.37.jpeg 1280w\" sizes=\"(max-width: 442px) 100vw, 442px\" \/><\/figure><\/div>\n\n\n<p>O Plano Safra 2023\/2024 tem, entre as novidades, o maior volume de cr\u00e9dito rural da hist\u00f3ria. S\u00e3o R$ 71,6 bilh\u00f5es para o Programa Nacional de Fortalecimento da Agricultura Familiar, o Pronaf. O volume \u00e9 34% superior ao anunciado na safra passada. Outro grande destaque s\u00e3o as mudan\u00e7as no microcr\u00e9dito produtivo, o Pronaf B, ou Agroamigo.\u00a0<\/p>\n\n\n<div class=\"wp-block-image\">\n<figure class=\"aligncenter size-large is-resized\"><img decoding=\"async\" loading=\"lazy\" src=\"https:\/\/portal.pi.gov.br\/seres\/wp-content\/uploads\/sites\/87\/2023\/11\/WhatsApp-Image-2023-11-14-at-13.21.19-1024x768.jpeg\" alt=\"\" class=\"wp-image-1847\" width=\"451\" height=\"339\" srcset=\"https:\/\/portal.pi.gov.br\/seres\/wp-content\/uploads\/sites\/87\/2023\/11\/WhatsApp-Image-2023-11-14-at-13.21.19-1024x768.jpeg 1024w, https:\/\/portal.pi.gov.br\/seres\/wp-content\/uploads\/sites\/87\/2023\/11\/WhatsApp-Image-2023-11-14-at-13.21.19-300x225.jpeg 300w, https:\/\/portal.pi.gov.br\/seres\/wp-content\/uploads\/sites\/87\/2023\/11\/WhatsApp-Image-2023-11-14-at-13.21.19-768x576.jpeg 768w, https:\/\/portal.pi.gov.br\/seres\/wp-content\/uploads\/sites\/87\/2023\/11\/WhatsApp-Image-2023-11-14-at-13.21.19-420x315.jpeg 420w, https:\/\/portal.pi.gov.br\/seres\/wp-content\/uploads\/sites\/87\/2023\/11\/WhatsApp-Image-2023-11-14-at-13.21.19-540x405.jpeg 540w, https:\/\/portal.pi.gov.br\/seres\/wp-content\/uploads\/sites\/87\/2023\/11\/WhatsApp-Image-2023-11-14-at-13.21.19-780x585.jpeg 780w, https:\/\/portal.pi.gov.br\/seres\/wp-content\/uploads\/sites\/87\/2023\/11\/WhatsApp-Image-2023-11-14-at-13.21.19-1536x1152.jpeg 1536w, https:\/\/portal.pi.gov.br\/seres\/wp-content\/uploads\/sites\/87\/2023\/11\/WhatsApp-Image-2023-11-14-at-13.21.19-947x710.jpeg 947w, https:\/\/portal.pi.gov.br\/seres\/wp-content\/uploads\/sites\/87\/2023\/11\/WhatsApp-Image-2023-11-14-at-13.21.19-624x468.jpeg 624w, https:\/\/portal.pi.gov.br\/seres\/wp-content\/uploads\/sites\/87\/2023\/11\/WhatsApp-Image-2023-11-14-at-13.21.19.jpeg 1600w\" sizes=\"(max-width: 451px) 100vw, 451px\" \/><\/figure><\/div>\n\n\n<p>Para Wellington Dias, um dos compromissos do governo Lula \u00e9 a redu\u00e7\u00e3o da pobreza e o combate \u00e0 fome. \u201cEstivemos aqui com o nosso presidente lan\u00e7ando o programa Brasil sem Fome. Hoje, a gente assinou esses documentos que liberaram contratos para garantir produ\u00e7\u00e3o de leite e todos os outros cultivos da agricultura familiar. Criadores, criadoras de gado leiteiro que n\u00e3o tinham, passam a ter e quem j\u00e1 tinha, passa a comprar mais, a refor\u00e7ar, a comprar um trator, comprar um equipamento. A gente quer ver estes produtos na feira, na prateleira do supermercado, na nossa mesa\u201d, ressaltou o ministro.<\/p>\n\n\n<div class=\"wp-block-image\">\n<figure class=\"aligncenter size-large is-resized\"><img decoding=\"async\" loading=\"lazy\" src=\"https:\/\/portal.pi.gov.br\/seres\/wp-content\/uploads\/sites\/87\/2023\/11\/WhatsApp-Image-2023-11-14-at-13.17.21-1024x768.jpeg\" alt=\"\" class=\"wp-image-1848\" width=\"454\" height=\"341\" srcset=\"https:\/\/portal.pi.gov.br\/seres\/wp-content\/uploads\/sites\/87\/2023\/11\/WhatsApp-Image-2023-11-14-at-13.17.21-1024x768.jpeg 1024w, https:\/\/portal.pi.gov.br\/seres\/wp-content\/uploads\/sites\/87\/2023\/11\/WhatsApp-Image-2023-11-14-at-13.17.21-300x225.jpeg 300w, https:\/\/portal.pi.gov.br\/seres\/wp-content\/uploads\/sites\/87\/2023\/11\/WhatsApp-Image-2023-11-14-at-13.17.21-768x576.jpeg 768w, https:\/\/portal.pi.gov.br\/seres\/wp-content\/uploads\/sites\/87\/2023\/11\/WhatsApp-Image-2023-11-14-at-13.17.21-420x315.jpeg 420w, https:\/\/portal.pi.gov.br\/seres\/wp-content\/uploads\/sites\/87\/2023\/11\/WhatsApp-Image-2023-11-14-at-13.17.21-540x405.jpeg 540w, https:\/\/portal.pi.gov.br\/seres\/wp-content\/uploads\/sites\/87\/2023\/11\/WhatsApp-Image-2023-11-14-at-13.17.21-780x585.jpeg 780w, https:\/\/portal.pi.gov.br\/seres\/wp-content\/uploads\/sites\/87\/2023\/11\/WhatsApp-Image-2023-11-14-at-13.17.21-947x710.jpeg 947w, https:\/\/portal.pi.gov.br\/seres\/wp-content\/uploads\/sites\/87\/2023\/11\/WhatsApp-Image-2023-11-14-at-13.17.21-624x468.jpeg 624w, https:\/\/portal.pi.gov.br\/seres\/wp-content\/uploads\/sites\/87\/2023\/11\/WhatsApp-Image-2023-11-14-at-13.17.21.jpeg 1280w\" sizes=\"(max-width: 454px) 100vw, 454px\" \/><\/figure><\/div>\n\n\n<p>Na solenidade, tamb\u00e9m houve o lan\u00e7amento do programa de Assist\u00eancia T\u00e9cnica e Extens\u00e3o Rural (ATER) Semi\u00e1rido\/Agroecologia, a assinatura do conv\u00eanio para o fortalecimento da cadeia produtiva do caju no Piau\u00ed, a entrega de contratos do Cr\u00e9dito Fundi\u00e1rio, assinatura do Programa de Aquisi\u00e7\u00e3o de Alimentos (PAA) Leite, assinatura do conv\u00eanio das centrais de abastecimento, assinatura de acordo de coopera\u00e7\u00e3o t\u00e9cnica para o Cr\u00e9dito Fomento entre o MDS, MDA e o Governo do Piau\u00ed, dentre outras a\u00e7\u00f5es.<\/p>\n\n\n<div class=\"wp-block-image\">\n<figure class=\"aligncenter size-large is-resized\"><img decoding=\"async\" loading=\"lazy\" src=\"https:\/\/portal.pi.gov.br\/seres\/wp-content\/uploads\/sites\/87\/2023\/11\/WhatsApp-Image-2023-11-14-at-13.19.43-1024x768.jpeg\" alt=\"\" class=\"wp-image-1849\" width=\"468\" height=\"351\" srcset=\"https:\/\/portal.pi.gov.br\/seres\/wp-content\/uploads\/sites\/87\/2023\/11\/WhatsApp-Image-2023-11-14-at-13.19.43-1024x768.jpeg 1024w, https:\/\/portal.pi.gov.br\/seres\/wp-content\/uploads\/sites\/87\/2023\/11\/WhatsApp-Image-2023-11-14-at-13.19.43-300x225.jpeg 300w, https:\/\/portal.pi.gov.br\/seres\/wp-content\/uploads\/sites\/87\/2023\/11\/WhatsApp-Image-2023-11-14-at-13.19.43-768x576.jpeg 768w, https:\/\/portal.pi.gov.br\/seres\/wp-content\/uploads\/sites\/87\/2023\/11\/WhatsApp-Image-2023-11-14-at-13.19.43-420x315.jpeg 420w, https:\/\/portal.pi.gov.br\/seres\/wp-content\/uploads\/sites\/87\/2023\/11\/WhatsApp-Image-2023-11-14-at-13.19.43-540x405.jpeg 540w, https:\/\/portal.pi.gov.br\/seres\/wp-content\/uploads\/sites\/87\/2023\/11\/WhatsApp-Image-2023-11-14-at-13.19.43-780x585.jpeg 780w, https:\/\/portal.pi.gov.br\/seres\/wp-content\/uploads\/sites\/87\/2023\/11\/WhatsApp-Image-2023-11-14-at-13.19.43-947x710.jpeg 947w, https:\/\/portal.pi.gov.br\/seres\/wp-content\/uploads\/sites\/87\/2023\/11\/WhatsApp-Image-2023-11-14-at-13.19.43-624x468.jpeg 624w, https:\/\/portal.pi.gov.br\/seres\/wp-content\/uploads\/sites\/87\/2023\/11\/WhatsApp-Image-2023-11-14-at-13.19.43.jpeg 1280w\" sizes=\"(max-width: 468px) 100vw, 468px\" \/><\/figure><\/div>\n\n\n<p>Plano Safra<\/p>\n\n\n\n<p>O Plano Safra 2023\/2024 vai destinar R$ 71,6 bilh\u00f5es ao cr\u00e9dito rural para agricultura familiar, o volume \u00e9 34% superior ao anunciado na safra passada e o maior da s\u00e9rie hist\u00f3rica. O plano tamb\u00e9m contempla a\u00e7\u00f5es como compras p\u00fablicas, assist\u00eancia t\u00e9cnica e extens\u00e3o rural, Pol\u00edtica de Garantia de Pre\u00e7os M\u00ednimos para os Produtos da Sociobiodiversidade (PGPM-Bio), Garantia-Safra e Proagro Mais.<\/p>\n","protected":false},"excerpt":{"rendered":"<p>O Plano Safra, programa do governo federal destinado ao cr\u00e9dito rural para agricultura familiar, foi lan\u00e7ado no Piau\u00ed, na ter\u00e7a-feira (14), com a presen\u00e7a dos ministros do Desenvolvimento Agr\u00e1rio e [&hellip;]<\/p>\n","protected":false},"author":1748,"featured_media":1846,"comment_status":"closed","ping_status":"closed","sticky":false,"template":"","format":"standard","meta":[],"categories":[34],"tags":[64,47,65,41],"featured_image_urls":{"full":["https:\/\/portal.pi.gov.br\/seres\/wp-content\/uploads\/sites\/87\/2023\/11\/WhatsApp-Image-2023-11-14-at-13.15.37.jpeg",1280,960,false],"thumbnail":["https:\/\/portal.pi.gov.br\/seres\/wp-content\/uploads\/sites\/87\/2023\/11\/WhatsApp-Image-2023-11-14-at-13.15.37-150x150.jpeg",150,150,true],"medium":["https:\/\/portal.pi.gov.br\/seres\/wp-content\/uploads\/sites\/87\/2023\/11\/WhatsApp-Image-2023-11-14-at-13.15.37-300x225.jpeg",300,225,true],"medium_large":["https:\/\/portal.pi.gov.br\/seres\/wp-content\/uploads\/sites\/87\/2023\/11\/WhatsApp-Image-2023-11-14-at-13.15.37-768x576.jpeg",768,576,true],"large":["https:\/\/portal.pi.gov.br\/seres\/wp-content\/uploads\/sites\/87\/2023\/11\/WhatsApp-Image-2023-11-14-at-13.15.37-1024x768.jpeg",887,665,true],"sgg-420":["https:\/\/portal.pi.gov.br\/seres\/wp-content\/uploads\/sites\/87\/2023\/11\/WhatsApp-Image-2023-11-14-at-13.15.37-420x315.jpeg",420,315,true],"sgg-540":["https:\/\/portal.pi.gov.br\/seres\/wp-content\/uploads\/sites\/87\/2023\/11\/WhatsApp-Image-2023-11-14-at-13.15.37-540x405.jpeg",540,405,true],"sgg-780":["https:\/\/portal.pi.gov.br\/seres\/wp-content\/uploads\/sites\/87\/2023\/11\/WhatsApp-Image-2023-11-14-at-13.15.37-780x585.jpeg",780,585,true],"1536x1536":["https:\/\/portal.pi.gov.br\/seres\/wp-content\/uploads\/sites\/87\/2023\/11\/WhatsApp-Image-2023-11-14-at-13.15.37.jpeg",1280,960,false],"2048x2048":["https:\/\/portal.pi.gov.br\/seres\/wp-content\/uploads\/sites\/87\/2023\/11\/WhatsApp-Image-2023-11-14-at-13.15.37.jpeg",1280,960,false],"homepage-slider":["https:\/\/portal.pi.gov.br\/seres\/wp-content\/uploads\/sites\/87\/2023\/11\/WhatsApp-Image-2023-11-14-at-13.15.37-1270x500.jpeg",1270,500,true],"homepage-slider-small":["https:\/\/portal.pi.gov.br\/seres\/wp-content\/uploads\/sites\/87\/2023\/11\/WhatsApp-Image-2023-11-14-at-13.15.37-947x500.jpeg",947,500,true],"page-top":["https:\/\/portal.pi.gov.br\/seres\/wp-content\/uploads\/sites\/87\/2023\/11\/WhatsApp-Image-2023-11-14-at-13.15.37-947x710.jpeg",947,710,true],"page-small":["https:\/\/portal.pi.gov.br\/seres\/wp-content\/uploads\/sites\/87\/2023\/11\/WhatsApp-Image-2023-11-14-at-13.15.37-624x468.jpeg",624,468,true],"loop-main":["https:\/\/portal.pi.gov.br\/seres\/wp-content\/uploads\/sites\/87\/2023\/11\/WhatsApp-Image-2023-11-14-at-13.15.37-365x240.jpeg",365,240,true],"thumb-gallery-widget":["https:\/\/portal.pi.gov.br\/seres\/wp-content\/uploads\/sites\/87\/2023\/11\/WhatsApp-Image-2023-11-14-at-13.15.37-84x56.jpeg",84,56,true]},"post_excerpt_stackable":"<p>O Plano Safra, programa do governo federal destinado ao cr\u00e9dito rural para agricultura familiar, foi lan\u00e7ado no Piau\u00ed, na ter\u00e7a-feira (14), com a presen\u00e7a dos ministros do Desenvolvimento Agr\u00e1rio e Agricultura Familiar, Paulo Teixeira, e do Desenvolvimento e Assist\u00eancia Social, Fam\u00edlia e Combate \u00e0 Fome, Wellington Dias, e do governador Rafael Fonteles. A solenidade foi realizada no Pal\u00e1cio do Karnak e contou com a presen\u00e7a da secret\u00e1ria de Estado das Rela\u00e7\u00f5es Sociais, N\u00fabia Lopes e, tamb\u00e9m, de representantes dos movimentos sociais. O Plano Safra 2023\/2024 tem, entre as novidades, o maior volume de cr\u00e9dito rural da hist\u00f3ria. S\u00e3o R$ 71,6&hellip;<\/p>\n","category_list":"<a href=\"https:\/\/portal.pi.gov.br\/seres\/category\/noticias\/\" rel=\"category tag\">Not\u00edcias<\/a>","author_info":{"name":"natalina","url":"https:\/\/portal.pi.gov.br\/seres\/author\/natalina\/"},"comments_num":"0 coment\u00e1rio","featured_image_urls_v2":{"full":["https:\/\/portal.pi.gov.br\/seres\/wp-content\/uploads\/sites\/87\/2023\/11\/WhatsApp-Image-2023-11-14-at-13.15.37.jpeg",1280,960,false],"thumbnail":["https:\/\/portal.pi.gov.br\/seres\/wp-content\/uploads\/sites\/87\/2023\/11\/WhatsApp-Image-2023-11-14-at-13.15.37-150x150.jpeg",150,150,true],"medium":["https:\/\/portal.pi.gov.br\/seres\/wp-content\/uploads\/sites\/87\/2023\/11\/WhatsApp-Image-2023-11-14-at-13.15.37-300x225.jpeg",300,225,true],"medium_large":["https:\/\/portal.pi.gov.br\/seres\/wp-content\/uploads\/sites\/87\/2023\/11\/WhatsApp-Image-2023-11-14-at-13.15.37-768x576.jpeg",768,576,true],"large":["https:\/\/portal.pi.gov.br\/seres\/wp-content\/uploads\/sites\/87\/2023\/11\/WhatsApp-Image-2023-11-14-at-13.15.37-1024x768.jpeg",887,665,true],"sgg-420":["https:\/\/portal.pi.gov.br\/seres\/wp-content\/uploads\/sites\/87\/2023\/11\/WhatsApp-Image-2023-11-14-at-13.15.37-420x315.jpeg",420,315,true],"sgg-540":["https:\/\/portal.pi.gov.br\/seres\/wp-content\/uploads\/sites\/87\/2023\/11\/WhatsApp-Image-2023-11-14-at-13.15.37-540x405.jpeg",540,405,true],"sgg-780":["https:\/\/portal.pi.gov.br\/seres\/wp-content\/uploads\/sites\/87\/2023\/11\/WhatsApp-Image-2023-11-14-at-13.15.37-780x585.jpeg",780,585,true],"1536x1536":["https:\/\/portal.pi.gov.br\/seres\/wp-content\/uploads\/sites\/87\/2023\/11\/WhatsApp-Image-2023-11-14-at-13.15.37.jpeg",1280,960,false],"2048x2048":["https:\/\/portal.pi.gov.br\/seres\/wp-content\/uploads\/sites\/87\/2023\/11\/WhatsApp-Image-2023-11-14-at-13.15.37.jpeg",1280,960,false],"homepage-slider":["https:\/\/portal.pi.gov.br\/seres\/wp-content\/uploads\/sites\/87\/2023\/11\/WhatsApp-Image-2023-11-14-at-13.15.37-1270x500.jpeg",1270,500,true],"homepage-slider-small":["https:\/\/portal.pi.gov.br\/seres\/wp-content\/uploads\/sites\/87\/2023\/11\/WhatsApp-Image-2023-11-14-at-13.15.37-947x500.jpeg",947,500,true],"page-top":["https:\/\/portal.pi.gov.br\/seres\/wp-content\/uploads\/sites\/87\/2023\/11\/WhatsApp-Image-2023-11-14-at-13.15.37-947x710.jpeg",947,710,true],"page-small":["https:\/\/portal.pi.gov.br\/seres\/wp-content\/uploads\/sites\/87\/2023\/11\/WhatsApp-Image-2023-11-14-at-13.15.37-624x468.jpeg",624,468,true],"loop-main":["https:\/\/portal.pi.gov.br\/seres\/wp-content\/uploads\/sites\/87\/2023\/11\/WhatsApp-Image-2023-11-14-at-13.15.37-365x240.jpeg",365,240,true],"thumb-gallery-widget":["https:\/\/portal.pi.gov.br\/seres\/wp-content\/uploads\/sites\/87\/2023\/11\/WhatsApp-Image-2023-11-14-at-13.15.37-84x56.jpeg",84,56,true]},"post_excerpt_stackable_v2":"<p>O Plano Safra, programa do governo federal destinado ao cr\u00e9dito rural para agricultura familiar, foi lan\u00e7ado no Piau\u00ed, na ter\u00e7a-feira (14), com a presen\u00e7a dos ministros do Desenvolvimento Agr\u00e1rio e Agricultura Familiar, Paulo Teixeira, e do Desenvolvimento e Assist\u00eancia Social, Fam\u00edlia e Combate \u00e0 Fome, Wellington Dias, e do governador Rafael Fonteles. A solenidade foi realizada no Pal\u00e1cio do Karnak e contou com a presen\u00e7a da secret\u00e1ria de Estado das Rela\u00e7\u00f5es Sociais, N\u00fabia Lopes e, tamb\u00e9m, de representantes dos movimentos sociais. O Plano Safra 2023\/2024 tem, entre as novidades, o maior volume de cr\u00e9dito rural da hist\u00f3ria. S\u00e3o R$ 71,6&hellip;<\/p>\n","category_list_v2":"<a href=\"https:\/\/portal.pi.gov.br\/seres\/category\/noticias\/\" rel=\"category tag\">Not\u00edcias<\/a>","author_info_v2":{"name":"natalina","url":"https:\/\/portal.pi.gov.br\/seres\/author\/natalina\/"},"comments_num_v2":"0 coment\u00e1rio","jetpack_featured_media_url":"https:\/\/portal.pi.gov.br\/seres\/wp-content\/uploads\/sites\/87\/2023\/11\/WhatsApp-Image-2023-11-14-at-13.15.37.jpeg","_links":{"self":[{"href":"https:\/\/portal.pi.gov.br\/seres\/wp-json\/wp\/v2\/posts\/1845"}],"collection":[{"href":"https:\/\/portal.pi.gov.br\/seres\/wp-json\/wp\/v2\/posts"}],"about":[{"href":"https:\/\/portal.pi.gov.br\/seres\/wp-json\/wp\/v2\/types\/post"}],"author":[{"embeddable":true,"href":"https:\/\/portal.pi.gov.br\/seres\/wp-json\/wp\/v2\/users\/1748"}],"replies":[{"embeddable":true,"href":"https:\/\/portal.pi.gov.br\/seres\/wp-json\/wp\/v2\/comments?post=1845"}],"version-history":[{"count":1,"href":"https:\/\/portal.pi.gov.br\/seres\/wp-json\/wp\/v2\/posts\/1845\/revisions"}],"predecessor-version":[{"id":1850,"href":"https:\/\/portal.pi.gov.br\/seres\/wp-json\/wp\/v2\/posts\/1845\/revisions\/1850"}],"wp:featuredmedia":[{"embeddable":true,"href":"https:\/\/portal.pi.gov.br\/seres\/wp-json\/wp\/v2\/media\/1846"}],"wp:attachment":[{"href":"https:\/\/portal.pi.gov.br\/seres\/wp-json\/wp\/v2\/media?parent=1845"}],"wp:term":[{"taxonomy":"category","embeddable":true,"href":"https:\/\/portal.pi.gov.br\/seres\/wp-json\/wp\/v2\/categories?post=1845"},{"taxonomy":"post_tag","embeddable":true,"href":"https:\/\/portal.pi.gov.br\/seres\/wp-json\/wp\/v2\/tags?post=1845"}],"curies":[{"name":"wp","href":"https:\/\/api.w.org\/{rel}","templated":true}]}}