{"id":1851,"date":"2023-11-16T11:00:56","date_gmt":"2023-11-16T14:00:56","guid":{"rendered":"https:\/\/portal.pi.gov.br\/seres\/?p=1851"},"modified":"2023-11-16T11:03:51","modified_gmt":"2023-11-16T14:03:51","slug":"movimentos-sociais-e-representantes-da-seres-acompanham-governador-em-picos","status":"publish","type":"post","link":"https:\/\/portal.pi.gov.br\/seres\/2023\/11\/16\/movimentos-sociais-e-representantes-da-seres-acompanham-governador-em-picos\/","title":{"rendered":"Movimentos Sociais e representantes da Seres acompanham governador em Picos"},"content":{"rendered":"\n<p>O governador Rafael Fonteles entregou em Picos, na tarde desta quarta-feira (15), a recupera\u00e7\u00e3o de um trecho da rodovia PI-460, que liga o munic\u00edpio a Paquet\u00e1, e visitou as obras de reforma da PI-238, que liga Picos a Sussuapara. O diretor e a gerente de Rela\u00e7\u00f5es Sindicais da Seres, Josivaldo Martins e Eliana Oliveira, acompanharam o chefe do executivo.<\/p>\n\n\n<div class=\"wp-block-image\">\n<figure class=\"aligncenter size-large is-resized\"><img decoding=\"async\" loading=\"lazy\" src=\"https:\/\/portal.pi.gov.br\/seres\/wp-content\/uploads\/sites\/87\/2023\/11\/WhatsApp-Image-2023-11-15-at-20.46.36-1-1024x589.jpeg\" alt=\"\" class=\"wp-image-1852\" width=\"461\" height=\"265\" srcset=\"https:\/\/portal.pi.gov.br\/seres\/wp-content\/uploads\/sites\/87\/2023\/11\/WhatsApp-Image-2023-11-15-at-20.46.36-1-1024x589.jpeg 1024w, https:\/\/portal.pi.gov.br\/seres\/wp-content\/uploads\/sites\/87\/2023\/11\/WhatsApp-Image-2023-11-15-at-20.46.36-1-300x173.jpeg 300w, https:\/\/portal.pi.gov.br\/seres\/wp-content\/uploads\/sites\/87\/2023\/11\/WhatsApp-Image-2023-11-15-at-20.46.36-1-768x442.jpeg 768w, https:\/\/portal.pi.gov.br\/seres\/wp-content\/uploads\/sites\/87\/2023\/11\/WhatsApp-Image-2023-11-15-at-20.46.36-1-420x242.jpeg 420w, https:\/\/portal.pi.gov.br\/seres\/wp-content\/uploads\/sites\/87\/2023\/11\/WhatsApp-Image-2023-11-15-at-20.46.36-1-540x311.jpeg 540w, https:\/\/portal.pi.gov.br\/seres\/wp-content\/uploads\/sites\/87\/2023\/11\/WhatsApp-Image-2023-11-15-at-20.46.36-1-780x449.jpeg 780w, https:\/\/portal.pi.gov.br\/seres\/wp-content\/uploads\/sites\/87\/2023\/11\/WhatsApp-Image-2023-11-15-at-20.46.36-1-1536x884.jpeg 1536w, https:\/\/portal.pi.gov.br\/seres\/wp-content\/uploads\/sites\/87\/2023\/11\/WhatsApp-Image-2023-11-15-at-20.46.36-1-2048x1178.jpeg 2048w, https:\/\/portal.pi.gov.br\/seres\/wp-content\/uploads\/sites\/87\/2023\/11\/WhatsApp-Image-2023-11-15-at-20.46.36-1-947x545.jpeg 947w, https:\/\/portal.pi.gov.br\/seres\/wp-content\/uploads\/sites\/87\/2023\/11\/WhatsApp-Image-2023-11-15-at-20.46.36-1-624x359.jpeg 624w\" sizes=\"(max-width: 461px) 100vw, 461px\" \/><\/figure><\/div>\n\n\n<p>A primeira inaugura\u00e7\u00e3o foi a restaura\u00e7\u00e3o de 22,7 km da rodovia PI-460, trecho entre a BR-316, que liga Picos a Paquet\u00e1. A obra executada pelo Departamento de Estradas de Rodagem (DER) no valor de R$ R$ 4.805.546,78, incluiu servi\u00e7os de conserva\u00e7\u00e3o, restaura\u00e7\u00e3o e sinaliza\u00e7\u00e3o da rodovia.<\/p>\n\n\n<div class=\"wp-block-image\">\n<figure class=\"aligncenter size-large is-resized\"><img decoding=\"async\" loading=\"lazy\" src=\"https:\/\/portal.pi.gov.br\/seres\/wp-content\/uploads\/sites\/87\/2023\/11\/WhatsApp-Image-2023-11-16-at-10.24.22-1024x623.jpeg\" alt=\"\" class=\"wp-image-1853\" width=\"465\" height=\"283\" srcset=\"https:\/\/portal.pi.gov.br\/seres\/wp-content\/uploads\/sites\/87\/2023\/11\/WhatsApp-Image-2023-11-16-at-10.24.22-1024x623.jpeg 1024w, https:\/\/portal.pi.gov.br\/seres\/wp-content\/uploads\/sites\/87\/2023\/11\/WhatsApp-Image-2023-11-16-at-10.24.22-300x183.jpeg 300w, https:\/\/portal.pi.gov.br\/seres\/wp-content\/uploads\/sites\/87\/2023\/11\/WhatsApp-Image-2023-11-16-at-10.24.22-768x468.jpeg 768w, https:\/\/portal.pi.gov.br\/seres\/wp-content\/uploads\/sites\/87\/2023\/11\/WhatsApp-Image-2023-11-16-at-10.24.22-420x256.jpeg 420w, https:\/\/portal.pi.gov.br\/seres\/wp-content\/uploads\/sites\/87\/2023\/11\/WhatsApp-Image-2023-11-16-at-10.24.22-540x329.jpeg 540w, https:\/\/portal.pi.gov.br\/seres\/wp-content\/uploads\/sites\/87\/2023\/11\/WhatsApp-Image-2023-11-16-at-10.24.22-780x475.jpeg 780w, https:\/\/portal.pi.gov.br\/seres\/wp-content\/uploads\/sites\/87\/2023\/11\/WhatsApp-Image-2023-11-16-at-10.24.22-947x576.jpeg 947w, https:\/\/portal.pi.gov.br\/seres\/wp-content\/uploads\/sites\/87\/2023\/11\/WhatsApp-Image-2023-11-16-at-10.24.22-624x380.jpeg 624w, https:\/\/portal.pi.gov.br\/seres\/wp-content\/uploads\/sites\/87\/2023\/11\/WhatsApp-Image-2023-11-16-at-10.24.22.jpeg 1531w\" sizes=\"(max-width: 465px) 100vw, 465px\" \/><\/figure><\/div>\n\n\n<p>\u201c\u00c9 uma obra muito importante para a regi\u00e3o, que se soma a outra que j\u00e1 hav\u00edamos entregue \u2013 a de Paquet\u00e1 em dire\u00e7\u00e3o a Santa Cruz. Estamos com esse compromisso de restaurar toda a malha rodovi\u00e1ria do estado do Piau\u00ed, al\u00e9m de concluir novas rodovias, como recentemente inauguramos a t\u00e3o sonhada rodovia que liga Santo Ant\u00f4nio de Lisboa a Bocaina\u201d, afirmou Rafael Fonteles.<\/p>\n\n\n\n<p>Ap\u00f3s a entrega da PI-460, o governador e sua comitiva visitaram as obras de recupera\u00e7\u00e3o da pavimenta\u00e7\u00e3o asf\u00e1ltica da rodovia PI-238 e da implanta\u00e7\u00e3o de rede de drenagem pluvial da rodovia no bairro Ipueiras, trecho entre o entroncamento da rodovia BR-316 (Ipueiras &#8211; Picos) e o povoado Tamboril (Sussuapara). Com extens\u00e3o total de 14,17 km e previs\u00e3o de conclus\u00e3o de 8 meses, a obra est\u00e1 or\u00e7ada em R$ 18.421.236,11 e \u00e9 executada pelo Departamento de Estradas de Rodagem do Piau\u00ed (DER).<\/p>\n\n\n\n<p>\u201cEra uma situa\u00e7\u00e3o que h\u00e1 muito tempo maltratava a popula\u00e7\u00e3o que circulava ou morava ali naquela regi\u00e3o e agora ter\u00e1 a solu\u00e7\u00e3o definitiva. Pe\u00e7o que o povo tenha um pouco de paci\u00eancia, porque quando voc\u00ea vai fazer v\u00e1rias obras de drenagem, precisa cavar para poder colocar as manilhas, para poder garantir que nunca mais alague e o asfalto n\u00e3o seja prejudicado\u201d, destacou o governador.<\/p>\n\n\n<div class=\"wp-block-image\">\n<figure class=\"aligncenter size-large is-resized\"><img decoding=\"async\" loading=\"lazy\" src=\"https:\/\/portal.pi.gov.br\/seres\/wp-content\/uploads\/sites\/87\/2023\/11\/WhatsApp-Image-2023-11-15-at-20.47.32-1024x769.jpeg\" alt=\"\" class=\"wp-image-1854\" width=\"449\" height=\"337\" srcset=\"https:\/\/portal.pi.gov.br\/seres\/wp-content\/uploads\/sites\/87\/2023\/11\/WhatsApp-Image-2023-11-15-at-20.47.32-1024x769.jpeg 1024w, https:\/\/portal.pi.gov.br\/seres\/wp-content\/uploads\/sites\/87\/2023\/11\/WhatsApp-Image-2023-11-15-at-20.47.32-300x225.jpeg 300w, https:\/\/portal.pi.gov.br\/seres\/wp-content\/uploads\/sites\/87\/2023\/11\/WhatsApp-Image-2023-11-15-at-20.47.32-768x577.jpeg 768w, https:\/\/portal.pi.gov.br\/seres\/wp-content\/uploads\/sites\/87\/2023\/11\/WhatsApp-Image-2023-11-15-at-20.47.32-420x315.jpeg 420w, https:\/\/portal.pi.gov.br\/seres\/wp-content\/uploads\/sites\/87\/2023\/11\/WhatsApp-Image-2023-11-15-at-20.47.32-540x405.jpeg 540w, https:\/\/portal.pi.gov.br\/seres\/wp-content\/uploads\/sites\/87\/2023\/11\/WhatsApp-Image-2023-11-15-at-20.47.32-780x586.jpeg 780w, https:\/\/portal.pi.gov.br\/seres\/wp-content\/uploads\/sites\/87\/2023\/11\/WhatsApp-Image-2023-11-15-at-20.47.32-1536x1153.jpeg 1536w, https:\/\/portal.pi.gov.br\/seres\/wp-content\/uploads\/sites\/87\/2023\/11\/WhatsApp-Image-2023-11-15-at-20.47.32-2048x1537.jpeg 2048w, https:\/\/portal.pi.gov.br\/seres\/wp-content\/uploads\/sites\/87\/2023\/11\/WhatsApp-Image-2023-11-15-at-20.47.32-947x711.jpeg 947w, https:\/\/portal.pi.gov.br\/seres\/wp-content\/uploads\/sites\/87\/2023\/11\/WhatsApp-Image-2023-11-15-at-20.47.32-624x468.jpeg 624w\" sizes=\"(max-width: 449px) 100vw, 449px\" \/><\/figure><\/div>\n\n\n<p>Ainda em Picos, Rafael visita nesta quarta as obras do Centro Integrado de Refer\u00eancia M\u00e9dica, inaugura o Complexo Poliesportivo Cohab, a \u201cSuper Pra\u00e7a\u201d, e as obras de recupera\u00e7\u00e3o e instala\u00e7\u00e3o do balizamento noturno do Aeroporto de Picos.<\/p>\n\n\n<div class=\"wp-block-image\">\n<figure class=\"aligncenter size-full is-resized\"><img decoding=\"async\" loading=\"lazy\" src=\"https:\/\/portal.pi.gov.br\/seres\/wp-content\/uploads\/sites\/87\/2023\/11\/WhatsApp-Image-2023-11-15-at-20.38.17.jpeg\" alt=\"\" class=\"wp-image-1855\" width=\"453\" height=\"302\" srcset=\"https:\/\/portal.pi.gov.br\/seres\/wp-content\/uploads\/sites\/87\/2023\/11\/WhatsApp-Image-2023-11-15-at-20.38.17.jpeg 1024w, https:\/\/portal.pi.gov.br\/seres\/wp-content\/uploads\/sites\/87\/2023\/11\/WhatsApp-Image-2023-11-15-at-20.38.17-300x200.jpeg 300w, https:\/\/portal.pi.gov.br\/seres\/wp-content\/uploads\/sites\/87\/2023\/11\/WhatsApp-Image-2023-11-15-at-20.38.17-768x512.jpeg 768w, https:\/\/portal.pi.gov.br\/seres\/wp-content\/uploads\/sites\/87\/2023\/11\/WhatsApp-Image-2023-11-15-at-20.38.17-420x280.jpeg 420w, https:\/\/portal.pi.gov.br\/seres\/wp-content\/uploads\/sites\/87\/2023\/11\/WhatsApp-Image-2023-11-15-at-20.38.17-540x360.jpeg 540w, https:\/\/portal.pi.gov.br\/seres\/wp-content\/uploads\/sites\/87\/2023\/11\/WhatsApp-Image-2023-11-15-at-20.38.17-780x520.jpeg 780w, https:\/\/portal.pi.gov.br\/seres\/wp-content\/uploads\/sites\/87\/2023\/11\/WhatsApp-Image-2023-11-15-at-20.38.17-947x632.jpeg 947w, https:\/\/portal.pi.gov.br\/seres\/wp-content\/uploads\/sites\/87\/2023\/11\/WhatsApp-Image-2023-11-15-at-20.38.17-624x416.jpeg 624w, https:\/\/portal.pi.gov.br\/seres\/wp-content\/uploads\/sites\/87\/2023\/11\/WhatsApp-Image-2023-11-15-at-20.38.17-84x56.jpeg 84w\" sizes=\"(max-width: 453px) 100vw, 453px\" \/><\/figure><\/div>","protected":false},"excerpt":{"rendered":"<p>O governador Rafael Fonteles entregou em Picos, na tarde desta quarta-feira (15), a recupera\u00e7\u00e3o de um trecho da rodovia PI-460, que liga o munic\u00edpio a Paquet\u00e1, e visitou as obras [&hellip;]<\/p>\n","protected":false},"author":1748,"featured_media":1852,"comment_status":"closed","ping_status":"closed","sticky":false,"template":"","format":"standard","meta":[],"categories":[34],"tags":[47,41],"featured_image_urls":{"full":["https:\/\/portal.pi.gov.br\/seres\/wp-content\/uploads\/sites\/87\/2023\/11\/WhatsApp-Image-2023-11-15-at-20.46.36-1-scaled.jpeg",2560,1473,false],"thumbnail":["https:\/\/portal.pi.gov.br\/seres\/wp-content\/uploads\/sites\/87\/2023\/11\/WhatsApp-Image-2023-11-15-at-20.46.36-1-150x150.jpeg",150,150,true],"medium":["https:\/\/portal.pi.gov.br\/seres\/wp-content\/uploads\/sites\/87\/2023\/11\/WhatsApp-Image-2023-11-15-at-20.46.36-1-300x173.jpeg",300,173,true],"medium_large":["https:\/\/portal.pi.gov.br\/seres\/wp-content\/uploads\/sites\/87\/2023\/11\/WhatsApp-Image-2023-11-15-at-20.46.36-1-768x442.jpeg",768,442,true],"large":["https:\/\/portal.pi.gov.br\/seres\/wp-content\/uploads\/sites\/87\/2023\/11\/WhatsApp-Image-2023-11-15-at-20.46.36-1-1024x589.jpeg",887,510,true],"sgg-420":["https:\/\/portal.pi.gov.br\/seres\/wp-content\/uploads\/sites\/87\/2023\/11\/WhatsApp-Image-2023-11-15-at-20.46.36-1-420x242.jpeg",420,242,true],"sgg-540":["https:\/\/portal.pi.gov.br\/seres\/wp-content\/uploads\/sites\/87\/2023\/11\/WhatsApp-Image-2023-11-15-at-20.46.36-1-540x311.jpeg",540,311,true],"sgg-780":["https:\/\/portal.pi.gov.br\/seres\/wp-content\/uploads\/sites\/87\/2023\/11\/WhatsApp-Image-2023-11-15-at-20.46.36-1-780x449.jpeg",780,449,true],"1536x1536":["https:\/\/portal.pi.gov.br\/seres\/wp-content\/uploads\/sites\/87\/2023\/11\/WhatsApp-Image-2023-11-15-at-20.46.36-1-1536x884.jpeg",1536,884,true],"2048x2048":["https:\/\/portal.pi.gov.br\/seres\/wp-content\/uploads\/sites\/87\/2023\/11\/WhatsApp-Image-2023-11-15-at-20.46.36-1-2048x1178.jpeg",2048,1178,true],"homepage-slider":["https:\/\/portal.pi.gov.br\/seres\/wp-content\/uploads\/sites\/87\/2023\/11\/WhatsApp-Image-2023-11-15-at-20.46.36-1-1270x500.jpeg",1270,500,true],"homepage-slider-small":["https:\/\/portal.pi.gov.br\/seres\/wp-content\/uploads\/sites\/87\/2023\/11\/WhatsApp-Image-2023-11-15-at-20.46.36-1-947x500.jpeg",947,500,true],"page-top":["https:\/\/portal.pi.gov.br\/seres\/wp-content\/uploads\/sites\/87\/2023\/11\/WhatsApp-Image-2023-11-15-at-20.46.36-1-947x545.jpeg",947,545,true],"page-small":["https:\/\/portal.pi.gov.br\/seres\/wp-content\/uploads\/sites\/87\/2023\/11\/WhatsApp-Image-2023-11-15-at-20.46.36-1-624x359.jpeg",624,359,true],"loop-main":["https:\/\/portal.pi.gov.br\/seres\/wp-content\/uploads\/sites\/87\/2023\/11\/WhatsApp-Image-2023-11-15-at-20.46.36-1-365x240.jpeg",365,240,true],"thumb-gallery-widget":["https:\/\/portal.pi.gov.br\/seres\/wp-content\/uploads\/sites\/87\/2023\/11\/WhatsApp-Image-2023-11-15-at-20.46.36-1-84x56.jpeg",84,56,true]},"post_excerpt_stackable":"<p>O governador Rafael Fonteles entregou em Picos, na tarde desta quarta-feira (15), a recupera\u00e7\u00e3o de um trecho da rodovia PI-460, que liga o munic\u00edpio a Paquet\u00e1, e visitou as obras de reforma da PI-238, que liga Picos a Sussuapara. O diretor e a gerente de Rela\u00e7\u00f5es Sindicais da Seres, Josivaldo Martins e Eliana Oliveira, acompanharam o chefe do executivo. A primeira inaugura\u00e7\u00e3o foi a restaura\u00e7\u00e3o de 22,7 km da rodovia PI-460, trecho entre a BR-316, que liga Picos a Paquet\u00e1. A obra executada pelo Departamento de Estradas de Rodagem (DER) no valor de R$ R$ 4.805.546,78, incluiu servi\u00e7os de conserva\u00e7\u00e3o,&hellip;<\/p>\n","category_list":"<a href=\"https:\/\/portal.pi.gov.br\/seres\/category\/noticias\/\" rel=\"category tag\">Not\u00edcias<\/a>","author_info":{"name":"natalina","url":"https:\/\/portal.pi.gov.br\/seres\/author\/natalina\/"},"comments_num":"0 coment\u00e1rio","featured_image_urls_v2":{"full":["https:\/\/portal.pi.gov.br\/seres\/wp-content\/uploads\/sites\/87\/2023\/11\/WhatsApp-Image-2023-11-15-at-20.46.36-1-scaled.jpeg",2560,1473,false],"thumbnail":["https:\/\/portal.pi.gov.br\/seres\/wp-content\/uploads\/sites\/87\/2023\/11\/WhatsApp-Image-2023-11-15-at-20.46.36-1-150x150.jpeg",150,150,true],"medium":["https:\/\/portal.pi.gov.br\/seres\/wp-content\/uploads\/sites\/87\/2023\/11\/WhatsApp-Image-2023-11-15-at-20.46.36-1-300x173.jpeg",300,173,true],"medium_large":["https:\/\/portal.pi.gov.br\/seres\/wp-content\/uploads\/sites\/87\/2023\/11\/WhatsApp-Image-2023-11-15-at-20.46.36-1-768x442.jpeg",768,442,true],"large":["https:\/\/portal.pi.gov.br\/seres\/wp-content\/uploads\/sites\/87\/2023\/11\/WhatsApp-Image-2023-11-15-at-20.46.36-1-1024x589.jpeg",887,510,true],"sgg-420":["https:\/\/portal.pi.gov.br\/seres\/wp-content\/uploads\/sites\/87\/2023\/11\/WhatsApp-Image-2023-11-15-at-20.46.36-1-420x242.jpeg",420,242,true],"sgg-540":["https:\/\/portal.pi.gov.br\/seres\/wp-content\/uploads\/sites\/87\/2023\/11\/WhatsApp-Image-2023-11-15-at-20.46.36-1-540x311.jpeg",540,311,true],"sgg-780":["https:\/\/portal.pi.gov.br\/seres\/wp-content\/uploads\/sites\/87\/2023\/11\/WhatsApp-Image-2023-11-15-at-20.46.36-1-780x449.jpeg",780,449,true],"1536x1536":["https:\/\/portal.pi.gov.br\/seres\/wp-content\/uploads\/sites\/87\/2023\/11\/WhatsApp-Image-2023-11-15-at-20.46.36-1-1536x884.jpeg",1536,884,true],"2048x2048":["https:\/\/portal.pi.gov.br\/seres\/wp-content\/uploads\/sites\/87\/2023\/11\/WhatsApp-Image-2023-11-15-at-20.46.36-1-2048x1178.jpeg",2048,1178,true],"homepage-slider":["https:\/\/portal.pi.gov.br\/seres\/wp-content\/uploads\/sites\/87\/2023\/11\/WhatsApp-Image-2023-11-15-at-20.46.36-1-1270x500.jpeg",1270,500,true],"homepage-slider-small":["https:\/\/portal.pi.gov.br\/seres\/wp-content\/uploads\/sites\/87\/2023\/11\/WhatsApp-Image-2023-11-15-at-20.46.36-1-947x500.jpeg",947,500,true],"page-top":["https:\/\/portal.pi.gov.br\/seres\/wp-content\/uploads\/sites\/87\/2023\/11\/WhatsApp-Image-2023-11-15-at-20.46.36-1-947x545.jpeg",947,545,true],"page-small":["https:\/\/portal.pi.gov.br\/seres\/wp-content\/uploads\/sites\/87\/2023\/11\/WhatsApp-Image-2023-11-15-at-20.46.36-1-624x359.jpeg",624,359,true],"loop-main":["https:\/\/portal.pi.gov.br\/seres\/wp-content\/uploads\/sites\/87\/2023\/11\/WhatsApp-Image-2023-11-15-at-20.46.36-1-365x240.jpeg",365,240,true],"thumb-gallery-widget":["https:\/\/portal.pi.gov.br\/seres\/wp-content\/uploads\/sites\/87\/2023\/11\/WhatsApp-Image-2023-11-15-at-20.46.36-1-84x56.jpeg",84,56,true]},"post_excerpt_stackable_v2":"<p>O governador Rafael Fonteles entregou em Picos, na tarde desta quarta-feira (15), a recupera\u00e7\u00e3o de um trecho da rodovia PI-460, que liga o munic\u00edpio a Paquet\u00e1, e visitou as obras de reforma da PI-238, que liga Picos a Sussuapara. O diretor e a gerente de Rela\u00e7\u00f5es Sindicais da Seres, Josivaldo Martins e Eliana Oliveira, acompanharam o chefe do executivo. A primeira inaugura\u00e7\u00e3o foi a restaura\u00e7\u00e3o de 22,7 km da rodovia PI-460, trecho entre a BR-316, que liga Picos a Paquet\u00e1. A obra executada pelo Departamento de Estradas de Rodagem (DER) no valor de R$ R$ 4.805.546,78, incluiu servi\u00e7os de conserva\u00e7\u00e3o,&hellip;<\/p>\n","category_list_v2":"<a href=\"https:\/\/portal.pi.gov.br\/seres\/category\/noticias\/\" rel=\"category tag\">Not\u00edcias<\/a>","author_info_v2":{"name":"natalina","url":"https:\/\/portal.pi.gov.br\/seres\/author\/natalina\/"},"comments_num_v2":"0 coment\u00e1rio","jetpack_featured_media_url":"https:\/\/portal.pi.gov.br\/seres\/wp-content\/uploads\/sites\/87\/2023\/11\/WhatsApp-Image-2023-11-15-at-20.46.36-1-scaled.jpeg","_links":{"self":[{"href":"https:\/\/portal.pi.gov.br\/seres\/wp-json\/wp\/v2\/posts\/1851"}],"collection":[{"href":"https:\/\/portal.pi.gov.br\/seres\/wp-json\/wp\/v2\/posts"}],"about":[{"href":"https:\/\/portal.pi.gov.br\/seres\/wp-json\/wp\/v2\/types\/post"}],"author":[{"embeddable":true,"href":"https:\/\/portal.pi.gov.br\/seres\/wp-json\/wp\/v2\/users\/1748"}],"replies":[{"embeddable":true,"href":"https:\/\/portal.pi.gov.br\/seres\/wp-json\/wp\/v2\/comments?post=1851"}],"version-history":[{"count":2,"href":"https:\/\/portal.pi.gov.br\/seres\/wp-json\/wp\/v2\/posts\/1851\/revisions"}],"predecessor-version":[{"id":1858,"href":"https:\/\/portal.pi.gov.br\/seres\/wp-json\/wp\/v2\/posts\/1851\/revisions\/1858"}],"wp:featuredmedia":[{"embeddable":true,"href":"https:\/\/portal.pi.gov.br\/seres\/wp-json\/wp\/v2\/media\/1852"}],"wp:attachment":[{"href":"https:\/\/portal.pi.gov.br\/seres\/wp-json\/wp\/v2\/media?parent=1851"}],"wp:term":[{"taxonomy":"category","embeddable":true,"href":"https:\/\/portal.pi.gov.br\/seres\/wp-json\/wp\/v2\/categories?post=1851"},{"taxonomy":"post_tag","embeddable":true,"href":"https:\/\/portal.pi.gov.br\/seres\/wp-json\/wp\/v2\/tags?post=1851"}],"curies":[{"name":"wp","href":"https:\/\/api.w.org\/{rel}","templated":true}]}}