{"id":1859,"date":"2023-11-16T11:15:48","date_gmt":"2023-11-16T14:15:48","guid":{"rendered":"https:\/\/portal.pi.gov.br\/seres\/?p=1859"},"modified":"2023-11-16T11:15:49","modified_gmt":"2023-11-16T14:15:49","slug":"nubia-lopes-visita-parnaiba-com-ministros-welington-dias-e-paulo-teixeira","status":"publish","type":"post","link":"https:\/\/portal.pi.gov.br\/seres\/2023\/11\/16\/nubia-lopes-visita-parnaiba-com-ministros-welington-dias-e-paulo-teixeira\/","title":{"rendered":"N\u00fabia Lopes visita Parna\u00edba com ministros Welington Dias e Paulo Teixeira"},"content":{"rendered":"<div class=\"wp-block-image\">\n<figure class=\"aligncenter size-large is-resized\"><img decoding=\"async\" loading=\"lazy\" src=\"https:\/\/portal.pi.gov.br\/seres\/wp-content\/uploads\/sites\/87\/2023\/11\/WhatsApp-Image-2023-11-15-at-14.28.29-1024x828.jpeg\" alt=\"\" class=\"wp-image-1863\" width=\"388\" height=\"314\" srcset=\"https:\/\/portal.pi.gov.br\/seres\/wp-content\/uploads\/sites\/87\/2023\/11\/WhatsApp-Image-2023-11-15-at-14.28.29-1024x828.jpeg 1024w, https:\/\/portal.pi.gov.br\/seres\/wp-content\/uploads\/sites\/87\/2023\/11\/WhatsApp-Image-2023-11-15-at-14.28.29-300x243.jpeg 300w, https:\/\/portal.pi.gov.br\/seres\/wp-content\/uploads\/sites\/87\/2023\/11\/WhatsApp-Image-2023-11-15-at-14.28.29-768x621.jpeg 768w, https:\/\/portal.pi.gov.br\/seres\/wp-content\/uploads\/sites\/87\/2023\/11\/WhatsApp-Image-2023-11-15-at-14.28.29-420x340.jpeg 420w, https:\/\/portal.pi.gov.br\/seres\/wp-content\/uploads\/sites\/87\/2023\/11\/WhatsApp-Image-2023-11-15-at-14.28.29-540x437.jpeg 540w, https:\/\/portal.pi.gov.br\/seres\/wp-content\/uploads\/sites\/87\/2023\/11\/WhatsApp-Image-2023-11-15-at-14.28.29-780x631.jpeg 780w, https:\/\/portal.pi.gov.br\/seres\/wp-content\/uploads\/sites\/87\/2023\/11\/WhatsApp-Image-2023-11-15-at-14.28.29-1536x1242.jpeg 1536w, https:\/\/portal.pi.gov.br\/seres\/wp-content\/uploads\/sites\/87\/2023\/11\/WhatsApp-Image-2023-11-15-at-14.28.29-2048x1655.jpeg 2048w, https:\/\/portal.pi.gov.br\/seres\/wp-content\/uploads\/sites\/87\/2023\/11\/WhatsApp-Image-2023-11-15-at-14.28.29-947x765.jpeg 947w, https:\/\/portal.pi.gov.br\/seres\/wp-content\/uploads\/sites\/87\/2023\/11\/WhatsApp-Image-2023-11-15-at-14.28.29-624x504.jpeg 624w\" sizes=\"(max-width: 388px) 100vw, 388px\" \/><\/figure><\/div>\n\n\n<p>A secret\u00e1ria N\u00fabia Lopes esteve no munic\u00edpio de Parna\u00edba, acompanhando a agenda dos Ministros Wellington Dias, Ministro do Desenvolvimento Social, e Paulo Teixeira, Ministro do Desenvolvimento Agr\u00e1rio e Agricultura Familiar.<\/p>\n\n\n<div class=\"wp-block-image\">\n<figure class=\"aligncenter size-large is-resized\"><img decoding=\"async\" loading=\"lazy\" src=\"https:\/\/portal.pi.gov.br\/seres\/wp-content\/uploads\/sites\/87\/2023\/11\/WhatsApp-Image-2023-11-15-at-12.34.32-1024x768.jpeg\" alt=\"\" class=\"wp-image-1860\" width=\"394\" height=\"296\" srcset=\"https:\/\/portal.pi.gov.br\/seres\/wp-content\/uploads\/sites\/87\/2023\/11\/WhatsApp-Image-2023-11-15-at-12.34.32-1024x768.jpeg 1024w, https:\/\/portal.pi.gov.br\/seres\/wp-content\/uploads\/sites\/87\/2023\/11\/WhatsApp-Image-2023-11-15-at-12.34.32-300x225.jpeg 300w, https:\/\/portal.pi.gov.br\/seres\/wp-content\/uploads\/sites\/87\/2023\/11\/WhatsApp-Image-2023-11-15-at-12.34.32-768x576.jpeg 768w, https:\/\/portal.pi.gov.br\/seres\/wp-content\/uploads\/sites\/87\/2023\/11\/WhatsApp-Image-2023-11-15-at-12.34.32-420x315.jpeg 420w, https:\/\/portal.pi.gov.br\/seres\/wp-content\/uploads\/sites\/87\/2023\/11\/WhatsApp-Image-2023-11-15-at-12.34.32-540x405.jpeg 540w, https:\/\/portal.pi.gov.br\/seres\/wp-content\/uploads\/sites\/87\/2023\/11\/WhatsApp-Image-2023-11-15-at-12.34.32-780x585.jpeg 780w, https:\/\/portal.pi.gov.br\/seres\/wp-content\/uploads\/sites\/87\/2023\/11\/WhatsApp-Image-2023-11-15-at-12.34.32-1536x1152.jpeg 1536w, https:\/\/portal.pi.gov.br\/seres\/wp-content\/uploads\/sites\/87\/2023\/11\/WhatsApp-Image-2023-11-15-at-12.34.32-947x710.jpeg 947w, https:\/\/portal.pi.gov.br\/seres\/wp-content\/uploads\/sites\/87\/2023\/11\/WhatsApp-Image-2023-11-15-at-12.34.32-624x468.jpeg 624w, https:\/\/portal.pi.gov.br\/seres\/wp-content\/uploads\/sites\/87\/2023\/11\/WhatsApp-Image-2023-11-15-at-12.34.32.jpeg 1600w\" sizes=\"(max-width: 394px) 100vw, 394px\" \/><\/figure><\/div>\n\n\n<p>A manh\u00e3 in\u00edcio com um Caf\u00e9 da Manh\u00e3 e Visita aos Tabuleiros Litor\u00e2neos, em seguida foi realizada uma visita \u00e0 Esta\u00e7\u00e3o de Aquicultura da UFDPAR e a venda finalizou com uma solenidade para assinatura do Termo de Execu\u00e7\u00e3o Descentralizada para os Quintais Agroecol\u00f3gicos e encontros com lideran\u00e7as do campo, na UFDPAR.<\/p>\n\n\n<div class=\"wp-block-image\">\n<figure class=\"aligncenter size-full is-resized\"><img decoding=\"async\" loading=\"lazy\" src=\"https:\/\/portal.pi.gov.br\/seres\/wp-content\/uploads\/sites\/87\/2023\/11\/WhatsApp-Image-2023-11-15-at-12.14.55.jpeg\" alt=\"\" class=\"wp-image-1861\" width=\"396\" height=\"297\" srcset=\"https:\/\/portal.pi.gov.br\/seres\/wp-content\/uploads\/sites\/87\/2023\/11\/WhatsApp-Image-2023-11-15-at-12.14.55.jpeg 1024w, https:\/\/portal.pi.gov.br\/seres\/wp-content\/uploads\/sites\/87\/2023\/11\/WhatsApp-Image-2023-11-15-at-12.14.55-300x225.jpeg 300w, https:\/\/portal.pi.gov.br\/seres\/wp-content\/uploads\/sites\/87\/2023\/11\/WhatsApp-Image-2023-11-15-at-12.14.55-768x576.jpeg 768w, https:\/\/portal.pi.gov.br\/seres\/wp-content\/uploads\/sites\/87\/2023\/11\/WhatsApp-Image-2023-11-15-at-12.14.55-420x315.jpeg 420w, https:\/\/portal.pi.gov.br\/seres\/wp-content\/uploads\/sites\/87\/2023\/11\/WhatsApp-Image-2023-11-15-at-12.14.55-540x405.jpeg 540w, https:\/\/portal.pi.gov.br\/seres\/wp-content\/uploads\/sites\/87\/2023\/11\/WhatsApp-Image-2023-11-15-at-12.14.55-780x585.jpeg 780w, https:\/\/portal.pi.gov.br\/seres\/wp-content\/uploads\/sites\/87\/2023\/11\/WhatsApp-Image-2023-11-15-at-12.14.55-947x710.jpeg 947w, https:\/\/portal.pi.gov.br\/seres\/wp-content\/uploads\/sites\/87\/2023\/11\/WhatsApp-Image-2023-11-15-at-12.14.55-624x468.jpeg 624w\" sizes=\"(max-width: 396px) 100vw, 396px\" \/><\/figure><\/div>\n\n\n<p>Representantes de associa\u00e7\u00f5es comunit\u00e1rias beneficiadas pelo OPA e do Movimento dos Trabalhadores Rurais Sem Terra (MST) tamb\u00e9m participaram da agenda.<\/p>\n\n\n<div class=\"wp-block-image\">\n<figure class=\"aligncenter size-large is-resized\"><img decoding=\"async\" loading=\"lazy\" src=\"https:\/\/portal.pi.gov.br\/seres\/wp-content\/uploads\/sites\/87\/2023\/11\/WhatsApp-Image-2023-11-15-at-14.28.29-1-1024x768.jpeg\" alt=\"\" class=\"wp-image-1862\" width=\"394\" height=\"296\" srcset=\"https:\/\/portal.pi.gov.br\/seres\/wp-content\/uploads\/sites\/87\/2023\/11\/WhatsApp-Image-2023-11-15-at-14.28.29-1-1024x768.jpeg 1024w, https:\/\/portal.pi.gov.br\/seres\/wp-content\/uploads\/sites\/87\/2023\/11\/WhatsApp-Image-2023-11-15-at-14.28.29-1-300x225.jpeg 300w, https:\/\/portal.pi.gov.br\/seres\/wp-content\/uploads\/sites\/87\/2023\/11\/WhatsApp-Image-2023-11-15-at-14.28.29-1-768x576.jpeg 768w, https:\/\/portal.pi.gov.br\/seres\/wp-content\/uploads\/sites\/87\/2023\/11\/WhatsApp-Image-2023-11-15-at-14.28.29-1-420x315.jpeg 420w, https:\/\/portal.pi.gov.br\/seres\/wp-content\/uploads\/sites\/87\/2023\/11\/WhatsApp-Image-2023-11-15-at-14.28.29-1-540x405.jpeg 540w, https:\/\/portal.pi.gov.br\/seres\/wp-content\/uploads\/sites\/87\/2023\/11\/WhatsApp-Image-2023-11-15-at-14.28.29-1-780x585.jpeg 780w, https:\/\/portal.pi.gov.br\/seres\/wp-content\/uploads\/sites\/87\/2023\/11\/WhatsApp-Image-2023-11-15-at-14.28.29-1-1536x1152.jpeg 1536w, https:\/\/portal.pi.gov.br\/seres\/wp-content\/uploads\/sites\/87\/2023\/11\/WhatsApp-Image-2023-11-15-at-14.28.29-1-947x710.jpeg 947w, https:\/\/portal.pi.gov.br\/seres\/wp-content\/uploads\/sites\/87\/2023\/11\/WhatsApp-Image-2023-11-15-at-14.28.29-1-624x468.jpeg 624w, https:\/\/portal.pi.gov.br\/seres\/wp-content\/uploads\/sites\/87\/2023\/11\/WhatsApp-Image-2023-11-15-at-14.28.29-1.jpeg 1600w\" sizes=\"(max-width: 394px) 100vw, 394px\" \/><\/figure><\/div>","protected":false},"excerpt":{"rendered":"<p>A secret\u00e1ria N\u00fabia Lopes esteve no munic\u00edpio de Parna\u00edba, acompanhando a agenda dos Ministros Wellington Dias, Ministro do Desenvolvimento Social, e Paulo Teixeira, Ministro do Desenvolvimento Agr\u00e1rio e Agricultura Familiar. [&hellip;]<\/p>\n","protected":false},"author":1748,"featured_media":1863,"comment_status":"closed","ping_status":"closed","sticky":false,"template":"","format":"standard","meta":[],"categories":[34],"tags":[],"featured_image_urls":{"full":["https:\/\/portal.pi.gov.br\/seres\/wp-content\/uploads\/sites\/87\/2023\/11\/WhatsApp-Image-2023-11-15-at-14.28.29-scaled.jpeg",2560,2069,false],"thumbnail":["https:\/\/portal.pi.gov.br\/seres\/wp-content\/uploads\/sites\/87\/2023\/11\/WhatsApp-Image-2023-11-15-at-14.28.29-150x150.jpeg",150,150,true],"medium":["https:\/\/portal.pi.gov.br\/seres\/wp-content\/uploads\/sites\/87\/2023\/11\/WhatsApp-Image-2023-11-15-at-14.28.29-300x243.jpeg",300,243,true],"medium_large":["https:\/\/portal.pi.gov.br\/seres\/wp-content\/uploads\/sites\/87\/2023\/11\/WhatsApp-Image-2023-11-15-at-14.28.29-768x621.jpeg",768,621,true],"large":["https:\/\/portal.pi.gov.br\/seres\/wp-content\/uploads\/sites\/87\/2023\/11\/WhatsApp-Image-2023-11-15-at-14.28.29-1024x828.jpeg",887,717,true],"sgg-420":["https:\/\/portal.pi.gov.br\/seres\/wp-content\/uploads\/sites\/87\/2023\/11\/WhatsApp-Image-2023-11-15-at-14.28.29-420x340.jpeg",420,340,true],"sgg-540":["https:\/\/portal.pi.gov.br\/seres\/wp-content\/uploads\/sites\/87\/2023\/11\/WhatsApp-Image-2023-11-15-at-14.28.29-540x437.jpeg",540,437,true],"sgg-780":["https:\/\/portal.pi.gov.br\/seres\/wp-content\/uploads\/sites\/87\/2023\/11\/WhatsApp-Image-2023-11-15-at-14.28.29-780x631.jpeg",780,631,true],"1536x1536":["https:\/\/portal.pi.gov.br\/seres\/wp-content\/uploads\/sites\/87\/2023\/11\/WhatsApp-Image-2023-11-15-at-14.28.29-1536x1242.jpeg",1536,1242,true],"2048x2048":["https:\/\/portal.pi.gov.br\/seres\/wp-content\/uploads\/sites\/87\/2023\/11\/WhatsApp-Image-2023-11-15-at-14.28.29-2048x1655.jpeg",2048,1655,true],"homepage-slider":["https:\/\/portal.pi.gov.br\/seres\/wp-content\/uploads\/sites\/87\/2023\/11\/WhatsApp-Image-2023-11-15-at-14.28.29-1270x500.jpeg",1270,500,true],"homepage-slider-small":["https:\/\/portal.pi.gov.br\/seres\/wp-content\/uploads\/sites\/87\/2023\/11\/WhatsApp-Image-2023-11-15-at-14.28.29-947x500.jpeg",947,500,true],"page-top":["https:\/\/portal.pi.gov.br\/seres\/wp-content\/uploads\/sites\/87\/2023\/11\/WhatsApp-Image-2023-11-15-at-14.28.29-947x765.jpeg",947,765,true],"page-small":["https:\/\/portal.pi.gov.br\/seres\/wp-content\/uploads\/sites\/87\/2023\/11\/WhatsApp-Image-2023-11-15-at-14.28.29-624x504.jpeg",624,504,true],"loop-main":["https:\/\/portal.pi.gov.br\/seres\/wp-content\/uploads\/sites\/87\/2023\/11\/WhatsApp-Image-2023-11-15-at-14.28.29-365x240.jpeg",365,240,true],"thumb-gallery-widget":["https:\/\/portal.pi.gov.br\/seres\/wp-content\/uploads\/sites\/87\/2023\/11\/WhatsApp-Image-2023-11-15-at-14.28.29-84x56.jpeg",84,56,true]},"post_excerpt_stackable":"<p>A secret\u00e1ria N\u00fabia Lopes esteve no munic\u00edpio de Parna\u00edba, acompanhando a agenda dos Ministros Wellington Dias, Ministro do Desenvolvimento Social, e Paulo Teixeira, Ministro do Desenvolvimento Agr\u00e1rio e Agricultura Familiar. A manh\u00e3 in\u00edcio com um Caf\u00e9 da Manh\u00e3 e Visita aos Tabuleiros Litor\u00e2neos, em seguida foi realizada uma visita \u00e0 Esta\u00e7\u00e3o de Aquicultura da UFDPAR e a venda finalizou com uma solenidade para assinatura do Termo de Execu\u00e7\u00e3o Descentralizada para os Quintais Agroecol\u00f3gicos e encontros com lideran\u00e7as do campo, na UFDPAR. Representantes de associa\u00e7\u00f5es comunit\u00e1rias beneficiadas pelo OPA e do Movimento dos Trabalhadores Rurais Sem Terra (MST) tamb\u00e9m participaram da&hellip;<\/p>\n","category_list":"<a href=\"https:\/\/portal.pi.gov.br\/seres\/category\/noticias\/\" rel=\"category tag\">Not\u00edcias<\/a>","author_info":{"name":"natalina","url":"https:\/\/portal.pi.gov.br\/seres\/author\/natalina\/"},"comments_num":"0 coment\u00e1rio","featured_image_urls_v2":{"full":["https:\/\/portal.pi.gov.br\/seres\/wp-content\/uploads\/sites\/87\/2023\/11\/WhatsApp-Image-2023-11-15-at-14.28.29-scaled.jpeg",2560,2069,false],"thumbnail":["https:\/\/portal.pi.gov.br\/seres\/wp-content\/uploads\/sites\/87\/2023\/11\/WhatsApp-Image-2023-11-15-at-14.28.29-150x150.jpeg",150,150,true],"medium":["https:\/\/portal.pi.gov.br\/seres\/wp-content\/uploads\/sites\/87\/2023\/11\/WhatsApp-Image-2023-11-15-at-14.28.29-300x243.jpeg",300,243,true],"medium_large":["https:\/\/portal.pi.gov.br\/seres\/wp-content\/uploads\/sites\/87\/2023\/11\/WhatsApp-Image-2023-11-15-at-14.28.29-768x621.jpeg",768,621,true],"large":["https:\/\/portal.pi.gov.br\/seres\/wp-content\/uploads\/sites\/87\/2023\/11\/WhatsApp-Image-2023-11-15-at-14.28.29-1024x828.jpeg",887,717,true],"sgg-420":["https:\/\/portal.pi.gov.br\/seres\/wp-content\/uploads\/sites\/87\/2023\/11\/WhatsApp-Image-2023-11-15-at-14.28.29-420x340.jpeg",420,340,true],"sgg-540":["https:\/\/portal.pi.gov.br\/seres\/wp-content\/uploads\/sites\/87\/2023\/11\/WhatsApp-Image-2023-11-15-at-14.28.29-540x437.jpeg",540,437,true],"sgg-780":["https:\/\/portal.pi.gov.br\/seres\/wp-content\/uploads\/sites\/87\/2023\/11\/WhatsApp-Image-2023-11-15-at-14.28.29-780x631.jpeg",780,631,true],"1536x1536":["https:\/\/portal.pi.gov.br\/seres\/wp-content\/uploads\/sites\/87\/2023\/11\/WhatsApp-Image-2023-11-15-at-14.28.29-1536x1242.jpeg",1536,1242,true],"2048x2048":["https:\/\/portal.pi.gov.br\/seres\/wp-content\/uploads\/sites\/87\/2023\/11\/WhatsApp-Image-2023-11-15-at-14.28.29-2048x1655.jpeg",2048,1655,true],"homepage-slider":["https:\/\/portal.pi.gov.br\/seres\/wp-content\/uploads\/sites\/87\/2023\/11\/WhatsApp-Image-2023-11-15-at-14.28.29-1270x500.jpeg",1270,500,true],"homepage-slider-small":["https:\/\/portal.pi.gov.br\/seres\/wp-content\/uploads\/sites\/87\/2023\/11\/WhatsApp-Image-2023-11-15-at-14.28.29-947x500.jpeg",947,500,true],"page-top":["https:\/\/portal.pi.gov.br\/seres\/wp-content\/uploads\/sites\/87\/2023\/11\/WhatsApp-Image-2023-11-15-at-14.28.29-947x765.jpeg",947,765,true],"page-small":["https:\/\/portal.pi.gov.br\/seres\/wp-content\/uploads\/sites\/87\/2023\/11\/WhatsApp-Image-2023-11-15-at-14.28.29-624x504.jpeg",624,504,true],"loop-main":["https:\/\/portal.pi.gov.br\/seres\/wp-content\/uploads\/sites\/87\/2023\/11\/WhatsApp-Image-2023-11-15-at-14.28.29-365x240.jpeg",365,240,true],"thumb-gallery-widget":["https:\/\/portal.pi.gov.br\/seres\/wp-content\/uploads\/sites\/87\/2023\/11\/WhatsApp-Image-2023-11-15-at-14.28.29-84x56.jpeg",84,56,true]},"post_excerpt_stackable_v2":"<p>A secret\u00e1ria N\u00fabia Lopes esteve no munic\u00edpio de Parna\u00edba, acompanhando a agenda dos Ministros Wellington Dias, Ministro do Desenvolvimento Social, e Paulo Teixeira, Ministro do Desenvolvimento Agr\u00e1rio e Agricultura Familiar. A manh\u00e3 in\u00edcio com um Caf\u00e9 da Manh\u00e3 e Visita aos Tabuleiros Litor\u00e2neos, em seguida foi realizada uma visita \u00e0 Esta\u00e7\u00e3o de Aquicultura da UFDPAR e a venda finalizou com uma solenidade para assinatura do Termo de Execu\u00e7\u00e3o Descentralizada para os Quintais Agroecol\u00f3gicos e encontros com lideran\u00e7as do campo, na UFDPAR. Representantes de associa\u00e7\u00f5es comunit\u00e1rias beneficiadas pelo OPA e do Movimento dos Trabalhadores Rurais Sem Terra (MST) tamb\u00e9m participaram da&hellip;<\/p>\n","category_list_v2":"<a href=\"https:\/\/portal.pi.gov.br\/seres\/category\/noticias\/\" rel=\"category tag\">Not\u00edcias<\/a>","author_info_v2":{"name":"natalina","url":"https:\/\/portal.pi.gov.br\/seres\/author\/natalina\/"},"comments_num_v2":"0 coment\u00e1rio","jetpack_featured_media_url":"https:\/\/portal.pi.gov.br\/seres\/wp-content\/uploads\/sites\/87\/2023\/11\/WhatsApp-Image-2023-11-15-at-14.28.29-scaled.jpeg","_links":{"self":[{"href":"https:\/\/portal.pi.gov.br\/seres\/wp-json\/wp\/v2\/posts\/1859"}],"collection":[{"href":"https:\/\/portal.pi.gov.br\/seres\/wp-json\/wp\/v2\/posts"}],"about":[{"href":"https:\/\/portal.pi.gov.br\/seres\/wp-json\/wp\/v2\/types\/post"}],"author":[{"embeddable":true,"href":"https:\/\/portal.pi.gov.br\/seres\/wp-json\/wp\/v2\/users\/1748"}],"replies":[{"embeddable":true,"href":"https:\/\/portal.pi.gov.br\/seres\/wp-json\/wp\/v2\/comments?post=1859"}],"version-history":[{"count":1,"href":"https:\/\/portal.pi.gov.br\/seres\/wp-json\/wp\/v2\/posts\/1859\/revisions"}],"predecessor-version":[{"id":1864,"href":"https:\/\/portal.pi.gov.br\/seres\/wp-json\/wp\/v2\/posts\/1859\/revisions\/1864"}],"wp:featuredmedia":[{"embeddable":true,"href":"https:\/\/portal.pi.gov.br\/seres\/wp-json\/wp\/v2\/media\/1863"}],"wp:attachment":[{"href":"https:\/\/portal.pi.gov.br\/seres\/wp-json\/wp\/v2\/media?parent=1859"}],"wp:term":[{"taxonomy":"category","embeddable":true,"href":"https:\/\/portal.pi.gov.br\/seres\/wp-json\/wp\/v2\/categories?post=1859"},{"taxonomy":"post_tag","embeddable":true,"href":"https:\/\/portal.pi.gov.br\/seres\/wp-json\/wp\/v2\/tags?post=1859"}],"curies":[{"name":"wp","href":"https:\/\/api.w.org\/{rel}","templated":true}]}}