{"id":1865,"date":"2023-11-16T12:33:17","date_gmt":"2023-11-16T15:33:17","guid":{"rendered":"https:\/\/portal.pi.gov.br\/seres\/?p=1865"},"modified":"2023-11-17T09:40:02","modified_gmt":"2023-11-17T12:40:02","slug":"governador-destaca-a-importancia-da-parceria-conselho-de-seguranca-publica-e-das-associacoes-de-bairros-para-a-diminuicao-da-violencia","status":"publish","type":"post","link":"https:\/\/portal.pi.gov.br\/seres\/2023\/11\/16\/governador-destaca-a-importancia-da-parceria-conselho-de-seguranca-publica-e-das-associacoes-de-bairros-para-a-diminuicao-da-violencia\/","title":{"rendered":"Governador destaca a import\u00e2ncia da integra\u00e7\u00e3o entre as associa\u00e7\u00f5es de bairro; movimentos comunit\u00e1rios e pol\u00edcia, para  diminui\u00e7\u00e3o da viol\u00eancia"},"content":{"rendered":"\n<p><\/p>\n\n\n<div class=\"wp-block-image\">\n<figure class=\"aligncenter size-large is-resized\"><img decoding=\"async\" loading=\"lazy\" src=\"https:\/\/portal.pi.gov.br\/seres\/wp-content\/uploads\/sites\/87\/2023\/11\/WhatsApp-Image-2023-11-16-at-12.07.31-1024x768.jpeg\" alt=\"\" class=\"wp-image-1873\" width=\"419\" height=\"314\" srcset=\"https:\/\/portal.pi.gov.br\/seres\/wp-content\/uploads\/sites\/87\/2023\/11\/WhatsApp-Image-2023-11-16-at-12.07.31-1024x768.jpeg 1024w, https:\/\/portal.pi.gov.br\/seres\/wp-content\/uploads\/sites\/87\/2023\/11\/WhatsApp-Image-2023-11-16-at-12.07.31-300x225.jpeg 300w, https:\/\/portal.pi.gov.br\/seres\/wp-content\/uploads\/sites\/87\/2023\/11\/WhatsApp-Image-2023-11-16-at-12.07.31-768x576.jpeg 768w, https:\/\/portal.pi.gov.br\/seres\/wp-content\/uploads\/sites\/87\/2023\/11\/WhatsApp-Image-2023-11-16-at-12.07.31-420x315.jpeg 420w, https:\/\/portal.pi.gov.br\/seres\/wp-content\/uploads\/sites\/87\/2023\/11\/WhatsApp-Image-2023-11-16-at-12.07.31-540x405.jpeg 540w, https:\/\/portal.pi.gov.br\/seres\/wp-content\/uploads\/sites\/87\/2023\/11\/WhatsApp-Image-2023-11-16-at-12.07.31-780x585.jpeg 780w, https:\/\/portal.pi.gov.br\/seres\/wp-content\/uploads\/sites\/87\/2023\/11\/WhatsApp-Image-2023-11-16-at-12.07.31-1536x1152.jpeg 1536w, https:\/\/portal.pi.gov.br\/seres\/wp-content\/uploads\/sites\/87\/2023\/11\/WhatsApp-Image-2023-11-16-at-12.07.31-2048x1536.jpeg 2048w, https:\/\/portal.pi.gov.br\/seres\/wp-content\/uploads\/sites\/87\/2023\/11\/WhatsApp-Image-2023-11-16-at-12.07.31-947x710.jpeg 947w, https:\/\/portal.pi.gov.br\/seres\/wp-content\/uploads\/sites\/87\/2023\/11\/WhatsApp-Image-2023-11-16-at-12.07.31-624x468.jpeg 624w\" sizes=\"(max-width: 419px) 100vw, 419px\" \/><\/figure><\/div>\n\n\n<p>A secret\u00e1ria N\u00fabia Lopes e equipe de diretores da Seres acompanharam o governador Rafael Fonteles na inaugura\u00e7\u00e3o, nesta quinta-feira (16), da Unidade Integrada de Seguran\u00e7a P\u00fablica (Uisp) Encontro dos Rios, instalada no Complexo Tur\u00edstico Cabe\u00e7a de Cuia, na zona norte de Teresina. O gestor garantiu que, em breve, ser\u00e1 inaugurada a Patrulha Cidad\u00e3 e destacou as a\u00e7\u00f5es para o refor\u00e7o na Seguran\u00e7a P\u00fablica em Teresina e em todo o estado.<\/p>\n\n\n<div class=\"wp-block-image\">\n<figure class=\"aligncenter size-full is-resized\"><img decoding=\"async\" loading=\"lazy\" src=\"https:\/\/portal.pi.gov.br\/seres\/wp-content\/uploads\/sites\/87\/2023\/11\/WhatsApp-Image-2023-11-16-at-08.58.38.jpeg\" alt=\"\" class=\"wp-image-1870\" width=\"411\" height=\"308\" srcset=\"https:\/\/portal.pi.gov.br\/seres\/wp-content\/uploads\/sites\/87\/2023\/11\/WhatsApp-Image-2023-11-16-at-08.58.38.jpeg 1024w, https:\/\/portal.pi.gov.br\/seres\/wp-content\/uploads\/sites\/87\/2023\/11\/WhatsApp-Image-2023-11-16-at-08.58.38-300x225.jpeg 300w, https:\/\/portal.pi.gov.br\/seres\/wp-content\/uploads\/sites\/87\/2023\/11\/WhatsApp-Image-2023-11-16-at-08.58.38-768x576.jpeg 768w, https:\/\/portal.pi.gov.br\/seres\/wp-content\/uploads\/sites\/87\/2023\/11\/WhatsApp-Image-2023-11-16-at-08.58.38-420x315.jpeg 420w, https:\/\/portal.pi.gov.br\/seres\/wp-content\/uploads\/sites\/87\/2023\/11\/WhatsApp-Image-2023-11-16-at-08.58.38-540x405.jpeg 540w, https:\/\/portal.pi.gov.br\/seres\/wp-content\/uploads\/sites\/87\/2023\/11\/WhatsApp-Image-2023-11-16-at-08.58.38-780x585.jpeg 780w, https:\/\/portal.pi.gov.br\/seres\/wp-content\/uploads\/sites\/87\/2023\/11\/WhatsApp-Image-2023-11-16-at-08.58.38-947x710.jpeg 947w, https:\/\/portal.pi.gov.br\/seres\/wp-content\/uploads\/sites\/87\/2023\/11\/WhatsApp-Image-2023-11-16-at-08.58.38-624x468.jpeg 624w\" sizes=\"(max-width: 411px) 100vw, 411px\" \/><\/figure><\/div>\n\n\n<p>Rafael explicou que a integra\u00e7\u00e3o efetiva da Pol\u00edcia Militar, Pol\u00edcia Civil e Corpo de Bombeiros em locais de grande circula\u00e7\u00e3o facilita o atendimento \u00e0 popula\u00e7\u00e3o. &#8220;Em breve, vamos inaugurar a Patrulha Cidad\u00e3, que \u00e9 o modelo de pol\u00edcia comunit\u00e1ria, sobretudo naqueles bairros com os maiores indicadores de viol\u00eancia. Voc\u00ea tem a pol\u00edcia mais pr\u00f3xima da comunidade, inclusive com um Conselho que vai envolver as for\u00e7as policiais, as Associa\u00e7\u00f5es de Bairros e os Movimentos Comunit\u00e1rios&#8221;, destacou Fonteles.<\/p>\n\n\n<div class=\"wp-block-image\">\n<figure class=\"aligncenter size-full is-resized\"><img decoding=\"async\" loading=\"lazy\" src=\"https:\/\/portal.pi.gov.br\/seres\/wp-content\/uploads\/sites\/87\/2023\/11\/WhatsApp-Image-2023-11-16-at-09.01.08.jpeg\" alt=\"\" class=\"wp-image-1868\" width=\"427\" height=\"320\" srcset=\"https:\/\/portal.pi.gov.br\/seres\/wp-content\/uploads\/sites\/87\/2023\/11\/WhatsApp-Image-2023-11-16-at-09.01.08.jpeg 1024w, https:\/\/portal.pi.gov.br\/seres\/wp-content\/uploads\/sites\/87\/2023\/11\/WhatsApp-Image-2023-11-16-at-09.01.08-300x225.jpeg 300w, https:\/\/portal.pi.gov.br\/seres\/wp-content\/uploads\/sites\/87\/2023\/11\/WhatsApp-Image-2023-11-16-at-09.01.08-768x576.jpeg 768w, https:\/\/portal.pi.gov.br\/seres\/wp-content\/uploads\/sites\/87\/2023\/11\/WhatsApp-Image-2023-11-16-at-09.01.08-420x315.jpeg 420w, https:\/\/portal.pi.gov.br\/seres\/wp-content\/uploads\/sites\/87\/2023\/11\/WhatsApp-Image-2023-11-16-at-09.01.08-540x405.jpeg 540w, https:\/\/portal.pi.gov.br\/seres\/wp-content\/uploads\/sites\/87\/2023\/11\/WhatsApp-Image-2023-11-16-at-09.01.08-780x585.jpeg 780w, https:\/\/portal.pi.gov.br\/seres\/wp-content\/uploads\/sites\/87\/2023\/11\/WhatsApp-Image-2023-11-16-at-09.01.08-947x710.jpeg 947w, https:\/\/portal.pi.gov.br\/seres\/wp-content\/uploads\/sites\/87\/2023\/11\/WhatsApp-Image-2023-11-16-at-09.01.08-624x468.jpeg 624w\" sizes=\"(max-width: 427px) 100vw, 427px\" \/><\/figure><\/div>\n\n\n<p>Para a senhora Raimunda Teixeira, da Coorperativa de Artesanato do Poty Velho, o Encontro dos Rios \u00e9 um ponto de intera\u00e7\u00e3o entre as pessoas de v\u00e1rias partes do Brasil e at\u00e9 de outros pa\u00edses. &#8220;Com o aumento da seguran\u00e7a, com os policiais andando, a gente vai ter muito mais tranquilidade. N\u00f3s somos resistentes, vamos nos sentir muito mais seguros e a movimenta\u00e7\u00e3o de turistas vai aumentar ainda mais&#8221;, comemorou.<\/p>\n\n\n\n<p>O governador ressaltou que os investimentos em seguran\u00e7a p\u00fablica j\u00e1 refletem nas estat\u00edsticas. Em Teresina, os \u00edndices de homic\u00eddios est\u00e3o em queda pelo quinto m\u00eas consecutivo. \u201cNa capital, a redu\u00e7\u00e3o est\u00e1 acima de 40%, quando comparamos julho e agosto deste ano com o ano passado&#8221;, acrescenta o gestor.<\/p>\n\n\n<div class=\"wp-block-image\">\n<figure class=\"aligncenter size-large is-resized\"><img decoding=\"async\" loading=\"lazy\" src=\"https:\/\/portal.pi.gov.br\/seres\/wp-content\/uploads\/sites\/87\/2023\/11\/WhatsApp-Image-2023-11-16-at-08.59.41-1024x768.jpeg\" alt=\"\" class=\"wp-image-1869\" width=\"433\" height=\"325\" srcset=\"https:\/\/portal.pi.gov.br\/seres\/wp-content\/uploads\/sites\/87\/2023\/11\/WhatsApp-Image-2023-11-16-at-08.59.41-1024x768.jpeg 1024w, https:\/\/portal.pi.gov.br\/seres\/wp-content\/uploads\/sites\/87\/2023\/11\/WhatsApp-Image-2023-11-16-at-08.59.41-300x225.jpeg 300w, https:\/\/portal.pi.gov.br\/seres\/wp-content\/uploads\/sites\/87\/2023\/11\/WhatsApp-Image-2023-11-16-at-08.59.41-768x576.jpeg 768w, https:\/\/portal.pi.gov.br\/seres\/wp-content\/uploads\/sites\/87\/2023\/11\/WhatsApp-Image-2023-11-16-at-08.59.41-420x315.jpeg 420w, https:\/\/portal.pi.gov.br\/seres\/wp-content\/uploads\/sites\/87\/2023\/11\/WhatsApp-Image-2023-11-16-at-08.59.41-540x405.jpeg 540w, https:\/\/portal.pi.gov.br\/seres\/wp-content\/uploads\/sites\/87\/2023\/11\/WhatsApp-Image-2023-11-16-at-08.59.41-780x585.jpeg 780w, https:\/\/portal.pi.gov.br\/seres\/wp-content\/uploads\/sites\/87\/2023\/11\/WhatsApp-Image-2023-11-16-at-08.59.41-1536x1152.jpeg 1536w, https:\/\/portal.pi.gov.br\/seres\/wp-content\/uploads\/sites\/87\/2023\/11\/WhatsApp-Image-2023-11-16-at-08.59.41-947x710.jpeg 947w, https:\/\/portal.pi.gov.br\/seres\/wp-content\/uploads\/sites\/87\/2023\/11\/WhatsApp-Image-2023-11-16-at-08.59.41-624x468.jpeg 624w, https:\/\/portal.pi.gov.br\/seres\/wp-content\/uploads\/sites\/87\/2023\/11\/WhatsApp-Image-2023-11-16-at-08.59.41.jpeg 1600w\" sizes=\"(max-width: 433px) 100vw, 433px\" \/><\/figure><\/div>\n\n\n<p>Para o coronel Scheiwann Lopes, comandante da Pol\u00edcia Militar (PM-PI), a materializa\u00e7\u00e3o desta unidade na zona Norte \u00e9 uma continua\u00e7\u00e3o do que j\u00e1 foi feito na Avenida Raul Lopes, que tamb\u00e9m ganhou uma Uisp. &#8220;Vamos refor\u00e7ar o policiamento de uma forma especial. \u00c9 a segunda, de uma s\u00e9rie de v\u00e1rias que estamos planejando. Essa unidade tem todo o servi\u00e7o da Pol\u00edcia Militar, al\u00e9m do Corpo de Bombeiros, por conta de que n\u00f3s temos aqui o encontro do Rio Poti e Parna\u00edba e as pessoas que fazem passeios de barco e jet ski. Ent\u00e3o, \u00e9 necess\u00e1ria a presen\u00e7a do Corpo de Bombeiros com o nosso policiamento fluvial&#8221;, destacou o militar.<\/p>\n\n\n<div class=\"wp-block-image\">\n<figure class=\"aligncenter size-large is-resized\"><img decoding=\"async\" loading=\"lazy\" src=\"https:\/\/portal.pi.gov.br\/seres\/wp-content\/uploads\/sites\/87\/2023\/11\/WhatsApp-Image-2023-11-16-at-09.08.18-1024x768.jpeg\" alt=\"\" class=\"wp-image-1866\" width=\"443\" height=\"332\" srcset=\"https:\/\/portal.pi.gov.br\/seres\/wp-content\/uploads\/sites\/87\/2023\/11\/WhatsApp-Image-2023-11-16-at-09.08.18-1024x768.jpeg 1024w, https:\/\/portal.pi.gov.br\/seres\/wp-content\/uploads\/sites\/87\/2023\/11\/WhatsApp-Image-2023-11-16-at-09.08.18-300x225.jpeg 300w, https:\/\/portal.pi.gov.br\/seres\/wp-content\/uploads\/sites\/87\/2023\/11\/WhatsApp-Image-2023-11-16-at-09.08.18-768x576.jpeg 768w, https:\/\/portal.pi.gov.br\/seres\/wp-content\/uploads\/sites\/87\/2023\/11\/WhatsApp-Image-2023-11-16-at-09.08.18-420x315.jpeg 420w, https:\/\/portal.pi.gov.br\/seres\/wp-content\/uploads\/sites\/87\/2023\/11\/WhatsApp-Image-2023-11-16-at-09.08.18-540x405.jpeg 540w, https:\/\/portal.pi.gov.br\/seres\/wp-content\/uploads\/sites\/87\/2023\/11\/WhatsApp-Image-2023-11-16-at-09.08.18-780x585.jpeg 780w, https:\/\/portal.pi.gov.br\/seres\/wp-content\/uploads\/sites\/87\/2023\/11\/WhatsApp-Image-2023-11-16-at-09.08.18-1536x1152.jpeg 1536w, https:\/\/portal.pi.gov.br\/seres\/wp-content\/uploads\/sites\/87\/2023\/11\/WhatsApp-Image-2023-11-16-at-09.08.18-947x710.jpeg 947w, https:\/\/portal.pi.gov.br\/seres\/wp-content\/uploads\/sites\/87\/2023\/11\/WhatsApp-Image-2023-11-16-at-09.08.18-624x468.jpeg 624w, https:\/\/portal.pi.gov.br\/seres\/wp-content\/uploads\/sites\/87\/2023\/11\/WhatsApp-Image-2023-11-16-at-09.08.18.jpeg 1600w\" sizes=\"(max-width: 443px) 100vw, 443px\" \/><\/figure><\/div>\n\n\n<p>O espa\u00e7o conta com ambientes climatizados, alojamento para os policiais, banheiro, copa, al\u00e9m de uma \u00e1rea de conviv\u00eancia, \u00e1rea cultural e estacionamento para viaturas. A obra foi executada pela Secretaria de Seguran\u00e7a P\u00fablica (SSP) e recebeu investimentos de R$ 390.000.<\/p>\n","protected":false},"excerpt":{"rendered":"<p>A secret\u00e1ria N\u00fabia Lopes e equipe de diretores da Seres acompanharam o governador Rafael Fonteles na inaugura\u00e7\u00e3o, nesta quinta-feira (16), da Unidade Integrada de Seguran\u00e7a P\u00fablica (Uisp) Encontro dos Rios, [&hellip;]<\/p>\n","protected":false},"author":1748,"featured_media":1876,"comment_status":"closed","ping_status":"closed","sticky":false,"template":"","format":"standard","meta":[],"categories":[34],"tags":[],"featured_image_urls":{"full":["https:\/\/portal.pi.gov.br\/seres\/wp-content\/uploads\/sites\/87\/2023\/11\/WhatsApp-Image-2023-11-16-at-12.06.39-scaled.jpeg",2560,1707,false],"thumbnail":["https:\/\/portal.pi.gov.br\/seres\/wp-content\/uploads\/sites\/87\/2023\/11\/WhatsApp-Image-2023-11-16-at-12.06.39-150x150.jpeg",150,150,true],"medium":["https:\/\/portal.pi.gov.br\/seres\/wp-content\/uploads\/sites\/87\/2023\/11\/WhatsApp-Image-2023-11-16-at-12.06.39-300x200.jpeg",300,200,true],"medium_large":["https:\/\/portal.pi.gov.br\/seres\/wp-content\/uploads\/sites\/87\/2023\/11\/WhatsApp-Image-2023-11-16-at-12.06.39-768x512.jpeg",768,512,true],"large":["https:\/\/portal.pi.gov.br\/seres\/wp-content\/uploads\/sites\/87\/2023\/11\/WhatsApp-Image-2023-11-16-at-12.06.39-1024x683.jpeg",887,592,true],"sgg-420":["https:\/\/portal.pi.gov.br\/seres\/wp-content\/uploads\/sites\/87\/2023\/11\/WhatsApp-Image-2023-11-16-at-12.06.39-420x280.jpeg",420,280,true],"sgg-540":["https:\/\/portal.pi.gov.br\/seres\/wp-content\/uploads\/sites\/87\/2023\/11\/WhatsApp-Image-2023-11-16-at-12.06.39-540x360.jpeg",540,360,true],"sgg-780":["https:\/\/portal.pi.gov.br\/seres\/wp-content\/uploads\/sites\/87\/2023\/11\/WhatsApp-Image-2023-11-16-at-12.06.39-780x520.jpeg",780,520,true],"1536x1536":["https:\/\/portal.pi.gov.br\/seres\/wp-content\/uploads\/sites\/87\/2023\/11\/WhatsApp-Image-2023-11-16-at-12.06.39-1536x1024.jpeg",1536,1024,true],"2048x2048":["https:\/\/portal.pi.gov.br\/seres\/wp-content\/uploads\/sites\/87\/2023\/11\/WhatsApp-Image-2023-11-16-at-12.06.39-2048x1366.jpeg",2048,1366,true],"homepage-slider":["https:\/\/portal.pi.gov.br\/seres\/wp-content\/uploads\/sites\/87\/2023\/11\/WhatsApp-Image-2023-11-16-at-12.06.39-1270x500.jpeg",1270,500,true],"homepage-slider-small":["https:\/\/portal.pi.gov.br\/seres\/wp-content\/uploads\/sites\/87\/2023\/11\/WhatsApp-Image-2023-11-16-at-12.06.39-947x500.jpeg",947,500,true],"page-top":["https:\/\/portal.pi.gov.br\/seres\/wp-content\/uploads\/sites\/87\/2023\/11\/WhatsApp-Image-2023-11-16-at-12.06.39-947x631.jpeg",947,631,true],"page-small":["https:\/\/portal.pi.gov.br\/seres\/wp-content\/uploads\/sites\/87\/2023\/11\/WhatsApp-Image-2023-11-16-at-12.06.39-624x416.jpeg",624,416,true],"loop-main":["https:\/\/portal.pi.gov.br\/seres\/wp-content\/uploads\/sites\/87\/2023\/11\/WhatsApp-Image-2023-11-16-at-12.06.39-365x240.jpeg",365,240,true],"thumb-gallery-widget":["https:\/\/portal.pi.gov.br\/seres\/wp-content\/uploads\/sites\/87\/2023\/11\/WhatsApp-Image-2023-11-16-at-12.06.39-84x56.jpeg",84,56,true]},"post_excerpt_stackable":"<p>A secret\u00e1ria N\u00fabia Lopes e equipe de diretores da Seres acompanharam o governador Rafael Fonteles na inaugura\u00e7\u00e3o, nesta quinta-feira (16), da Unidade Integrada de Seguran\u00e7a P\u00fablica (Uisp) Encontro dos Rios, instalada no Complexo Tur\u00edstico Cabe\u00e7a de Cuia, na zona norte de Teresina. O gestor garantiu que, em breve, ser\u00e1 inaugurada a Patrulha Cidad\u00e3 e destacou as a\u00e7\u00f5es para o refor\u00e7o na Seguran\u00e7a P\u00fablica em Teresina e em todo o estado. Rafael explicou que a integra\u00e7\u00e3o efetiva da Pol\u00edcia Militar, Pol\u00edcia Civil e Corpo de Bombeiros em locais de grande circula\u00e7\u00e3o facilita o atendimento \u00e0 popula\u00e7\u00e3o. &#8220;Em breve, vamos inaugurar a&hellip;<\/p>\n","category_list":"<a href=\"https:\/\/portal.pi.gov.br\/seres\/category\/noticias\/\" rel=\"category tag\">Not\u00edcias<\/a>","author_info":{"name":"natalina","url":"https:\/\/portal.pi.gov.br\/seres\/author\/natalina\/"},"comments_num":"0 coment\u00e1rio","featured_image_urls_v2":{"full":["https:\/\/portal.pi.gov.br\/seres\/wp-content\/uploads\/sites\/87\/2023\/11\/WhatsApp-Image-2023-11-16-at-12.06.39-scaled.jpeg",2560,1707,false],"thumbnail":["https:\/\/portal.pi.gov.br\/seres\/wp-content\/uploads\/sites\/87\/2023\/11\/WhatsApp-Image-2023-11-16-at-12.06.39-150x150.jpeg",150,150,true],"medium":["https:\/\/portal.pi.gov.br\/seres\/wp-content\/uploads\/sites\/87\/2023\/11\/WhatsApp-Image-2023-11-16-at-12.06.39-300x200.jpeg",300,200,true],"medium_large":["https:\/\/portal.pi.gov.br\/seres\/wp-content\/uploads\/sites\/87\/2023\/11\/WhatsApp-Image-2023-11-16-at-12.06.39-768x512.jpeg",768,512,true],"large":["https:\/\/portal.pi.gov.br\/seres\/wp-content\/uploads\/sites\/87\/2023\/11\/WhatsApp-Image-2023-11-16-at-12.06.39-1024x683.jpeg",887,592,true],"sgg-420":["https:\/\/portal.pi.gov.br\/seres\/wp-content\/uploads\/sites\/87\/2023\/11\/WhatsApp-Image-2023-11-16-at-12.06.39-420x280.jpeg",420,280,true],"sgg-540":["https:\/\/portal.pi.gov.br\/seres\/wp-content\/uploads\/sites\/87\/2023\/11\/WhatsApp-Image-2023-11-16-at-12.06.39-540x360.jpeg",540,360,true],"sgg-780":["https:\/\/portal.pi.gov.br\/seres\/wp-content\/uploads\/sites\/87\/2023\/11\/WhatsApp-Image-2023-11-16-at-12.06.39-780x520.jpeg",780,520,true],"1536x1536":["https:\/\/portal.pi.gov.br\/seres\/wp-content\/uploads\/sites\/87\/2023\/11\/WhatsApp-Image-2023-11-16-at-12.06.39-1536x1024.jpeg",1536,1024,true],"2048x2048":["https:\/\/portal.pi.gov.br\/seres\/wp-content\/uploads\/sites\/87\/2023\/11\/WhatsApp-Image-2023-11-16-at-12.06.39-2048x1366.jpeg",2048,1366,true],"homepage-slider":["https:\/\/portal.pi.gov.br\/seres\/wp-content\/uploads\/sites\/87\/2023\/11\/WhatsApp-Image-2023-11-16-at-12.06.39-1270x500.jpeg",1270,500,true],"homepage-slider-small":["https:\/\/portal.pi.gov.br\/seres\/wp-content\/uploads\/sites\/87\/2023\/11\/WhatsApp-Image-2023-11-16-at-12.06.39-947x500.jpeg",947,500,true],"page-top":["https:\/\/portal.pi.gov.br\/seres\/wp-content\/uploads\/sites\/87\/2023\/11\/WhatsApp-Image-2023-11-16-at-12.06.39-947x631.jpeg",947,631,true],"page-small":["https:\/\/portal.pi.gov.br\/seres\/wp-content\/uploads\/sites\/87\/2023\/11\/WhatsApp-Image-2023-11-16-at-12.06.39-624x416.jpeg",624,416,true],"loop-main":["https:\/\/portal.pi.gov.br\/seres\/wp-content\/uploads\/sites\/87\/2023\/11\/WhatsApp-Image-2023-11-16-at-12.06.39-365x240.jpeg",365,240,true],"thumb-gallery-widget":["https:\/\/portal.pi.gov.br\/seres\/wp-content\/uploads\/sites\/87\/2023\/11\/WhatsApp-Image-2023-11-16-at-12.06.39-84x56.jpeg",84,56,true]},"post_excerpt_stackable_v2":"<p>A secret\u00e1ria N\u00fabia Lopes e equipe de diretores da Seres acompanharam o governador Rafael Fonteles na inaugura\u00e7\u00e3o, nesta quinta-feira (16), da Unidade Integrada de Seguran\u00e7a P\u00fablica (Uisp) Encontro dos Rios, instalada no Complexo Tur\u00edstico Cabe\u00e7a de Cuia, na zona norte de Teresina. O gestor garantiu que, em breve, ser\u00e1 inaugurada a Patrulha Cidad\u00e3 e destacou as a\u00e7\u00f5es para o refor\u00e7o na Seguran\u00e7a P\u00fablica em Teresina e em todo o estado. Rafael explicou que a integra\u00e7\u00e3o efetiva da Pol\u00edcia Militar, Pol\u00edcia Civil e Corpo de Bombeiros em locais de grande circula\u00e7\u00e3o facilita o atendimento \u00e0 popula\u00e7\u00e3o. &#8220;Em breve, vamos inaugurar a&hellip;<\/p>\n","category_list_v2":"<a href=\"https:\/\/portal.pi.gov.br\/seres\/category\/noticias\/\" rel=\"category tag\">Not\u00edcias<\/a>","author_info_v2":{"name":"natalina","url":"https:\/\/portal.pi.gov.br\/seres\/author\/natalina\/"},"comments_num_v2":"0 coment\u00e1rio","jetpack_featured_media_url":"https:\/\/portal.pi.gov.br\/seres\/wp-content\/uploads\/sites\/87\/2023\/11\/WhatsApp-Image-2023-11-16-at-12.06.39-scaled.jpeg","_links":{"self":[{"href":"https:\/\/portal.pi.gov.br\/seres\/wp-json\/wp\/v2\/posts\/1865"}],"collection":[{"href":"https:\/\/portal.pi.gov.br\/seres\/wp-json\/wp\/v2\/posts"}],"about":[{"href":"https:\/\/portal.pi.gov.br\/seres\/wp-json\/wp\/v2\/types\/post"}],"author":[{"embeddable":true,"href":"https:\/\/portal.pi.gov.br\/seres\/wp-json\/wp\/v2\/users\/1748"}],"replies":[{"embeddable":true,"href":"https:\/\/portal.pi.gov.br\/seres\/wp-json\/wp\/v2\/comments?post=1865"}],"version-history":[{"count":7,"href":"https:\/\/portal.pi.gov.br\/seres\/wp-json\/wp\/v2\/posts\/1865\/revisions"}],"predecessor-version":[{"id":1883,"href":"https:\/\/portal.pi.gov.br\/seres\/wp-json\/wp\/v2\/posts\/1865\/revisions\/1883"}],"wp:featuredmedia":[{"embeddable":true,"href":"https:\/\/portal.pi.gov.br\/seres\/wp-json\/wp\/v2\/media\/1876"}],"wp:attachment":[{"href":"https:\/\/portal.pi.gov.br\/seres\/wp-json\/wp\/v2\/media?parent=1865"}],"wp:term":[{"taxonomy":"category","embeddable":true,"href":"https:\/\/portal.pi.gov.br\/seres\/wp-json\/wp\/v2\/categories?post=1865"},{"taxonomy":"post_tag","embeddable":true,"href":"https:\/\/portal.pi.gov.br\/seres\/wp-json\/wp\/v2\/tags?post=1865"}],"curies":[{"name":"wp","href":"https:\/\/api.w.org\/{rel}","templated":true}]}}