{"id":1884,"date":"2023-11-20T14:13:03","date_gmt":"2023-11-20T17:13:03","guid":{"rendered":"https:\/\/portal.pi.gov.br\/seres\/?p=1884"},"modified":"2023-12-04T13:16:11","modified_gmt":"2023-12-04T16:16:11","slug":"seres-apoia-a-realizacao-da-exposicao-fotografica-trindade-vive-que-esta-aberta-ao-publico-de-20-e-24-de-novembro-no-karnak","status":"publish","type":"post","link":"https:\/\/portal.pi.gov.br\/seres\/2023\/11\/20\/seres-apoia-a-realizacao-da-exposicao-fotografica-trindade-vive-que-esta-aberta-ao-publico-de-20-e-24-de-novembro-no-karnak\/","title":{"rendered":"Seres apoia a realiza\u00e7\u00e3o da Exposi\u00e7\u00e3o Fotogr\u00e1fica Trindade Vive, que est\u00e1 aberta ao p\u00fablico de 20 e 24 de novembro, no Karnak.\u00a0"},"content":{"rendered":"\n<p>A secret\u00e1ria N\u00fabia Lopes fez parte da mesa de honra na solenidade de abertura da Exposi\u00e7\u00e3o Fotogr\u00e1fica Trindade Vive, na manh\u00e3 desta segunda-feira (20), no Pal\u00e1cio de Karnak. Um destaque para a celebra\u00e7\u00e3o do Dia da Consci\u00eancia&nbsp; Negra, a mostra fotogr\u00e1fica \u00e9 aberta ao p\u00fablico e segue at\u00e9 o dia 24, das 8 \u00e0s 18h.<\/p>\n\n\n<div class=\"wp-block-image\">\n<figure class=\"aligncenter size-large is-resized\"><img decoding=\"async\" loading=\"lazy\" src=\"https:\/\/portal.pi.gov.br\/seres\/wp-content\/uploads\/sites\/87\/2023\/11\/WhatsApp-Image-2023-11-20-at-10.28.13-1024x768.jpeg\" alt=\"\" class=\"wp-image-1890\" width=\"426\" height=\"320\" srcset=\"https:\/\/portal.pi.gov.br\/seres\/wp-content\/uploads\/sites\/87\/2023\/11\/WhatsApp-Image-2023-11-20-at-10.28.13-1024x768.jpeg 1024w, https:\/\/portal.pi.gov.br\/seres\/wp-content\/uploads\/sites\/87\/2023\/11\/WhatsApp-Image-2023-11-20-at-10.28.13-300x225.jpeg 300w, https:\/\/portal.pi.gov.br\/seres\/wp-content\/uploads\/sites\/87\/2023\/11\/WhatsApp-Image-2023-11-20-at-10.28.13-768x576.jpeg 768w, https:\/\/portal.pi.gov.br\/seres\/wp-content\/uploads\/sites\/87\/2023\/11\/WhatsApp-Image-2023-11-20-at-10.28.13-420x315.jpeg 420w, https:\/\/portal.pi.gov.br\/seres\/wp-content\/uploads\/sites\/87\/2023\/11\/WhatsApp-Image-2023-11-20-at-10.28.13-540x405.jpeg 540w, https:\/\/portal.pi.gov.br\/seres\/wp-content\/uploads\/sites\/87\/2023\/11\/WhatsApp-Image-2023-11-20-at-10.28.13-780x585.jpeg 780w, https:\/\/portal.pi.gov.br\/seres\/wp-content\/uploads\/sites\/87\/2023\/11\/WhatsApp-Image-2023-11-20-at-10.28.13-1536x1152.jpeg 1536w, https:\/\/portal.pi.gov.br\/seres\/wp-content\/uploads\/sites\/87\/2023\/11\/WhatsApp-Image-2023-11-20-at-10.28.13-947x710.jpeg 947w, https:\/\/portal.pi.gov.br\/seres\/wp-content\/uploads\/sites\/87\/2023\/11\/WhatsApp-Image-2023-11-20-at-10.28.13-624x468.jpeg 624w, https:\/\/portal.pi.gov.br\/seres\/wp-content\/uploads\/sites\/87\/2023\/11\/WhatsApp-Image-2023-11-20-at-10.28.13.jpeg 1600w\" sizes=\"(max-width: 426px) 100vw, 426px\" \/><\/figure><\/div>\n\n\n<p>No Piau\u00ed, Francisca Trindade iniciou a sua trajet\u00f3ria de luta com atua\u00e7\u00e3o em movimentos comunit\u00e1rios e da juventude, representando, muitas vezes, o estado nacionalmente. Em seguida, foi vereadora da capital Teresina e, posteriormente, deputada estadual e federal pelo Piau\u00ed.<\/p>\n\n\n<div class=\"wp-block-image\">\n<figure class=\"aligncenter size-large is-resized\"><img decoding=\"async\" loading=\"lazy\" src=\"https:\/\/portal.pi.gov.br\/seres\/wp-content\/uploads\/sites\/87\/2023\/11\/WhatsApp-Image-2023-11-20-at-10.52.16-1024x768.jpeg\" alt=\"\" class=\"wp-image-1888\" width=\"432\" height=\"324\" srcset=\"https:\/\/portal.pi.gov.br\/seres\/wp-content\/uploads\/sites\/87\/2023\/11\/WhatsApp-Image-2023-11-20-at-10.52.16-1024x768.jpeg 1024w, https:\/\/portal.pi.gov.br\/seres\/wp-content\/uploads\/sites\/87\/2023\/11\/WhatsApp-Image-2023-11-20-at-10.52.16-300x225.jpeg 300w, https:\/\/portal.pi.gov.br\/seres\/wp-content\/uploads\/sites\/87\/2023\/11\/WhatsApp-Image-2023-11-20-at-10.52.16-768x576.jpeg 768w, https:\/\/portal.pi.gov.br\/seres\/wp-content\/uploads\/sites\/87\/2023\/11\/WhatsApp-Image-2023-11-20-at-10.52.16-420x315.jpeg 420w, https:\/\/portal.pi.gov.br\/seres\/wp-content\/uploads\/sites\/87\/2023\/11\/WhatsApp-Image-2023-11-20-at-10.52.16-540x405.jpeg 540w, https:\/\/portal.pi.gov.br\/seres\/wp-content\/uploads\/sites\/87\/2023\/11\/WhatsApp-Image-2023-11-20-at-10.52.16-780x585.jpeg 780w, https:\/\/portal.pi.gov.br\/seres\/wp-content\/uploads\/sites\/87\/2023\/11\/WhatsApp-Image-2023-11-20-at-10.52.16-947x710.jpeg 947w, https:\/\/portal.pi.gov.br\/seres\/wp-content\/uploads\/sites\/87\/2023\/11\/WhatsApp-Image-2023-11-20-at-10.52.16-624x468.jpeg 624w, https:\/\/portal.pi.gov.br\/seres\/wp-content\/uploads\/sites\/87\/2023\/11\/WhatsApp-Image-2023-11-20-at-10.52.16.jpeg 1280w\" sizes=\"(max-width: 432px) 100vw, 432px\" \/><\/figure><\/div>\n\n\n<p>Durante a solenidade de abertura, muitas homenagens de amigos e familiares foram prestadas, al\u00e9m de apresenta\u00e7\u00f5es art\u00edsticas. O governador em exerc\u00edcio, Them\u00edstocles Filho, exaltou a import\u00e2ncia de Francisca Trindade na luta por justi\u00e7a e igualdade no Piau\u00ed. &#8220;Uma exposi\u00e7\u00e3o linda e importante para manter o seu legado vivo&#8221;, disse o gestor.<\/p>\n\n\n<div class=\"wp-block-image\">\n<figure class=\"aligncenter size-large is-resized\"><img decoding=\"async\" loading=\"lazy\" src=\"https:\/\/portal.pi.gov.br\/seres\/wp-content\/uploads\/sites\/87\/2023\/11\/WhatsApp-Image-2023-11-20-at-10.48.21-1024x768.jpeg\" alt=\"\" class=\"wp-image-1889\" width=\"440\" height=\"330\" srcset=\"https:\/\/portal.pi.gov.br\/seres\/wp-content\/uploads\/sites\/87\/2023\/11\/WhatsApp-Image-2023-11-20-at-10.48.21-1024x768.jpeg 1024w, https:\/\/portal.pi.gov.br\/seres\/wp-content\/uploads\/sites\/87\/2023\/11\/WhatsApp-Image-2023-11-20-at-10.48.21-300x225.jpeg 300w, https:\/\/portal.pi.gov.br\/seres\/wp-content\/uploads\/sites\/87\/2023\/11\/WhatsApp-Image-2023-11-20-at-10.48.21-768x576.jpeg 768w, https:\/\/portal.pi.gov.br\/seres\/wp-content\/uploads\/sites\/87\/2023\/11\/WhatsApp-Image-2023-11-20-at-10.48.21-420x315.jpeg 420w, https:\/\/portal.pi.gov.br\/seres\/wp-content\/uploads\/sites\/87\/2023\/11\/WhatsApp-Image-2023-11-20-at-10.48.21-540x405.jpeg 540w, https:\/\/portal.pi.gov.br\/seres\/wp-content\/uploads\/sites\/87\/2023\/11\/WhatsApp-Image-2023-11-20-at-10.48.21-780x585.jpeg 780w, https:\/\/portal.pi.gov.br\/seres\/wp-content\/uploads\/sites\/87\/2023\/11\/WhatsApp-Image-2023-11-20-at-10.48.21-947x710.jpeg 947w, https:\/\/portal.pi.gov.br\/seres\/wp-content\/uploads\/sites\/87\/2023\/11\/WhatsApp-Image-2023-11-20-at-10.48.21-624x468.jpeg 624w, https:\/\/portal.pi.gov.br\/seres\/wp-content\/uploads\/sites\/87\/2023\/11\/WhatsApp-Image-2023-11-20-at-10.48.21.jpeg 1280w\" sizes=\"(max-width: 440px) 100vw, 440px\" \/><\/figure><\/div>\n\n\n<p>A exposi\u00e7\u00e3o tem curadoria da fot\u00f3grafa Margareth Leite e apresenta registros que resgatam a luta da ex-deputada e contam a sua hist\u00f3ria, desde os movimentos sociais at\u00e9 o mandato de deputada federal. Trindade dedicou sua vida na busca de cidadania para a popula\u00e7\u00e3o mais vulner\u00e1vel. Ela morreu no dia 26 de junho de 2003, v\u00edtima de um aneurisma.<\/p>\n\n\n<div class=\"wp-block-image\">\n<figure class=\"aligncenter size-large is-resized\"><img decoding=\"async\" loading=\"lazy\" src=\"https:\/\/portal.pi.gov.br\/seres\/wp-content\/uploads\/sites\/87\/2023\/11\/WhatsApp-Image-2023-11-20-at-13.20.03-1024x768.jpeg\" alt=\"\" class=\"wp-image-1887\" width=\"443\" height=\"332\" srcset=\"https:\/\/portal.pi.gov.br\/seres\/wp-content\/uploads\/sites\/87\/2023\/11\/WhatsApp-Image-2023-11-20-at-13.20.03-1024x768.jpeg 1024w, https:\/\/portal.pi.gov.br\/seres\/wp-content\/uploads\/sites\/87\/2023\/11\/WhatsApp-Image-2023-11-20-at-13.20.03-300x225.jpeg 300w, https:\/\/portal.pi.gov.br\/seres\/wp-content\/uploads\/sites\/87\/2023\/11\/WhatsApp-Image-2023-11-20-at-13.20.03-768x576.jpeg 768w, https:\/\/portal.pi.gov.br\/seres\/wp-content\/uploads\/sites\/87\/2023\/11\/WhatsApp-Image-2023-11-20-at-13.20.03-420x315.jpeg 420w, https:\/\/portal.pi.gov.br\/seres\/wp-content\/uploads\/sites\/87\/2023\/11\/WhatsApp-Image-2023-11-20-at-13.20.03-540x405.jpeg 540w, https:\/\/portal.pi.gov.br\/seres\/wp-content\/uploads\/sites\/87\/2023\/11\/WhatsApp-Image-2023-11-20-at-13.20.03-780x585.jpeg 780w, https:\/\/portal.pi.gov.br\/seres\/wp-content\/uploads\/sites\/87\/2023\/11\/WhatsApp-Image-2023-11-20-at-13.20.03-947x710.jpeg 947w, https:\/\/portal.pi.gov.br\/seres\/wp-content\/uploads\/sites\/87\/2023\/11\/WhatsApp-Image-2023-11-20-at-13.20.03-624x468.jpeg 624w, https:\/\/portal.pi.gov.br\/seres\/wp-content\/uploads\/sites\/87\/2023\/11\/WhatsApp-Image-2023-11-20-at-13.20.03.jpeg 1280w\" sizes=\"(max-width: 443px) 100vw, 443px\" \/><\/figure><\/div>\n\n\n<p>A m\u00e3e de Trindade L\u00eddia Maria da Trindade, seus irm\u00e3os Marli, Nazar\u00e9 e Manoel, o vi\u00favo da ex. deputada vereador Edilberto Borges (Dudu), amigos, lideran\u00e7as de movimentos negros, de mulheres e sindicais ocuparam o espa\u00e7o para homenagens. . Para a secret\u00e1ria das Rela\u00e7\u00f5es Sociais, N\u00fabia Lopes, \u201cTrindade est\u00e1 presente em cada mulher, principalmente nas mulheres negras desse estado, que se inspiram para poder continuar a luta pela igualdade de direitos\u201d, afirmou.<\/p>\n\n\n<div class=\"wp-block-image\">\n<figure class=\"aligncenter size-large is-resized\"><img decoding=\"async\" loading=\"lazy\" src=\"https:\/\/portal.pi.gov.br\/seres\/wp-content\/uploads\/sites\/87\/2023\/11\/WhatsApp-Image-2023-11-20-at-13.21.35-1024x682.jpeg\" alt=\"\" class=\"wp-image-1886\" width=\"445\" height=\"296\" srcset=\"https:\/\/portal.pi.gov.br\/seres\/wp-content\/uploads\/sites\/87\/2023\/11\/WhatsApp-Image-2023-11-20-at-13.21.35-1024x682.jpeg 1024w, https:\/\/portal.pi.gov.br\/seres\/wp-content\/uploads\/sites\/87\/2023\/11\/WhatsApp-Image-2023-11-20-at-13.21.35-300x200.jpeg 300w, https:\/\/portal.pi.gov.br\/seres\/wp-content\/uploads\/sites\/87\/2023\/11\/WhatsApp-Image-2023-11-20-at-13.21.35-768x512.jpeg 768w, https:\/\/portal.pi.gov.br\/seres\/wp-content\/uploads\/sites\/87\/2023\/11\/WhatsApp-Image-2023-11-20-at-13.21.35-420x280.jpeg 420w, https:\/\/portal.pi.gov.br\/seres\/wp-content\/uploads\/sites\/87\/2023\/11\/WhatsApp-Image-2023-11-20-at-13.21.35-540x360.jpeg 540w, https:\/\/portal.pi.gov.br\/seres\/wp-content\/uploads\/sites\/87\/2023\/11\/WhatsApp-Image-2023-11-20-at-13.21.35-780x520.jpeg 780w, https:\/\/portal.pi.gov.br\/seres\/wp-content\/uploads\/sites\/87\/2023\/11\/WhatsApp-Image-2023-11-20-at-13.21.35-1536x1023.jpeg 1536w, https:\/\/portal.pi.gov.br\/seres\/wp-content\/uploads\/sites\/87\/2023\/11\/WhatsApp-Image-2023-11-20-at-13.21.35-947x631.jpeg 947w, https:\/\/portal.pi.gov.br\/seres\/wp-content\/uploads\/sites\/87\/2023\/11\/WhatsApp-Image-2023-11-20-at-13.21.35-624x416.jpeg 624w, https:\/\/portal.pi.gov.br\/seres\/wp-content\/uploads\/sites\/87\/2023\/11\/WhatsApp-Image-2023-11-20-at-13.21.35-84x56.jpeg 84w, https:\/\/portal.pi.gov.br\/seres\/wp-content\/uploads\/sites\/87\/2023\/11\/WhatsApp-Image-2023-11-20-at-13.21.35.jpeg 1600w\" sizes=\"(max-width: 445px) 100vw, 445px\" \/><\/figure><\/div>\n\n\n<p>L\u00facia Ara\u00fajo, uma das organizadoras da exposi\u00e7\u00e3o, ressaltou que a exposi\u00e7\u00e3o marca os 20 anos de falecimento de Trindade. \u201cFomos aos v\u00e1rios espa\u00e7os de conviv\u00eancia dela, nas duas casas parlamentares, nos sindicatos do movimento popular e buscamos, tamb\u00e9m, junto \u00e0 fam\u00edlia o material que expomos hoje, pois quer\u00edamos a maior diversidade poss\u00edvel de fotos. Nossa inspira\u00e7\u00e3o foi colocar em evid\u00eancia uma mem\u00f3ria t\u00e3o boa como a de Trindade\u201d.<\/p>\n","protected":false},"excerpt":{"rendered":"<p>A secret\u00e1ria N\u00fabia Lopes fez parte da mesa de honra na solenidade de abertura da Exposi\u00e7\u00e3o Fotogr\u00e1fica Trindade Vive, na manh\u00e3 desta segunda-feira (20), no Pal\u00e1cio de Karnak. Um destaque [&hellip;]<\/p>\n","protected":false},"author":1748,"featured_media":1888,"comment_status":"closed","ping_status":"closed","sticky":false,"template":"","format":"standard","meta":[],"categories":[34],"tags":[47,41],"featured_image_urls":{"full":["https:\/\/portal.pi.gov.br\/seres\/wp-content\/uploads\/sites\/87\/2023\/11\/WhatsApp-Image-2023-11-20-at-10.52.16.jpeg",1280,960,false],"thumbnail":["https:\/\/portal.pi.gov.br\/seres\/wp-content\/uploads\/sites\/87\/2023\/11\/WhatsApp-Image-2023-11-20-at-10.52.16-150x150.jpeg",150,150,true],"medium":["https:\/\/portal.pi.gov.br\/seres\/wp-content\/uploads\/sites\/87\/2023\/11\/WhatsApp-Image-2023-11-20-at-10.52.16-300x225.jpeg",300,225,true],"medium_large":["https:\/\/portal.pi.gov.br\/seres\/wp-content\/uploads\/sites\/87\/2023\/11\/WhatsApp-Image-2023-11-20-at-10.52.16-768x576.jpeg",768,576,true],"large":["https:\/\/portal.pi.gov.br\/seres\/wp-content\/uploads\/sites\/87\/2023\/11\/WhatsApp-Image-2023-11-20-at-10.52.16-1024x768.jpeg",887,665,true],"sgg-420":["https:\/\/portal.pi.gov.br\/seres\/wp-content\/uploads\/sites\/87\/2023\/11\/WhatsApp-Image-2023-11-20-at-10.52.16-420x315.jpeg",420,315,true],"sgg-540":["https:\/\/portal.pi.gov.br\/seres\/wp-content\/uploads\/sites\/87\/2023\/11\/WhatsApp-Image-2023-11-20-at-10.52.16-540x405.jpeg",540,405,true],"sgg-780":["https:\/\/portal.pi.gov.br\/seres\/wp-content\/uploads\/sites\/87\/2023\/11\/WhatsApp-Image-2023-11-20-at-10.52.16-780x585.jpeg",780,585,true],"1536x1536":["https:\/\/portal.pi.gov.br\/seres\/wp-content\/uploads\/sites\/87\/2023\/11\/WhatsApp-Image-2023-11-20-at-10.52.16.jpeg",1280,960,false],"2048x2048":["https:\/\/portal.pi.gov.br\/seres\/wp-content\/uploads\/sites\/87\/2023\/11\/WhatsApp-Image-2023-11-20-at-10.52.16.jpeg",1280,960,false],"homepage-slider":["https:\/\/portal.pi.gov.br\/seres\/wp-content\/uploads\/sites\/87\/2023\/11\/WhatsApp-Image-2023-11-20-at-10.52.16-1270x500.jpeg",1270,500,true],"homepage-slider-small":["https:\/\/portal.pi.gov.br\/seres\/wp-content\/uploads\/sites\/87\/2023\/11\/WhatsApp-Image-2023-11-20-at-10.52.16-947x500.jpeg",947,500,true],"page-top":["https:\/\/portal.pi.gov.br\/seres\/wp-content\/uploads\/sites\/87\/2023\/11\/WhatsApp-Image-2023-11-20-at-10.52.16-947x710.jpeg",947,710,true],"page-small":["https:\/\/portal.pi.gov.br\/seres\/wp-content\/uploads\/sites\/87\/2023\/11\/WhatsApp-Image-2023-11-20-at-10.52.16-624x468.jpeg",624,468,true],"loop-main":["https:\/\/portal.pi.gov.br\/seres\/wp-content\/uploads\/sites\/87\/2023\/11\/WhatsApp-Image-2023-11-20-at-10.52.16-365x240.jpeg",365,240,true],"thumb-gallery-widget":["https:\/\/portal.pi.gov.br\/seres\/wp-content\/uploads\/sites\/87\/2023\/11\/WhatsApp-Image-2023-11-20-at-10.52.16-84x56.jpeg",84,56,true]},"post_excerpt_stackable":"<p>A secret\u00e1ria N\u00fabia Lopes fez parte da mesa de honra na solenidade de abertura da Exposi\u00e7\u00e3o Fotogr\u00e1fica Trindade Vive, na manh\u00e3 desta segunda-feira (20), no Pal\u00e1cio de Karnak. Um destaque para a celebra\u00e7\u00e3o do Dia da Consci\u00eancia&nbsp; Negra, a mostra fotogr\u00e1fica \u00e9 aberta ao p\u00fablico e segue at\u00e9 o dia 24, das 8 \u00e0s 18h. No Piau\u00ed, Francisca Trindade iniciou a sua trajet\u00f3ria de luta com atua\u00e7\u00e3o em movimentos comunit\u00e1rios e da juventude, representando, muitas vezes, o estado nacionalmente. Em seguida, foi vereadora da capital Teresina e, posteriormente, deputada estadual e federal pelo Piau\u00ed. Durante a solenidade de abertura, muitas&hellip;<\/p>\n","category_list":"<a href=\"https:\/\/portal.pi.gov.br\/seres\/category\/noticias\/\" rel=\"category tag\">Not\u00edcias<\/a>","author_info":{"name":"natalina","url":"https:\/\/portal.pi.gov.br\/seres\/author\/natalina\/"},"comments_num":"0 coment\u00e1rio","featured_image_urls_v2":{"full":["https:\/\/portal.pi.gov.br\/seres\/wp-content\/uploads\/sites\/87\/2023\/11\/WhatsApp-Image-2023-11-20-at-10.52.16.jpeg",1280,960,false],"thumbnail":["https:\/\/portal.pi.gov.br\/seres\/wp-content\/uploads\/sites\/87\/2023\/11\/WhatsApp-Image-2023-11-20-at-10.52.16-150x150.jpeg",150,150,true],"medium":["https:\/\/portal.pi.gov.br\/seres\/wp-content\/uploads\/sites\/87\/2023\/11\/WhatsApp-Image-2023-11-20-at-10.52.16-300x225.jpeg",300,225,true],"medium_large":["https:\/\/portal.pi.gov.br\/seres\/wp-content\/uploads\/sites\/87\/2023\/11\/WhatsApp-Image-2023-11-20-at-10.52.16-768x576.jpeg",768,576,true],"large":["https:\/\/portal.pi.gov.br\/seres\/wp-content\/uploads\/sites\/87\/2023\/11\/WhatsApp-Image-2023-11-20-at-10.52.16-1024x768.jpeg",887,665,true],"sgg-420":["https:\/\/portal.pi.gov.br\/seres\/wp-content\/uploads\/sites\/87\/2023\/11\/WhatsApp-Image-2023-11-20-at-10.52.16-420x315.jpeg",420,315,true],"sgg-540":["https:\/\/portal.pi.gov.br\/seres\/wp-content\/uploads\/sites\/87\/2023\/11\/WhatsApp-Image-2023-11-20-at-10.52.16-540x405.jpeg",540,405,true],"sgg-780":["https:\/\/portal.pi.gov.br\/seres\/wp-content\/uploads\/sites\/87\/2023\/11\/WhatsApp-Image-2023-11-20-at-10.52.16-780x585.jpeg",780,585,true],"1536x1536":["https:\/\/portal.pi.gov.br\/seres\/wp-content\/uploads\/sites\/87\/2023\/11\/WhatsApp-Image-2023-11-20-at-10.52.16.jpeg",1280,960,false],"2048x2048":["https:\/\/portal.pi.gov.br\/seres\/wp-content\/uploads\/sites\/87\/2023\/11\/WhatsApp-Image-2023-11-20-at-10.52.16.jpeg",1280,960,false],"homepage-slider":["https:\/\/portal.pi.gov.br\/seres\/wp-content\/uploads\/sites\/87\/2023\/11\/WhatsApp-Image-2023-11-20-at-10.52.16-1270x500.jpeg",1270,500,true],"homepage-slider-small":["https:\/\/portal.pi.gov.br\/seres\/wp-content\/uploads\/sites\/87\/2023\/11\/WhatsApp-Image-2023-11-20-at-10.52.16-947x500.jpeg",947,500,true],"page-top":["https:\/\/portal.pi.gov.br\/seres\/wp-content\/uploads\/sites\/87\/2023\/11\/WhatsApp-Image-2023-11-20-at-10.52.16-947x710.jpeg",947,710,true],"page-small":["https:\/\/portal.pi.gov.br\/seres\/wp-content\/uploads\/sites\/87\/2023\/11\/WhatsApp-Image-2023-11-20-at-10.52.16-624x468.jpeg",624,468,true],"loop-main":["https:\/\/portal.pi.gov.br\/seres\/wp-content\/uploads\/sites\/87\/2023\/11\/WhatsApp-Image-2023-11-20-at-10.52.16-365x240.jpeg",365,240,true],"thumb-gallery-widget":["https:\/\/portal.pi.gov.br\/seres\/wp-content\/uploads\/sites\/87\/2023\/11\/WhatsApp-Image-2023-11-20-at-10.52.16-84x56.jpeg",84,56,true]},"post_excerpt_stackable_v2":"<p>A secret\u00e1ria N\u00fabia Lopes fez parte da mesa de honra na solenidade de abertura da Exposi\u00e7\u00e3o Fotogr\u00e1fica Trindade Vive, na manh\u00e3 desta segunda-feira (20), no Pal\u00e1cio de Karnak. Um destaque para a celebra\u00e7\u00e3o do Dia da Consci\u00eancia&nbsp; Negra, a mostra fotogr\u00e1fica \u00e9 aberta ao p\u00fablico e segue at\u00e9 o dia 24, das 8 \u00e0s 18h. No Piau\u00ed, Francisca Trindade iniciou a sua trajet\u00f3ria de luta com atua\u00e7\u00e3o em movimentos comunit\u00e1rios e da juventude, representando, muitas vezes, o estado nacionalmente. Em seguida, foi vereadora da capital Teresina e, posteriormente, deputada estadual e federal pelo Piau\u00ed. Durante a solenidade de abertura, muitas&hellip;<\/p>\n","category_list_v2":"<a href=\"https:\/\/portal.pi.gov.br\/seres\/category\/noticias\/\" rel=\"category tag\">Not\u00edcias<\/a>","author_info_v2":{"name":"natalina","url":"https:\/\/portal.pi.gov.br\/seres\/author\/natalina\/"},"comments_num_v2":"0 coment\u00e1rio","jetpack_featured_media_url":"https:\/\/portal.pi.gov.br\/seres\/wp-content\/uploads\/sites\/87\/2023\/11\/WhatsApp-Image-2023-11-20-at-10.52.16.jpeg","_links":{"self":[{"href":"https:\/\/portal.pi.gov.br\/seres\/wp-json\/wp\/v2\/posts\/1884"}],"collection":[{"href":"https:\/\/portal.pi.gov.br\/seres\/wp-json\/wp\/v2\/posts"}],"about":[{"href":"https:\/\/portal.pi.gov.br\/seres\/wp-json\/wp\/v2\/types\/post"}],"author":[{"embeddable":true,"href":"https:\/\/portal.pi.gov.br\/seres\/wp-json\/wp\/v2\/users\/1748"}],"replies":[{"embeddable":true,"href":"https:\/\/portal.pi.gov.br\/seres\/wp-json\/wp\/v2\/comments?post=1884"}],"version-history":[{"count":2,"href":"https:\/\/portal.pi.gov.br\/seres\/wp-json\/wp\/v2\/posts\/1884\/revisions"}],"predecessor-version":[{"id":1926,"href":"https:\/\/portal.pi.gov.br\/seres\/wp-json\/wp\/v2\/posts\/1884\/revisions\/1926"}],"wp:featuredmedia":[{"embeddable":true,"href":"https:\/\/portal.pi.gov.br\/seres\/wp-json\/wp\/v2\/media\/1888"}],"wp:attachment":[{"href":"https:\/\/portal.pi.gov.br\/seres\/wp-json\/wp\/v2\/media?parent=1884"}],"wp:term":[{"taxonomy":"category","embeddable":true,"href":"https:\/\/portal.pi.gov.br\/seres\/wp-json\/wp\/v2\/categories?post=1884"},{"taxonomy":"post_tag","embeddable":true,"href":"https:\/\/portal.pi.gov.br\/seres\/wp-json\/wp\/v2\/tags?post=1884"}],"curies":[{"name":"wp","href":"https:\/\/api.w.org\/{rel}","templated":true}]}}