{"id":1893,"date":"2023-11-26T11:27:19","date_gmt":"2023-11-26T14:27:19","guid":{"rendered":"https:\/\/portal.pi.gov.br\/seres\/?p=1893"},"modified":"2023-11-27T11:31:53","modified_gmt":"2023-11-27T14:31:53","slug":"seres-participa-do-v-festival-quilombola-de-piripiri","status":"publish","type":"post","link":"https:\/\/portal.pi.gov.br\/seres\/2023\/11\/26\/seres-participa-do-v-festival-quilombola-de-piripiri\/","title":{"rendered":"Seres participa do V Festival Quilombola de Piripiri"},"content":{"rendered":"\n<p>S\u00e1bado (25), no Quilombo Marinheiro, h\u00e1 30km de Piripiri, foi realizado o V Festival Quilombola do munic\u00edpio, organizado pelos quilombos Marinheiro, Sussuarana e Vaquejador, com o tema \u201cLuta e Cultura no Quilombo\u201d. A secret\u00e1ria de Estado das Rela\u00e7\u00f5es Sociais (Seres), N\u00fabia Lopes, e o diretor de Rela\u00e7\u00f5es Sociais e Populares da Seres, Claudimir Vieira Gularte, prestigiaram o evento.<\/p>\n\n\n<div class=\"wp-block-image\">\n<figure class=\"aligncenter size-large is-resized\"><img decoding=\"async\" loading=\"lazy\" src=\"https:\/\/portal.pi.gov.br\/seres\/wp-content\/uploads\/sites\/87\/2023\/11\/WhatsApp-Image-2023-11-25-at-16.25.23-1024x768.jpeg\" alt=\"\" class=\"wp-image-1898\" width=\"480\" height=\"360\" srcset=\"https:\/\/portal.pi.gov.br\/seres\/wp-content\/uploads\/sites\/87\/2023\/11\/WhatsApp-Image-2023-11-25-at-16.25.23-1024x768.jpeg 1024w, https:\/\/portal.pi.gov.br\/seres\/wp-content\/uploads\/sites\/87\/2023\/11\/WhatsApp-Image-2023-11-25-at-16.25.23-300x225.jpeg 300w, https:\/\/portal.pi.gov.br\/seres\/wp-content\/uploads\/sites\/87\/2023\/11\/WhatsApp-Image-2023-11-25-at-16.25.23-768x576.jpeg 768w, https:\/\/portal.pi.gov.br\/seres\/wp-content\/uploads\/sites\/87\/2023\/11\/WhatsApp-Image-2023-11-25-at-16.25.23-420x315.jpeg 420w, https:\/\/portal.pi.gov.br\/seres\/wp-content\/uploads\/sites\/87\/2023\/11\/WhatsApp-Image-2023-11-25-at-16.25.23-540x405.jpeg 540w, https:\/\/portal.pi.gov.br\/seres\/wp-content\/uploads\/sites\/87\/2023\/11\/WhatsApp-Image-2023-11-25-at-16.25.23-780x585.jpeg 780w, https:\/\/portal.pi.gov.br\/seres\/wp-content\/uploads\/sites\/87\/2023\/11\/WhatsApp-Image-2023-11-25-at-16.25.23-1536x1152.jpeg 1536w, https:\/\/portal.pi.gov.br\/seres\/wp-content\/uploads\/sites\/87\/2023\/11\/WhatsApp-Image-2023-11-25-at-16.25.23-947x710.jpeg 947w, https:\/\/portal.pi.gov.br\/seres\/wp-content\/uploads\/sites\/87\/2023\/11\/WhatsApp-Image-2023-11-25-at-16.25.23-624x468.jpeg 624w, https:\/\/portal.pi.gov.br\/seres\/wp-content\/uploads\/sites\/87\/2023\/11\/WhatsApp-Image-2023-11-25-at-16.25.23.jpeg 1600w\" sizes=\"(max-width: 480px) 100vw, 480px\" \/><\/figure><\/div>\n\n\n<p>O festival contou com apresenta\u00e7\u00f5es culturais, visitas ao Quilombo e plen\u00e1rias para discutir pol\u00edticas p\u00fablicas para os territ\u00f3rios quilombolas. O Quilombo, sede do festival, desenvolve a agricultura familiar e possui lideran\u00e7a feminina. Na ocasi\u00e3o, foram celebradas a ancestralidade, a manuten\u00e7\u00e3o das tradi\u00e7\u00f5es e a resist\u00eancia quilombola.<\/p>\n\n\n<div class=\"wp-block-image\">\n<figure class=\"aligncenter size-large is-resized\"><img decoding=\"async\" loading=\"lazy\" src=\"https:\/\/portal.pi.gov.br\/seres\/wp-content\/uploads\/sites\/87\/2023\/11\/WhatsApp-Image-2023-11-25-at-17.13.16-1024x683.jpeg\" alt=\"\" class=\"wp-image-1894\" width=\"482\" height=\"321\" srcset=\"https:\/\/portal.pi.gov.br\/seres\/wp-content\/uploads\/sites\/87\/2023\/11\/WhatsApp-Image-2023-11-25-at-17.13.16-1024x683.jpeg 1024w, https:\/\/portal.pi.gov.br\/seres\/wp-content\/uploads\/sites\/87\/2023\/11\/WhatsApp-Image-2023-11-25-at-17.13.16-300x200.jpeg 300w, https:\/\/portal.pi.gov.br\/seres\/wp-content\/uploads\/sites\/87\/2023\/11\/WhatsApp-Image-2023-11-25-at-17.13.16-768x512.jpeg 768w, https:\/\/portal.pi.gov.br\/seres\/wp-content\/uploads\/sites\/87\/2023\/11\/WhatsApp-Image-2023-11-25-at-17.13.16-420x280.jpeg 420w, https:\/\/portal.pi.gov.br\/seres\/wp-content\/uploads\/sites\/87\/2023\/11\/WhatsApp-Image-2023-11-25-at-17.13.16-540x360.jpeg 540w, https:\/\/portal.pi.gov.br\/seres\/wp-content\/uploads\/sites\/87\/2023\/11\/WhatsApp-Image-2023-11-25-at-17.13.16-780x520.jpeg 780w, https:\/\/portal.pi.gov.br\/seres\/wp-content\/uploads\/sites\/87\/2023\/11\/WhatsApp-Image-2023-11-25-at-17.13.16-947x632.jpeg 947w, https:\/\/portal.pi.gov.br\/seres\/wp-content\/uploads\/sites\/87\/2023\/11\/WhatsApp-Image-2023-11-25-at-17.13.16-624x416.jpeg 624w, https:\/\/portal.pi.gov.br\/seres\/wp-content\/uploads\/sites\/87\/2023\/11\/WhatsApp-Image-2023-11-25-at-17.13.16-84x56.jpeg 84w, https:\/\/portal.pi.gov.br\/seres\/wp-content\/uploads\/sites\/87\/2023\/11\/WhatsApp-Image-2023-11-25-at-17.13.16.jpeg 1280w\" sizes=\"(max-width: 482px) 100vw, 482px\" \/><\/figure><\/div>\n\n\n<p>A dona Maria do Carmo, da Associa\u00e7\u00e3o da Comunidade de Marinheiro, destacou a import\u00e2ncia do evento para o Quilombo. &#8220;A gente nunca pensou que fossem vir tantas pessoas e isso \u00e9 muito importante para todo mundo daqui. Hoje, a gente est\u00e1 fazendo muitas reivindica\u00e7\u00f5es necess\u00e1rias para a comunidade. Por exemplo, uma ponte para quando o rio enche, pois no inverno, a gente fica presa aqui, n\u00e3o d\u00e1 pra passar. Outra coisa, precisamos de um col\u00e9gio, porque as crian\u00e7as daqui s\u00f3 fazem at\u00e9 a quarta s\u00e9rie. Pedimos estrutura para a pessoa ficar aqui, para as crian\u00e7as ficarem aqui&#8221;.<\/p>\n\n\n<div class=\"wp-block-image\">\n<figure class=\"aligncenter size-full is-resized\"><img decoding=\"async\" loading=\"lazy\" src=\"https:\/\/portal.pi.gov.br\/seres\/wp-content\/uploads\/sites\/87\/2023\/11\/WhatsApp-Image-2023-11-25-at-16.30.10.jpeg\" alt=\"\" class=\"wp-image-1896\" width=\"486\" height=\"365\" srcset=\"https:\/\/portal.pi.gov.br\/seres\/wp-content\/uploads\/sites\/87\/2023\/11\/WhatsApp-Image-2023-11-25-at-16.30.10.jpeg 1024w, https:\/\/portal.pi.gov.br\/seres\/wp-content\/uploads\/sites\/87\/2023\/11\/WhatsApp-Image-2023-11-25-at-16.30.10-300x225.jpeg 300w, https:\/\/portal.pi.gov.br\/seres\/wp-content\/uploads\/sites\/87\/2023\/11\/WhatsApp-Image-2023-11-25-at-16.30.10-768x576.jpeg 768w, https:\/\/portal.pi.gov.br\/seres\/wp-content\/uploads\/sites\/87\/2023\/11\/WhatsApp-Image-2023-11-25-at-16.30.10-420x315.jpeg 420w, https:\/\/portal.pi.gov.br\/seres\/wp-content\/uploads\/sites\/87\/2023\/11\/WhatsApp-Image-2023-11-25-at-16.30.10-540x405.jpeg 540w, https:\/\/portal.pi.gov.br\/seres\/wp-content\/uploads\/sites\/87\/2023\/11\/WhatsApp-Image-2023-11-25-at-16.30.10-780x585.jpeg 780w, https:\/\/portal.pi.gov.br\/seres\/wp-content\/uploads\/sites\/87\/2023\/11\/WhatsApp-Image-2023-11-25-at-16.30.10-947x710.jpeg 947w, https:\/\/portal.pi.gov.br\/seres\/wp-content\/uploads\/sites\/87\/2023\/11\/WhatsApp-Image-2023-11-25-at-16.30.10-624x468.jpeg 624w\" sizes=\"(max-width: 486px) 100vw, 486px\" \/><\/figure><\/div>\n\n\n<p>Dentre as reivindica\u00e7\u00f5es da comunidade, destacam-se a instala\u00e7\u00e3o de uma unidade de beneficiamento de farinha e outra de cana-de-a\u00e7ucar; capacita\u00e7\u00e3o para o aprimoramento do artesanato local; instala\u00e7\u00e3o do projeto &#8220;Quintais Produtivos&#8221;, tendo em vista a seguran\u00e7a alimentar das fam\u00edlias; projetos para gera\u00e7\u00e3o de renda; acesso \u00e0 \u00e1gua de qualidade, entre outras demandas.<\/p>\n\n\n<div class=\"wp-block-image\">\n<figure class=\"aligncenter size-large is-resized\"><img decoding=\"async\" loading=\"lazy\" src=\"https:\/\/portal.pi.gov.br\/seres\/wp-content\/uploads\/sites\/87\/2023\/11\/WhatsApp-Image-2023-11-25-at-17.13.15-1024x683.jpeg\" alt=\"\" class=\"wp-image-1895\" width=\"496\" height=\"331\" srcset=\"https:\/\/portal.pi.gov.br\/seres\/wp-content\/uploads\/sites\/87\/2023\/11\/WhatsApp-Image-2023-11-25-at-17.13.15-1024x683.jpeg 1024w, https:\/\/portal.pi.gov.br\/seres\/wp-content\/uploads\/sites\/87\/2023\/11\/WhatsApp-Image-2023-11-25-at-17.13.15-300x200.jpeg 300w, https:\/\/portal.pi.gov.br\/seres\/wp-content\/uploads\/sites\/87\/2023\/11\/WhatsApp-Image-2023-11-25-at-17.13.15-768x512.jpeg 768w, https:\/\/portal.pi.gov.br\/seres\/wp-content\/uploads\/sites\/87\/2023\/11\/WhatsApp-Image-2023-11-25-at-17.13.15-420x280.jpeg 420w, https:\/\/portal.pi.gov.br\/seres\/wp-content\/uploads\/sites\/87\/2023\/11\/WhatsApp-Image-2023-11-25-at-17.13.15-540x360.jpeg 540w, https:\/\/portal.pi.gov.br\/seres\/wp-content\/uploads\/sites\/87\/2023\/11\/WhatsApp-Image-2023-11-25-at-17.13.15-780x520.jpeg 780w, https:\/\/portal.pi.gov.br\/seres\/wp-content\/uploads\/sites\/87\/2023\/11\/WhatsApp-Image-2023-11-25-at-17.13.15-947x632.jpeg 947w, https:\/\/portal.pi.gov.br\/seres\/wp-content\/uploads\/sites\/87\/2023\/11\/WhatsApp-Image-2023-11-25-at-17.13.15-624x416.jpeg 624w, https:\/\/portal.pi.gov.br\/seres\/wp-content\/uploads\/sites\/87\/2023\/11\/WhatsApp-Image-2023-11-25-at-17.13.15-84x56.jpeg 84w, https:\/\/portal.pi.gov.br\/seres\/wp-content\/uploads\/sites\/87\/2023\/11\/WhatsApp-Image-2023-11-25-at-17.13.15.jpeg 1280w\" sizes=\"(max-width: 496px) 100vw, 496px\" \/><\/figure><\/div>\n\n\n<p>Para a secret\u00e1ria N\u00fabia Lopes, \u00e9 preciso lutar para que as comunidades quilombolas do Piau\u00ed continuem disseminando para as pr\u00f3ximas gera\u00e7\u00f5es a sua cultura e suas tradi\u00e7\u00f5es. &#8220;Estamos aqui para dar suporte e apoio na luta relacionada com a quest\u00e3o da agricultura familiar nas comunidades e na manuten\u00e7\u00e3o de uma hist\u00f3ria de vida de pessoas que sentem na pele o que \u00e9 ser negro nesse estado, nesse pa\u00eds e nesse mundo. \u00c9 com esse pertencimento e orgulho da ancestralidade deste povo que a hist\u00f3ria deve continuar. O nosso povo quer respeito, dignidade e condi\u00e7\u00f5es para poder viver bem&#8221;, ressaltou.<\/p>\n\n\n\n<p>A secret\u00e1ria destacou, ainda, o papel do Estado junto \u00e0s comunidades, al\u00e9m da import\u00e2ncia da luta para a manuten\u00e7\u00e3o da cultura e das tradi\u00e7\u00f5es quilombolas. &#8220;A luta da comunidade ficar\u00e1 para as pr\u00f3ximas gera\u00e7\u00f5es, por isso a import\u00e2ncia das parcerias dos governos Federal, Estadual e Municipal na realiza\u00e7\u00e3o das pol\u00edticas p\u00fablicas que prospectem um futuro melhor, atrav\u00e9s do compromisso que a Secretaria assumiu como Governo, perante as comunidades&#8221;, completou N\u00fabia Lopes.<\/p>\n\n\n\n<p>Assun\u00e7\u00e3o Aguiar, superintendente de Igualdade Racial da secretaria de Estado da Assist\u00eancia Social, Trabalho e Direitos Humanos (Sasc), afirma que o evento cada vez ganha mais visibilidade. &#8220;Eu participo desde o primeiro festival e a gente percebe que a comunidade est\u00e1, cada vez mais, consciente dos seus direitos. Com os dados do IBGE, h\u00e1 mais facilidade para a execu\u00e7\u00e3o das pol\u00edticas p\u00fablicas. Este n\u00e3o \u00e9 apenas um festival para mostrar sua capacidade cultural, mas \u00e9 tamb\u00e9m um espa\u00e7o para reivindicar as pol\u00edticas p\u00fablicas da sa\u00fade, da educa\u00e7\u00e3o e de moradia&#8221;, concluiu.<\/p>\n\n\n<div class=\"wp-block-image\">\n<figure class=\"aligncenter size-full is-resized\"><img decoding=\"async\" loading=\"lazy\" src=\"https:\/\/portal.pi.gov.br\/seres\/wp-content\/uploads\/sites\/87\/2023\/11\/WhatsApp-Image-2023-11-25-at-16.30.09.jpeg\" alt=\"\" class=\"wp-image-1897\" width=\"496\" height=\"372\" srcset=\"https:\/\/portal.pi.gov.br\/seres\/wp-content\/uploads\/sites\/87\/2023\/11\/WhatsApp-Image-2023-11-25-at-16.30.09.jpeg 1024w, https:\/\/portal.pi.gov.br\/seres\/wp-content\/uploads\/sites\/87\/2023\/11\/WhatsApp-Image-2023-11-25-at-16.30.09-300x225.jpeg 300w, https:\/\/portal.pi.gov.br\/seres\/wp-content\/uploads\/sites\/87\/2023\/11\/WhatsApp-Image-2023-11-25-at-16.30.09-768x576.jpeg 768w, https:\/\/portal.pi.gov.br\/seres\/wp-content\/uploads\/sites\/87\/2023\/11\/WhatsApp-Image-2023-11-25-at-16.30.09-420x315.jpeg 420w, https:\/\/portal.pi.gov.br\/seres\/wp-content\/uploads\/sites\/87\/2023\/11\/WhatsApp-Image-2023-11-25-at-16.30.09-540x405.jpeg 540w, https:\/\/portal.pi.gov.br\/seres\/wp-content\/uploads\/sites\/87\/2023\/11\/WhatsApp-Image-2023-11-25-at-16.30.09-780x585.jpeg 780w, https:\/\/portal.pi.gov.br\/seres\/wp-content\/uploads\/sites\/87\/2023\/11\/WhatsApp-Image-2023-11-25-at-16.30.09-947x710.jpeg 947w, https:\/\/portal.pi.gov.br\/seres\/wp-content\/uploads\/sites\/87\/2023\/11\/WhatsApp-Image-2023-11-25-at-16.30.09-624x468.jpeg 624w\" sizes=\"(max-width: 496px) 100vw, 496px\" \/><\/figure><\/div>\n\n\n<p>Segundo o censo do IBGE (2023), o munic\u00edpio de Piripiri tem 844 pessoas que se auto declaram quilombolas. Essas comunidades s\u00e3o marcadas pelas tradi\u00e7\u00f5es culturais caracter\u00edsticas dos povos quilombolas. Em Marinheiro destacam-se a Umbanda e o Reisado; em Sussuarana, a dan\u00e7a; em Vaquejador, o S\u00e3o Gon\u00e7alo e tamb\u00e9m o Reisado. As atividades agr\u00edcolas predominantes s\u00e3o os cultivos de mandioca e de arroz, a cria\u00e7\u00e3o de pequenos e m\u00e9dios animais (aves, caprinos e ovinos), al\u00e9m da horticultura.<\/p>\n\n\n\n<p>No m\u00eas da consci\u00eancia negra, nada melhor que um evento para celebrar a for\u00e7a e resist\u00eancia do povo negro, em um lugar que mostra, n\u00e3o s\u00f3 como o povo sobreviveu mas, como ele vive e prospera levando o legado de seus ancestrais.<\/p>\n","protected":false},"excerpt":{"rendered":"<p>S\u00e1bado (25), no Quilombo Marinheiro, h\u00e1 30km de Piripiri, foi realizado o V Festival Quilombola do munic\u00edpio, organizado pelos quilombos Marinheiro, Sussuarana e Vaquejador, com o tema \u201cLuta e Cultura [&hellip;]<\/p>\n","protected":false},"author":1748,"featured_media":1897,"comment_status":"closed","ping_status":"closed","sticky":false,"template":"","format":"standard","meta":[],"categories":[34],"tags":[],"featured_image_urls":{"full":["https:\/\/portal.pi.gov.br\/seres\/wp-content\/uploads\/sites\/87\/2023\/11\/WhatsApp-Image-2023-11-25-at-16.30.09.jpeg",1024,768,false],"thumbnail":["https:\/\/portal.pi.gov.br\/seres\/wp-content\/uploads\/sites\/87\/2023\/11\/WhatsApp-Image-2023-11-25-at-16.30.09-150x150.jpeg",150,150,true],"medium":["https:\/\/portal.pi.gov.br\/seres\/wp-content\/uploads\/sites\/87\/2023\/11\/WhatsApp-Image-2023-11-25-at-16.30.09-300x225.jpeg",300,225,true],"medium_large":["https:\/\/portal.pi.gov.br\/seres\/wp-content\/uploads\/sites\/87\/2023\/11\/WhatsApp-Image-2023-11-25-at-16.30.09-768x576.jpeg",768,576,true],"large":["https:\/\/portal.pi.gov.br\/seres\/wp-content\/uploads\/sites\/87\/2023\/11\/WhatsApp-Image-2023-11-25-at-16.30.09.jpeg",887,665,false],"sgg-420":["https:\/\/portal.pi.gov.br\/seres\/wp-content\/uploads\/sites\/87\/2023\/11\/WhatsApp-Image-2023-11-25-at-16.30.09-420x315.jpeg",420,315,true],"sgg-540":["https:\/\/portal.pi.gov.br\/seres\/wp-content\/uploads\/sites\/87\/2023\/11\/WhatsApp-Image-2023-11-25-at-16.30.09-540x405.jpeg",540,405,true],"sgg-780":["https:\/\/portal.pi.gov.br\/seres\/wp-content\/uploads\/sites\/87\/2023\/11\/WhatsApp-Image-2023-11-25-at-16.30.09-780x585.jpeg",780,585,true],"1536x1536":["https:\/\/portal.pi.gov.br\/seres\/wp-content\/uploads\/sites\/87\/2023\/11\/WhatsApp-Image-2023-11-25-at-16.30.09.jpeg",1024,768,false],"2048x2048":["https:\/\/portal.pi.gov.br\/seres\/wp-content\/uploads\/sites\/87\/2023\/11\/WhatsApp-Image-2023-11-25-at-16.30.09.jpeg",1024,768,false],"homepage-slider":["https:\/\/portal.pi.gov.br\/seres\/wp-content\/uploads\/sites\/87\/2023\/11\/WhatsApp-Image-2023-11-25-at-16.30.09-1024x500.jpeg",1024,500,true],"homepage-slider-small":["https:\/\/portal.pi.gov.br\/seres\/wp-content\/uploads\/sites\/87\/2023\/11\/WhatsApp-Image-2023-11-25-at-16.30.09-947x500.jpeg",947,500,true],"page-top":["https:\/\/portal.pi.gov.br\/seres\/wp-content\/uploads\/sites\/87\/2023\/11\/WhatsApp-Image-2023-11-25-at-16.30.09-947x710.jpeg",947,710,true],"page-small":["https:\/\/portal.pi.gov.br\/seres\/wp-content\/uploads\/sites\/87\/2023\/11\/WhatsApp-Image-2023-11-25-at-16.30.09-624x468.jpeg",624,468,true],"loop-main":["https:\/\/portal.pi.gov.br\/seres\/wp-content\/uploads\/sites\/87\/2023\/11\/WhatsApp-Image-2023-11-25-at-16.30.09-365x240.jpeg",365,240,true],"thumb-gallery-widget":["https:\/\/portal.pi.gov.br\/seres\/wp-content\/uploads\/sites\/87\/2023\/11\/WhatsApp-Image-2023-11-25-at-16.30.09-84x56.jpeg",84,56,true]},"post_excerpt_stackable":"<p>S\u00e1bado (25), no Quilombo Marinheiro, h\u00e1 30km de Piripiri, foi realizado o V Festival Quilombola do munic\u00edpio, organizado pelos quilombos Marinheiro, Sussuarana e Vaquejador, com o tema \u201cLuta e Cultura no Quilombo\u201d. A secret\u00e1ria de Estado das Rela\u00e7\u00f5es Sociais (Seres), N\u00fabia Lopes, e o diretor de Rela\u00e7\u00f5es Sociais e Populares da Seres, Claudimir Vieira Gularte, prestigiaram o evento. O festival contou com apresenta\u00e7\u00f5es culturais, visitas ao Quilombo e plen\u00e1rias para discutir pol\u00edticas p\u00fablicas para os territ\u00f3rios quilombolas. O Quilombo, sede do festival, desenvolve a agricultura familiar e possui lideran\u00e7a feminina. Na ocasi\u00e3o, foram celebradas a ancestralidade, a manuten\u00e7\u00e3o das tradi\u00e7\u00f5es&hellip;<\/p>\n","category_list":"<a href=\"https:\/\/portal.pi.gov.br\/seres\/category\/noticias\/\" rel=\"category tag\">Not\u00edcias<\/a>","author_info":{"name":"natalina","url":"https:\/\/portal.pi.gov.br\/seres\/author\/natalina\/"},"comments_num":"0 coment\u00e1rio","featured_image_urls_v2":{"full":["https:\/\/portal.pi.gov.br\/seres\/wp-content\/uploads\/sites\/87\/2023\/11\/WhatsApp-Image-2023-11-25-at-16.30.09.jpeg",1024,768,false],"thumbnail":["https:\/\/portal.pi.gov.br\/seres\/wp-content\/uploads\/sites\/87\/2023\/11\/WhatsApp-Image-2023-11-25-at-16.30.09-150x150.jpeg",150,150,true],"medium":["https:\/\/portal.pi.gov.br\/seres\/wp-content\/uploads\/sites\/87\/2023\/11\/WhatsApp-Image-2023-11-25-at-16.30.09-300x225.jpeg",300,225,true],"medium_large":["https:\/\/portal.pi.gov.br\/seres\/wp-content\/uploads\/sites\/87\/2023\/11\/WhatsApp-Image-2023-11-25-at-16.30.09-768x576.jpeg",768,576,true],"large":["https:\/\/portal.pi.gov.br\/seres\/wp-content\/uploads\/sites\/87\/2023\/11\/WhatsApp-Image-2023-11-25-at-16.30.09.jpeg",887,665,false],"sgg-420":["https:\/\/portal.pi.gov.br\/seres\/wp-content\/uploads\/sites\/87\/2023\/11\/WhatsApp-Image-2023-11-25-at-16.30.09-420x315.jpeg",420,315,true],"sgg-540":["https:\/\/portal.pi.gov.br\/seres\/wp-content\/uploads\/sites\/87\/2023\/11\/WhatsApp-Image-2023-11-25-at-16.30.09-540x405.jpeg",540,405,true],"sgg-780":["https:\/\/portal.pi.gov.br\/seres\/wp-content\/uploads\/sites\/87\/2023\/11\/WhatsApp-Image-2023-11-25-at-16.30.09-780x585.jpeg",780,585,true],"1536x1536":["https:\/\/portal.pi.gov.br\/seres\/wp-content\/uploads\/sites\/87\/2023\/11\/WhatsApp-Image-2023-11-25-at-16.30.09.jpeg",1024,768,false],"2048x2048":["https:\/\/portal.pi.gov.br\/seres\/wp-content\/uploads\/sites\/87\/2023\/11\/WhatsApp-Image-2023-11-25-at-16.30.09.jpeg",1024,768,false],"homepage-slider":["https:\/\/portal.pi.gov.br\/seres\/wp-content\/uploads\/sites\/87\/2023\/11\/WhatsApp-Image-2023-11-25-at-16.30.09-1024x500.jpeg",1024,500,true],"homepage-slider-small":["https:\/\/portal.pi.gov.br\/seres\/wp-content\/uploads\/sites\/87\/2023\/11\/WhatsApp-Image-2023-11-25-at-16.30.09-947x500.jpeg",947,500,true],"page-top":["https:\/\/portal.pi.gov.br\/seres\/wp-content\/uploads\/sites\/87\/2023\/11\/WhatsApp-Image-2023-11-25-at-16.30.09-947x710.jpeg",947,710,true],"page-small":["https:\/\/portal.pi.gov.br\/seres\/wp-content\/uploads\/sites\/87\/2023\/11\/WhatsApp-Image-2023-11-25-at-16.30.09-624x468.jpeg",624,468,true],"loop-main":["https:\/\/portal.pi.gov.br\/seres\/wp-content\/uploads\/sites\/87\/2023\/11\/WhatsApp-Image-2023-11-25-at-16.30.09-365x240.jpeg",365,240,true],"thumb-gallery-widget":["https:\/\/portal.pi.gov.br\/seres\/wp-content\/uploads\/sites\/87\/2023\/11\/WhatsApp-Image-2023-11-25-at-16.30.09-84x56.jpeg",84,56,true]},"post_excerpt_stackable_v2":"<p>S\u00e1bado (25), no Quilombo Marinheiro, h\u00e1 30km de Piripiri, foi realizado o V Festival Quilombola do munic\u00edpio, organizado pelos quilombos Marinheiro, Sussuarana e Vaquejador, com o tema \u201cLuta e Cultura no Quilombo\u201d. A secret\u00e1ria de Estado das Rela\u00e7\u00f5es Sociais (Seres), N\u00fabia Lopes, e o diretor de Rela\u00e7\u00f5es Sociais e Populares da Seres, Claudimir Vieira Gularte, prestigiaram o evento. O festival contou com apresenta\u00e7\u00f5es culturais, visitas ao Quilombo e plen\u00e1rias para discutir pol\u00edticas p\u00fablicas para os territ\u00f3rios quilombolas. O Quilombo, sede do festival, desenvolve a agricultura familiar e possui lideran\u00e7a feminina. Na ocasi\u00e3o, foram celebradas a ancestralidade, a manuten\u00e7\u00e3o das tradi\u00e7\u00f5es&hellip;<\/p>\n","category_list_v2":"<a href=\"https:\/\/portal.pi.gov.br\/seres\/category\/noticias\/\" rel=\"category tag\">Not\u00edcias<\/a>","author_info_v2":{"name":"natalina","url":"https:\/\/portal.pi.gov.br\/seres\/author\/natalina\/"},"comments_num_v2":"0 coment\u00e1rio","jetpack_featured_media_url":"https:\/\/portal.pi.gov.br\/seres\/wp-content\/uploads\/sites\/87\/2023\/11\/WhatsApp-Image-2023-11-25-at-16.30.09.jpeg","_links":{"self":[{"href":"https:\/\/portal.pi.gov.br\/seres\/wp-json\/wp\/v2\/posts\/1893"}],"collection":[{"href":"https:\/\/portal.pi.gov.br\/seres\/wp-json\/wp\/v2\/posts"}],"about":[{"href":"https:\/\/portal.pi.gov.br\/seres\/wp-json\/wp\/v2\/types\/post"}],"author":[{"embeddable":true,"href":"https:\/\/portal.pi.gov.br\/seres\/wp-json\/wp\/v2\/users\/1748"}],"replies":[{"embeddable":true,"href":"https:\/\/portal.pi.gov.br\/seres\/wp-json\/wp\/v2\/comments?post=1893"}],"version-history":[{"count":6,"href":"https:\/\/portal.pi.gov.br\/seres\/wp-json\/wp\/v2\/posts\/1893\/revisions"}],"predecessor-version":[{"id":1907,"href":"https:\/\/portal.pi.gov.br\/seres\/wp-json\/wp\/v2\/posts\/1893\/revisions\/1907"}],"wp:featuredmedia":[{"embeddable":true,"href":"https:\/\/portal.pi.gov.br\/seres\/wp-json\/wp\/v2\/media\/1897"}],"wp:attachment":[{"href":"https:\/\/portal.pi.gov.br\/seres\/wp-json\/wp\/v2\/media?parent=1893"}],"wp:term":[{"taxonomy":"category","embeddable":true,"href":"https:\/\/portal.pi.gov.br\/seres\/wp-json\/wp\/v2\/categories?post=1893"},{"taxonomy":"post_tag","embeddable":true,"href":"https:\/\/portal.pi.gov.br\/seres\/wp-json\/wp\/v2\/tags?post=1893"}],"curies":[{"name":"wp","href":"https:\/\/api.w.org\/{rel}","templated":true}]}}